{"id":402123,"date":"2026-03-08T07:22:00","date_gmt":"2026-03-08T10:22:00","guid":{"rendered":"https:\/\/portaltela.pt\/noticias\/2026\/03\/08\/da-corte-portuguesa-a-espanha-no-encalco-da-rainha-isabel\/"},"modified":"2026-03-08T07:22:00","modified_gmt":"2026-03-08T10:22:00","slug":"da-corte-portuguesa-a-espanha-no-encalco-da-rainha-isabel","status":"publish","type":"post","link":"https:\/\/portaltela.pt\/noticias\/2026\/03\/08\/da-corte-portuguesa-a-espanha-no-encalco-da-rainha-isabel\/","title":{"rendered":"Da corte portuguesa \u00e0 Espanha: no encal\u00e7o da rainha Isabel"},"content":{"rendered":"<p>Na primavera de 1526, Sevilha testemunhou o enlace entre Isabel de Portugal e Carlos V, que se tornariam figuras centrais do Imp\u00e9rio. O casamento de 11 de Mar\u00e7o consolidou la\u00e7os entre a coroa de Espanha e o Sacro Imp\u00e9rio Romano Germ\u00e2nico.<\/p>\n<p>Entre as hist\u00f3rias contadas, surge a lenda de uma jovem lisboeta que, ao entrar em Granada, n\u00e3o reparou num mendigo que lhe pedia ajuda. O marido, guardi\u00e3o da moral e da prud\u00eancia, ter\u00e1-lhe aconselhado a dar esmola.<\/p>\n<p>Segundo a tradi\u00e7\u00e3o, a frase ficou gravada na mem\u00f3ria de viajantes e turistas. A lenda foi popularizada no s\u00e9culo XIX por poemas do escritor peruano Francisco Icaza, que a associou ao cen\u00e1rio andaluz e \u00e0 majestade de Isabel.<\/p>\n<h3>Contexto hist\u00f3rico<\/h3>\n<p>A narrativa mistura factos hist\u00f3ricos com tradi\u00e7\u00e3o oral, apresentando uma \u201ccorte itinerante\u201d de Isabel em territ\u00f3rio espanhol. A lenda persiste em relatos locais e \u00e9 comum em rotas tur\u00edsticas de Granada.<\/p>\n<h3>Legado cultural<\/h3>\n<p>O epis\u00f3dio \u00e9 utilizado para ilustrar a rela\u00e7\u00e3o entre Portugal e Espanha na \u00e9poca, bem como o papel de Isabel na configura\u00e7\u00e3o pol\u00edtica da Pen\u00ednsula Ib\u00e9rica. A hist\u00f3ria permanece como refer\u00eancia cultural, sem confirma\u00e7\u00e3o hist\u00f3rica oficial.<\/p>\n","protected":false},"excerpt":{"rendered":"<ul>\n<li>Isabel de Portugal tornou-se rainha de Espanha e imperatriz ao casar com Carlos V.<\/li>\n<li>O casamento ocorreu em Sevilha a 11 de mar\u00e7o de 1526.<\/li>\n<li>Na Primavera de 1526, Isabel entrou em Granada, impressionada com a cidade.<\/li>\n<li>Segundo a lenda, um mendigo pediu ajuda e o marido ter\u00e1 dito: \u201cD\u00e1-lhe esmola, mulher, que n\u00e3o h\u00e1 na vida maior pena do que ser cego em Granada.\u201d<\/li>\n<li>A frase foi eternizada no s\u00e9culo XIX pelo poeta Francisco As\u00eds de Icaza e tamb\u00e9m est\u00e1 esculpida em pedras tur\u00edsticas de Granada.<\/li>\n<\/ul>\n","protected":false},"author":2,"featured_media":402124,"comment_status":"closed","ping_status":"closed","sticky":false,"template":"","format":"standard","meta":{"footnotes":""},"categories":[1],"tags":[145,2189,3443,299,1014,27],"class_list":["post-402123","post","type-post","status-publish","format-standard","has-post-thumbnail","hentry","category-noticias","tag-cultura","tag-espana","tag-granada","tag-historia","tag-portugal","tag-relacoes-internacionais"],"yoast_head":"<!-- This site is optimized with the Yoast SEO plugin v27.2 - https:\/\/yoast.com\/product\/yoast-seo-wordpress\/ -->\n<title>Da corte portuguesa \u00e0 Espanha: no encal\u00e7o da rainha Isabel - Portal Tela Portugal<\/title>\n<meta name=\"robots\" content=\"index, follow, max-snippet:-1, max-image-preview:large, max-video-preview:-1\" \/>\n<meta property=\"og:locale\" content=\"pt_PT\" \/>\n<meta property=\"og:type\" content=\"article\" \/>\n<meta property=\"og:title\" content=\"Da corte portuguesa \u00e0 Espanha: no encal\u00e7o da rainha Isabel - Portal Tela Portugal\" \/>\n<meta property=\"og:description\" content=\"Isabel de Portugal tornou-se rainha de Espanha e imperatriz ao casar com Carlos V. O casamento ocorreu em Sevilha a 11 de mar\u00e7o de 1526. Na Primavera de 1526, Isabel entrou em Granada, impressionada com a cidade. Segundo a lenda, um mendigo pediu ajuda e o marido ter\u00e1 dito: \u201cD\u00e1-lhe esmola, mulher, que n\u00e3o h\u00e1 na vida maior pena do que ser cego em Granada.\u201d A frase foi eternizada no s\u00e9culo XIX pelo poeta Francisco As\u00eds de Icaza e tamb\u00e9m est\u00e1 esculpida em pedras tur\u00edsticas de Granada.\" \/>\n<meta property=\"og:url\" content=\"https:\/\/portaltela.pt\/noticias\/2026\/03\/08\/da-corte-portuguesa-a-espanha-no-encalco-da-rainha-isabel\/\" \/>\n<meta property=\"og:site_name\" content=\"Portal Tela Portugal\" \/>\n<meta property=\"article:published_time\" content=\"2026-03-08T10:22:00+00:00\" \/>\n<meta name=\"author\" content=\"Telinha\" \/>\n<meta name=\"twitter:card\" content=\"summary_large_image\" \/>\n<meta name=\"twitter:label1\" content=\"Escrito por\" \/>\n\t<meta name=\"twitter:data1\" content=\"Telinha\" \/>\n\t<meta name=\"twitter:label2\" content=\"Tempo estimado de leitura\" \/>\n\t<meta name=\"twitter:data2\" content=\"1 minuto\" \/>\n<script type=\"application\/ld+json\" class=\"yoast-schema-graph\">{\"@context\":\"https:\/\/schema.org\",\"@graph\":[{\"@type\":\"Article\",\"@id\":\"https:\/\/portaltela.pt\/noticias\/2026\/03\/08\/da-corte-portuguesa-a-espanha-no-encalco-da-rainha-isabel\/#article\",\"isPartOf\":{\"@id\":\"https:\/\/portaltela.pt\/noticias\/2026\/03\/08\/da-corte-portuguesa-a-espanha-no-encalco-da-rainha-isabel\/\"},\"author\":{\"name\":\"Telinha\",\"@id\":\"https:\/\/portaltela.pt\/#\/schema\/person\/c4278d4a6028830caff9ee44b42d32ed\"},\"headline\":\"Da corte portuguesa \u00e0 Espanha: no encal\u00e7o da rainha Isabel\",\"datePublished\":\"2026-03-08T10:22:00+00:00\",\"mainEntityOfPage\":{\"@id\":\"https:\/\/portaltela.pt\/noticias\/2026\/03\/08\/da-corte-portuguesa-a-espanha-no-encalco-da-rainha-isabel\/\"},\"wordCount\":221,\"image\":{\"@id\":\"https:\/\/portaltela.pt\/noticias\/2026\/03\/08\/da-corte-portuguesa-a-espanha-no-encalco-da-rainha-isabel\/#primaryimage\"},\"thumbnailUrl\":\"https:\/\/portaltela.pt\/s.01k8rhncp4jt1\/2026\/03\/2072509.jpg\",\"keywords\":[\"cultura\",\"Espa\u00f1a\",\"Granada\",\"hist\u00f3ria\",\"Portugal\",\"rela\u00e7\u00f5es internacionais\"],\"articleSection\":[\"Not\u00edcias\"],\"inLanguage\":\"pt-PT\"},{\"@type\":\"WebPage\",\"@id\":\"https:\/\/portaltela.pt\/noticias\/2026\/03\/08\/da-corte-portuguesa-a-espanha-no-encalco-da-rainha-isabel\/\",\"url\":\"https:\/\/portaltela.pt\/noticias\/2026\/03\/08\/da-corte-portuguesa-a-espanha-no-encalco-da-rainha-isabel\/\",\"name\":\"Da corte portuguesa \u00e0 Espanha: no encal\u00e7o da rainha Isabel - Portal Tela Portugal\",\"isPartOf\":{\"@id\":\"https:\/\/portaltela.pt\/#website\"},\"primaryImageOfPage\":{\"@id\":\"https:\/\/portaltela.pt\/noticias\/2026\/03\/08\/da-corte-portuguesa-a-espanha-no-encalco-da-rainha-isabel\/#primaryimage\"},\"image\":{\"@id\":\"https:\/\/portaltela.pt\/noticias\/2026\/03\/08\/da-corte-portuguesa-a-espanha-no-encalco-da-rainha-isabel\/#primaryimage\"},\"thumbnailUrl\":\"https:\/\/portaltela.pt\/s.01k8rhncp4jt1\/2026\/03\/2072509.jpg\",\"datePublished\":\"2026-03-08T10:22:00+00:00\",\"author\":{\"@id\":\"https:\/\/portaltela.pt\/#\/schema\/person\/c4278d4a6028830caff9ee44b42d32ed\"},\"breadcrumb\":{\"@id\":\"https:\/\/portaltela.pt\/noticias\/2026\/03\/08\/da-corte-portuguesa-a-espanha-no-encalco-da-rainha-isabel\/#breadcrumb\"},\"inLanguage\":\"pt-PT\",\"potentialAction\":[{\"@type\":\"ReadAction\",\"target\":[\"https:\/\/portaltela.pt\/noticias\/2026\/03\/08\/da-corte-portuguesa-a-espanha-no-encalco-da-rainha-isabel\/\"]}]},{\"@type\":\"ImageObject\",\"inLanguage\":\"pt-PT\",\"@id\":\"https:\/\/portaltela.pt\/noticias\/2026\/03\/08\/da-corte-portuguesa-a-espanha-no-encalco-da-rainha-isabel\/#primaryimage\",\"url\":\"https:\/\/portaltela.pt\/s.01k8rhncp4jt1\/2026\/03\/2072509.jpg\",\"contentUrl\":\"https:\/\/portaltela.pt\/s.01k8rhncp4jt1\/2026\/03\/2072509.jpg\",\"width\":796,\"height\":448,\"caption\":\"Sevilha \u00e9 uma das cidades que marcam a entrada da princesa portuguesa em Espanha\"},{\"@type\":\"BreadcrumbList\",\"@id\":\"https:\/\/portaltela.pt\/noticias\/2026\/03\/08\/da-corte-portuguesa-a-espanha-no-encalco-da-rainha-isabel\/#breadcrumb\",\"itemListElement\":[{\"@type\":\"ListItem\",\"position\":1,\"name\":\"In\u00edcio\",\"item\":\"https:\/\/portaltela.pt\/\"},{\"@type\":\"ListItem\",\"position\":2,\"name\":\"Da corte portuguesa \u00e0 Espanha: no encal\u00e7o da rainha Isabel\"}]},{\"@type\":\"WebSite\",\"@id\":\"https:\/\/portaltela.pt\/#website\",\"url\":\"https:\/\/portaltela.pt\/\",\"name\":\"Portal Tela Portugal\",\"description\":\"\",\"potentialAction\":[{\"@type\":\"SearchAction\",\"target\":{\"@type\":\"EntryPoint\",\"urlTemplate\":\"https:\/\/portaltela.pt\/?s={search_term_string}\"},\"query-input\":{\"@type\":\"PropertyValueSpecification\",\"valueRequired\":true,\"valueName\":\"search_term_string\"}}],\"inLanguage\":\"pt-PT\"},{\"@type\":\"Person\",\"@id\":\"https:\/\/portaltela.pt\/#\/schema\/person\/c4278d4a6028830caff9ee44b42d32ed\",\"name\":\"Telinha\",\"image\":{\"@type\":\"ImageObject\",\"inLanguage\":\"pt-PT\",\"@id\":\"https:\/\/portaltela.pt\/s.01k8rhncp4jt1\/2025\/11\/talking-bot-125x125.png\",\"url\":\"https:\/\/portaltela.pt\/s.01k8rhncp4jt1\/2025\/11\/talking-bot-125x125.png\",\"contentUrl\":\"https:\/\/portaltela.pt\/s.01k8rhncp4jt1\/2025\/11\/talking-bot-125x125.png\",\"caption\":\"Telinha\"},\"sameAs\":[\"https:\/\/portaltela.pt\/\"],\"url\":\"https:\/\/portaltela.pt\/por\/367410592786\/\"}]}<\/script>\n<!-- \/ Yoast SEO plugin. -->","yoast_head_json":{"title":"Da corte portuguesa \u00e0 Espanha: no encal\u00e7o da rainha Isabel - Portal Tela Portugal","robots":{"index":"index","follow":"follow","max-snippet":"max-snippet:-1","max-image-preview":"max-image-preview:large","max-video-preview":"max-video-preview:-1"},"og_locale":"pt_PT","og_type":"article","og_title":"Da corte portuguesa \u00e0 Espanha: no encal\u00e7o da rainha Isabel - Portal Tela Portugal","og_description":"Isabel de Portugal tornou-se rainha de Espanha e imperatriz ao casar com Carlos V. O casamento ocorreu em Sevilha a 11 de mar\u00e7o de 1526. Na Primavera de 1526, Isabel entrou em Granada, impressionada com a cidade. Segundo a lenda, um mendigo pediu ajuda e o marido ter\u00e1 dito: \u201cD\u00e1-lhe esmola, mulher, que n\u00e3o h\u00e1 na vida maior pena do que ser cego em Granada.\u201d A frase foi eternizada no s\u00e9culo XIX pelo poeta Francisco As\u00eds de Icaza e tamb\u00e9m est\u00e1 esculpida em pedras tur\u00edsticas de Granada.","og_url":"https:\/\/portaltela.pt\/noticias\/2026\/03\/08\/da-corte-portuguesa-a-espanha-no-encalco-da-rainha-isabel\/","og_site_name":"Portal Tela Portugal","article_published_time":"2026-03-08T10:22:00+00:00","author":"Telinha","twitter_card":"summary_large_image","twitter_misc":{"Escrito por":"Telinha","Tempo estimado de leitura":"1 minuto"},"schema":{"@context":"https:\/\/schema.org","@graph":[{"@type":"Article","@id":"https:\/\/portaltela.pt\/noticias\/2026\/03\/08\/da-corte-portuguesa-a-espanha-no-encalco-da-rainha-isabel\/#article","isPartOf":{"@id":"https:\/\/portaltela.pt\/noticias\/2026\/03\/08\/da-corte-portuguesa-a-espanha-no-encalco-da-rainha-isabel\/"},"author":{"name":"Telinha","@id":"https:\/\/portaltela.pt\/#\/schema\/person\/c4278d4a6028830caff9ee44b42d32ed"},"headline":"Da corte portuguesa \u00e0 Espanha: no encal\u00e7o da rainha Isabel","datePublished":"2026-03-08T10:22:00+00:00","mainEntityOfPage":{"@id":"https:\/\/portaltela.pt\/noticias\/2026\/03\/08\/da-corte-portuguesa-a-espanha-no-encalco-da-rainha-isabel\/"},"wordCount":221,"image":{"@id":"https:\/\/portaltela.pt\/noticias\/2026\/03\/08\/da-corte-portuguesa-a-espanha-no-encalco-da-rainha-isabel\/#primaryimage"},"thumbnailUrl":"https:\/\/portaltela.pt\/s.01k8rhncp4jt1\/2026\/03\/2072509.jpg","keywords":["cultura","Espa\u00f1a","Granada","hist\u00f3ria","Portugal","rela\u00e7\u00f5es internacionais"],"articleSection":["Not\u00edcias"],"inLanguage":"pt-PT"},{"@type":"WebPage","@id":"https:\/\/portaltela.pt\/noticias\/2026\/03\/08\/da-corte-portuguesa-a-espanha-no-encalco-da-rainha-isabel\/","url":"https:\/\/portaltela.pt\/noticias\/2026\/03\/08\/da-corte-portuguesa-a-espanha-no-encalco-da-rainha-isabel\/","name":"Da corte portuguesa \u00e0 Espanha: no encal\u00e7o da rainha Isabel - Portal Tela Portugal","isPartOf":{"@id":"https:\/\/portaltela.pt\/#website"},"primaryImageOfPage":{"@id":"https:\/\/portaltela.pt\/noticias\/2026\/03\/08\/da-corte-portuguesa-a-espanha-no-encalco-da-rainha-isabel\/#primaryimage"},"image":{"@id":"https:\/\/portaltela.pt\/noticias\/2026\/03\/08\/da-corte-portuguesa-a-espanha-no-encalco-da-rainha-isabel\/#primaryimage"},"thumbnailUrl":"https:\/\/portaltela.pt\/s.01k8rhncp4jt1\/2026\/03\/2072509.jpg","datePublished":"2026-03-08T10:22:00+00:00","author":{"@id":"https:\/\/portaltela.pt\/#\/schema\/person\/c4278d4a6028830caff9ee44b42d32ed"},"breadcrumb":{"@id":"https:\/\/portaltela.pt\/noticias\/2026\/03\/08\/da-corte-portuguesa-a-espanha-no-encalco-da-rainha-isabel\/#breadcrumb"},"inLanguage":"pt-PT","potentialAction":[{"@type":"ReadAction","target":["https:\/\/portaltela.pt\/noticias\/2026\/03\/08\/da-corte-portuguesa-a-espanha-no-encalco-da-rainha-isabel\/"]}]},{"@type":"ImageObject","inLanguage":"pt-PT","@id":"https:\/\/portaltela.pt\/noticias\/2026\/03\/08\/da-corte-portuguesa-a-espanha-no-encalco-da-rainha-isabel\/#primaryimage","url":"https:\/\/portaltela.pt\/s.01k8rhncp4jt1\/2026\/03\/2072509.jpg","contentUrl":"https:\/\/portaltela.pt\/s.01k8rhncp4jt1\/2026\/03\/2072509.jpg","width":796,"height":448,"caption":"Sevilha \u00e9 uma das cidades que marcam a entrada da princesa portuguesa em Espanha"},{"@type":"BreadcrumbList","@id":"https:\/\/portaltela.pt\/noticias\/2026\/03\/08\/da-corte-portuguesa-a-espanha-no-encalco-da-rainha-isabel\/#breadcrumb","itemListElement":[{"@type":"ListItem","position":1,"name":"In\u00edcio","item":"https:\/\/portaltela.pt\/"},{"@type":"ListItem","position":2,"name":"Da corte portuguesa \u00e0 Espanha: no encal\u00e7o da rainha Isabel"}]},{"@type":"WebSite","@id":"https:\/\/portaltela.pt\/#website","url":"https:\/\/portaltela.pt\/","name":"Portal Tela Portugal","description":"","potentialAction":[{"@type":"SearchAction","target":{"@type":"EntryPoint","urlTemplate":"https:\/\/portaltela.pt\/?s={search_term_string}"},"query-input":{"@type":"PropertyValueSpecification","valueRequired":true,"valueName":"search_term_string"}}],"inLanguage":"pt-PT"},{"@type":"Person","@id":"https:\/\/portaltela.pt\/#\/schema\/person\/c4278d4a6028830caff9ee44b42d32ed","name":"Telinha","image":{"@type":"ImageObject","inLanguage":"pt-PT","@id":"https:\/\/portaltela.pt\/s.01k8rhncp4jt1\/2025\/11\/talking-bot-125x125.png","url":"https:\/\/portaltela.pt\/s.01k8rhncp4jt1\/2025\/11\/talking-bot-125x125.png","contentUrl":"https:\/\/portaltela.pt\/s.01k8rhncp4jt1\/2025\/11\/talking-bot-125x125.png","caption":"Telinha"},"sameAs":["https:\/\/portaltela.pt\/"],"url":"https:\/\/portaltela.pt\/por\/367410592786\/"}]}},"_links":{"self":[{"href":"https:\/\/portaltela.pt\/api\/wp\/v2\/posts\/402123","targetHints":{"allow":["GET"]}}],"collection":[{"href":"https:\/\/portaltela.pt\/api\/wp\/v2\/posts"}],"about":[{"href":"https:\/\/portaltela.pt\/api\/wp\/v2\/types\/post"}],"author":[{"embeddable":true,"href":"https:\/\/portaltela.pt\/api\/wp\/v2\/users\/2"}],"replies":[{"embeddable":true,"href":"https:\/\/portaltela.pt\/api\/wp\/v2\/comments?post=402123"}],"version-history":[{"count":0,"href":"https:\/\/portaltela.pt\/api\/wp\/v2\/posts\/402123\/revisions"}],"wp:featuredmedia":[{"embeddable":true,"href":"https:\/\/portaltela.pt\/api\/wp\/v2\/media\/402124"}],"wp:attachment":[{"href":"https:\/\/portaltela.pt\/api\/wp\/v2\/media?parent=402123"}],"wp:term":[{"taxonomy":"category","embeddable":true,"href":"https:\/\/portaltela.pt\/api\/wp\/v2\/categories?post=402123"},{"taxonomy":"post_tag","embeddable":true,"href":"https:\/\/portaltela.pt\/api\/wp\/v2\/tags?post=402123"}],"curies":[{"name":"wp","href":"https:\/\/api.w.org\/{rel}","templated":true}]}}