{"id":402099,"date":"2026-03-08T06:30:00","date_gmt":"2026-03-08T09:30:00","guid":{"rendered":"https:\/\/portaltela.pt\/noticias\/2026\/03\/08\/solucoes-para-o-porto-de-leixoes-beneficiam-a-cidade\/"},"modified":"2026-03-08T06:30:00","modified_gmt":"2026-03-08T09:30:00","slug":"solucoes-para-o-porto-de-leixoes-beneficiam-a-cidade","status":"publish","type":"post","link":"https:\/\/portaltela.pt\/noticias\/2026\/03\/08\/solucoes-para-o-porto-de-leixoes-beneficiam-a-cidade\/","title":{"rendered":"Solu\u00e7\u00f5es para o Porto de Leix\u00f5es beneficiam a cidade"},"content":{"rendered":"<p>O presidente da APDL, Jo\u00e3o Neves, afirma que as solu\u00e7\u00f5es propostas para o Porto de Leix\u00f5es beneficiam a cidade, defendendo que o novo plano de expans\u00e3o \u00e9 mais adequado do que o anterior. A posi\u00e7\u00e3o surge ap\u00f3s o parecer negativo da C\u00e2mara de Matosinhos ao projeto.<\/p>\n<p>As obras de repara\u00e7\u00e3o do pared\u00e3o e do muro cortina do molhe avan\u00e7am, com foco principal na zona exterior do molhe. Durante o ver\u00e3o, espera-se a conclus\u00e3o de interven\u00e7\u00f5es que visam restabelecer as condi\u00e7\u00f5es originais de seguran\u00e7a.<\/p>\n<p>Segundo Neves, o impacto nas praias \u00e9 inexistente, j\u00e1 que as obras n\u00e3o atingem as \u00e1reas balneares. O dano principal resultou da agita\u00e7\u00e3o mar\u00edtima e dos aguaceiros, que deslocaram sedimentos para a zona portu\u00e1ria.<\/p>\n<p>Quanto \u00e0s dragagens, o respons\u00e1vel diz que n\u00e3o prev\u00ea altera\u00e7\u00f5es significativas no curto prazo. O volume de sedimentos aumenta com as chuvas, mas a atividade de dragagem continua a ser monitorizada por sondagens peri\u00f3dicas.<\/p>\n<h3>Planos de expans\u00e3o e altera\u00e7\u00f5es ambientais<\/h3>\n<p>Neves explica que o plano estrat\u00e9gico visa resolver a falta de espa\u00e7o nos terminais de contentores e a rece\u00e7\u00e3o de navios de grande calado. A solu\u00e7\u00e3o proposta desloca parte da opera\u00e7\u00e3o para o lado do mar, reduzindo impactos na cidade frente ao anterior desenho.<\/p>\n<p>O projeto est\u00e1 em avalia\u00e7\u00e3o de impacto ambiental, com medidas de mitiga\u00e7\u00e3o previstas pela Ag\u00eancia Portuguesa do Ambiente. Entre as preocupa\u00e7\u00f5es, o impacto visual \u00e9 destacado, aguardando propostas que preservem a capacidade operacional do porto.<\/p>\n<p>A retirada da marina \u00e9 tema sens\u00edvel: a localiza\u00e7\u00e3o atual junto a um terminal de petroleiro representa risco. A alternativa passa pela cria\u00e7\u00e3o de novas marinas e pela renova\u00e7\u00e3o de acessos, incluindo o prolongamento da marginal de Matosinhos at\u00e9 ao molhe sul.<\/p>\n<h3>Financiamento e perspetivas<\/h3>\n<p>A APDL projeta um investimento total de cerca de 1 mil milh\u00f5es de euros, com metade assegurada por privados. Obras j\u00e1 em curso somam cerca de 50 milh\u00f5es, financiadas por programas nacionais europeus, com restante suporte da pr\u00f3pria APDL ao longo de uma d\u00e9cada.<\/p>\n<p>Para Viana do Castelo, o foco \u00e9 a expans\u00e3o orientada para energias emergentes e ind\u00fastria local, evitando a duplica\u00e7\u00e3o de terminais de contentores. O objetivo \u00e9 atrair empresas e manter o crescimento dos estaleiros na regi\u00e3o.<\/p>\n<p>O respons\u00e1vel tamb\u00e9m aborda o Douro, ressalvando limita\u00e7\u00f5es impostas pelas eclusas para navios de turismo e cruzeiros. O objetivo \u00e9 manter a qualidade das opera\u00e7\u00f5es sem exceder a capacidade da via naveg\u00e1vel.<\/p>\n","protected":false},"excerpt":{"rendered":"<ul>\n<li>O presidente da APDL, Jo\u00e3o Neves, afirma que as solu\u00e7\u00f5es de expans\u00e3o para o Porto de Leix\u00f5es s\u00e3o melhores para a cidade e critica a C\u00e2mara de Matosinhos pela posi\u00e7\u00e3o sobre o plano.<\/li>\n<li>Est\u00e3o reparados os estragos no pared\u00e3o; durante o ver\u00e3o decorre a repara\u00e7\u00e3o do manto de prote\u00e7\u00e3o do quebra-mar e do muro cortina, com conclus\u00e3o gradual e sem impacto nas praias.<\/li>\n<li>O plano de dragagens n\u00e3o prev\u00ea grandes altera\u00e7\u00f5es; as mudan\u00e7as na carga coincidir\u00e3o com as chuvas, e h\u00e1 sondagens peri\u00f3dicas para avaliar a necessidade de dragagens.<\/li>\n<li>O acesso de navios Panamax n\u00e3o est\u00e1 em risco, j\u00e1 que o porto est\u00e1 dragado a menos de 15,5 metros e h\u00e1 margem de seguran\u00e7a.<\/li>\n<li>O plano estrat\u00e9gico envolve cerca de mil milh\u00f5es de euros de investimento, com aproximadamente metade financiada por privados para o terminal de contentores; h\u00e1 tamb\u00e9m projetos para Viana do Castelo e para melhorar a integra\u00e7\u00e3o do porto na cidade.<\/li>\n<\/ul>\n","protected":false},"author":2,"featured_media":402100,"comment_status":"closed","ping_status":"closed","sticky":false,"template":"","format":"standard","meta":{"footnotes":""},"categories":[1],"tags":[6115,6831,1890,1709,45,982],"class_list":["post-402099","post","type-post","status-publish","format-standard","has-post-thumbnail","hentry","category-noticias","tag-_economia","tag-dragagens","tag-leixoes","tag-matosinhos","tag-meio-ambiente","tag-porto"],"yoast_head":"<!-- This site is optimized with the Yoast SEO plugin v27.2 - https:\/\/yoast.com\/product\/yoast-seo-wordpress\/ -->\n<title>Solu\u00e7\u00f5es para o Porto de Leix\u00f5es beneficiam a cidade - Portal Tela Portugal<\/title>\n<meta name=\"robots\" content=\"index, follow, max-snippet:-1, max-image-preview:large, max-video-preview:-1\" \/>\n<meta property=\"og:locale\" content=\"pt_PT\" \/>\n<meta property=\"og:type\" content=\"article\" \/>\n<meta property=\"og:title\" content=\"Solu\u00e7\u00f5es para o Porto de Leix\u00f5es beneficiam a cidade - Portal Tela Portugal\" \/>\n<meta property=\"og:description\" content=\"O presidente da APDL, Jo\u00e3o Neves, afirma que as solu\u00e7\u00f5es de expans\u00e3o para o Porto de Leix\u00f5es s\u00e3o melhores para a cidade e critica a C\u00e2mara de Matosinhos pela posi\u00e7\u00e3o sobre o plano. Est\u00e3o reparados os estragos no pared\u00e3o; durante o ver\u00e3o decorre a repara\u00e7\u00e3o do manto de prote\u00e7\u00e3o do quebra-mar e do muro cortina, com conclus\u00e3o gradual e sem impacto nas praias. O plano de dragagens n\u00e3o prev\u00ea grandes altera\u00e7\u00f5es; as mudan\u00e7as na carga coincidir\u00e3o com as chuvas, e h\u00e1 sondagens peri\u00f3dicas para avaliar a necessidade de dragagens. O acesso de navios Panamax n\u00e3o est\u00e1 em risco, j\u00e1 que o porto est\u00e1 dragado a menos de 15,5 metros e h\u00e1 margem de seguran\u00e7a. O plano estrat\u00e9gico envolve cerca de mil milh\u00f5es de euros de investimento, com aproximadamente metade financiada por privados para o terminal de contentores; h\u00e1 tamb\u00e9m projetos para Viana do Castelo e para melhorar a integra\u00e7\u00e3o do porto na cidade.\" \/>\n<meta property=\"og:url\" content=\"https:\/\/portaltela.pt\/noticias\/2026\/03\/08\/solucoes-para-o-porto-de-leixoes-beneficiam-a-cidade\/\" \/>\n<meta property=\"og:site_name\" content=\"Portal Tela Portugal\" \/>\n<meta property=\"article:published_time\" content=\"2026-03-08T09:30:00+00:00\" \/>\n<meta name=\"author\" content=\"Telinha\" \/>\n<meta name=\"twitter:card\" content=\"summary_large_image\" \/>\n<meta name=\"twitter:label1\" content=\"Escrito por\" \/>\n\t<meta name=\"twitter:data1\" content=\"Telinha\" \/>\n\t<meta name=\"twitter:label2\" content=\"Tempo estimado de leitura\" \/>\n\t<meta name=\"twitter:data2\" content=\"2 minutos\" \/>\n<script type=\"application\/ld+json\" class=\"yoast-schema-graph\">{\"@context\":\"https:\/\/schema.org\",\"@graph\":[{\"@type\":\"Article\",\"@id\":\"https:\/\/portaltela.pt\/noticias\/2026\/03\/08\/solucoes-para-o-porto-de-leixoes-beneficiam-a-cidade\/#article\",\"isPartOf\":{\"@id\":\"https:\/\/portaltela.pt\/noticias\/2026\/03\/08\/solucoes-para-o-porto-de-leixoes-beneficiam-a-cidade\/\"},\"author\":{\"name\":\"Telinha\",\"@id\":\"https:\/\/portaltela.pt\/#\/schema\/person\/c4278d4a6028830caff9ee44b42d32ed\"},\"headline\":\"Solu\u00e7\u00f5es para o Porto de Leix\u00f5es beneficiam a cidade\",\"datePublished\":\"2026-03-08T09:30:00+00:00\",\"mainEntityOfPage\":{\"@id\":\"https:\/\/portaltela.pt\/noticias\/2026\/03\/08\/solucoes-para-o-porto-de-leixoes-beneficiam-a-cidade\/\"},\"wordCount\":446,\"image\":{\"@id\":\"https:\/\/portaltela.pt\/noticias\/2026\/03\/08\/solucoes-para-o-porto-de-leixoes-beneficiam-a-cidade\/#primaryimage\"},\"thumbnailUrl\":\"https:\/\/portaltela.pt\/s.01k8rhncp4jt1\/2026\/03\/image-503.jpg\",\"keywords\":[\"_economia\",\"dragagens\",\"Leix\u00f5es\",\"Matosinhos\",\"meio-ambiente\",\"Porto\"],\"articleSection\":[\"Not\u00edcias\"],\"inLanguage\":\"pt-PT\"},{\"@type\":\"WebPage\",\"@id\":\"https:\/\/portaltela.pt\/noticias\/2026\/03\/08\/solucoes-para-o-porto-de-leixoes-beneficiam-a-cidade\/\",\"url\":\"https:\/\/portaltela.pt\/noticias\/2026\/03\/08\/solucoes-para-o-porto-de-leixoes-beneficiam-a-cidade\/\",\"name\":\"Solu\u00e7\u00f5es para o Porto de Leix\u00f5es beneficiam a cidade - Portal Tela Portugal\",\"isPartOf\":{\"@id\":\"https:\/\/portaltela.pt\/#website\"},\"primaryImageOfPage\":{\"@id\":\"https:\/\/portaltela.pt\/noticias\/2026\/03\/08\/solucoes-para-o-porto-de-leixoes-beneficiam-a-cidade\/#primaryimage\"},\"image\":{\"@id\":\"https:\/\/portaltela.pt\/noticias\/2026\/03\/08\/solucoes-para-o-porto-de-leixoes-beneficiam-a-cidade\/#primaryimage\"},\"thumbnailUrl\":\"https:\/\/portaltela.pt\/s.01k8rhncp4jt1\/2026\/03\/image-503.jpg\",\"datePublished\":\"2026-03-08T09:30:00+00:00\",\"author\":{\"@id\":\"https:\/\/portaltela.pt\/#\/schema\/person\/c4278d4a6028830caff9ee44b42d32ed\"},\"breadcrumb\":{\"@id\":\"https:\/\/portaltela.pt\/noticias\/2026\/03\/08\/solucoes-para-o-porto-de-leixoes-beneficiam-a-cidade\/#breadcrumb\"},\"inLanguage\":\"pt-PT\",\"potentialAction\":[{\"@type\":\"ReadAction\",\"target\":[\"https:\/\/portaltela.pt\/noticias\/2026\/03\/08\/solucoes-para-o-porto-de-leixoes-beneficiam-a-cidade\/\"]}]},{\"@type\":\"ImageObject\",\"inLanguage\":\"pt-PT\",\"@id\":\"https:\/\/portaltela.pt\/noticias\/2026\/03\/08\/solucoes-para-o-porto-de-leixoes-beneficiam-a-cidade\/#primaryimage\",\"url\":\"https:\/\/portaltela.pt\/s.01k8rhncp4jt1\/2026\/03\/image-503.jpg\",\"contentUrl\":\"https:\/\/portaltela.pt\/s.01k8rhncp4jt1\/2026\/03\/image-503.jpg\",\"width\":796,\"height\":448,\"caption\":\"Jo\u00e3o Neves, presidente da APDL - Administra\u00e7\u00e3o dos Portos do Douro, Leix\u00f5es e Viana do Castelo\"},{\"@type\":\"BreadcrumbList\",\"@id\":\"https:\/\/portaltela.pt\/noticias\/2026\/03\/08\/solucoes-para-o-porto-de-leixoes-beneficiam-a-cidade\/#breadcrumb\",\"itemListElement\":[{\"@type\":\"ListItem\",\"position\":1,\"name\":\"In\u00edcio\",\"item\":\"https:\/\/portaltela.pt\/\"},{\"@type\":\"ListItem\",\"position\":2,\"name\":\"Solu\u00e7\u00f5es para o Porto de Leix\u00f5es beneficiam a cidade\"}]},{\"@type\":\"WebSite\",\"@id\":\"https:\/\/portaltela.pt\/#website\",\"url\":\"https:\/\/portaltela.pt\/\",\"name\":\"Portal Tela Portugal\",\"description\":\"\",\"potentialAction\":[{\"@type\":\"SearchAction\",\"target\":{\"@type\":\"EntryPoint\",\"urlTemplate\":\"https:\/\/portaltela.pt\/?s={search_term_string}\"},\"query-input\":{\"@type\":\"PropertyValueSpecification\",\"valueRequired\":true,\"valueName\":\"search_term_string\"}}],\"inLanguage\":\"pt-PT\"},{\"@type\":\"Person\",\"@id\":\"https:\/\/portaltela.pt\/#\/schema\/person\/c4278d4a6028830caff9ee44b42d32ed\",\"name\":\"Telinha\",\"image\":{\"@type\":\"ImageObject\",\"inLanguage\":\"pt-PT\",\"@id\":\"https:\/\/portaltela.pt\/s.01k8rhncp4jt1\/2025\/11\/talking-bot-125x125.png\",\"url\":\"https:\/\/portaltela.pt\/s.01k8rhncp4jt1\/2025\/11\/talking-bot-125x125.png\",\"contentUrl\":\"https:\/\/portaltela.pt\/s.01k8rhncp4jt1\/2025\/11\/talking-bot-125x125.png\",\"caption\":\"Telinha\"},\"sameAs\":[\"https:\/\/portaltela.pt\/\"],\"url\":\"https:\/\/portaltela.pt\/por\/367410592786\/\"}]}<\/script>\n<!-- \/ Yoast SEO plugin. -->","yoast_head_json":{"title":"Solu\u00e7\u00f5es para o Porto de Leix\u00f5es beneficiam a cidade - Portal Tela Portugal","robots":{"index":"index","follow":"follow","max-snippet":"max-snippet:-1","max-image-preview":"max-image-preview:large","max-video-preview":"max-video-preview:-1"},"og_locale":"pt_PT","og_type":"article","og_title":"Solu\u00e7\u00f5es para o Porto de Leix\u00f5es beneficiam a cidade - Portal Tela Portugal","og_description":"O presidente da APDL, Jo\u00e3o Neves, afirma que as solu\u00e7\u00f5es de expans\u00e3o para o Porto de Leix\u00f5es s\u00e3o melhores para a cidade e critica a C\u00e2mara de Matosinhos pela posi\u00e7\u00e3o sobre o plano. Est\u00e3o reparados os estragos no pared\u00e3o; durante o ver\u00e3o decorre a repara\u00e7\u00e3o do manto de prote\u00e7\u00e3o do quebra-mar e do muro cortina, com conclus\u00e3o gradual e sem impacto nas praias. O plano de dragagens n\u00e3o prev\u00ea grandes altera\u00e7\u00f5es; as mudan\u00e7as na carga coincidir\u00e3o com as chuvas, e h\u00e1 sondagens peri\u00f3dicas para avaliar a necessidade de dragagens. O acesso de navios Panamax n\u00e3o est\u00e1 em risco, j\u00e1 que o porto est\u00e1 dragado a menos de 15,5 metros e h\u00e1 margem de seguran\u00e7a. O plano estrat\u00e9gico envolve cerca de mil milh\u00f5es de euros de investimento, com aproximadamente metade financiada por privados para o terminal de contentores; h\u00e1 tamb\u00e9m projetos para Viana do Castelo e para melhorar a integra\u00e7\u00e3o do porto na cidade.","og_url":"https:\/\/portaltela.pt\/noticias\/2026\/03\/08\/solucoes-para-o-porto-de-leixoes-beneficiam-a-cidade\/","og_site_name":"Portal Tela Portugal","article_published_time":"2026-03-08T09:30:00+00:00","author":"Telinha","twitter_card":"summary_large_image","twitter_misc":{"Escrito por":"Telinha","Tempo estimado de leitura":"2 minutos"},"schema":{"@context":"https:\/\/schema.org","@graph":[{"@type":"Article","@id":"https:\/\/portaltela.pt\/noticias\/2026\/03\/08\/solucoes-para-o-porto-de-leixoes-beneficiam-a-cidade\/#article","isPartOf":{"@id":"https:\/\/portaltela.pt\/noticias\/2026\/03\/08\/solucoes-para-o-porto-de-leixoes-beneficiam-a-cidade\/"},"author":{"name":"Telinha","@id":"https:\/\/portaltela.pt\/#\/schema\/person\/c4278d4a6028830caff9ee44b42d32ed"},"headline":"Solu\u00e7\u00f5es para o Porto de Leix\u00f5es beneficiam a cidade","datePublished":"2026-03-08T09:30:00+00:00","mainEntityOfPage":{"@id":"https:\/\/portaltela.pt\/noticias\/2026\/03\/08\/solucoes-para-o-porto-de-leixoes-beneficiam-a-cidade\/"},"wordCount":446,"image":{"@id":"https:\/\/portaltela.pt\/noticias\/2026\/03\/08\/solucoes-para-o-porto-de-leixoes-beneficiam-a-cidade\/#primaryimage"},"thumbnailUrl":"https:\/\/portaltela.pt\/s.01k8rhncp4jt1\/2026\/03\/image-503.jpg","keywords":["_economia","dragagens","Leix\u00f5es","Matosinhos","meio-ambiente","Porto"],"articleSection":["Not\u00edcias"],"inLanguage":"pt-PT"},{"@type":"WebPage","@id":"https:\/\/portaltela.pt\/noticias\/2026\/03\/08\/solucoes-para-o-porto-de-leixoes-beneficiam-a-cidade\/","url":"https:\/\/portaltela.pt\/noticias\/2026\/03\/08\/solucoes-para-o-porto-de-leixoes-beneficiam-a-cidade\/","name":"Solu\u00e7\u00f5es para o Porto de Leix\u00f5es beneficiam a cidade - Portal Tela Portugal","isPartOf":{"@id":"https:\/\/portaltela.pt\/#website"},"primaryImageOfPage":{"@id":"https:\/\/portaltela.pt\/noticias\/2026\/03\/08\/solucoes-para-o-porto-de-leixoes-beneficiam-a-cidade\/#primaryimage"},"image":{"@id":"https:\/\/portaltela.pt\/noticias\/2026\/03\/08\/solucoes-para-o-porto-de-leixoes-beneficiam-a-cidade\/#primaryimage"},"thumbnailUrl":"https:\/\/portaltela.pt\/s.01k8rhncp4jt1\/2026\/03\/image-503.jpg","datePublished":"2026-03-08T09:30:00+00:00","author":{"@id":"https:\/\/portaltela.pt\/#\/schema\/person\/c4278d4a6028830caff9ee44b42d32ed"},"breadcrumb":{"@id":"https:\/\/portaltela.pt\/noticias\/2026\/03\/08\/solucoes-para-o-porto-de-leixoes-beneficiam-a-cidade\/#breadcrumb"},"inLanguage":"pt-PT","potentialAction":[{"@type":"ReadAction","target":["https:\/\/portaltela.pt\/noticias\/2026\/03\/08\/solucoes-para-o-porto-de-leixoes-beneficiam-a-cidade\/"]}]},{"@type":"ImageObject","inLanguage":"pt-PT","@id":"https:\/\/portaltela.pt\/noticias\/2026\/03\/08\/solucoes-para-o-porto-de-leixoes-beneficiam-a-cidade\/#primaryimage","url":"https:\/\/portaltela.pt\/s.01k8rhncp4jt1\/2026\/03\/image-503.jpg","contentUrl":"https:\/\/portaltela.pt\/s.01k8rhncp4jt1\/2026\/03\/image-503.jpg","width":796,"height":448,"caption":"Jo\u00e3o Neves, presidente da APDL - Administra\u00e7\u00e3o dos Portos do Douro, Leix\u00f5es e Viana do Castelo"},{"@type":"BreadcrumbList","@id":"https:\/\/portaltela.pt\/noticias\/2026\/03\/08\/solucoes-para-o-porto-de-leixoes-beneficiam-a-cidade\/#breadcrumb","itemListElement":[{"@type":"ListItem","position":1,"name":"In\u00edcio","item":"https:\/\/portaltela.pt\/"},{"@type":"ListItem","position":2,"name":"Solu\u00e7\u00f5es para o Porto de Leix\u00f5es beneficiam a cidade"}]},{"@type":"WebSite","@id":"https:\/\/portaltela.pt\/#website","url":"https:\/\/portaltela.pt\/","name":"Portal Tela Portugal","description":"","potentialAction":[{"@type":"SearchAction","target":{"@type":"EntryPoint","urlTemplate":"https:\/\/portaltela.pt\/?s={search_term_string}"},"query-input":{"@type":"PropertyValueSpecification","valueRequired":true,"valueName":"search_term_string"}}],"inLanguage":"pt-PT"},{"@type":"Person","@id":"https:\/\/portaltela.pt\/#\/schema\/person\/c4278d4a6028830caff9ee44b42d32ed","name":"Telinha","image":{"@type":"ImageObject","inLanguage":"pt-PT","@id":"https:\/\/portaltela.pt\/s.01k8rhncp4jt1\/2025\/11\/talking-bot-125x125.png","url":"https:\/\/portaltela.pt\/s.01k8rhncp4jt1\/2025\/11\/talking-bot-125x125.png","contentUrl":"https:\/\/portaltela.pt\/s.01k8rhncp4jt1\/2025\/11\/talking-bot-125x125.png","caption":"Telinha"},"sameAs":["https:\/\/portaltela.pt\/"],"url":"https:\/\/portaltela.pt\/por\/367410592786\/"}]}},"_links":{"self":[{"href":"https:\/\/portaltela.pt\/api\/wp\/v2\/posts\/402099","targetHints":{"allow":["GET"]}}],"collection":[{"href":"https:\/\/portaltela.pt\/api\/wp\/v2\/posts"}],"about":[{"href":"https:\/\/portaltela.pt\/api\/wp\/v2\/types\/post"}],"author":[{"embeddable":true,"href":"https:\/\/portaltela.pt\/api\/wp\/v2\/users\/2"}],"replies":[{"embeddable":true,"href":"https:\/\/portaltela.pt\/api\/wp\/v2\/comments?post=402099"}],"version-history":[{"count":0,"href":"https:\/\/portaltela.pt\/api\/wp\/v2\/posts\/402099\/revisions"}],"wp:featuredmedia":[{"embeddable":true,"href":"https:\/\/portaltela.pt\/api\/wp\/v2\/media\/402100"}],"wp:attachment":[{"href":"https:\/\/portaltela.pt\/api\/wp\/v2\/media?parent=402099"}],"wp:term":[{"taxonomy":"category","embeddable":true,"href":"https:\/\/portaltela.pt\/api\/wp\/v2\/categories?post=402099"},{"taxonomy":"post_tag","embeddable":true,"href":"https:\/\/portaltela.pt\/api\/wp\/v2\/tags?post=402099"}],"curies":[{"name":"wp","href":"https:\/\/api.w.org\/{rel}","templated":true}]}}