{"id":402078,"date":"2026-03-08T06:16:59","date_gmt":"2026-03-08T09:16:59","guid":{"rendered":"https:\/\/portaltela.pt\/noticias\/2026\/03\/08\/manifestantes-pro-democracia-reunem-se-pela-europa-em-apoio-ao-irao\/"},"modified":"2026-03-08T06:16:59","modified_gmt":"2026-03-08T09:16:59","slug":"manifestantes-pro-democracia-reunem-se-pela-europa-em-apoio-ao-irao","status":"publish","type":"post","link":"https:\/\/portaltela.pt\/noticias\/2026\/03\/08\/manifestantes-pro-democracia-reunem-se-pela-europa-em-apoio-ao-irao\/","title":{"rendered":"Manifestantes pr\u00f3-democracia re\u00fanem-se pela Europa em apoio ao Ir\u00e3o"},"content":{"rendered":"<p>Manifestantes pr\u00f3-democracia de v\u00e1rios pa\u00edses europeus sa\u00edram \u00e0s ruas para acompanhar o Ir\u00e3o, numa mobiliza\u00e7\u00e3o durante o conflito com os EUA e Israel. O foco foi mostrar apoio ao povo iraniano e aos seus setores reformistas, com posi\u00e7\u00f5es divididas sobre a monarquia.<\/p>\n<p>Em Berlim, Estocolmo e Paris, muitos manifestantes manifestaram-se em apoio ao pr\u00edncipe herdeiro exilado Reza Pahlavi, visto por alguns como alternativa ao regime. Outros protestos, em Paris, criticaram a ideia de uma transi\u00e7\u00e3o sob uma monarquia.<\/p>\n<h3>Concentra\u00e7\u00f5es e mensagens em v\u00e1rias cidades<\/h3>\n<p>Em Londres, entre 5.000 e 6.000 pessoas participaram na marcha Hands Off Iran, pedindo o fim dos bombardeamentos e clamando por paz. No sul de Paris, um segundo grupo protestou contra a restaura\u00e7\u00e3o mon\u00e1rquica, com s\u00edmbolos diferentes entre os manifestantes.<\/p>\n<p>Centenas de pessoas reuniram-se tamb\u00e9m em Estocolmo, segurando fotografias do X\u00e1 e do seu pai falecido. Em Amesterd\u00e3o, os manifestantes pediram ao governo a visita de Reza Pahlavi e o encerramento da embaixada iraniana, enquanto exibiam bandeiras de Israel e dos EUA.<\/p>\n<h3>Rea\u00e7\u00f5es e declara\u00e7\u00f5es oficiais<\/h3>\n<p>Pouco antes do nascer do dia, em Fairford, no sudoeste de Inglaterra, manifestantes anti-guerra ergueram cartazes pedindo paz e a retirada de for\u00e7as estrangeiras do Ir\u00e3o.<\/p>\n<p>Nos Estados Unidos, o presidente Donald Trump declarou disponibilidade para apoiar a recupera\u00e7\u00e3o econ\u00f3mica do Ir\u00e3o caso Teer\u00e3o aceite um l\u00edder considerado aceit\u00e1vel. O embaixador iraniano na ONU afirmou que a sele\u00e7\u00e3o do sucessor de Khamenei ser\u00e1 feita sem interfer\u00eancia externa, segundo procedimentos constitucionais.<\/p>\n","protected":false},"excerpt":{"rendered":"<ul>\n<li>Manifestantes pr\u00f3-democracia de v\u00e1rios pa\u00edses europeus participaram em protestos contra o regime iraniano, exibindo bandeiras do Ir\u00e3o pr\u00e9-revolucion\u00e1rio e apoiando o povo iraniano num contexto de conflito com os EUA e Israel.<\/li>\n<li>Berlim, Estocolmo e Paris tiveram demonstra\u00e7\u00f5es a apoiar o pr\u00edncipe herdeiro exilado Reza Pahlavi, enquanto em Paris tamb\u00e9m houve protestos contr\u00e1rios ao regresso da monarquia.<\/li>\n<li>Em Londres, cerca de entre 5.000 e 6.000 pessoas participaram na marcha &#8220;Hands Off Iran&#8221;, entoando pedidos para parar os bombardeamentos.<\/li>\n<li>Em Amesterd\u00e3o, os manifestantes pediram ao governo que convidasse Pahlavi a visitar o pa\u00eds e que encerrasse a embaixada iraniana; em Paris houve duas manifesta\u00e7\u00f5es distintas, uma pr\u00f3-Pahlavi e outra contra o cen\u00e1rio.<\/li>\n<li>Quest\u00f5es internacionais: o presidente dos EUA, Donald Trump, disse ter interesse em ajudar a reconstruir a economia do Ir\u00e3o se Teer\u00e3o instalar algu\u00e9m aceit\u00e1vel; Amir Saeid Iravani, embaixador do Ir\u00e3o na ONU, afirmou que n\u00e3o haver\u00e1 qualquer papel dos EUA na escolha do sucessor de Khamenei, sendo a decis\u00e3o uma quest\u00e3o interna iraniana.<\/li>\n<\/ul>\n","protected":false},"author":2,"featured_media":402079,"comment_status":"closed","ping_status":"closed","sticky":false,"template":"","format":"standard","meta":{"footnotes":""},"categories":[1],"tags":[2795,1600,3327,5698,2857,2730],"class_list":["post-402078","post","type-post","status-publish","format-standard","has-post-thumbnail","hentry","category-noticias","tag-democracia","tag-estados-unidos","tag-iran","tag-politica-internacional","tag-protestos","tag-protestos-internacionais"],"yoast_head":"<!-- This site is optimized with the Yoast SEO plugin v27.2 - https:\/\/yoast.com\/product\/yoast-seo-wordpress\/ -->\n<title>Manifestantes pr\u00f3-democracia re\u00fanem-se pela Europa em apoio ao Ir\u00e3o - Portal Tela Portugal<\/title>\n<meta name=\"robots\" content=\"index, follow, max-snippet:-1, max-image-preview:large, max-video-preview:-1\" \/>\n<meta property=\"og:locale\" content=\"pt_PT\" \/>\n<meta property=\"og:type\" content=\"article\" \/>\n<meta property=\"og:title\" content=\"Manifestantes pr\u00f3-democracia re\u00fanem-se pela Europa em apoio ao Ir\u00e3o - Portal Tela Portugal\" \/>\n<meta property=\"og:description\" content=\"Manifestantes pr\u00f3-democracia de v\u00e1rios pa\u00edses europeus participaram em protestos contra o regime iraniano, exibindo bandeiras do Ir\u00e3o pr\u00e9-revolucion\u00e1rio e apoiando o povo iraniano num contexto de conflito com os EUA e Israel. Berlim, Estocolmo e Paris tiveram demonstra\u00e7\u00f5es a apoiar o pr\u00edncipe herdeiro exilado Reza Pahlavi, enquanto em Paris tamb\u00e9m houve protestos contr\u00e1rios ao regresso da monarquia. Em Londres, cerca de entre 5.000 e 6.000 pessoas participaram na marcha &quot;Hands Off Iran&quot;, entoando pedidos para parar os bombardeamentos. Em Amesterd\u00e3o, os manifestantes pediram ao governo que convidasse Pahlavi a visitar o pa\u00eds e que encerrasse a embaixada iraniana; em Paris houve duas manifesta\u00e7\u00f5es distintas, uma pr\u00f3-Pahlavi e outra contra o cen\u00e1rio. Quest\u00f5es internacionais: o presidente dos EUA, Donald Trump, disse ter interesse em ajudar a reconstruir a economia do Ir\u00e3o se Teer\u00e3o instalar algu\u00e9m aceit\u00e1vel; Amir Saeid Iravani, embaixador do Ir\u00e3o na ONU, afirmou que n\u00e3o haver\u00e1 qualquer papel dos EUA na escolha do sucessor de Khamenei, sendo a decis\u00e3o uma quest\u00e3o interna iraniana.\" \/>\n<meta property=\"og:url\" content=\"https:\/\/portaltela.pt\/noticias\/2026\/03\/08\/manifestantes-pro-democracia-reunem-se-pela-europa-em-apoio-ao-irao\/\" \/>\n<meta property=\"og:site_name\" content=\"Portal Tela Portugal\" \/>\n<meta property=\"article:published_time\" content=\"2026-03-08T09:16:59+00:00\" \/>\n<meta name=\"author\" content=\"Telinha\" \/>\n<meta name=\"twitter:card\" content=\"summary_large_image\" \/>\n<meta name=\"twitter:label1\" content=\"Escrito por\" \/>\n\t<meta name=\"twitter:data1\" content=\"Telinha\" \/>\n\t<meta name=\"twitter:label2\" content=\"Tempo estimado de leitura\" \/>\n\t<meta name=\"twitter:data2\" content=\"1 minuto\" \/>\n<script type=\"application\/ld+json\" class=\"yoast-schema-graph\">{\"@context\":\"https:\/\/schema.org\",\"@graph\":[{\"@type\":\"Article\",\"@id\":\"https:\/\/portaltela.pt\/noticias\/2026\/03\/08\/manifestantes-pro-democracia-reunem-se-pela-europa-em-apoio-ao-irao\/#article\",\"isPartOf\":{\"@id\":\"https:\/\/portaltela.pt\/noticias\/2026\/03\/08\/manifestantes-pro-democracia-reunem-se-pela-europa-em-apoio-ao-irao\/\"},\"author\":{\"name\":\"Telinha\",\"@id\":\"https:\/\/portaltela.pt\/#\/schema\/person\/c4278d4a6028830caff9ee44b42d32ed\"},\"headline\":\"Manifestantes pr\u00f3-democracia re\u00fanem-se pela Europa em apoio ao Ir\u00e3o\",\"datePublished\":\"2026-03-08T09:16:59+00:00\",\"mainEntityOfPage\":{\"@id\":\"https:\/\/portaltela.pt\/noticias\/2026\/03\/08\/manifestantes-pro-democracia-reunem-se-pela-europa-em-apoio-ao-irao\/\"},\"wordCount\":278,\"image\":{\"@id\":\"https:\/\/portaltela.pt\/noticias\/2026\/03\/08\/manifestantes-pro-democracia-reunem-se-pela-europa-em-apoio-ao-irao\/#primaryimage\"},\"thumbnailUrl\":\"https:\/\/portaltela.pt\/s.01k8rhncp4jt1\/2026\/03\/1536x864_cmsv2_d12ea6ae-7a2b-5df0-b73f-d80c4e9dd2c7-9677750.jpg\",\"keywords\":[\"democracia\",\"Estados Unidos\",\"\u00cdr\u00e1n\",\"pol\u00edtica internacional\",\"protestos\",\"protestos internacionais\"],\"articleSection\":[\"Not\u00edcias\"],\"inLanguage\":\"pt-PT\"},{\"@type\":\"WebPage\",\"@id\":\"https:\/\/portaltela.pt\/noticias\/2026\/03\/08\/manifestantes-pro-democracia-reunem-se-pela-europa-em-apoio-ao-irao\/\",\"url\":\"https:\/\/portaltela.pt\/noticias\/2026\/03\/08\/manifestantes-pro-democracia-reunem-se-pela-europa-em-apoio-ao-irao\/\",\"name\":\"Manifestantes pr\u00f3-democracia re\u00fanem-se pela Europa em apoio ao Ir\u00e3o - Portal Tela Portugal\",\"isPartOf\":{\"@id\":\"https:\/\/portaltela.pt\/#website\"},\"primaryImageOfPage\":{\"@id\":\"https:\/\/portaltela.pt\/noticias\/2026\/03\/08\/manifestantes-pro-democracia-reunem-se-pela-europa-em-apoio-ao-irao\/#primaryimage\"},\"image\":{\"@id\":\"https:\/\/portaltela.pt\/noticias\/2026\/03\/08\/manifestantes-pro-democracia-reunem-se-pela-europa-em-apoio-ao-irao\/#primaryimage\"},\"thumbnailUrl\":\"https:\/\/portaltela.pt\/s.01k8rhncp4jt1\/2026\/03\/1536x864_cmsv2_d12ea6ae-7a2b-5df0-b73f-d80c4e9dd2c7-9677750.jpg\",\"datePublished\":\"2026-03-08T09:16:59+00:00\",\"author\":{\"@id\":\"https:\/\/portaltela.pt\/#\/schema\/person\/c4278d4a6028830caff9ee44b42d32ed\"},\"breadcrumb\":{\"@id\":\"https:\/\/portaltela.pt\/noticias\/2026\/03\/08\/manifestantes-pro-democracia-reunem-se-pela-europa-em-apoio-ao-irao\/#breadcrumb\"},\"inLanguage\":\"pt-PT\",\"potentialAction\":[{\"@type\":\"ReadAction\",\"target\":[\"https:\/\/portaltela.pt\/noticias\/2026\/03\/08\/manifestantes-pro-democracia-reunem-se-pela-europa-em-apoio-ao-irao\/\"]}]},{\"@type\":\"ImageObject\",\"inLanguage\":\"pt-PT\",\"@id\":\"https:\/\/portaltela.pt\/noticias\/2026\/03\/08\/manifestantes-pro-democracia-reunem-se-pela-europa-em-apoio-ao-irao\/#primaryimage\",\"url\":\"https:\/\/portaltela.pt\/s.01k8rhncp4jt1\/2026\/03\/1536x864_cmsv2_d12ea6ae-7a2b-5df0-b73f-d80c4e9dd2c7-9677750.jpg\",\"contentUrl\":\"https:\/\/portaltela.pt\/s.01k8rhncp4jt1\/2026\/03\/1536x864_cmsv2_d12ea6ae-7a2b-5df0-b73f-d80c4e9dd2c7-9677750.jpg\",\"width\":796,\"height\":448,\"caption\":\"Manifestantes em Paris brandem retratos do filho do \u00faltimo X\u00e1 do Ir\u00e3o, Reza Pahlavi, bandeiras da monarquia iraniana e bandeiras francesas e israelitas, 7 de mar\u00e7o de 2026.\"},{\"@type\":\"BreadcrumbList\",\"@id\":\"https:\/\/portaltela.pt\/noticias\/2026\/03\/08\/manifestantes-pro-democracia-reunem-se-pela-europa-em-apoio-ao-irao\/#breadcrumb\",\"itemListElement\":[{\"@type\":\"ListItem\",\"position\":1,\"name\":\"In\u00edcio\",\"item\":\"https:\/\/portaltela.pt\/\"},{\"@type\":\"ListItem\",\"position\":2,\"name\":\"Manifestantes pr\u00f3-democracia re\u00fanem-se pela Europa em apoio ao Ir\u00e3o\"}]},{\"@type\":\"WebSite\",\"@id\":\"https:\/\/portaltela.pt\/#website\",\"url\":\"https:\/\/portaltela.pt\/\",\"name\":\"Portal Tela Portugal\",\"description\":\"\",\"potentialAction\":[{\"@type\":\"SearchAction\",\"target\":{\"@type\":\"EntryPoint\",\"urlTemplate\":\"https:\/\/portaltela.pt\/?s={search_term_string}\"},\"query-input\":{\"@type\":\"PropertyValueSpecification\",\"valueRequired\":true,\"valueName\":\"search_term_string\"}}],\"inLanguage\":\"pt-PT\"},{\"@type\":\"Person\",\"@id\":\"https:\/\/portaltela.pt\/#\/schema\/person\/c4278d4a6028830caff9ee44b42d32ed\",\"name\":\"Telinha\",\"image\":{\"@type\":\"ImageObject\",\"inLanguage\":\"pt-PT\",\"@id\":\"https:\/\/portaltela.pt\/s.01k8rhncp4jt1\/2025\/11\/talking-bot-125x125.png\",\"url\":\"https:\/\/portaltela.pt\/s.01k8rhncp4jt1\/2025\/11\/talking-bot-125x125.png\",\"contentUrl\":\"https:\/\/portaltela.pt\/s.01k8rhncp4jt1\/2025\/11\/talking-bot-125x125.png\",\"caption\":\"Telinha\"},\"sameAs\":[\"https:\/\/portaltela.pt\/\"],\"url\":\"https:\/\/portaltela.pt\/por\/367410592786\/\"}]}<\/script>\n<!-- \/ Yoast SEO plugin. -->","yoast_head_json":{"title":"Manifestantes pr\u00f3-democracia re\u00fanem-se pela Europa em apoio ao Ir\u00e3o - Portal Tela Portugal","robots":{"index":"index","follow":"follow","max-snippet":"max-snippet:-1","max-image-preview":"max-image-preview:large","max-video-preview":"max-video-preview:-1"},"og_locale":"pt_PT","og_type":"article","og_title":"Manifestantes pr\u00f3-democracia re\u00fanem-se pela Europa em apoio ao Ir\u00e3o - Portal Tela Portugal","og_description":"Manifestantes pr\u00f3-democracia de v\u00e1rios pa\u00edses europeus participaram em protestos contra o regime iraniano, exibindo bandeiras do Ir\u00e3o pr\u00e9-revolucion\u00e1rio e apoiando o povo iraniano num contexto de conflito com os EUA e Israel. Berlim, Estocolmo e Paris tiveram demonstra\u00e7\u00f5es a apoiar o pr\u00edncipe herdeiro exilado Reza Pahlavi, enquanto em Paris tamb\u00e9m houve protestos contr\u00e1rios ao regresso da monarquia. Em Londres, cerca de entre 5.000 e 6.000 pessoas participaram na marcha \"Hands Off Iran\", entoando pedidos para parar os bombardeamentos. Em Amesterd\u00e3o, os manifestantes pediram ao governo que convidasse Pahlavi a visitar o pa\u00eds e que encerrasse a embaixada iraniana; em Paris houve duas manifesta\u00e7\u00f5es distintas, uma pr\u00f3-Pahlavi e outra contra o cen\u00e1rio. Quest\u00f5es internacionais: o presidente dos EUA, Donald Trump, disse ter interesse em ajudar a reconstruir a economia do Ir\u00e3o se Teer\u00e3o instalar algu\u00e9m aceit\u00e1vel; Amir Saeid Iravani, embaixador do Ir\u00e3o na ONU, afirmou que n\u00e3o haver\u00e1 qualquer papel dos EUA na escolha do sucessor de Khamenei, sendo a decis\u00e3o uma quest\u00e3o interna iraniana.","og_url":"https:\/\/portaltela.pt\/noticias\/2026\/03\/08\/manifestantes-pro-democracia-reunem-se-pela-europa-em-apoio-ao-irao\/","og_site_name":"Portal Tela Portugal","article_published_time":"2026-03-08T09:16:59+00:00","author":"Telinha","twitter_card":"summary_large_image","twitter_misc":{"Escrito por":"Telinha","Tempo estimado de leitura":"1 minuto"},"schema":{"@context":"https:\/\/schema.org","@graph":[{"@type":"Article","@id":"https:\/\/portaltela.pt\/noticias\/2026\/03\/08\/manifestantes-pro-democracia-reunem-se-pela-europa-em-apoio-ao-irao\/#article","isPartOf":{"@id":"https:\/\/portaltela.pt\/noticias\/2026\/03\/08\/manifestantes-pro-democracia-reunem-se-pela-europa-em-apoio-ao-irao\/"},"author":{"name":"Telinha","@id":"https:\/\/portaltela.pt\/#\/schema\/person\/c4278d4a6028830caff9ee44b42d32ed"},"headline":"Manifestantes pr\u00f3-democracia re\u00fanem-se pela Europa em apoio ao Ir\u00e3o","datePublished":"2026-03-08T09:16:59+00:00","mainEntityOfPage":{"@id":"https:\/\/portaltela.pt\/noticias\/2026\/03\/08\/manifestantes-pro-democracia-reunem-se-pela-europa-em-apoio-ao-irao\/"},"wordCount":278,"image":{"@id":"https:\/\/portaltela.pt\/noticias\/2026\/03\/08\/manifestantes-pro-democracia-reunem-se-pela-europa-em-apoio-ao-irao\/#primaryimage"},"thumbnailUrl":"https:\/\/portaltela.pt\/s.01k8rhncp4jt1\/2026\/03\/1536x864_cmsv2_d12ea6ae-7a2b-5df0-b73f-d80c4e9dd2c7-9677750.jpg","keywords":["democracia","Estados Unidos","\u00cdr\u00e1n","pol\u00edtica internacional","protestos","protestos internacionais"],"articleSection":["Not\u00edcias"],"inLanguage":"pt-PT"},{"@type":"WebPage","@id":"https:\/\/portaltela.pt\/noticias\/2026\/03\/08\/manifestantes-pro-democracia-reunem-se-pela-europa-em-apoio-ao-irao\/","url":"https:\/\/portaltela.pt\/noticias\/2026\/03\/08\/manifestantes-pro-democracia-reunem-se-pela-europa-em-apoio-ao-irao\/","name":"Manifestantes pr\u00f3-democracia re\u00fanem-se pela Europa em apoio ao Ir\u00e3o - Portal Tela Portugal","isPartOf":{"@id":"https:\/\/portaltela.pt\/#website"},"primaryImageOfPage":{"@id":"https:\/\/portaltela.pt\/noticias\/2026\/03\/08\/manifestantes-pro-democracia-reunem-se-pela-europa-em-apoio-ao-irao\/#primaryimage"},"image":{"@id":"https:\/\/portaltela.pt\/noticias\/2026\/03\/08\/manifestantes-pro-democracia-reunem-se-pela-europa-em-apoio-ao-irao\/#primaryimage"},"thumbnailUrl":"https:\/\/portaltela.pt\/s.01k8rhncp4jt1\/2026\/03\/1536x864_cmsv2_d12ea6ae-7a2b-5df0-b73f-d80c4e9dd2c7-9677750.jpg","datePublished":"2026-03-08T09:16:59+00:00","author":{"@id":"https:\/\/portaltela.pt\/#\/schema\/person\/c4278d4a6028830caff9ee44b42d32ed"},"breadcrumb":{"@id":"https:\/\/portaltela.pt\/noticias\/2026\/03\/08\/manifestantes-pro-democracia-reunem-se-pela-europa-em-apoio-ao-irao\/#breadcrumb"},"inLanguage":"pt-PT","potentialAction":[{"@type":"ReadAction","target":["https:\/\/portaltela.pt\/noticias\/2026\/03\/08\/manifestantes-pro-democracia-reunem-se-pela-europa-em-apoio-ao-irao\/"]}]},{"@type":"ImageObject","inLanguage":"pt-PT","@id":"https:\/\/portaltela.pt\/noticias\/2026\/03\/08\/manifestantes-pro-democracia-reunem-se-pela-europa-em-apoio-ao-irao\/#primaryimage","url":"https:\/\/portaltela.pt\/s.01k8rhncp4jt1\/2026\/03\/1536x864_cmsv2_d12ea6ae-7a2b-5df0-b73f-d80c4e9dd2c7-9677750.jpg","contentUrl":"https:\/\/portaltela.pt\/s.01k8rhncp4jt1\/2026\/03\/1536x864_cmsv2_d12ea6ae-7a2b-5df0-b73f-d80c4e9dd2c7-9677750.jpg","width":796,"height":448,"caption":"Manifestantes em Paris brandem retratos do filho do \u00faltimo X\u00e1 do Ir\u00e3o, Reza Pahlavi, bandeiras da monarquia iraniana e bandeiras francesas e israelitas, 7 de mar\u00e7o de 2026."},{"@type":"BreadcrumbList","@id":"https:\/\/portaltela.pt\/noticias\/2026\/03\/08\/manifestantes-pro-democracia-reunem-se-pela-europa-em-apoio-ao-irao\/#breadcrumb","itemListElement":[{"@type":"ListItem","position":1,"name":"In\u00edcio","item":"https:\/\/portaltela.pt\/"},{"@type":"ListItem","position":2,"name":"Manifestantes pr\u00f3-democracia re\u00fanem-se pela Europa em apoio ao Ir\u00e3o"}]},{"@type":"WebSite","@id":"https:\/\/portaltela.pt\/#website","url":"https:\/\/portaltela.pt\/","name":"Portal Tela Portugal","description":"","potentialAction":[{"@type":"SearchAction","target":{"@type":"EntryPoint","urlTemplate":"https:\/\/portaltela.pt\/?s={search_term_string}"},"query-input":{"@type":"PropertyValueSpecification","valueRequired":true,"valueName":"search_term_string"}}],"inLanguage":"pt-PT"},{"@type":"Person","@id":"https:\/\/portaltela.pt\/#\/schema\/person\/c4278d4a6028830caff9ee44b42d32ed","name":"Telinha","image":{"@type":"ImageObject","inLanguage":"pt-PT","@id":"https:\/\/portaltela.pt\/s.01k8rhncp4jt1\/2025\/11\/talking-bot-125x125.png","url":"https:\/\/portaltela.pt\/s.01k8rhncp4jt1\/2025\/11\/talking-bot-125x125.png","contentUrl":"https:\/\/portaltela.pt\/s.01k8rhncp4jt1\/2025\/11\/talking-bot-125x125.png","caption":"Telinha"},"sameAs":["https:\/\/portaltela.pt\/"],"url":"https:\/\/portaltela.pt\/por\/367410592786\/"}]}},"_links":{"self":[{"href":"https:\/\/portaltela.pt\/api\/wp\/v2\/posts\/402078","targetHints":{"allow":["GET"]}}],"collection":[{"href":"https:\/\/portaltela.pt\/api\/wp\/v2\/posts"}],"about":[{"href":"https:\/\/portaltela.pt\/api\/wp\/v2\/types\/post"}],"author":[{"embeddable":true,"href":"https:\/\/portaltela.pt\/api\/wp\/v2\/users\/2"}],"replies":[{"embeddable":true,"href":"https:\/\/portaltela.pt\/api\/wp\/v2\/comments?post=402078"}],"version-history":[{"count":0,"href":"https:\/\/portaltela.pt\/api\/wp\/v2\/posts\/402078\/revisions"}],"wp:featuredmedia":[{"embeddable":true,"href":"https:\/\/portaltela.pt\/api\/wp\/v2\/media\/402079"}],"wp:attachment":[{"href":"https:\/\/portaltela.pt\/api\/wp\/v2\/media?parent=402078"}],"wp:term":[{"taxonomy":"category","embeddable":true,"href":"https:\/\/portaltela.pt\/api\/wp\/v2\/categories?post=402078"},{"taxonomy":"post_tag","embeddable":true,"href":"https:\/\/portaltela.pt\/api\/wp\/v2\/tags?post=402078"}],"curies":[{"name":"wp","href":"https:\/\/api.w.org\/{rel}","templated":true}]}}