{"id":402040,"date":"2026-03-08T03:30:00","date_gmt":"2026-03-08T06:30:00","guid":{"rendered":"https:\/\/portaltela.pt\/noticias\/2026\/03\/08\/quatro-vidas-de-ciganos-portugueses-ilustram-um-futuro-diferente\/"},"modified":"2026-03-08T03:30:00","modified_gmt":"2026-03-08T06:30:00","slug":"quatro-vidas-de-ciganos-portugueses-ilustram-um-futuro-diferente","status":"publish","type":"post","link":"https:\/\/portaltela.pt\/noticias\/2026\/03\/08\/quatro-vidas-de-ciganos-portugueses-ilustram-um-futuro-diferente\/","title":{"rendered":"Quatro vidas de ciganos portugueses ilustram um futuro diferente"},"content":{"rendered":"<p>Renato Bernardino, antigo militar que manteve segredo sobre as suas origens, tornou-se s\u00edmbolo de uma luta contra o anticiganismo. Este mapa de vida tra\u00e7a quatro caminhos distintos: educa\u00e7\u00e3o, carreira, art\u00edstico e pol\u00edtico, unidos pela vontade de enfrentar o preconceito.<\/p>\n<p>O projeto CALLON, Centro de Abertura a Linguagens e Lugares Outrora Negados, surge como desfecho de uma trajet\u00f3ria marcada por discrimina\u00e7\u00e3o. Bernardino formou parcerias europeias para criar um espa\u00e7o que valorize a cultura cigana e promova a inclus\u00e3o.<\/p>\n<h3>Renato Bernardino e o CALLON<\/h3>\n<p>Criado pela pr\u00f3pria equipa, o CALLON pretende funcionar como museu, centro de exposi\u00e7\u00f5es, oficinas e espa\u00e7o de debates na \u00c1rea Metropolitana de Lisboa. O objetivo \u00e9 facilitar a integra\u00e7\u00e3o de crian\u00e7as e jovens ciganos por meio de a\u00e7\u00f5es culturais.<\/p>\n<p>A hist\u00f3ria de Bernardino \u00e9 marcada por passos que passaram despercebidos durante anos. Foi refor\u00e7ada pela necessidade de mostrar que a comunidade cigana pode contribuir de formas diversas para a sociedade. O jornalismo t\u00e9cnico ajuda a documentar esse percurso.<\/p>\n<p>Maria Jo\u00e3o Rosa nasceu em Beja e descobriu a pr\u00f3pria identidade cigana ao conhecer a hist\u00f3ria da av\u00f3. O epis\u00f3dio levou-a a buscar a liga\u00e7\u00e3o entre ancestralidade, educa\u00e7\u00e3o e trajet\u00f3ria profissional, destacando a import\u00e2ncia de apoiar estudantes ciganos.<\/p>\n<h3>Maria Jo\u00e3o Rosa<\/h3>\n<p>Na licenciatura em Antropologia, Rosa reconheceu que o v\u00ednculo com a cultura cigana n\u00e3o depende do reconhecimento pela fam\u00edlia, mas sim da afirma\u00e7\u00e3o da identidade. Participou em pesquisas sobre minorias, etnia cigana e g\u00e9nero, com foco no interior de Portugal.<\/p>\n<p>Ao longo da juventude, Rosa enfrentou dificuldades financeiras e discrimina\u00e7\u00e3o escolar. Mesmo assim, concluiu dois mestrados e est\u00e1 a tirar o doutoramento, centrando o estudo no Bairro das Pedreiras, em Beja, sobre pobreza e segrega\u00e7\u00e3o habitacional.<\/p>\n<p>A antrop\u00f3loga planeia interven\u00e7\u00f5es com atividades extracurriculares, como m\u00fasica, para motivar jovens do bairro a perspetivarem um futuro diferente. O objetivo \u00e9 ampliar o acesso \u00e0 educa\u00e7\u00e3o e \u00e0 sa\u00fade, reduzindo barreiras estruturais.<\/p>\n<h3>Henrique Barbosa<\/h3>\n<p>Henrique Barbosa, nascido em 1991, descobriu o teatro junto de projetos comunit\u00e1rios em Coimbra. O envolvimento art\u00edstico levou-o a integrar a ind\u00fastria do cinema, atuando no filme Entroncamento, onde interpreta um jovem cigano envolvido no tr\u00e1fico.<\/p>\n<p>O papel foi recebido com reconhecimento e premiado em festivais nacionais. O ator defende que, quando h\u00e1 oportunidades, talentos ciganos podem contribuir para a cultura como qualquer outro, desde que haja possibilidades de inser\u00e7\u00e3o.<\/p>\n<p>Barbosa relata a presen\u00e7a de ataques online e offline que associam etnia a crimes, destacando a resist\u00eancia necess\u00e1ria para evoluir na ind\u00fastria do cinema. O objetivo \u00e9 ampliar oportunidades para jovens ciganos no cinema e na arte.<\/p>\n<h3>Denil Murteira<\/h3>\n<p>Denil Murteira tornou-se deputado municipal em Gr\u00e2ndola aos 21 anos, ap\u00f3s enfrentar den\u00fancias falsas sobre habita\u00e7\u00e3o, trabalho e rendimento. A participa\u00e7\u00e3o pol\u00edtica foi vista como forma de ampliar vozes ciganas nos espa\u00e7os de decis\u00e3o.<\/p>\n<p>Murteira afirma que a sua trajet\u00f3ria envolve superar preconceitos e desinforma\u00e7\u00e3o, demonstrando que \u00e9 poss\u00edvel equilibrar carreira p\u00fablica com identidade \u00e9tnica. A expectativa \u00e9 que a presen\u00e7a ciga na pol\u00edtica inspire uma mudan\u00e7a de perce\u00e7\u00f5es e promova inclus\u00e3o.<\/p>\n<p>Os jovens envolvidos veem na pol\u00edtica uma via para transformar realidades, combatendo estere\u00f3tipos e dando visibilidade a situa\u00e7\u00f5es ocultas. O foco permanece na luta contra a exclus\u00e3o hist\u00f3rica e na constru\u00e7\u00e3o de um futuro mais justo.<\/p>\n","protected":false},"excerpt":{"rendered":"<ul>\n<li>Renato Bernardino, sargento-ajudante do Ex\u00e9rcito, revela a sua origem cigana ao lan\u00e7ar o centro CALLON (Centro de Abertura a Linguagens e Lugares Outrora Negados) e promover inclus\u00e3o e coes\u00e3o na Europa, usando a educa\u00e7\u00e3o e o servi\u00e7o p\u00fablico como motor de mudan\u00e7a.<\/li>\n<li>Maria Jo\u00e3o Rosa, antrop\u00f3loga cigana, descobriu a heran\u00e7a familiar e rompe com estere\u00f3tipos para seguir estudos superiores e doutoramento, dedicando-se a debater a etnia cigana, pobreza e inclus\u00e3o no ensino superior e na sa\u00fade.<\/li>\n<li>Henrique Barbosa, ator cigano e vencedor de pr\u00e9mios, participou em produ\u00e7\u00e3o cinematogr\u00e1fica que aborda a realidade de jovens ciganos, defendendo oportunidades para artistas da comunidade independentemente de origem.<\/li>\n<li>Denil Murteira, natural de Portim\u00e3o e deputado municipal de Gr\u00e2ndola, tornou-se o mais jovem eleito, enfrentando den\u00fancias falsas e racismo, e defendendo a inclus\u00e3o cigana em espa\u00e7os de decis\u00e3o.<\/li>\n<li>O conjunto das hist\u00f3rias ilustra a luta contra o anticiganismo enraizado na sociedade portuguesa, com avan\u00e7os atrav\u00e9s da educa\u00e7\u00e3o, da cultura, da pol\u00edtica e da visibilidade p\u00fablica.<\/li>\n<\/ul>\n","protected":false},"author":2,"featured_media":402041,"comment_status":"closed","ping_status":"closed","sticky":false,"template":"","format":"standard","meta":{"footnotes":""},"categories":[1],"tags":[6825,943,1070,1695,163,4074],"class_list":["post-402040","post","type-post","status-publish","format-standard","has-post-thumbnail","hentry","category-noticias","tag-antropologia","tag-beja","tag-coimbra","tag-discriminacao","tag-educacao","tag-inclusao-social"],"yoast_head":"<!-- This site is optimized with the Yoast SEO plugin v27.2 - https:\/\/yoast.com\/product\/yoast-seo-wordpress\/ -->\n<title>Quatro vidas de ciganos portugueses ilustram um futuro diferente - Portal Tela Portugal<\/title>\n<meta name=\"robots\" content=\"index, follow, max-snippet:-1, max-image-preview:large, max-video-preview:-1\" \/>\n<meta property=\"og:locale\" content=\"pt_PT\" \/>\n<meta property=\"og:type\" content=\"article\" \/>\n<meta property=\"og:title\" content=\"Quatro vidas de ciganos portugueses ilustram um futuro diferente - Portal Tela Portugal\" \/>\n<meta property=\"og:description\" content=\"Renato Bernardino, sargento-ajudante do Ex\u00e9rcito, revela a sua origem cigana ao lan\u00e7ar o centro CALLON (Centro de Abertura a Linguagens e Lugares Outrora Negados) e promover inclus\u00e3o e coes\u00e3o na Europa, usando a educa\u00e7\u00e3o e o servi\u00e7o p\u00fablico como motor de mudan\u00e7a. Maria Jo\u00e3o Rosa, antrop\u00f3loga cigana, descobriu a heran\u00e7a familiar e rompe com estere\u00f3tipos para seguir estudos superiores e doutoramento, dedicando-se a debater a etnia cigana, pobreza e inclus\u00e3o no ensino superior e na sa\u00fade. Henrique Barbosa, ator cigano e vencedor de pr\u00e9mios, participou em produ\u00e7\u00e3o cinematogr\u00e1fica que aborda a realidade de jovens ciganos, defendendo oportunidades para artistas da comunidade independentemente de origem. Denil Murteira, natural de Portim\u00e3o e deputado municipal de Gr\u00e2ndola, tornou-se o mais jovem eleito, enfrentando den\u00fancias falsas e racismo, e defendendo a inclus\u00e3o cigana em espa\u00e7os de decis\u00e3o. O conjunto das hist\u00f3rias ilustra a luta contra o anticiganismo enraizado na sociedade portuguesa, com avan\u00e7os atrav\u00e9s da educa\u00e7\u00e3o, da cultura, da pol\u00edtica e da visibilidade p\u00fablica.\" \/>\n<meta property=\"og:url\" content=\"https:\/\/portaltela.pt\/noticias\/2026\/03\/08\/quatro-vidas-de-ciganos-portugueses-ilustram-um-futuro-diferente\/\" \/>\n<meta property=\"og:site_name\" content=\"Portal Tela Portugal\" \/>\n<meta property=\"article:published_time\" content=\"2026-03-08T06:30:00+00:00\" \/>\n<meta name=\"author\" content=\"Telinha\" \/>\n<meta name=\"twitter:card\" content=\"summary_large_image\" \/>\n<meta name=\"twitter:label1\" content=\"Escrito por\" \/>\n\t<meta name=\"twitter:data1\" content=\"Telinha\" \/>\n\t<meta name=\"twitter:label2\" content=\"Tempo estimado de leitura\" \/>\n\t<meta name=\"twitter:data2\" content=\"3 minutos\" \/>\n<script type=\"application\/ld+json\" class=\"yoast-schema-graph\">{\"@context\":\"https:\/\/schema.org\",\"@graph\":[{\"@type\":\"Article\",\"@id\":\"https:\/\/portaltela.pt\/noticias\/2026\/03\/08\/quatro-vidas-de-ciganos-portugueses-ilustram-um-futuro-diferente\/#article\",\"isPartOf\":{\"@id\":\"https:\/\/portaltela.pt\/noticias\/2026\/03\/08\/quatro-vidas-de-ciganos-portugueses-ilustram-um-futuro-diferente\/\"},\"author\":{\"name\":\"Telinha\",\"@id\":\"https:\/\/portaltela.pt\/#\/schema\/person\/c4278d4a6028830caff9ee44b42d32ed\"},\"headline\":\"Quatro vidas de ciganos portugueses ilustram um futuro diferente\",\"datePublished\":\"2026-03-08T06:30:00+00:00\",\"mainEntityOfPage\":{\"@id\":\"https:\/\/portaltela.pt\/noticias\/2026\/03\/08\/quatro-vidas-de-ciganos-portugueses-ilustram-um-futuro-diferente\/\"},\"wordCount\":599,\"image\":{\"@id\":\"https:\/\/portaltela.pt\/noticias\/2026\/03\/08\/quatro-vidas-de-ciganos-portugueses-ilustram-um-futuro-diferente\/#primaryimage\"},\"thumbnailUrl\":\"https:\/\/portaltela.pt\/s.01k8rhncp4jt1\/2026\/03\/2072034.jpg\",\"keywords\":[\"antropologia\",\"Beja\",\"Coimbra\",\"discrimina\u00e7\u00e3o\",\"educa\u00e7\u00e3o\",\"inclus\u00e3o social\"],\"articleSection\":[\"Not\u00edcias\"],\"inLanguage\":\"pt-PT\"},{\"@type\":\"WebPage\",\"@id\":\"https:\/\/portaltela.pt\/noticias\/2026\/03\/08\/quatro-vidas-de-ciganos-portugueses-ilustram-um-futuro-diferente\/\",\"url\":\"https:\/\/portaltela.pt\/noticias\/2026\/03\/08\/quatro-vidas-de-ciganos-portugueses-ilustram-um-futuro-diferente\/\",\"name\":\"Quatro vidas de ciganos portugueses ilustram um futuro diferente - Portal Tela Portugal\",\"isPartOf\":{\"@id\":\"https:\/\/portaltela.pt\/#website\"},\"primaryImageOfPage\":{\"@id\":\"https:\/\/portaltela.pt\/noticias\/2026\/03\/08\/quatro-vidas-de-ciganos-portugueses-ilustram-um-futuro-diferente\/#primaryimage\"},\"image\":{\"@id\":\"https:\/\/portaltela.pt\/noticias\/2026\/03\/08\/quatro-vidas-de-ciganos-portugueses-ilustram-um-futuro-diferente\/#primaryimage\"},\"thumbnailUrl\":\"https:\/\/portaltela.pt\/s.01k8rhncp4jt1\/2026\/03\/2072034.jpg\",\"datePublished\":\"2026-03-08T06:30:00+00:00\",\"author\":{\"@id\":\"https:\/\/portaltela.pt\/#\/schema\/person\/c4278d4a6028830caff9ee44b42d32ed\"},\"breadcrumb\":{\"@id\":\"https:\/\/portaltela.pt\/noticias\/2026\/03\/08\/quatro-vidas-de-ciganos-portugueses-ilustram-um-futuro-diferente\/#breadcrumb\"},\"inLanguage\":\"pt-PT\",\"potentialAction\":[{\"@type\":\"ReadAction\",\"target\":[\"https:\/\/portaltela.pt\/noticias\/2026\/03\/08\/quatro-vidas-de-ciganos-portugueses-ilustram-um-futuro-diferente\/\"]}]},{\"@type\":\"ImageObject\",\"inLanguage\":\"pt-PT\",\"@id\":\"https:\/\/portaltela.pt\/noticias\/2026\/03\/08\/quatro-vidas-de-ciganos-portugueses-ilustram-um-futuro-diferente\/#primaryimage\",\"url\":\"https:\/\/portaltela.pt\/s.01k8rhncp4jt1\/2026\/03\/2072034.jpg\",\"contentUrl\":\"https:\/\/portaltela.pt\/s.01k8rhncp4jt1\/2026\/03\/2072034.jpg\",\"width\":796,\"height\":448,\"caption\":\"Portugueses ciganos. Quatro vidas que mostram que o futuro pode ser diferente\"},{\"@type\":\"BreadcrumbList\",\"@id\":\"https:\/\/portaltela.pt\/noticias\/2026\/03\/08\/quatro-vidas-de-ciganos-portugueses-ilustram-um-futuro-diferente\/#breadcrumb\",\"itemListElement\":[{\"@type\":\"ListItem\",\"position\":1,\"name\":\"In\u00edcio\",\"item\":\"https:\/\/portaltela.pt\/\"},{\"@type\":\"ListItem\",\"position\":2,\"name\":\"Quatro vidas de ciganos portugueses ilustram um futuro diferente\"}]},{\"@type\":\"WebSite\",\"@id\":\"https:\/\/portaltela.pt\/#website\",\"url\":\"https:\/\/portaltela.pt\/\",\"name\":\"Portal Tela Portugal\",\"description\":\"\",\"potentialAction\":[{\"@type\":\"SearchAction\",\"target\":{\"@type\":\"EntryPoint\",\"urlTemplate\":\"https:\/\/portaltela.pt\/?s={search_term_string}\"},\"query-input\":{\"@type\":\"PropertyValueSpecification\",\"valueRequired\":true,\"valueName\":\"search_term_string\"}}],\"inLanguage\":\"pt-PT\"},{\"@type\":\"Person\",\"@id\":\"https:\/\/portaltela.pt\/#\/schema\/person\/c4278d4a6028830caff9ee44b42d32ed\",\"name\":\"Telinha\",\"image\":{\"@type\":\"ImageObject\",\"inLanguage\":\"pt-PT\",\"@id\":\"https:\/\/portaltela.pt\/s.01k8rhncp4jt1\/2025\/11\/talking-bot-125x125.png\",\"url\":\"https:\/\/portaltela.pt\/s.01k8rhncp4jt1\/2025\/11\/talking-bot-125x125.png\",\"contentUrl\":\"https:\/\/portaltela.pt\/s.01k8rhncp4jt1\/2025\/11\/talking-bot-125x125.png\",\"caption\":\"Telinha\"},\"sameAs\":[\"https:\/\/portaltela.pt\/\"],\"url\":\"https:\/\/portaltela.pt\/por\/367410592786\/\"}]}<\/script>\n<!-- \/ Yoast SEO plugin. -->","yoast_head_json":{"title":"Quatro vidas de ciganos portugueses ilustram um futuro diferente - Portal Tela Portugal","robots":{"index":"index","follow":"follow","max-snippet":"max-snippet:-1","max-image-preview":"max-image-preview:large","max-video-preview":"max-video-preview:-1"},"og_locale":"pt_PT","og_type":"article","og_title":"Quatro vidas de ciganos portugueses ilustram um futuro diferente - Portal Tela Portugal","og_description":"Renato Bernardino, sargento-ajudante do Ex\u00e9rcito, revela a sua origem cigana ao lan\u00e7ar o centro CALLON (Centro de Abertura a Linguagens e Lugares Outrora Negados) e promover inclus\u00e3o e coes\u00e3o na Europa, usando a educa\u00e7\u00e3o e o servi\u00e7o p\u00fablico como motor de mudan\u00e7a. Maria Jo\u00e3o Rosa, antrop\u00f3loga cigana, descobriu a heran\u00e7a familiar e rompe com estere\u00f3tipos para seguir estudos superiores e doutoramento, dedicando-se a debater a etnia cigana, pobreza e inclus\u00e3o no ensino superior e na sa\u00fade. Henrique Barbosa, ator cigano e vencedor de pr\u00e9mios, participou em produ\u00e7\u00e3o cinematogr\u00e1fica que aborda a realidade de jovens ciganos, defendendo oportunidades para artistas da comunidade independentemente de origem. Denil Murteira, natural de Portim\u00e3o e deputado municipal de Gr\u00e2ndola, tornou-se o mais jovem eleito, enfrentando den\u00fancias falsas e racismo, e defendendo a inclus\u00e3o cigana em espa\u00e7os de decis\u00e3o. O conjunto das hist\u00f3rias ilustra a luta contra o anticiganismo enraizado na sociedade portuguesa, com avan\u00e7os atrav\u00e9s da educa\u00e7\u00e3o, da cultura, da pol\u00edtica e da visibilidade p\u00fablica.","og_url":"https:\/\/portaltela.pt\/noticias\/2026\/03\/08\/quatro-vidas-de-ciganos-portugueses-ilustram-um-futuro-diferente\/","og_site_name":"Portal Tela Portugal","article_published_time":"2026-03-08T06:30:00+00:00","author":"Telinha","twitter_card":"summary_large_image","twitter_misc":{"Escrito por":"Telinha","Tempo estimado de leitura":"3 minutos"},"schema":{"@context":"https:\/\/schema.org","@graph":[{"@type":"Article","@id":"https:\/\/portaltela.pt\/noticias\/2026\/03\/08\/quatro-vidas-de-ciganos-portugueses-ilustram-um-futuro-diferente\/#article","isPartOf":{"@id":"https:\/\/portaltela.pt\/noticias\/2026\/03\/08\/quatro-vidas-de-ciganos-portugueses-ilustram-um-futuro-diferente\/"},"author":{"name":"Telinha","@id":"https:\/\/portaltela.pt\/#\/schema\/person\/c4278d4a6028830caff9ee44b42d32ed"},"headline":"Quatro vidas de ciganos portugueses ilustram um futuro diferente","datePublished":"2026-03-08T06:30:00+00:00","mainEntityOfPage":{"@id":"https:\/\/portaltela.pt\/noticias\/2026\/03\/08\/quatro-vidas-de-ciganos-portugueses-ilustram-um-futuro-diferente\/"},"wordCount":599,"image":{"@id":"https:\/\/portaltela.pt\/noticias\/2026\/03\/08\/quatro-vidas-de-ciganos-portugueses-ilustram-um-futuro-diferente\/#primaryimage"},"thumbnailUrl":"https:\/\/portaltela.pt\/s.01k8rhncp4jt1\/2026\/03\/2072034.jpg","keywords":["antropologia","Beja","Coimbra","discrimina\u00e7\u00e3o","educa\u00e7\u00e3o","inclus\u00e3o social"],"articleSection":["Not\u00edcias"],"inLanguage":"pt-PT"},{"@type":"WebPage","@id":"https:\/\/portaltela.pt\/noticias\/2026\/03\/08\/quatro-vidas-de-ciganos-portugueses-ilustram-um-futuro-diferente\/","url":"https:\/\/portaltela.pt\/noticias\/2026\/03\/08\/quatro-vidas-de-ciganos-portugueses-ilustram-um-futuro-diferente\/","name":"Quatro vidas de ciganos portugueses ilustram um futuro diferente - Portal Tela Portugal","isPartOf":{"@id":"https:\/\/portaltela.pt\/#website"},"primaryImageOfPage":{"@id":"https:\/\/portaltela.pt\/noticias\/2026\/03\/08\/quatro-vidas-de-ciganos-portugueses-ilustram-um-futuro-diferente\/#primaryimage"},"image":{"@id":"https:\/\/portaltela.pt\/noticias\/2026\/03\/08\/quatro-vidas-de-ciganos-portugueses-ilustram-um-futuro-diferente\/#primaryimage"},"thumbnailUrl":"https:\/\/portaltela.pt\/s.01k8rhncp4jt1\/2026\/03\/2072034.jpg","datePublished":"2026-03-08T06:30:00+00:00","author":{"@id":"https:\/\/portaltela.pt\/#\/schema\/person\/c4278d4a6028830caff9ee44b42d32ed"},"breadcrumb":{"@id":"https:\/\/portaltela.pt\/noticias\/2026\/03\/08\/quatro-vidas-de-ciganos-portugueses-ilustram-um-futuro-diferente\/#breadcrumb"},"inLanguage":"pt-PT","potentialAction":[{"@type":"ReadAction","target":["https:\/\/portaltela.pt\/noticias\/2026\/03\/08\/quatro-vidas-de-ciganos-portugueses-ilustram-um-futuro-diferente\/"]}]},{"@type":"ImageObject","inLanguage":"pt-PT","@id":"https:\/\/portaltela.pt\/noticias\/2026\/03\/08\/quatro-vidas-de-ciganos-portugueses-ilustram-um-futuro-diferente\/#primaryimage","url":"https:\/\/portaltela.pt\/s.01k8rhncp4jt1\/2026\/03\/2072034.jpg","contentUrl":"https:\/\/portaltela.pt\/s.01k8rhncp4jt1\/2026\/03\/2072034.jpg","width":796,"height":448,"caption":"Portugueses ciganos. Quatro vidas que mostram que o futuro pode ser diferente"},{"@type":"BreadcrumbList","@id":"https:\/\/portaltela.pt\/noticias\/2026\/03\/08\/quatro-vidas-de-ciganos-portugueses-ilustram-um-futuro-diferente\/#breadcrumb","itemListElement":[{"@type":"ListItem","position":1,"name":"In\u00edcio","item":"https:\/\/portaltela.pt\/"},{"@type":"ListItem","position":2,"name":"Quatro vidas de ciganos portugueses ilustram um futuro diferente"}]},{"@type":"WebSite","@id":"https:\/\/portaltela.pt\/#website","url":"https:\/\/portaltela.pt\/","name":"Portal Tela Portugal","description":"","potentialAction":[{"@type":"SearchAction","target":{"@type":"EntryPoint","urlTemplate":"https:\/\/portaltela.pt\/?s={search_term_string}"},"query-input":{"@type":"PropertyValueSpecification","valueRequired":true,"valueName":"search_term_string"}}],"inLanguage":"pt-PT"},{"@type":"Person","@id":"https:\/\/portaltela.pt\/#\/schema\/person\/c4278d4a6028830caff9ee44b42d32ed","name":"Telinha","image":{"@type":"ImageObject","inLanguage":"pt-PT","@id":"https:\/\/portaltela.pt\/s.01k8rhncp4jt1\/2025\/11\/talking-bot-125x125.png","url":"https:\/\/portaltela.pt\/s.01k8rhncp4jt1\/2025\/11\/talking-bot-125x125.png","contentUrl":"https:\/\/portaltela.pt\/s.01k8rhncp4jt1\/2025\/11\/talking-bot-125x125.png","caption":"Telinha"},"sameAs":["https:\/\/portaltela.pt\/"],"url":"https:\/\/portaltela.pt\/por\/367410592786\/"}]}},"_links":{"self":[{"href":"https:\/\/portaltela.pt\/api\/wp\/v2\/posts\/402040","targetHints":{"allow":["GET"]}}],"collection":[{"href":"https:\/\/portaltela.pt\/api\/wp\/v2\/posts"}],"about":[{"href":"https:\/\/portaltela.pt\/api\/wp\/v2\/types\/post"}],"author":[{"embeddable":true,"href":"https:\/\/portaltela.pt\/api\/wp\/v2\/users\/2"}],"replies":[{"embeddable":true,"href":"https:\/\/portaltela.pt\/api\/wp\/v2\/comments?post=402040"}],"version-history":[{"count":0,"href":"https:\/\/portaltela.pt\/api\/wp\/v2\/posts\/402040\/revisions"}],"wp:featuredmedia":[{"embeddable":true,"href":"https:\/\/portaltela.pt\/api\/wp\/v2\/media\/402041"}],"wp:attachment":[{"href":"https:\/\/portaltela.pt\/api\/wp\/v2\/media?parent=402040"}],"wp:term":[{"taxonomy":"category","embeddable":true,"href":"https:\/\/portaltela.pt\/api\/wp\/v2\/categories?post=402040"},{"taxonomy":"post_tag","embeddable":true,"href":"https:\/\/portaltela.pt\/api\/wp\/v2\/tags?post=402040"}],"curies":[{"name":"wp","href":"https:\/\/api.w.org\/{rel}","templated":true}]}}