{"id":402018,"date":"2026-03-08T03:30:00","date_gmt":"2026-03-08T06:30:00","guid":{"rendered":"https:\/\/portaltela.pt\/noticias\/2026\/03\/08\/cinco-seculos-depois-a-historia-cigana-continua-sem-entrada-no-parlamento\/"},"modified":"2026-03-08T03:30:00","modified_gmt":"2026-03-08T06:30:00","slug":"cinco-seculos-depois-a-historia-cigana-continua-sem-entrada-no-parlamento","status":"publish","type":"post","link":"https:\/\/portaltela.pt\/noticias\/politica\/2026\/03\/08\/cinco-seculos-depois-a-historia-cigana-continua-sem-entrada-no-parlamento\/","title":{"rendered":"Cinco s\u00e9culos depois, a hist\u00f3ria cigana continua sem entrada no Parlamento"},"content":{"rendered":"<p>Sexta-feira, 13 de Mar\u00e7o de 2026, marca o 500\u00ba anivers\u00e1rio de um alvar\u00e1 que restringiu a entrada de ciganos nos reinos de Portugal, emitido pelo rei D. Jo\u00e3o III. O documento ordenava expuls\u00e3o de quem j\u00e1 estava nas terras e sancionava a puni\u00e7\u00e3o p\u00fablica para quem fosse encontrado novamente.<\/p>\n<p>A efem\u00e9ride foi alvo de uma evoca\u00e7\u00e3o aberta ao p\u00fablico, com o apoio do Presidente da Rep\u00fablica, Marcelo Rebelo de Sousa. Contudo, uma proposta apresentada por um grupo de cidad\u00e3os n\u00e3o avan\u00e7ou face \u00e0s mudan\u00e7as no ciclo pol\u00edtico, mantendo o tema fora do aparecimento no Parlamento.<\/p>\n<p>O incidente hist\u00f3rico, ocorrido no s\u00e9culo XVI, envolve a primeira lei anticiganos definida pelo monarca. Ao longo dos s\u00e9culos seguintes, o epis\u00f3dio tornou-se ponto de refer\u00eancia para debates sobre direitos das comunidades ciganas em Portugal.<\/p>\n<h3>Contexto hist\u00f3rico<\/h3>\n<p>Apesar da data simb\u00f3lica, o tema da hist\u00f3ria cigana ainda n\u00e3o integrou a agenda legislativa no Parlamento. Organiza\u00e7\u00f5es e investigadores apontam para uma lacuna de reconhecimento institucional, com pouca iniciativa para debater publicamente os impactos hist\u00f3ricos da legisla\u00e7\u00e3o de 1515.<\/p>\n<p>O evento de 500 anos \u00e9 visto por alguns como oportunidade para reflex\u00e3o sobre direitos, mem\u00f3ria e repara\u00e7\u00e3o hist\u00f3rica. Autoridades p\u00fablicas encaram a efem\u00e9ride como momento de aprecia\u00e7\u00e3o hist\u00f3rica, sem compromisso legislativo imediato.<\/p>\n<p>A not\u00edcia ressalta a dist\u00e2ncia entre a mem\u00f3ria hist\u00f3rica e a a\u00e7\u00e3o legislativa atual. N\u00e3o h\u00e1 indica\u00e7\u00f5es de propostas oficiais para incluir a hist\u00f3ria cigana nos curricula ou nas comiss\u00f5es parlamentares, mantendo o tema fora do foco institucional.<\/p>\n","protected":false},"excerpt":{"rendered":"<ul>\n<li>Sexta-feira, 13 de mar\u00e7o de 2026, passaram quinhentos anos desde o alvar\u00e1 de D. Jo\u00e3o III contra os ciganos.<\/li>\n<li>A ordem estabelecia que os ciganos n\u00e3o entrassem nos reinos e senhorios, sob pena de pris\u00e3o, a\u00e7outamento p\u00fablico e expuls\u00e3o.<\/li>\n<li>O presidente da Rep\u00fablica, Marcelo Rebelo de Sousa, apadrinhou a evoca\u00e7\u00e3o dos quinhentos anos dessa legisla\u00e7\u00e3o.<\/li>\n<li>Uma proposta de grupo de cidad\u00e3os n\u00e3o sobreviveu \u00e0 mudan\u00e7a de ciclo pol\u00edtico.<\/li>\n<li>A mem\u00f3ria hist\u00f3rica permanece associada \u00e0 discrimina\u00e7\u00e3o contra a comunidade cigana.<\/li>\n<\/ul>\n","protected":false},"author":2,"featured_media":402027,"comment_status":"closed","ping_status":"closed","sticky":false,"template":"","format":"standard","meta":{"footnotes":""},"categories":[1,5],"tags":[4211,903,6762,2633,299,1014],"class_list":["post-402018","post","type-post","status-publish","format-standard","has-post-thumbnail","hentry","category-noticias","category-politica","tag-assembleia-nacional","tag-comunidades","tag-comunidades-portuguesas","tag-direitos-humanos","tag-historia","tag-portugal"],"yoast_head":"<!-- This site is optimized with the Yoast SEO plugin v27.2 - https:\/\/yoast.com\/product\/yoast-seo-wordpress\/ -->\n<title>Cinco s\u00e9culos depois, a hist\u00f3ria cigana continua sem entrada no Parlamento - Portal Tela Portugal<\/title>\n<meta name=\"robots\" content=\"index, follow, max-snippet:-1, max-image-preview:large, max-video-preview:-1\" \/>\n<meta property=\"og:locale\" content=\"pt_PT\" \/>\n<meta property=\"og:type\" content=\"article\" \/>\n<meta property=\"og:title\" content=\"Cinco s\u00e9culos depois, a hist\u00f3ria cigana continua sem entrada no Parlamento - Portal Tela Portugal\" \/>\n<meta property=\"og:description\" content=\"Sexta-feira, 13 de mar\u00e7o de 2026, passaram quinhentos anos desde o alvar\u00e1 de D. Jo\u00e3o III contra os ciganos. A ordem estabelecia que os ciganos n\u00e3o entrassem nos reinos e senhorios, sob pena de pris\u00e3o, a\u00e7outamento p\u00fablico e expuls\u00e3o. O presidente da Rep\u00fablica, Marcelo Rebelo de Sousa, apadrinhou a evoca\u00e7\u00e3o dos quinhentos anos dessa legisla\u00e7\u00e3o. Uma proposta de grupo de cidad\u00e3os n\u00e3o sobreviveu \u00e0 mudan\u00e7a de ciclo pol\u00edtico. A mem\u00f3ria hist\u00f3rica permanece associada \u00e0 discrimina\u00e7\u00e3o contra a comunidade cigana.\" \/>\n<meta property=\"og:url\" content=\"https:\/\/portaltela.pt\/noticias\/2026\/03\/08\/cinco-seculos-depois-a-historia-cigana-continua-sem-entrada-no-parlamento\/\" \/>\n<meta property=\"og:site_name\" content=\"Portal Tela Portugal\" \/>\n<meta property=\"article:published_time\" content=\"2026-03-08T06:30:00+00:00\" \/>\n<meta name=\"author\" content=\"Telinha\" \/>\n<meta name=\"twitter:card\" content=\"summary_large_image\" \/>\n<meta name=\"twitter:label1\" content=\"Escrito por\" \/>\n\t<meta name=\"twitter:data1\" content=\"Telinha\" \/>\n\t<meta name=\"twitter:label2\" content=\"Tempo estimado de leitura\" \/>\n\t<meta name=\"twitter:data2\" content=\"1 minuto\" \/>\n<script type=\"application\/ld+json\" class=\"yoast-schema-graph\">{\"@context\":\"https:\/\/schema.org\",\"@graph\":[{\"@type\":\"Article\",\"@id\":\"https:\/\/portaltela.pt\/noticias\/2026\/03\/08\/cinco-seculos-depois-a-historia-cigana-continua-sem-entrada-no-parlamento\/#article\",\"isPartOf\":{\"@id\":\"https:\/\/portaltela.pt\/noticias\/2026\/03\/08\/cinco-seculos-depois-a-historia-cigana-continua-sem-entrada-no-parlamento\/\"},\"author\":{\"name\":\"Telinha\",\"@id\":\"https:\/\/portaltela.pt\/#\/schema\/person\/c4278d4a6028830caff9ee44b42d32ed\"},\"headline\":\"Cinco s\u00e9culos depois, a hist\u00f3ria cigana continua sem entrada no Parlamento\",\"datePublished\":\"2026-03-08T06:30:00+00:00\",\"mainEntityOfPage\":{\"@id\":\"https:\/\/portaltela.pt\/noticias\/2026\/03\/08\/cinco-seculos-depois-a-historia-cigana-continua-sem-entrada-no-parlamento\/\"},\"wordCount\":294,\"image\":{\"@id\":\"https:\/\/portaltela.pt\/noticias\/2026\/03\/08\/cinco-seculos-depois-a-historia-cigana-continua-sem-entrada-no-parlamento\/#primaryimage\"},\"thumbnailUrl\":\"https:\/\/portaltela.pt\/s.01k8rhncp4jt1\/2026\/03\/2072476.jpg\",\"keywords\":[\"Assembleia Nacional\",\"comunidades\",\"comunidades portuguesas\",\"direitos humanos\",\"hist\u00f3ria\",\"Portugal\"],\"articleSection\":[\"Not\u00edcias\",\"Pol\u00edtica\"],\"inLanguage\":\"pt-PT\"},{\"@type\":\"WebPage\",\"@id\":\"https:\/\/portaltela.pt\/noticias\/2026\/03\/08\/cinco-seculos-depois-a-historia-cigana-continua-sem-entrada-no-parlamento\/\",\"url\":\"https:\/\/portaltela.pt\/noticias\/2026\/03\/08\/cinco-seculos-depois-a-historia-cigana-continua-sem-entrada-no-parlamento\/\",\"name\":\"Cinco s\u00e9culos depois, a hist\u00f3ria cigana continua sem entrada no Parlamento - Portal Tela Portugal\",\"isPartOf\":{\"@id\":\"https:\/\/portaltela.pt\/#website\"},\"primaryImageOfPage\":{\"@id\":\"https:\/\/portaltela.pt\/noticias\/2026\/03\/08\/cinco-seculos-depois-a-historia-cigana-continua-sem-entrada-no-parlamento\/#primaryimage\"},\"image\":{\"@id\":\"https:\/\/portaltela.pt\/noticias\/2026\/03\/08\/cinco-seculos-depois-a-historia-cigana-continua-sem-entrada-no-parlamento\/#primaryimage\"},\"thumbnailUrl\":\"https:\/\/portaltela.pt\/s.01k8rhncp4jt1\/2026\/03\/2072476.jpg\",\"datePublished\":\"2026-03-08T06:30:00+00:00\",\"author\":{\"@id\":\"https:\/\/portaltela.pt\/#\/schema\/person\/c4278d4a6028830caff9ee44b42d32ed\"},\"breadcrumb\":{\"@id\":\"https:\/\/portaltela.pt\/noticias\/2026\/03\/08\/cinco-seculos-depois-a-historia-cigana-continua-sem-entrada-no-parlamento\/#breadcrumb\"},\"inLanguage\":\"pt-PT\",\"potentialAction\":[{\"@type\":\"ReadAction\",\"target\":[\"https:\/\/portaltela.pt\/noticias\/2026\/03\/08\/cinco-seculos-depois-a-historia-cigana-continua-sem-entrada-no-parlamento\/\"]}]},{\"@type\":\"ImageObject\",\"inLanguage\":\"pt-PT\",\"@id\":\"https:\/\/portaltela.pt\/noticias\/2026\/03\/08\/cinco-seculos-depois-a-historia-cigana-continua-sem-entrada-no-parlamento\/#primaryimage\",\"url\":\"https:\/\/portaltela.pt\/s.01k8rhncp4jt1\/2026\/03\/2072476.jpg\",\"contentUrl\":\"https:\/\/portaltela.pt\/s.01k8rhncp4jt1\/2026\/03\/2072476.jpg\",\"width\":796,\"height\":448,\"caption\":\"Aula da Academia de Pol\u00edtica Cigana em Abril de 2018, iniciada em Portugal com apoio do Conselho da Europa e associa\u00e7\u00f5es como a Letras N\u00f3madas, que visa capacitar jovens ciganos para a participa\u00e7\u00e3o c\u00edvica activa e pol\u00edtica\"},{\"@type\":\"BreadcrumbList\",\"@id\":\"https:\/\/portaltela.pt\/noticias\/2026\/03\/08\/cinco-seculos-depois-a-historia-cigana-continua-sem-entrada-no-parlamento\/#breadcrumb\",\"itemListElement\":[{\"@type\":\"ListItem\",\"position\":1,\"name\":\"In\u00edcio\",\"item\":\"https:\/\/portaltela.pt\/\"},{\"@type\":\"ListItem\",\"position\":2,\"name\":\"Cinco s\u00e9culos depois, a hist\u00f3ria cigana continua sem entrada no Parlamento\"}]},{\"@type\":\"WebSite\",\"@id\":\"https:\/\/portaltela.pt\/#website\",\"url\":\"https:\/\/portaltela.pt\/\",\"name\":\"Portal Tela Portugal\",\"description\":\"\",\"potentialAction\":[{\"@type\":\"SearchAction\",\"target\":{\"@type\":\"EntryPoint\",\"urlTemplate\":\"https:\/\/portaltela.pt\/?s={search_term_string}\"},\"query-input\":{\"@type\":\"PropertyValueSpecification\",\"valueRequired\":true,\"valueName\":\"search_term_string\"}}],\"inLanguage\":\"pt-PT\"},{\"@type\":\"Person\",\"@id\":\"https:\/\/portaltela.pt\/#\/schema\/person\/c4278d4a6028830caff9ee44b42d32ed\",\"name\":\"Telinha\",\"image\":{\"@type\":\"ImageObject\",\"inLanguage\":\"pt-PT\",\"@id\":\"https:\/\/portaltela.pt\/s.01k8rhncp4jt1\/2025\/11\/talking-bot-125x125.png\",\"url\":\"https:\/\/portaltela.pt\/s.01k8rhncp4jt1\/2025\/11\/talking-bot-125x125.png\",\"contentUrl\":\"https:\/\/portaltela.pt\/s.01k8rhncp4jt1\/2025\/11\/talking-bot-125x125.png\",\"caption\":\"Telinha\"},\"sameAs\":[\"https:\/\/portaltela.pt\/\"],\"url\":\"https:\/\/portaltela.pt\/por\/367410592786\/\"}]}<\/script>\n<!-- \/ Yoast SEO plugin. -->","yoast_head_json":{"title":"Cinco s\u00e9culos depois, a hist\u00f3ria cigana continua sem entrada no Parlamento - Portal Tela Portugal","robots":{"index":"index","follow":"follow","max-snippet":"max-snippet:-1","max-image-preview":"max-image-preview:large","max-video-preview":"max-video-preview:-1"},"og_locale":"pt_PT","og_type":"article","og_title":"Cinco s\u00e9culos depois, a hist\u00f3ria cigana continua sem entrada no Parlamento - Portal Tela Portugal","og_description":"Sexta-feira, 13 de mar\u00e7o de 2026, passaram quinhentos anos desde o alvar\u00e1 de D. Jo\u00e3o III contra os ciganos. A ordem estabelecia que os ciganos n\u00e3o entrassem nos reinos e senhorios, sob pena de pris\u00e3o, a\u00e7outamento p\u00fablico e expuls\u00e3o. O presidente da Rep\u00fablica, Marcelo Rebelo de Sousa, apadrinhou a evoca\u00e7\u00e3o dos quinhentos anos dessa legisla\u00e7\u00e3o. Uma proposta de grupo de cidad\u00e3os n\u00e3o sobreviveu \u00e0 mudan\u00e7a de ciclo pol\u00edtico. A mem\u00f3ria hist\u00f3rica permanece associada \u00e0 discrimina\u00e7\u00e3o contra a comunidade cigana.","og_url":"https:\/\/portaltela.pt\/noticias\/2026\/03\/08\/cinco-seculos-depois-a-historia-cigana-continua-sem-entrada-no-parlamento\/","og_site_name":"Portal Tela Portugal","article_published_time":"2026-03-08T06:30:00+00:00","author":"Telinha","twitter_card":"summary_large_image","twitter_misc":{"Escrito por":"Telinha","Tempo estimado de leitura":"1 minuto"},"schema":{"@context":"https:\/\/schema.org","@graph":[{"@type":"Article","@id":"https:\/\/portaltela.pt\/noticias\/2026\/03\/08\/cinco-seculos-depois-a-historia-cigana-continua-sem-entrada-no-parlamento\/#article","isPartOf":{"@id":"https:\/\/portaltela.pt\/noticias\/2026\/03\/08\/cinco-seculos-depois-a-historia-cigana-continua-sem-entrada-no-parlamento\/"},"author":{"name":"Telinha","@id":"https:\/\/portaltela.pt\/#\/schema\/person\/c4278d4a6028830caff9ee44b42d32ed"},"headline":"Cinco s\u00e9culos depois, a hist\u00f3ria cigana continua sem entrada no Parlamento","datePublished":"2026-03-08T06:30:00+00:00","mainEntityOfPage":{"@id":"https:\/\/portaltela.pt\/noticias\/2026\/03\/08\/cinco-seculos-depois-a-historia-cigana-continua-sem-entrada-no-parlamento\/"},"wordCount":294,"image":{"@id":"https:\/\/portaltela.pt\/noticias\/2026\/03\/08\/cinco-seculos-depois-a-historia-cigana-continua-sem-entrada-no-parlamento\/#primaryimage"},"thumbnailUrl":"https:\/\/portaltela.pt\/s.01k8rhncp4jt1\/2026\/03\/2072476.jpg","keywords":["Assembleia Nacional","comunidades","comunidades portuguesas","direitos humanos","hist\u00f3ria","Portugal"],"articleSection":["Not\u00edcias","Pol\u00edtica"],"inLanguage":"pt-PT"},{"@type":"WebPage","@id":"https:\/\/portaltela.pt\/noticias\/2026\/03\/08\/cinco-seculos-depois-a-historia-cigana-continua-sem-entrada-no-parlamento\/","url":"https:\/\/portaltela.pt\/noticias\/2026\/03\/08\/cinco-seculos-depois-a-historia-cigana-continua-sem-entrada-no-parlamento\/","name":"Cinco s\u00e9culos depois, a hist\u00f3ria cigana continua sem entrada no Parlamento - Portal Tela Portugal","isPartOf":{"@id":"https:\/\/portaltela.pt\/#website"},"primaryImageOfPage":{"@id":"https:\/\/portaltela.pt\/noticias\/2026\/03\/08\/cinco-seculos-depois-a-historia-cigana-continua-sem-entrada-no-parlamento\/#primaryimage"},"image":{"@id":"https:\/\/portaltela.pt\/noticias\/2026\/03\/08\/cinco-seculos-depois-a-historia-cigana-continua-sem-entrada-no-parlamento\/#primaryimage"},"thumbnailUrl":"https:\/\/portaltela.pt\/s.01k8rhncp4jt1\/2026\/03\/2072476.jpg","datePublished":"2026-03-08T06:30:00+00:00","author":{"@id":"https:\/\/portaltela.pt\/#\/schema\/person\/c4278d4a6028830caff9ee44b42d32ed"},"breadcrumb":{"@id":"https:\/\/portaltela.pt\/noticias\/2026\/03\/08\/cinco-seculos-depois-a-historia-cigana-continua-sem-entrada-no-parlamento\/#breadcrumb"},"inLanguage":"pt-PT","potentialAction":[{"@type":"ReadAction","target":["https:\/\/portaltela.pt\/noticias\/2026\/03\/08\/cinco-seculos-depois-a-historia-cigana-continua-sem-entrada-no-parlamento\/"]}]},{"@type":"ImageObject","inLanguage":"pt-PT","@id":"https:\/\/portaltela.pt\/noticias\/2026\/03\/08\/cinco-seculos-depois-a-historia-cigana-continua-sem-entrada-no-parlamento\/#primaryimage","url":"https:\/\/portaltela.pt\/s.01k8rhncp4jt1\/2026\/03\/2072476.jpg","contentUrl":"https:\/\/portaltela.pt\/s.01k8rhncp4jt1\/2026\/03\/2072476.jpg","width":796,"height":448,"caption":"Aula da Academia de Pol\u00edtica Cigana em Abril de 2018, iniciada em Portugal com apoio do Conselho da Europa e associa\u00e7\u00f5es como a Letras N\u00f3madas, que visa capacitar jovens ciganos para a participa\u00e7\u00e3o c\u00edvica activa e pol\u00edtica"},{"@type":"BreadcrumbList","@id":"https:\/\/portaltela.pt\/noticias\/2026\/03\/08\/cinco-seculos-depois-a-historia-cigana-continua-sem-entrada-no-parlamento\/#breadcrumb","itemListElement":[{"@type":"ListItem","position":1,"name":"In\u00edcio","item":"https:\/\/portaltela.pt\/"},{"@type":"ListItem","position":2,"name":"Cinco s\u00e9culos depois, a hist\u00f3ria cigana continua sem entrada no Parlamento"}]},{"@type":"WebSite","@id":"https:\/\/portaltela.pt\/#website","url":"https:\/\/portaltela.pt\/","name":"Portal Tela Portugal","description":"","potentialAction":[{"@type":"SearchAction","target":{"@type":"EntryPoint","urlTemplate":"https:\/\/portaltela.pt\/?s={search_term_string}"},"query-input":{"@type":"PropertyValueSpecification","valueRequired":true,"valueName":"search_term_string"}}],"inLanguage":"pt-PT"},{"@type":"Person","@id":"https:\/\/portaltela.pt\/#\/schema\/person\/c4278d4a6028830caff9ee44b42d32ed","name":"Telinha","image":{"@type":"ImageObject","inLanguage":"pt-PT","@id":"https:\/\/portaltela.pt\/s.01k8rhncp4jt1\/2025\/11\/talking-bot-125x125.png","url":"https:\/\/portaltela.pt\/s.01k8rhncp4jt1\/2025\/11\/talking-bot-125x125.png","contentUrl":"https:\/\/portaltela.pt\/s.01k8rhncp4jt1\/2025\/11\/talking-bot-125x125.png","caption":"Telinha"},"sameAs":["https:\/\/portaltela.pt\/"],"url":"https:\/\/portaltela.pt\/por\/367410592786\/"}]}},"_links":{"self":[{"href":"https:\/\/portaltela.pt\/api\/wp\/v2\/posts\/402018","targetHints":{"allow":["GET"]}}],"collection":[{"href":"https:\/\/portaltela.pt\/api\/wp\/v2\/posts"}],"about":[{"href":"https:\/\/portaltela.pt\/api\/wp\/v2\/types\/post"}],"author":[{"embeddable":true,"href":"https:\/\/portaltela.pt\/api\/wp\/v2\/users\/2"}],"replies":[{"embeddable":true,"href":"https:\/\/portaltela.pt\/api\/wp\/v2\/comments?post=402018"}],"version-history":[{"count":0,"href":"https:\/\/portaltela.pt\/api\/wp\/v2\/posts\/402018\/revisions"}],"wp:featuredmedia":[{"embeddable":true,"href":"https:\/\/portaltela.pt\/api\/wp\/v2\/media\/402027"}],"wp:attachment":[{"href":"https:\/\/portaltela.pt\/api\/wp\/v2\/media?parent=402018"}],"wp:term":[{"taxonomy":"category","embeddable":true,"href":"https:\/\/portaltela.pt\/api\/wp\/v2\/categories?post=402018"},{"taxonomy":"post_tag","embeddable":true,"href":"https:\/\/portaltela.pt\/api\/wp\/v2\/tags?post=402018"}],"curies":[{"name":"wp","href":"https:\/\/api.w.org\/{rel}","templated":true}]}}