{"id":402011,"date":"2026-03-08T04:55:02","date_gmt":"2026-03-08T07:55:02","guid":{"rendered":"https:\/\/portaltela.pt\/noticias\/2026\/03\/08\/china-afirma-que-pequim-e-moscou-nao-temem-provocacao-nem-pressao\/"},"modified":"2026-03-08T04:55:02","modified_gmt":"2026-03-08T07:55:02","slug":"china-afirma-que-pequim-e-moscou-nao-temem-provocacao-nem-pressao","status":"publish","type":"post","link":"https:\/\/portaltela.pt\/noticias\/internacional\/2026\/03\/08\/china-afirma-que-pequim-e-moscou-nao-temem-provocacao-nem-pressao\/","title":{"rendered":"China afirma que Pequim e Moscou n\u00e3o temem provoca\u00e7\u00e3o nem press\u00e3o"},"content":{"rendered":"<p>A China afirmou que Pequim e Moscovo n\u00e3o temem provoca\u00e7\u00f5es nem press\u00e3o externa, mantendo um elevado grau de confian\u00e7a pol\u00edtica m\u00fatua. O ministro dos Neg\u00f3cios Estrangeiros, Wang Yi, garantiu que a parceria estrat\u00e9gica de coopera\u00e7\u00e3o foi constru\u00edda na base da igualdade, respeito e benef\u00edcio m\u00fatuo.<\/p>\n<p>Durante uma confer\u00eancia de imprensa anual realizada na sess\u00e3o da Assembleia Popular Nacional, Wang disse que a rela\u00e7\u00e3o bilateral permanece est\u00e1vel apesar do contexto internacional complexo. Acenou \u00e0 independ\u00eancia estrat\u00e9gica da China e \u00e0 recusa de impor agendas unilaterais.<\/p>\n<p>As declara\u00e7\u00f5es surgem num momento em que as rela\u00e7\u00f5es entre China e R\u00fassia t\u00eam vindo a refor\u00e7ar-se nos \u00faltimos anos. A dupla lidera um eixo que defende uma ordem internacional multipolar, segundo o ministro.<\/p>\n<p>Contexto internacional e posi\u00e7\u00e3o sobre a Ucr\u00e2nia<\/p>\n<p>Wang enfatizou que Pequim e Moscovo respeitam os interesses fundamentais de cada parte e n\u00e3o procuram pressionar o outro. Acrescentou que as duas pot\u00eancias n\u00e3o apoiam a\u00e7\u00f5es de intimida\u00e7\u00e3o e defendem a soberania de todos os pa\u00edses.<\/p>\n<p>Wang reiterou ainda que a China rejeita o envio de apoio militar direto \u00e0 R\u00fassia na Ucr\u00e2nia, posi\u00e7\u00e3o que tem sido defendida ao longo do conflito, sem apontar responsabilidades espec\u00edficas a outras na\u00e7\u00f5es. A China continua a defender a considera\u00e7\u00e3o das preocupa\u00e7\u00f5es de seguran\u00e7a, sem declarar apoio a opera\u00e7\u00f5es militares.<\/p>\n","protected":false},"excerpt":{"rendered":"<ul>\n<li>O ministro dos Neg\u00f3cios Estrangeiros, Wang Yi, afirmou que China e R\u00fassia n\u00e3o temem provoca\u00e7\u00f5es nem press\u00e3o externa.<\/li>\n<li>As rela\u00e7\u00f5es entre Pequim e Moscovo mant\u00eam um elevado grau de confian\u00e7a pol\u00edtica m\u00fatua e uma parceria estrat\u00e9gica de coopera\u00e7\u00e3o baseada na igualdade, no respeito e no benef\u00edcio m\u00fatuo.<\/li>\n<li>China mant\u00e9m a sua independ\u00eancia estrat\u00e9gica, e os dois pa\u00edses n\u00e3o impondo a sua vontade nem a sua agenda um ao outro.<\/li>\n<li>Acrescentou que a ordem internacional ap\u00f3s a Segunda Guerra Mundial chegou a um ponto cr\u00edtico e que a China e a R\u00fassia defendem a perspetiva hist\u00f3rica correta, opondo-se \u00e0 intimida\u00e7\u00e3o unilateral.<\/li>\n<li>O objetivo \u00e9 &#8220;injetar energia&#8221; para um mundo multipolar, mantendo uma posi\u00e7\u00e3o respeitosa pela soberania de todos, incluindo na quest\u00e3o da Ucr\u00e2nia, sem confirmar apoio direto \u00e0 R\u00fassia.<\/li>\n<\/ul>\n","protected":false},"author":2,"featured_media":402020,"comment_status":"closed","ping_status":"closed","sticky":false,"template":"","format":"standard","meta":{"footnotes":""},"categories":[6814,4],"tags":[2198,29,1293,27,3110,2134],"class_list":["post-402011","post","type-post","status-publish","format-standard","has-post-thumbnail","hentry","category-geopolitica","category-internacional","tag-conflitos-internacionais","tag-diplomacia","tag-independencia","tag-relacoes-internacionais","tag-russia","tag-ucrania"],"yoast_head":"<!-- This site is optimized with the Yoast SEO plugin v27.2 - https:\/\/yoast.com\/product\/yoast-seo-wordpress\/ -->\n<title>China afirma que Pequim e Moscou n\u00e3o temem provoca\u00e7\u00e3o nem press\u00e3o - Portal Tela Portugal<\/title>\n<meta name=\"robots\" content=\"index, follow, max-snippet:-1, max-image-preview:large, max-video-preview:-1\" \/>\n<meta property=\"og:locale\" content=\"pt_PT\" \/>\n<meta property=\"og:type\" content=\"article\" \/>\n<meta property=\"og:title\" content=\"China afirma que Pequim e Moscou n\u00e3o temem provoca\u00e7\u00e3o nem press\u00e3o - Portal Tela Portugal\" \/>\n<meta property=\"og:description\" content=\"O ministro dos Neg\u00f3cios Estrangeiros, Wang Yi, afirmou que China e R\u00fassia n\u00e3o temem provoca\u00e7\u00f5es nem press\u00e3o externa. As rela\u00e7\u00f5es entre Pequim e Moscovo mant\u00eam um elevado grau de confian\u00e7a pol\u00edtica m\u00fatua e uma parceria estrat\u00e9gica de coopera\u00e7\u00e3o baseada na igualdade, no respeito e no benef\u00edcio m\u00fatuo. China mant\u00e9m a sua independ\u00eancia estrat\u00e9gica, e os dois pa\u00edses n\u00e3o impondo a sua vontade nem a sua agenda um ao outro. Acrescentou que a ordem internacional ap\u00f3s a Segunda Guerra Mundial chegou a um ponto cr\u00edtico e que a China e a R\u00fassia defendem a perspetiva hist\u00f3rica correta, opondo-se \u00e0 intimida\u00e7\u00e3o unilateral. O objetivo \u00e9 &quot;injetar energia&quot; para um mundo multipolar, mantendo uma posi\u00e7\u00e3o respeitosa pela soberania de todos, incluindo na quest\u00e3o da Ucr\u00e2nia, sem confirmar apoio direto \u00e0 R\u00fassia.\" \/>\n<meta property=\"og:url\" content=\"https:\/\/portaltela.pt\/noticias\/2026\/03\/08\/china-afirma-que-pequim-e-moscou-nao-temem-provocacao-nem-pressao\/\" \/>\n<meta property=\"og:site_name\" content=\"Portal Tela Portugal\" \/>\n<meta property=\"article:published_time\" content=\"2026-03-08T07:55:02+00:00\" \/>\n<meta name=\"author\" content=\"Telinha\" \/>\n<meta name=\"twitter:card\" content=\"summary_large_image\" \/>\n<meta name=\"twitter:label1\" content=\"Escrito por\" \/>\n\t<meta name=\"twitter:data1\" content=\"Telinha\" \/>\n\t<meta name=\"twitter:label2\" content=\"Tempo estimado de leitura\" \/>\n\t<meta name=\"twitter:data2\" content=\"1 minuto\" \/>\n<script type=\"application\/ld+json\" class=\"yoast-schema-graph\">{\"@context\":\"https:\/\/schema.org\",\"@graph\":[{\"@type\":\"Article\",\"@id\":\"https:\/\/portaltela.pt\/noticias\/2026\/03\/08\/china-afirma-que-pequim-e-moscou-nao-temem-provocacao-nem-pressao\/#article\",\"isPartOf\":{\"@id\":\"https:\/\/portaltela.pt\/noticias\/2026\/03\/08\/china-afirma-que-pequim-e-moscou-nao-temem-provocacao-nem-pressao\/\"},\"author\":{\"name\":\"Telinha\",\"@id\":\"https:\/\/portaltela.pt\/#\/schema\/person\/c4278d4a6028830caff9ee44b42d32ed\"},\"headline\":\"China afirma que Pequim e Moscou n\u00e3o temem provoca\u00e7\u00e3o nem press\u00e3o\",\"datePublished\":\"2026-03-08T07:55:02+00:00\",\"mainEntityOfPage\":{\"@id\":\"https:\/\/portaltela.pt\/noticias\/2026\/03\/08\/china-afirma-que-pequim-e-moscou-nao-temem-provocacao-nem-pressao\/\"},\"wordCount\":263,\"image\":{\"@id\":\"https:\/\/portaltela.pt\/noticias\/2026\/03\/08\/china-afirma-que-pequim-e-moscou-nao-temem-provocacao-nem-pressao\/#primaryimage\"},\"thumbnailUrl\":\"https:\/\/portaltela.pt\/s.01k8rhncp4jt1\/2026\/03\/img_1500x1000uu2025-05-08-18-47-47-2207664.jpg\",\"keywords\":[\"conflitos internacionais\",\"diplomacia\",\"independ\u00eancia\",\"rela\u00e7\u00f5es internacionais\",\"R\u00fassia\",\"Ucr\u00e2nia\"],\"articleSection\":[\"Geopol\u00edtica\",\"Internacional\"],\"inLanguage\":\"pt-PT\"},{\"@type\":\"WebPage\",\"@id\":\"https:\/\/portaltela.pt\/noticias\/2026\/03\/08\/china-afirma-que-pequim-e-moscou-nao-temem-provocacao-nem-pressao\/\",\"url\":\"https:\/\/portaltela.pt\/noticias\/2026\/03\/08\/china-afirma-que-pequim-e-moscou-nao-temem-provocacao-nem-pressao\/\",\"name\":\"China afirma que Pequim e Moscou n\u00e3o temem provoca\u00e7\u00e3o nem press\u00e3o - Portal Tela Portugal\",\"isPartOf\":{\"@id\":\"https:\/\/portaltela.pt\/#website\"},\"primaryImageOfPage\":{\"@id\":\"https:\/\/portaltela.pt\/noticias\/2026\/03\/08\/china-afirma-que-pequim-e-moscou-nao-temem-provocacao-nem-pressao\/#primaryimage\"},\"image\":{\"@id\":\"https:\/\/portaltela.pt\/noticias\/2026\/03\/08\/china-afirma-que-pequim-e-moscou-nao-temem-provocacao-nem-pressao\/#primaryimage\"},\"thumbnailUrl\":\"https:\/\/portaltela.pt\/s.01k8rhncp4jt1\/2026\/03\/img_1500x1000uu2025-05-08-18-47-47-2207664.jpg\",\"datePublished\":\"2026-03-08T07:55:02+00:00\",\"author\":{\"@id\":\"https:\/\/portaltela.pt\/#\/schema\/person\/c4278d4a6028830caff9ee44b42d32ed\"},\"breadcrumb\":{\"@id\":\"https:\/\/portaltela.pt\/noticias\/2026\/03\/08\/china-afirma-que-pequim-e-moscou-nao-temem-provocacao-nem-pressao\/#breadcrumb\"},\"inLanguage\":\"pt-PT\",\"potentialAction\":[{\"@type\":\"ReadAction\",\"target\":[\"https:\/\/portaltela.pt\/noticias\/2026\/03\/08\/china-afirma-que-pequim-e-moscou-nao-temem-provocacao-nem-pressao\/\"]}]},{\"@type\":\"ImageObject\",\"inLanguage\":\"pt-PT\",\"@id\":\"https:\/\/portaltela.pt\/noticias\/2026\/03\/08\/china-afirma-que-pequim-e-moscou-nao-temem-provocacao-nem-pressao\/#primaryimage\",\"url\":\"https:\/\/portaltela.pt\/s.01k8rhncp4jt1\/2026\/03\/img_1500x1000uu2025-05-08-18-47-47-2207664.jpg\",\"contentUrl\":\"https:\/\/portaltela.pt\/s.01k8rhncp4jt1\/2026\/03\/img_1500x1000uu2025-05-08-18-47-47-2207664.jpg\",\"width\":796,\"height\":448,\"caption\":\"China diz que Pequim e Moscovo \\\"n\u00e3o temem qualquer provoca\u00e7\u00e3o nem press\u00e3o\\\"\"},{\"@type\":\"BreadcrumbList\",\"@id\":\"https:\/\/portaltela.pt\/noticias\/2026\/03\/08\/china-afirma-que-pequim-e-moscou-nao-temem-provocacao-nem-pressao\/#breadcrumb\",\"itemListElement\":[{\"@type\":\"ListItem\",\"position\":1,\"name\":\"In\u00edcio\",\"item\":\"https:\/\/portaltela.pt\/\"},{\"@type\":\"ListItem\",\"position\":2,\"name\":\"China afirma que Pequim e Moscou n\u00e3o temem provoca\u00e7\u00e3o nem press\u00e3o\"}]},{\"@type\":\"WebSite\",\"@id\":\"https:\/\/portaltela.pt\/#website\",\"url\":\"https:\/\/portaltela.pt\/\",\"name\":\"Portal Tela Portugal\",\"description\":\"\",\"potentialAction\":[{\"@type\":\"SearchAction\",\"target\":{\"@type\":\"EntryPoint\",\"urlTemplate\":\"https:\/\/portaltela.pt\/?s={search_term_string}\"},\"query-input\":{\"@type\":\"PropertyValueSpecification\",\"valueRequired\":true,\"valueName\":\"search_term_string\"}}],\"inLanguage\":\"pt-PT\"},{\"@type\":\"Person\",\"@id\":\"https:\/\/portaltela.pt\/#\/schema\/person\/c4278d4a6028830caff9ee44b42d32ed\",\"name\":\"Telinha\",\"image\":{\"@type\":\"ImageObject\",\"inLanguage\":\"pt-PT\",\"@id\":\"https:\/\/portaltela.pt\/s.01k8rhncp4jt1\/2025\/11\/talking-bot-125x125.png\",\"url\":\"https:\/\/portaltela.pt\/s.01k8rhncp4jt1\/2025\/11\/talking-bot-125x125.png\",\"contentUrl\":\"https:\/\/portaltela.pt\/s.01k8rhncp4jt1\/2025\/11\/talking-bot-125x125.png\",\"caption\":\"Telinha\"},\"sameAs\":[\"https:\/\/portaltela.pt\/\"],\"url\":\"https:\/\/portaltela.pt\/por\/367410592786\/\"}]}<\/script>\n<!-- \/ Yoast SEO plugin. -->","yoast_head_json":{"title":"China afirma que Pequim e Moscou n\u00e3o temem provoca\u00e7\u00e3o nem press\u00e3o - Portal Tela Portugal","robots":{"index":"index","follow":"follow","max-snippet":"max-snippet:-1","max-image-preview":"max-image-preview:large","max-video-preview":"max-video-preview:-1"},"og_locale":"pt_PT","og_type":"article","og_title":"China afirma que Pequim e Moscou n\u00e3o temem provoca\u00e7\u00e3o nem press\u00e3o - Portal Tela Portugal","og_description":"O ministro dos Neg\u00f3cios Estrangeiros, Wang Yi, afirmou que China e R\u00fassia n\u00e3o temem provoca\u00e7\u00f5es nem press\u00e3o externa. As rela\u00e7\u00f5es entre Pequim e Moscovo mant\u00eam um elevado grau de confian\u00e7a pol\u00edtica m\u00fatua e uma parceria estrat\u00e9gica de coopera\u00e7\u00e3o baseada na igualdade, no respeito e no benef\u00edcio m\u00fatuo. China mant\u00e9m a sua independ\u00eancia estrat\u00e9gica, e os dois pa\u00edses n\u00e3o impondo a sua vontade nem a sua agenda um ao outro. Acrescentou que a ordem internacional ap\u00f3s a Segunda Guerra Mundial chegou a um ponto cr\u00edtico e que a China e a R\u00fassia defendem a perspetiva hist\u00f3rica correta, opondo-se \u00e0 intimida\u00e7\u00e3o unilateral. O objetivo \u00e9 \"injetar energia\" para um mundo multipolar, mantendo uma posi\u00e7\u00e3o respeitosa pela soberania de todos, incluindo na quest\u00e3o da Ucr\u00e2nia, sem confirmar apoio direto \u00e0 R\u00fassia.","og_url":"https:\/\/portaltela.pt\/noticias\/2026\/03\/08\/china-afirma-que-pequim-e-moscou-nao-temem-provocacao-nem-pressao\/","og_site_name":"Portal Tela Portugal","article_published_time":"2026-03-08T07:55:02+00:00","author":"Telinha","twitter_card":"summary_large_image","twitter_misc":{"Escrito por":"Telinha","Tempo estimado de leitura":"1 minuto"},"schema":{"@context":"https:\/\/schema.org","@graph":[{"@type":"Article","@id":"https:\/\/portaltela.pt\/noticias\/2026\/03\/08\/china-afirma-que-pequim-e-moscou-nao-temem-provocacao-nem-pressao\/#article","isPartOf":{"@id":"https:\/\/portaltela.pt\/noticias\/2026\/03\/08\/china-afirma-que-pequim-e-moscou-nao-temem-provocacao-nem-pressao\/"},"author":{"name":"Telinha","@id":"https:\/\/portaltela.pt\/#\/schema\/person\/c4278d4a6028830caff9ee44b42d32ed"},"headline":"China afirma que Pequim e Moscou n\u00e3o temem provoca\u00e7\u00e3o nem press\u00e3o","datePublished":"2026-03-08T07:55:02+00:00","mainEntityOfPage":{"@id":"https:\/\/portaltela.pt\/noticias\/2026\/03\/08\/china-afirma-que-pequim-e-moscou-nao-temem-provocacao-nem-pressao\/"},"wordCount":263,"image":{"@id":"https:\/\/portaltela.pt\/noticias\/2026\/03\/08\/china-afirma-que-pequim-e-moscou-nao-temem-provocacao-nem-pressao\/#primaryimage"},"thumbnailUrl":"https:\/\/portaltela.pt\/s.01k8rhncp4jt1\/2026\/03\/img_1500x1000uu2025-05-08-18-47-47-2207664.jpg","keywords":["conflitos internacionais","diplomacia","independ\u00eancia","rela\u00e7\u00f5es internacionais","R\u00fassia","Ucr\u00e2nia"],"articleSection":["Geopol\u00edtica","Internacional"],"inLanguage":"pt-PT"},{"@type":"WebPage","@id":"https:\/\/portaltela.pt\/noticias\/2026\/03\/08\/china-afirma-que-pequim-e-moscou-nao-temem-provocacao-nem-pressao\/","url":"https:\/\/portaltela.pt\/noticias\/2026\/03\/08\/china-afirma-que-pequim-e-moscou-nao-temem-provocacao-nem-pressao\/","name":"China afirma que Pequim e Moscou n\u00e3o temem provoca\u00e7\u00e3o nem press\u00e3o - Portal Tela Portugal","isPartOf":{"@id":"https:\/\/portaltela.pt\/#website"},"primaryImageOfPage":{"@id":"https:\/\/portaltela.pt\/noticias\/2026\/03\/08\/china-afirma-que-pequim-e-moscou-nao-temem-provocacao-nem-pressao\/#primaryimage"},"image":{"@id":"https:\/\/portaltela.pt\/noticias\/2026\/03\/08\/china-afirma-que-pequim-e-moscou-nao-temem-provocacao-nem-pressao\/#primaryimage"},"thumbnailUrl":"https:\/\/portaltela.pt\/s.01k8rhncp4jt1\/2026\/03\/img_1500x1000uu2025-05-08-18-47-47-2207664.jpg","datePublished":"2026-03-08T07:55:02+00:00","author":{"@id":"https:\/\/portaltela.pt\/#\/schema\/person\/c4278d4a6028830caff9ee44b42d32ed"},"breadcrumb":{"@id":"https:\/\/portaltela.pt\/noticias\/2026\/03\/08\/china-afirma-que-pequim-e-moscou-nao-temem-provocacao-nem-pressao\/#breadcrumb"},"inLanguage":"pt-PT","potentialAction":[{"@type":"ReadAction","target":["https:\/\/portaltela.pt\/noticias\/2026\/03\/08\/china-afirma-que-pequim-e-moscou-nao-temem-provocacao-nem-pressao\/"]}]},{"@type":"ImageObject","inLanguage":"pt-PT","@id":"https:\/\/portaltela.pt\/noticias\/2026\/03\/08\/china-afirma-que-pequim-e-moscou-nao-temem-provocacao-nem-pressao\/#primaryimage","url":"https:\/\/portaltela.pt\/s.01k8rhncp4jt1\/2026\/03\/img_1500x1000uu2025-05-08-18-47-47-2207664.jpg","contentUrl":"https:\/\/portaltela.pt\/s.01k8rhncp4jt1\/2026\/03\/img_1500x1000uu2025-05-08-18-47-47-2207664.jpg","width":796,"height":448,"caption":"China diz que Pequim e Moscovo \"n\u00e3o temem qualquer provoca\u00e7\u00e3o nem press\u00e3o\""},{"@type":"BreadcrumbList","@id":"https:\/\/portaltela.pt\/noticias\/2026\/03\/08\/china-afirma-que-pequim-e-moscou-nao-temem-provocacao-nem-pressao\/#breadcrumb","itemListElement":[{"@type":"ListItem","position":1,"name":"In\u00edcio","item":"https:\/\/portaltela.pt\/"},{"@type":"ListItem","position":2,"name":"China afirma que Pequim e Moscou n\u00e3o temem provoca\u00e7\u00e3o nem press\u00e3o"}]},{"@type":"WebSite","@id":"https:\/\/portaltela.pt\/#website","url":"https:\/\/portaltela.pt\/","name":"Portal Tela Portugal","description":"","potentialAction":[{"@type":"SearchAction","target":{"@type":"EntryPoint","urlTemplate":"https:\/\/portaltela.pt\/?s={search_term_string}"},"query-input":{"@type":"PropertyValueSpecification","valueRequired":true,"valueName":"search_term_string"}}],"inLanguage":"pt-PT"},{"@type":"Person","@id":"https:\/\/portaltela.pt\/#\/schema\/person\/c4278d4a6028830caff9ee44b42d32ed","name":"Telinha","image":{"@type":"ImageObject","inLanguage":"pt-PT","@id":"https:\/\/portaltela.pt\/s.01k8rhncp4jt1\/2025\/11\/talking-bot-125x125.png","url":"https:\/\/portaltela.pt\/s.01k8rhncp4jt1\/2025\/11\/talking-bot-125x125.png","contentUrl":"https:\/\/portaltela.pt\/s.01k8rhncp4jt1\/2025\/11\/talking-bot-125x125.png","caption":"Telinha"},"sameAs":["https:\/\/portaltela.pt\/"],"url":"https:\/\/portaltela.pt\/por\/367410592786\/"}]}},"_links":{"self":[{"href":"https:\/\/portaltela.pt\/api\/wp\/v2\/posts\/402011","targetHints":{"allow":["GET"]}}],"collection":[{"href":"https:\/\/portaltela.pt\/api\/wp\/v2\/posts"}],"about":[{"href":"https:\/\/portaltela.pt\/api\/wp\/v2\/types\/post"}],"author":[{"embeddable":true,"href":"https:\/\/portaltela.pt\/api\/wp\/v2\/users\/2"}],"replies":[{"embeddable":true,"href":"https:\/\/portaltela.pt\/api\/wp\/v2\/comments?post=402011"}],"version-history":[{"count":0,"href":"https:\/\/portaltela.pt\/api\/wp\/v2\/posts\/402011\/revisions"}],"wp:featuredmedia":[{"embeddable":true,"href":"https:\/\/portaltela.pt\/api\/wp\/v2\/media\/402020"}],"wp:attachment":[{"href":"https:\/\/portaltela.pt\/api\/wp\/v2\/media?parent=402011"}],"wp:term":[{"taxonomy":"category","embeddable":true,"href":"https:\/\/portaltela.pt\/api\/wp\/v2\/categories?post=402011"},{"taxonomy":"post_tag","embeddable":true,"href":"https:\/\/portaltela.pt\/api\/wp\/v2\/tags?post=402011"}],"curies":[{"name":"wp","href":"https:\/\/api.w.org\/{rel}","templated":true}]}}