{"id":402001,"date":"2026-03-08T04:00:00","date_gmt":"2026-03-08T07:00:00","guid":{"rendered":"https:\/\/portaltela.pt\/noticias\/2026\/03\/08\/oriente-medio-laboratorio-da-guerra-do-seculo-xxi\/"},"modified":"2026-03-08T04:00:00","modified_gmt":"2026-03-08T07:00:00","slug":"oriente-medio-laboratorio-da-guerra-do-seculo-xxi","status":"publish","type":"post","link":"https:\/\/portaltela.pt\/conflitos\/2026\/03\/08\/oriente-medio-laboratorio-da-guerra-do-seculo-xxi\/","title":{"rendered":"Oriente M\u00e9dio, laborat\u00f3rio da guerra do s\u00e9culo XXI"},"content":{"rendered":"<p>O M\u00e9dio Oriente est\u00e1 a tornar-se num laborat\u00f3rio para a guerra do s\u00e9culo XXI, onde a dimens\u00e3o industrial volta a assumir um papel central. Produ\u00e7\u00e3o de equipamentos, cadeias log\u00edsticas e a capacidade de reposi\u00e7\u00e3o definem a din\u00e2mica dos conflitos, aliando tecnologia e estrat\u00e9gia.<\/p>\n<p>Ao mesmo tempo, a regi\u00e3o convive com conflitos regionais que se cruzam com o confronto entre Estados Unidos\/Israel e o Ir\u00e3o. Este cen\u00e1rio ocorre em paralelo com a guerra entre a R\u00fassia e a Ucr\u00e2nia, iniciada em 2022, que ilumina a import\u00e2ncia de cadeias de abastecimento seguras, produ\u00e7\u00e3o em massa e r\u00e1pida adapta\u00e7\u00e3o tecnol\u00f3gica.<\/p>\n<p>A observa\u00e7\u00e3o de especialistas sugere que as transforma\u00e7\u00f5es estruturais da guerra moderna se consolidam pela integra\u00e7\u00e3o de drones, guerra eletr\u00f3nica e intelig\u00eancia artificial. O confronto regional oferece um campo de teste para estas inova\u00e7\u00f5es, influenciando pr\u00e1ticas em conflitos prolongados.<\/p>\n<h3>Transforma\u00e7\u00f5es estruturais da guerra contempor\u00e2nea<\/h3>\n<p>A produ\u00e7\u00e3o em massa de armamento e a gest\u00e3o de fornecimentos ganham protagonismo, exigindo cadeias log\u00edsticas robustas. A capacidade de reposi\u00e7\u00e3o r\u00e1pida, aliada a tecnologias avan\u00e7adas, define o ritmo dos conflitos atuais.<\/p>\n<p>Drones, guerra eletr\u00f3nica e IA emergem como componentes centrais, especialmente em opera\u00e7\u00f5es de equil\u00edbrio entre territ\u00f3rio, custos e tempo. T\u00eam impacto na t\u00e1tica, na estrat\u00e9gic e na capacidade de resposta de cada lado.<\/p>\n","protected":false},"excerpt":{"rendered":"<ul>\n<li>A guerra entre os EUA e Israel contra o Ir\u00e3o atingiu a dimens\u00e3o de conflito regional perigoso e funciona como laborat\u00f3rio das transforma\u00e7\u00f5es da guerra no s\u00e9culo XXI.<\/li>\n<li>O conflito entre a R\u00fassia e a Ucr\u00e2nia, que come\u00e7ou em dois mil e vinte e dois, evidencia a import\u00e2ncia da produ\u00e7\u00e3o em massa de equipamentos militares e de muni\u00e7\u00f5es.<\/li>\n<li>Destacam-se cadeias de abastecimento seguras e a capacidade de adapta\u00e7\u00e3o tecnol\u00f3gica r\u00e1pida.<\/li>\n<li>Tecnologias em foco incluem drones, guerra eletr\u00f3nica e uso de intelig\u00eancia artificial.<\/li>\n<li>O M\u00e9dio Oriente \u00e9 apresentado como palco de testes das mudan\u00e7as estruturais da guerra moderna, paralelamente a outros conflitos.<\/li>\n<\/ul>\n","protected":false},"author":2,"featured_media":402004,"comment_status":"closed","ping_status":"closed","sticky":false,"template":"","format":"standard","meta":{"footnotes":""},"categories":[6790],"tags":[165,6026,2198,51,961,4460],"class_list":["post-402001","post","type-post","status-publish","format-standard","has-post-thumbnail","hentry","category-conflitos","tag-armamento","tag-cadeias","tag-conflitos-internacionais","tag-inteligencia-artificial","tag-logistica","tag-tecnologias-disruptivas"],"yoast_head":"<!-- This site is optimized with the Yoast SEO plugin v27.2 - https:\/\/yoast.com\/product\/yoast-seo-wordpress\/ -->\n<title>Oriente M\u00e9dio, laborat\u00f3rio da guerra do s\u00e9culo XXI - Portal Tela Portugal<\/title>\n<meta name=\"robots\" content=\"index, follow, max-snippet:-1, max-image-preview:large, max-video-preview:-1\" \/>\n<meta property=\"og:locale\" content=\"pt_PT\" \/>\n<meta property=\"og:type\" content=\"article\" \/>\n<meta property=\"og:title\" content=\"Oriente M\u00e9dio, laborat\u00f3rio da guerra do s\u00e9culo XXI - Portal Tela Portugal\" \/>\n<meta property=\"og:description\" content=\"A guerra entre os EUA e Israel contra o Ir\u00e3o atingiu a dimens\u00e3o de conflito regional perigoso e funciona como laborat\u00f3rio das transforma\u00e7\u00f5es da guerra no s\u00e9culo XXI. O conflito entre a R\u00fassia e a Ucr\u00e2nia, que come\u00e7ou em dois mil e vinte e dois, evidencia a import\u00e2ncia da produ\u00e7\u00e3o em massa de equipamentos militares e de muni\u00e7\u00f5es. Destacam-se cadeias de abastecimento seguras e a capacidade de adapta\u00e7\u00e3o tecnol\u00f3gica r\u00e1pida. Tecnologias em foco incluem drones, guerra eletr\u00f3nica e uso de intelig\u00eancia artificial. O M\u00e9dio Oriente \u00e9 apresentado como palco de testes das mudan\u00e7as estruturais da guerra moderna, paralelamente a outros conflitos.\" \/>\n<meta property=\"og:url\" content=\"https:\/\/portaltela.pt\/noticias\/2026\/03\/08\/oriente-medio-laboratorio-da-guerra-do-seculo-xxi\/\" \/>\n<meta property=\"og:site_name\" content=\"Portal Tela Portugal\" \/>\n<meta property=\"article:published_time\" content=\"2026-03-08T07:00:00+00:00\" \/>\n<meta name=\"author\" content=\"Telinha\" \/>\n<meta name=\"twitter:card\" content=\"summary_large_image\" \/>\n<meta name=\"twitter:label1\" content=\"Escrito por\" \/>\n\t<meta name=\"twitter:data1\" content=\"Telinha\" \/>\n\t<meta name=\"twitter:label2\" content=\"Tempo estimado de leitura\" \/>\n\t<meta name=\"twitter:data2\" content=\"1 minuto\" \/>\n<script type=\"application\/ld+json\" class=\"yoast-schema-graph\">{\"@context\":\"https:\/\/schema.org\",\"@graph\":[{\"@type\":\"Article\",\"@id\":\"https:\/\/portaltela.pt\/noticias\/2026\/03\/08\/oriente-medio-laboratorio-da-guerra-do-seculo-xxi\/#article\",\"isPartOf\":{\"@id\":\"https:\/\/portaltela.pt\/noticias\/2026\/03\/08\/oriente-medio-laboratorio-da-guerra-do-seculo-xxi\/\"},\"author\":{\"name\":\"Telinha\",\"@id\":\"https:\/\/portaltela.pt\/#\/schema\/person\/c4278d4a6028830caff9ee44b42d32ed\"},\"headline\":\"Oriente M\u00e9dio, laborat\u00f3rio da guerra do s\u00e9culo XXI\",\"datePublished\":\"2026-03-08T07:00:00+00:00\",\"mainEntityOfPage\":{\"@id\":\"https:\/\/portaltela.pt\/noticias\/2026\/03\/08\/oriente-medio-laboratorio-da-guerra-do-seculo-xxi\/\"},\"wordCount\":258,\"image\":{\"@id\":\"https:\/\/portaltela.pt\/noticias\/2026\/03\/08\/oriente-medio-laboratorio-da-guerra-do-seculo-xxi\/#primaryimage\"},\"thumbnailUrl\":\"https:\/\/portaltela.pt\/s.01k8rhncp4jt1\/2026\/03\/1743695.jpg\",\"keywords\":[\"armamento\",\"cadeias\",\"conflitos internacionais\",\"intelig\u00eancia artificial\",\"Log\u00edstica\",\"tecnologias disruptivas\"],\"articleSection\":[\"Conflitos\"],\"inLanguage\":\"pt-PT\"},{\"@type\":\"WebPage\",\"@id\":\"https:\/\/portaltela.pt\/noticias\/2026\/03\/08\/oriente-medio-laboratorio-da-guerra-do-seculo-xxi\/\",\"url\":\"https:\/\/portaltela.pt\/noticias\/2026\/03\/08\/oriente-medio-laboratorio-da-guerra-do-seculo-xxi\/\",\"name\":\"Oriente M\u00e9dio, laborat\u00f3rio da guerra do s\u00e9culo XXI - Portal Tela Portugal\",\"isPartOf\":{\"@id\":\"https:\/\/portaltela.pt\/#website\"},\"primaryImageOfPage\":{\"@id\":\"https:\/\/portaltela.pt\/noticias\/2026\/03\/08\/oriente-medio-laboratorio-da-guerra-do-seculo-xxi\/#primaryimage\"},\"image\":{\"@id\":\"https:\/\/portaltela.pt\/noticias\/2026\/03\/08\/oriente-medio-laboratorio-da-guerra-do-seculo-xxi\/#primaryimage\"},\"thumbnailUrl\":\"https:\/\/portaltela.pt\/s.01k8rhncp4jt1\/2026\/03\/1743695.jpg\",\"datePublished\":\"2026-03-08T07:00:00+00:00\",\"author\":{\"@id\":\"https:\/\/portaltela.pt\/#\/schema\/person\/c4278d4a6028830caff9ee44b42d32ed\"},\"breadcrumb\":{\"@id\":\"https:\/\/portaltela.pt\/noticias\/2026\/03\/08\/oriente-medio-laboratorio-da-guerra-do-seculo-xxi\/#breadcrumb\"},\"inLanguage\":\"pt-PT\",\"potentialAction\":[{\"@type\":\"ReadAction\",\"target\":[\"https:\/\/portaltela.pt\/noticias\/2026\/03\/08\/oriente-medio-laboratorio-da-guerra-do-seculo-xxi\/\"]}]},{\"@type\":\"ImageObject\",\"inLanguage\":\"pt-PT\",\"@id\":\"https:\/\/portaltela.pt\/noticias\/2026\/03\/08\/oriente-medio-laboratorio-da-guerra-do-seculo-xxi\/#primaryimage\",\"url\":\"https:\/\/portaltela.pt\/s.01k8rhncp4jt1\/2026\/03\/1743695.jpg\",\"contentUrl\":\"https:\/\/portaltela.pt\/s.01k8rhncp4jt1\/2026\/03\/1743695.jpg\",\"width\":796,\"height\":448,\"caption\":\"Photo\"},{\"@type\":\"BreadcrumbList\",\"@id\":\"https:\/\/portaltela.pt\/noticias\/2026\/03\/08\/oriente-medio-laboratorio-da-guerra-do-seculo-xxi\/#breadcrumb\",\"itemListElement\":[{\"@type\":\"ListItem\",\"position\":1,\"name\":\"In\u00edcio\",\"item\":\"https:\/\/portaltela.pt\/\"},{\"@type\":\"ListItem\",\"position\":2,\"name\":\"Oriente M\u00e9dio, laborat\u00f3rio da guerra do s\u00e9culo XXI\"}]},{\"@type\":\"WebSite\",\"@id\":\"https:\/\/portaltela.pt\/#website\",\"url\":\"https:\/\/portaltela.pt\/\",\"name\":\"Portal Tela Portugal\",\"description\":\"\",\"potentialAction\":[{\"@type\":\"SearchAction\",\"target\":{\"@type\":\"EntryPoint\",\"urlTemplate\":\"https:\/\/portaltela.pt\/?s={search_term_string}\"},\"query-input\":{\"@type\":\"PropertyValueSpecification\",\"valueRequired\":true,\"valueName\":\"search_term_string\"}}],\"inLanguage\":\"pt-PT\"},{\"@type\":\"Person\",\"@id\":\"https:\/\/portaltela.pt\/#\/schema\/person\/c4278d4a6028830caff9ee44b42d32ed\",\"name\":\"Telinha\",\"image\":{\"@type\":\"ImageObject\",\"inLanguage\":\"pt-PT\",\"@id\":\"https:\/\/portaltela.pt\/s.01k8rhncp4jt1\/2025\/11\/talking-bot-125x125.png\",\"url\":\"https:\/\/portaltela.pt\/s.01k8rhncp4jt1\/2025\/11\/talking-bot-125x125.png\",\"contentUrl\":\"https:\/\/portaltela.pt\/s.01k8rhncp4jt1\/2025\/11\/talking-bot-125x125.png\",\"caption\":\"Telinha\"},\"sameAs\":[\"https:\/\/portaltela.pt\/\"],\"url\":\"https:\/\/portaltela.pt\/por\/367410592786\/\"}]}<\/script>\n<!-- \/ Yoast SEO plugin. -->","yoast_head_json":{"title":"Oriente M\u00e9dio, laborat\u00f3rio da guerra do s\u00e9culo XXI - Portal Tela Portugal","robots":{"index":"index","follow":"follow","max-snippet":"max-snippet:-1","max-image-preview":"max-image-preview:large","max-video-preview":"max-video-preview:-1"},"og_locale":"pt_PT","og_type":"article","og_title":"Oriente M\u00e9dio, laborat\u00f3rio da guerra do s\u00e9culo XXI - Portal Tela Portugal","og_description":"A guerra entre os EUA e Israel contra o Ir\u00e3o atingiu a dimens\u00e3o de conflito regional perigoso e funciona como laborat\u00f3rio das transforma\u00e7\u00f5es da guerra no s\u00e9culo XXI. O conflito entre a R\u00fassia e a Ucr\u00e2nia, que come\u00e7ou em dois mil e vinte e dois, evidencia a import\u00e2ncia da produ\u00e7\u00e3o em massa de equipamentos militares e de muni\u00e7\u00f5es. Destacam-se cadeias de abastecimento seguras e a capacidade de adapta\u00e7\u00e3o tecnol\u00f3gica r\u00e1pida. Tecnologias em foco incluem drones, guerra eletr\u00f3nica e uso de intelig\u00eancia artificial. O M\u00e9dio Oriente \u00e9 apresentado como palco de testes das mudan\u00e7as estruturais da guerra moderna, paralelamente a outros conflitos.","og_url":"https:\/\/portaltela.pt\/noticias\/2026\/03\/08\/oriente-medio-laboratorio-da-guerra-do-seculo-xxi\/","og_site_name":"Portal Tela Portugal","article_published_time":"2026-03-08T07:00:00+00:00","author":"Telinha","twitter_card":"summary_large_image","twitter_misc":{"Escrito por":"Telinha","Tempo estimado de leitura":"1 minuto"},"schema":{"@context":"https:\/\/schema.org","@graph":[{"@type":"Article","@id":"https:\/\/portaltela.pt\/noticias\/2026\/03\/08\/oriente-medio-laboratorio-da-guerra-do-seculo-xxi\/#article","isPartOf":{"@id":"https:\/\/portaltela.pt\/noticias\/2026\/03\/08\/oriente-medio-laboratorio-da-guerra-do-seculo-xxi\/"},"author":{"name":"Telinha","@id":"https:\/\/portaltela.pt\/#\/schema\/person\/c4278d4a6028830caff9ee44b42d32ed"},"headline":"Oriente M\u00e9dio, laborat\u00f3rio da guerra do s\u00e9culo XXI","datePublished":"2026-03-08T07:00:00+00:00","mainEntityOfPage":{"@id":"https:\/\/portaltela.pt\/noticias\/2026\/03\/08\/oriente-medio-laboratorio-da-guerra-do-seculo-xxi\/"},"wordCount":258,"image":{"@id":"https:\/\/portaltela.pt\/noticias\/2026\/03\/08\/oriente-medio-laboratorio-da-guerra-do-seculo-xxi\/#primaryimage"},"thumbnailUrl":"https:\/\/portaltela.pt\/s.01k8rhncp4jt1\/2026\/03\/1743695.jpg","keywords":["armamento","cadeias","conflitos internacionais","intelig\u00eancia artificial","Log\u00edstica","tecnologias disruptivas"],"articleSection":["Conflitos"],"inLanguage":"pt-PT"},{"@type":"WebPage","@id":"https:\/\/portaltela.pt\/noticias\/2026\/03\/08\/oriente-medio-laboratorio-da-guerra-do-seculo-xxi\/","url":"https:\/\/portaltela.pt\/noticias\/2026\/03\/08\/oriente-medio-laboratorio-da-guerra-do-seculo-xxi\/","name":"Oriente M\u00e9dio, laborat\u00f3rio da guerra do s\u00e9culo XXI - Portal Tela Portugal","isPartOf":{"@id":"https:\/\/portaltela.pt\/#website"},"primaryImageOfPage":{"@id":"https:\/\/portaltela.pt\/noticias\/2026\/03\/08\/oriente-medio-laboratorio-da-guerra-do-seculo-xxi\/#primaryimage"},"image":{"@id":"https:\/\/portaltela.pt\/noticias\/2026\/03\/08\/oriente-medio-laboratorio-da-guerra-do-seculo-xxi\/#primaryimage"},"thumbnailUrl":"https:\/\/portaltela.pt\/s.01k8rhncp4jt1\/2026\/03\/1743695.jpg","datePublished":"2026-03-08T07:00:00+00:00","author":{"@id":"https:\/\/portaltela.pt\/#\/schema\/person\/c4278d4a6028830caff9ee44b42d32ed"},"breadcrumb":{"@id":"https:\/\/portaltela.pt\/noticias\/2026\/03\/08\/oriente-medio-laboratorio-da-guerra-do-seculo-xxi\/#breadcrumb"},"inLanguage":"pt-PT","potentialAction":[{"@type":"ReadAction","target":["https:\/\/portaltela.pt\/noticias\/2026\/03\/08\/oriente-medio-laboratorio-da-guerra-do-seculo-xxi\/"]}]},{"@type":"ImageObject","inLanguage":"pt-PT","@id":"https:\/\/portaltela.pt\/noticias\/2026\/03\/08\/oriente-medio-laboratorio-da-guerra-do-seculo-xxi\/#primaryimage","url":"https:\/\/portaltela.pt\/s.01k8rhncp4jt1\/2026\/03\/1743695.jpg","contentUrl":"https:\/\/portaltela.pt\/s.01k8rhncp4jt1\/2026\/03\/1743695.jpg","width":796,"height":448,"caption":"Photo"},{"@type":"BreadcrumbList","@id":"https:\/\/portaltela.pt\/noticias\/2026\/03\/08\/oriente-medio-laboratorio-da-guerra-do-seculo-xxi\/#breadcrumb","itemListElement":[{"@type":"ListItem","position":1,"name":"In\u00edcio","item":"https:\/\/portaltela.pt\/"},{"@type":"ListItem","position":2,"name":"Oriente M\u00e9dio, laborat\u00f3rio da guerra do s\u00e9culo XXI"}]},{"@type":"WebSite","@id":"https:\/\/portaltela.pt\/#website","url":"https:\/\/portaltela.pt\/","name":"Portal Tela Portugal","description":"","potentialAction":[{"@type":"SearchAction","target":{"@type":"EntryPoint","urlTemplate":"https:\/\/portaltela.pt\/?s={search_term_string}"},"query-input":{"@type":"PropertyValueSpecification","valueRequired":true,"valueName":"search_term_string"}}],"inLanguage":"pt-PT"},{"@type":"Person","@id":"https:\/\/portaltela.pt\/#\/schema\/person\/c4278d4a6028830caff9ee44b42d32ed","name":"Telinha","image":{"@type":"ImageObject","inLanguage":"pt-PT","@id":"https:\/\/portaltela.pt\/s.01k8rhncp4jt1\/2025\/11\/talking-bot-125x125.png","url":"https:\/\/portaltela.pt\/s.01k8rhncp4jt1\/2025\/11\/talking-bot-125x125.png","contentUrl":"https:\/\/portaltela.pt\/s.01k8rhncp4jt1\/2025\/11\/talking-bot-125x125.png","caption":"Telinha"},"sameAs":["https:\/\/portaltela.pt\/"],"url":"https:\/\/portaltela.pt\/por\/367410592786\/"}]}},"_links":{"self":[{"href":"https:\/\/portaltela.pt\/api\/wp\/v2\/posts\/402001","targetHints":{"allow":["GET"]}}],"collection":[{"href":"https:\/\/portaltela.pt\/api\/wp\/v2\/posts"}],"about":[{"href":"https:\/\/portaltela.pt\/api\/wp\/v2\/types\/post"}],"author":[{"embeddable":true,"href":"https:\/\/portaltela.pt\/api\/wp\/v2\/users\/2"}],"replies":[{"embeddable":true,"href":"https:\/\/portaltela.pt\/api\/wp\/v2\/comments?post=402001"}],"version-history":[{"count":0,"href":"https:\/\/portaltela.pt\/api\/wp\/v2\/posts\/402001\/revisions"}],"wp:featuredmedia":[{"embeddable":true,"href":"https:\/\/portaltela.pt\/api\/wp\/v2\/media\/402004"}],"wp:attachment":[{"href":"https:\/\/portaltela.pt\/api\/wp\/v2\/media?parent=402001"}],"wp:term":[{"taxonomy":"category","embeddable":true,"href":"https:\/\/portaltela.pt\/api\/wp\/v2\/categories?post=402001"},{"taxonomy":"post_tag","embeddable":true,"href":"https:\/\/portaltela.pt\/api\/wp\/v2\/tags?post=402001"}],"curies":[{"name":"wp","href":"https:\/\/api.w.org\/{rel}","templated":true}]}}