{"id":401962,"date":"2026-03-08T02:32:00","date_gmt":"2026-03-08T05:32:00","guid":{"rendered":"https:\/\/portaltela.pt\/noticias\/2026\/03\/08\/portugal-vence-eslovaquia-por-4-0-num-triunfo-solido\/"},"modified":"2026-03-08T02:32:00","modified_gmt":"2026-03-08T05:32:00","slug":"portugal-vence-eslovaquia-por-4-0-num-triunfo-solido","status":"publish","type":"post","link":"https:\/\/portaltela.pt\/desporto\/futebol\/2026\/03\/08\/portugal-vence-eslovaquia-por-4-0-num-triunfo-solido\/","title":{"rendered":"Portugal vence Eslov\u00e1quia por 4-0 num triunfo s\u00f3lido"},"content":{"rendered":"<p>Portugal goleia Eslov\u00e1quia por 4-0 em Barcelos, no segundo jogo do grupo B3 da Liga das Na\u00e7\u00f5es. A equipa feminina dominou a partida, explorando as fragilidades defensivas da rival para assegurar uma vit\u00f3ria expressiva e avan\u00e7ar na corrida ao Mundial de 2027.<\/p>\n<p>O jogo teve ritmo intenso, com Portugal a criar v\u00e1rias oportunidades desde o in\u00edcio da segunda parte. A abrir o marcador ficou Ana Capeta aos 55 minutos, aproveitando uma sobra na \u00e1rea.<\/p>\n<p>Pouco depois, aos 62, Carole Costa cabeceou para o 2-0, ap\u00f3s canto de Vanessa Marques. A guarda-central igualou o recorde de internacionaliza\u00e7\u00f5es, atingindo o 188.\u00ba jogo pela sele\u00e7\u00e3o.<\/p>\n<p>A partir da\u00ed, o conjunto luso controlou a partida com autoridade, e Diana Silva consolidou a vantagem aos 75 minutos, marcando o terceiro golo. Nos instantes finais, a mesma Diana Silva fechou o resultado com uma jogada individual.<\/p>\n<h3>Marcadores e impacto<\/h3>\n<p>A vit\u00f3ria posiciona Portugal na lideran\u00e7a do grupo e refor\u00e7a a ambi\u00e7\u00e3o de qualificar-se para o Mundial de 2027. A exibi\u00e7\u00e3o s\u00f3lida transmite confian\u00e7a para o pr\u00f3ximo desafio da equipa. A Sele\u00e7\u00e3o continua em contacto direto com as dificuldades da Eslov\u00e1quia, mantendo o foco no objetivo de apuramento.<\/p>\n","protected":false},"excerpt":{"rendered":"<ul>\n<li>Portugal goleou a Eslov\u00e1quia por 4-0, em Barcelos, no segundo jogo do grupo B3 da Liga das Na\u00e7\u00f5es.<\/li>\n<li>Ana Capeta abriu o marcador aos 55 minutos, aproveitando uma sobra na \u00e1rea.<\/li>\n<li>Carole Costa aumentou aos 62 minutos de cabe\u00e7a, ap\u00f3s canto cobrado por Vanessa Marques; a jogadora atingiu o 188.\u00ba jogo pela sele\u00e7\u00e3o.<\/li>\n<li>Diana Silva \u0443\u0432\u0435\u043b\u0438\u0447\u0438\u0442\u044c marcou aos 75 minutos para o 3-0, seguindo-se um remate que fechou o resultado nos instantes finais.<\/li>\n<li>A vit\u00f3ria mant\u00e9m a lideran\u00e7a do grupo e consolidou as hip\u00f3teses de qualifica\u00e7\u00e3o para o Mundial de 2027.<\/li>\n<\/ul>\n","protected":false},"author":2,"featured_media":401963,"comment_status":"closed","ping_status":"closed","sticky":false,"template":"","format":"standard","meta":{"footnotes":""},"categories":[21,24],"tags":[5689,32,2011,47,1014,2057],"class_list":["post-401962","post","type-post","status-publish","format-standard","has-post-thumbnail","hentry","category-desporto","category-futebol","tag-eslovaquia","tag-futebol","tag-liga-das-nacoes","tag-mundial","tag-portugal","tag-selecao-nacional"],"yoast_head":"<!-- This site is optimized with the Yoast SEO plugin v27.2 - https:\/\/yoast.com\/product\/yoast-seo-wordpress\/ -->\n<title>Portugal vence Eslov\u00e1quia por 4-0 num triunfo s\u00f3lido - Portal Tela Portugal<\/title>\n<meta name=\"robots\" content=\"index, follow, max-snippet:-1, max-image-preview:large, max-video-preview:-1\" \/>\n<meta property=\"og:locale\" content=\"pt_PT\" \/>\n<meta property=\"og:type\" content=\"article\" \/>\n<meta property=\"og:title\" content=\"Portugal vence Eslov\u00e1quia por 4-0 num triunfo s\u00f3lido - Portal Tela Portugal\" \/>\n<meta property=\"og:description\" content=\"Portugal goleou a Eslov\u00e1quia por 4-0, em Barcelos, no segundo jogo do grupo B3 da Liga das Na\u00e7\u00f5es. Ana Capeta abriu o marcador aos 55 minutos, aproveitando uma sobra na \u00e1rea. Carole Costa aumentou aos 62 minutos de cabe\u00e7a, ap\u00f3s canto cobrado por Vanessa Marques; a jogadora atingiu o 188.\u00ba jogo pela sele\u00e7\u00e3o. Diana Silva \u0443\u0432\u0435\u043b\u0438\u0447\u0438\u0442\u044c marcou aos 75 minutos para o 3-0, seguindo-se um remate que fechou o resultado nos instantes finais. A vit\u00f3ria mant\u00e9m a lideran\u00e7a do grupo e consolidou as hip\u00f3teses de qualifica\u00e7\u00e3o para o Mundial de 2027.\" \/>\n<meta property=\"og:url\" content=\"https:\/\/portaltela.pt\/noticias\/2026\/03\/08\/portugal-vence-eslovaquia-por-4-0-num-triunfo-solido\/\" \/>\n<meta property=\"og:site_name\" content=\"Portal Tela Portugal\" \/>\n<meta property=\"article:published_time\" content=\"2026-03-08T05:32:00+00:00\" \/>\n<meta name=\"author\" content=\"Telinha\" \/>\n<meta name=\"twitter:card\" content=\"summary_large_image\" \/>\n<meta name=\"twitter:label1\" content=\"Escrito por\" \/>\n\t<meta name=\"twitter:data1\" content=\"Telinha\" \/>\n\t<meta name=\"twitter:label2\" content=\"Tempo estimado de leitura\" \/>\n\t<meta name=\"twitter:data2\" content=\"1 minuto\" \/>\n<script type=\"application\/ld+json\" class=\"yoast-schema-graph\">{\"@context\":\"https:\/\/schema.org\",\"@graph\":[{\"@type\":\"Article\",\"@id\":\"https:\/\/portaltela.pt\/noticias\/2026\/03\/08\/portugal-vence-eslovaquia-por-4-0-num-triunfo-solido\/#article\",\"isPartOf\":{\"@id\":\"https:\/\/portaltela.pt\/noticias\/2026\/03\/08\/portugal-vence-eslovaquia-por-4-0-num-triunfo-solido\/\"},\"author\":{\"name\":\"Telinha\",\"@id\":\"https:\/\/portaltela.pt\/#\/schema\/person\/c4278d4a6028830caff9ee44b42d32ed\"},\"headline\":\"Portugal vence Eslov\u00e1quia por 4-0 num triunfo s\u00f3lido\",\"datePublished\":\"2026-03-08T05:32:00+00:00\",\"mainEntityOfPage\":{\"@id\":\"https:\/\/portaltela.pt\/noticias\/2026\/03\/08\/portugal-vence-eslovaquia-por-4-0-num-triunfo-solido\/\"},\"wordCount\":214,\"image\":{\"@id\":\"https:\/\/portaltela.pt\/noticias\/2026\/03\/08\/portugal-vence-eslovaquia-por-4-0-num-triunfo-solido\/#primaryimage\"},\"thumbnailUrl\":\"https:\/\/portaltela.pt\/s.01k8rhncp4jt1\/2026\/03\/img_920x518uu2026-03-07-23-26-57-2425559.jpg\",\"keywords\":[\"Eslov\u00e1quia\",\"futebol\",\"Liga das Na\u00e7\u00f5es\",\"mundial\",\"Portugal\",\"Sele\u00e7\u00e3o Nacional\"],\"articleSection\":[\"Desporto\",\"Futebol\"],\"inLanguage\":\"pt-PT\"},{\"@type\":\"WebPage\",\"@id\":\"https:\/\/portaltela.pt\/noticias\/2026\/03\/08\/portugal-vence-eslovaquia-por-4-0-num-triunfo-solido\/\",\"url\":\"https:\/\/portaltela.pt\/noticias\/2026\/03\/08\/portugal-vence-eslovaquia-por-4-0-num-triunfo-solido\/\",\"name\":\"Portugal vence Eslov\u00e1quia por 4-0 num triunfo s\u00f3lido - Portal Tela Portugal\",\"isPartOf\":{\"@id\":\"https:\/\/portaltela.pt\/#website\"},\"primaryImageOfPage\":{\"@id\":\"https:\/\/portaltela.pt\/noticias\/2026\/03\/08\/portugal-vence-eslovaquia-por-4-0-num-triunfo-solido\/#primaryimage\"},\"image\":{\"@id\":\"https:\/\/portaltela.pt\/noticias\/2026\/03\/08\/portugal-vence-eslovaquia-por-4-0-num-triunfo-solido\/#primaryimage\"},\"thumbnailUrl\":\"https:\/\/portaltela.pt\/s.01k8rhncp4jt1\/2026\/03\/img_920x518uu2026-03-07-23-26-57-2425559.jpg\",\"datePublished\":\"2026-03-08T05:32:00+00:00\",\"author\":{\"@id\":\"https:\/\/portaltela.pt\/#\/schema\/person\/c4278d4a6028830caff9ee44b42d32ed\"},\"breadcrumb\":{\"@id\":\"https:\/\/portaltela.pt\/noticias\/2026\/03\/08\/portugal-vence-eslovaquia-por-4-0-num-triunfo-solido\/#breadcrumb\"},\"inLanguage\":\"pt-PT\",\"potentialAction\":[{\"@type\":\"ReadAction\",\"target\":[\"https:\/\/portaltela.pt\/noticias\/2026\/03\/08\/portugal-vence-eslovaquia-por-4-0-num-triunfo-solido\/\"]}]},{\"@type\":\"ImageObject\",\"inLanguage\":\"pt-PT\",\"@id\":\"https:\/\/portaltela.pt\/noticias\/2026\/03\/08\/portugal-vence-eslovaquia-por-4-0-num-triunfo-solido\/#primaryimage\",\"url\":\"https:\/\/portaltela.pt\/s.01k8rhncp4jt1\/2026\/03\/img_920x518uu2026-03-07-23-26-57-2425559.jpg\",\"contentUrl\":\"https:\/\/portaltela.pt\/s.01k8rhncp4jt1\/2026\/03\/img_920x518uu2026-03-07-23-26-57-2425559.jpg\",\"width\":796,\"height\":448,\"caption\":\"Portugal goleia Eslov\u00e1quia\"},{\"@type\":\"BreadcrumbList\",\"@id\":\"https:\/\/portaltela.pt\/noticias\/2026\/03\/08\/portugal-vence-eslovaquia-por-4-0-num-triunfo-solido\/#breadcrumb\",\"itemListElement\":[{\"@type\":\"ListItem\",\"position\":1,\"name\":\"In\u00edcio\",\"item\":\"https:\/\/portaltela.pt\/\"},{\"@type\":\"ListItem\",\"position\":2,\"name\":\"Portugal vence Eslov\u00e1quia por 4-0 num triunfo s\u00f3lido\"}]},{\"@type\":\"WebSite\",\"@id\":\"https:\/\/portaltela.pt\/#website\",\"url\":\"https:\/\/portaltela.pt\/\",\"name\":\"Portal Tela Portugal\",\"description\":\"\",\"potentialAction\":[{\"@type\":\"SearchAction\",\"target\":{\"@type\":\"EntryPoint\",\"urlTemplate\":\"https:\/\/portaltela.pt\/?s={search_term_string}\"},\"query-input\":{\"@type\":\"PropertyValueSpecification\",\"valueRequired\":true,\"valueName\":\"search_term_string\"}}],\"inLanguage\":\"pt-PT\"},{\"@type\":\"Person\",\"@id\":\"https:\/\/portaltela.pt\/#\/schema\/person\/c4278d4a6028830caff9ee44b42d32ed\",\"name\":\"Telinha\",\"image\":{\"@type\":\"ImageObject\",\"inLanguage\":\"pt-PT\",\"@id\":\"https:\/\/portaltela.pt\/s.01k8rhncp4jt1\/2025\/11\/talking-bot-125x125.png\",\"url\":\"https:\/\/portaltela.pt\/s.01k8rhncp4jt1\/2025\/11\/talking-bot-125x125.png\",\"contentUrl\":\"https:\/\/portaltela.pt\/s.01k8rhncp4jt1\/2025\/11\/talking-bot-125x125.png\",\"caption\":\"Telinha\"},\"sameAs\":[\"https:\/\/portaltela.pt\/\"],\"url\":\"https:\/\/portaltela.pt\/por\/367410592786\/\"}]}<\/script>\n<!-- \/ Yoast SEO plugin. -->","yoast_head_json":{"title":"Portugal vence Eslov\u00e1quia por 4-0 num triunfo s\u00f3lido - Portal Tela Portugal","robots":{"index":"index","follow":"follow","max-snippet":"max-snippet:-1","max-image-preview":"max-image-preview:large","max-video-preview":"max-video-preview:-1"},"og_locale":"pt_PT","og_type":"article","og_title":"Portugal vence Eslov\u00e1quia por 4-0 num triunfo s\u00f3lido - Portal Tela Portugal","og_description":"Portugal goleou a Eslov\u00e1quia por 4-0, em Barcelos, no segundo jogo do grupo B3 da Liga das Na\u00e7\u00f5es. Ana Capeta abriu o marcador aos 55 minutos, aproveitando uma sobra na \u00e1rea. Carole Costa aumentou aos 62 minutos de cabe\u00e7a, ap\u00f3s canto cobrado por Vanessa Marques; a jogadora atingiu o 188.\u00ba jogo pela sele\u00e7\u00e3o. Diana Silva \u0443\u0432\u0435\u043b\u0438\u0447\u0438\u0442\u044c marcou aos 75 minutos para o 3-0, seguindo-se um remate que fechou o resultado nos instantes finais. A vit\u00f3ria mant\u00e9m a lideran\u00e7a do grupo e consolidou as hip\u00f3teses de qualifica\u00e7\u00e3o para o Mundial de 2027.","og_url":"https:\/\/portaltela.pt\/noticias\/2026\/03\/08\/portugal-vence-eslovaquia-por-4-0-num-triunfo-solido\/","og_site_name":"Portal Tela Portugal","article_published_time":"2026-03-08T05:32:00+00:00","author":"Telinha","twitter_card":"summary_large_image","twitter_misc":{"Escrito por":"Telinha","Tempo estimado de leitura":"1 minuto"},"schema":{"@context":"https:\/\/schema.org","@graph":[{"@type":"Article","@id":"https:\/\/portaltela.pt\/noticias\/2026\/03\/08\/portugal-vence-eslovaquia-por-4-0-num-triunfo-solido\/#article","isPartOf":{"@id":"https:\/\/portaltela.pt\/noticias\/2026\/03\/08\/portugal-vence-eslovaquia-por-4-0-num-triunfo-solido\/"},"author":{"name":"Telinha","@id":"https:\/\/portaltela.pt\/#\/schema\/person\/c4278d4a6028830caff9ee44b42d32ed"},"headline":"Portugal vence Eslov\u00e1quia por 4-0 num triunfo s\u00f3lido","datePublished":"2026-03-08T05:32:00+00:00","mainEntityOfPage":{"@id":"https:\/\/portaltela.pt\/noticias\/2026\/03\/08\/portugal-vence-eslovaquia-por-4-0-num-triunfo-solido\/"},"wordCount":214,"image":{"@id":"https:\/\/portaltela.pt\/noticias\/2026\/03\/08\/portugal-vence-eslovaquia-por-4-0-num-triunfo-solido\/#primaryimage"},"thumbnailUrl":"https:\/\/portaltela.pt\/s.01k8rhncp4jt1\/2026\/03\/img_920x518uu2026-03-07-23-26-57-2425559.jpg","keywords":["Eslov\u00e1quia","futebol","Liga das Na\u00e7\u00f5es","mundial","Portugal","Sele\u00e7\u00e3o Nacional"],"articleSection":["Desporto","Futebol"],"inLanguage":"pt-PT"},{"@type":"WebPage","@id":"https:\/\/portaltela.pt\/noticias\/2026\/03\/08\/portugal-vence-eslovaquia-por-4-0-num-triunfo-solido\/","url":"https:\/\/portaltela.pt\/noticias\/2026\/03\/08\/portugal-vence-eslovaquia-por-4-0-num-triunfo-solido\/","name":"Portugal vence Eslov\u00e1quia por 4-0 num triunfo s\u00f3lido - Portal Tela Portugal","isPartOf":{"@id":"https:\/\/portaltela.pt\/#website"},"primaryImageOfPage":{"@id":"https:\/\/portaltela.pt\/noticias\/2026\/03\/08\/portugal-vence-eslovaquia-por-4-0-num-triunfo-solido\/#primaryimage"},"image":{"@id":"https:\/\/portaltela.pt\/noticias\/2026\/03\/08\/portugal-vence-eslovaquia-por-4-0-num-triunfo-solido\/#primaryimage"},"thumbnailUrl":"https:\/\/portaltela.pt\/s.01k8rhncp4jt1\/2026\/03\/img_920x518uu2026-03-07-23-26-57-2425559.jpg","datePublished":"2026-03-08T05:32:00+00:00","author":{"@id":"https:\/\/portaltela.pt\/#\/schema\/person\/c4278d4a6028830caff9ee44b42d32ed"},"breadcrumb":{"@id":"https:\/\/portaltela.pt\/noticias\/2026\/03\/08\/portugal-vence-eslovaquia-por-4-0-num-triunfo-solido\/#breadcrumb"},"inLanguage":"pt-PT","potentialAction":[{"@type":"ReadAction","target":["https:\/\/portaltela.pt\/noticias\/2026\/03\/08\/portugal-vence-eslovaquia-por-4-0-num-triunfo-solido\/"]}]},{"@type":"ImageObject","inLanguage":"pt-PT","@id":"https:\/\/portaltela.pt\/noticias\/2026\/03\/08\/portugal-vence-eslovaquia-por-4-0-num-triunfo-solido\/#primaryimage","url":"https:\/\/portaltela.pt\/s.01k8rhncp4jt1\/2026\/03\/img_920x518uu2026-03-07-23-26-57-2425559.jpg","contentUrl":"https:\/\/portaltela.pt\/s.01k8rhncp4jt1\/2026\/03\/img_920x518uu2026-03-07-23-26-57-2425559.jpg","width":796,"height":448,"caption":"Portugal goleia Eslov\u00e1quia"},{"@type":"BreadcrumbList","@id":"https:\/\/portaltela.pt\/noticias\/2026\/03\/08\/portugal-vence-eslovaquia-por-4-0-num-triunfo-solido\/#breadcrumb","itemListElement":[{"@type":"ListItem","position":1,"name":"In\u00edcio","item":"https:\/\/portaltela.pt\/"},{"@type":"ListItem","position":2,"name":"Portugal vence Eslov\u00e1quia por 4-0 num triunfo s\u00f3lido"}]},{"@type":"WebSite","@id":"https:\/\/portaltela.pt\/#website","url":"https:\/\/portaltela.pt\/","name":"Portal Tela Portugal","description":"","potentialAction":[{"@type":"SearchAction","target":{"@type":"EntryPoint","urlTemplate":"https:\/\/portaltela.pt\/?s={search_term_string}"},"query-input":{"@type":"PropertyValueSpecification","valueRequired":true,"valueName":"search_term_string"}}],"inLanguage":"pt-PT"},{"@type":"Person","@id":"https:\/\/portaltela.pt\/#\/schema\/person\/c4278d4a6028830caff9ee44b42d32ed","name":"Telinha","image":{"@type":"ImageObject","inLanguage":"pt-PT","@id":"https:\/\/portaltela.pt\/s.01k8rhncp4jt1\/2025\/11\/talking-bot-125x125.png","url":"https:\/\/portaltela.pt\/s.01k8rhncp4jt1\/2025\/11\/talking-bot-125x125.png","contentUrl":"https:\/\/portaltela.pt\/s.01k8rhncp4jt1\/2025\/11\/talking-bot-125x125.png","caption":"Telinha"},"sameAs":["https:\/\/portaltela.pt\/"],"url":"https:\/\/portaltela.pt\/por\/367410592786\/"}]}},"_links":{"self":[{"href":"https:\/\/portaltela.pt\/api\/wp\/v2\/posts\/401962","targetHints":{"allow":["GET"]}}],"collection":[{"href":"https:\/\/portaltela.pt\/api\/wp\/v2\/posts"}],"about":[{"href":"https:\/\/portaltela.pt\/api\/wp\/v2\/types\/post"}],"author":[{"embeddable":true,"href":"https:\/\/portaltela.pt\/api\/wp\/v2\/users\/2"}],"replies":[{"embeddable":true,"href":"https:\/\/portaltela.pt\/api\/wp\/v2\/comments?post=401962"}],"version-history":[{"count":0,"href":"https:\/\/portaltela.pt\/api\/wp\/v2\/posts\/401962\/revisions"}],"wp:featuredmedia":[{"embeddable":true,"href":"https:\/\/portaltela.pt\/api\/wp\/v2\/media\/401963"}],"wp:attachment":[{"href":"https:\/\/portaltela.pt\/api\/wp\/v2\/media?parent=401962"}],"wp:term":[{"taxonomy":"category","embeddable":true,"href":"https:\/\/portaltela.pt\/api\/wp\/v2\/categories?post=401962"},{"taxonomy":"post_tag","embeddable":true,"href":"https:\/\/portaltela.pt\/api\/wp\/v2\/tags?post=401962"}],"curies":[{"name":"wp","href":"https:\/\/api.w.org\/{rel}","templated":true}]}}