{"id":401956,"date":"2026-03-08T01:39:00","date_gmt":"2026-03-08T04:39:00","guid":{"rendered":"https:\/\/portaltela.pt\/noticias\/2026\/03\/08\/defice-ofensivo-para-superar\/"},"modified":"2026-03-08T01:39:00","modified_gmt":"2026-03-08T04:39:00","slug":"defice-ofensivo-para-superar","status":"publish","type":"post","link":"https:\/\/portaltela.pt\/desporto\/futebol\/2026\/03\/08\/defice-ofensivo-para-superar\/","title":{"rendered":"D\u00e9fice ofensivo para superar"},"content":{"rendered":"<p>O FC Porto soma 17 golos em 2026, por\u00e9m o d\u00e9fice ofensivo tem sido tema dominante. A equipa viu-se a caminhar com dificuldades \u00e0 frente, sobretudo ap\u00f3s a les\u00e3o de Samu.<\/p>\n<p>No lote de pontas-de-lan\u00e7a, as d\u00favidas persistem sobre Deniz G\u00fcl e a falta de ritmo de Terem Moffi. O banco tem tentado solu\u00e7\u00f5es, mas o rendimento n\u00e3o tem acompanhado.<\/p>\n<p>Dado o total do ano civil, apenas quatro dos 17 tentos foram marcados pelos avan\u00e7ados. Samu assinou dois, incluindo um golo de pen\u00e1lti frente ao Gil Vicente, e outro na sequ\u00eancia de um erro do guarda-redes do Santa Clara. Os restantes foram divididos entre G\u00fcl e Moffi.<\/p>\n","protected":false},"excerpt":{"rendered":"<ul>\n<li>Em 2026, o FC Porto soma 17 golos.<\/li>\n<li>Apenas quatro foram marcados por pontas-de-lan\u00e7a.<\/li>\n<li>Samu tem dois golos na \u00e9poca, um pen\u00e1lti frente ao Gil Vicente e outro na sequ\u00eancia de um erro do guarda-redes do Santa Clara.<\/li>\n<li>Os restantes golos desenvolveram-se entre Deniz G\u00fcl e Terem Moffi.<\/li>\n<li>A les\u00e3o de Samu \u00e9 apontada como fator que agrava o d\u00e9fice atacante do plantel.<\/li>\n<\/ul>\n","protected":false},"author":2,"featured_media":401957,"comment_status":"closed","ping_status":"closed","sticky":false,"template":"","format":"standard","meta":{"footnotes":""},"categories":[21,24],"tags":[4059,152,32,48,982,2570],"class_list":["post-401956","post","type-post","status-publish","format-standard","has-post-thumbnail","hentry","category-desporto","category-futebol","tag-1-a-liga","tag-desporto","tag-futebol","tag-gols","tag-porto","tag-samu"],"yoast_head":"<!-- This site is optimized with the Yoast SEO plugin v27.2 - https:\/\/yoast.com\/product\/yoast-seo-wordpress\/ -->\n<title>D\u00e9fice ofensivo para superar - Portal Tela Portugal<\/title>\n<meta name=\"robots\" content=\"index, follow, max-snippet:-1, max-image-preview:large, max-video-preview:-1\" \/>\n<meta property=\"og:locale\" content=\"pt_PT\" \/>\n<meta property=\"og:type\" content=\"article\" \/>\n<meta property=\"og:title\" content=\"D\u00e9fice ofensivo para superar - Portal Tela Portugal\" \/>\n<meta property=\"og:description\" content=\"Em 2026, o FC Porto soma 17 golos. Apenas quatro foram marcados por pontas-de-lan\u00e7a. Samu tem dois golos na \u00e9poca, um pen\u00e1lti frente ao Gil Vicente e outro na sequ\u00eancia de um erro do guarda-redes do Santa Clara. Os restantes golos desenvolveram-se entre Deniz G\u00fcl e Terem Moffi. A les\u00e3o de Samu \u00e9 apontada como fator que agrava o d\u00e9fice atacante do plantel.\" \/>\n<meta property=\"og:url\" content=\"https:\/\/portaltela.pt\/noticias\/2026\/03\/08\/defice-ofensivo-para-superar\/\" \/>\n<meta property=\"og:site_name\" content=\"Portal Tela Portugal\" \/>\n<meta property=\"article:published_time\" content=\"2026-03-08T04:39:00+00:00\" \/>\n<meta name=\"author\" content=\"Telinha\" \/>\n<meta name=\"twitter:card\" content=\"summary_large_image\" \/>\n<meta name=\"twitter:label1\" content=\"Escrito por\" \/>\n\t<meta name=\"twitter:data1\" content=\"Telinha\" \/>\n\t<meta name=\"twitter:label2\" content=\"Tempo estimado de leitura\" \/>\n\t<meta name=\"twitter:data2\" content=\"1 minuto\" \/>\n<script type=\"application\/ld+json\" class=\"yoast-schema-graph\">{\"@context\":\"https:\/\/schema.org\",\"@graph\":[{\"@type\":\"Article\",\"@id\":\"https:\/\/portaltela.pt\/noticias\/2026\/03\/08\/defice-ofensivo-para-superar\/#article\",\"isPartOf\":{\"@id\":\"https:\/\/portaltela.pt\/noticias\/2026\/03\/08\/defice-ofensivo-para-superar\/\"},\"author\":{\"name\":\"Telinha\",\"@id\":\"https:\/\/portaltela.pt\/#\/schema\/person\/c4278d4a6028830caff9ee44b42d32ed\"},\"headline\":\"D\u00e9fice ofensivo para superar\",\"datePublished\":\"2026-03-08T04:39:00+00:00\",\"mainEntityOfPage\":{\"@id\":\"https:\/\/portaltela.pt\/noticias\/2026\/03\/08\/defice-ofensivo-para-superar\/\"},\"wordCount\":121,\"image\":{\"@id\":\"https:\/\/portaltela.pt\/noticias\/2026\/03\/08\/defice-ofensivo-para-superar\/#primaryimage\"},\"thumbnailUrl\":\"https:\/\/portaltela.pt\/s.01k8rhncp4jt1\/2026\/03\/img_920x518uu2025-12-09-19-04-58-2408160.jpg\",\"keywords\":[\"1.\u00aa Liga\",\"desporto\",\"futebol\",\"gols\",\"Porto\",\"Samu\"],\"articleSection\":[\"Desporto\",\"Futebol\"],\"inLanguage\":\"pt-PT\"},{\"@type\":\"WebPage\",\"@id\":\"https:\/\/portaltela.pt\/noticias\/2026\/03\/08\/defice-ofensivo-para-superar\/\",\"url\":\"https:\/\/portaltela.pt\/noticias\/2026\/03\/08\/defice-ofensivo-para-superar\/\",\"name\":\"D\u00e9fice ofensivo para superar - Portal Tela Portugal\",\"isPartOf\":{\"@id\":\"https:\/\/portaltela.pt\/#website\"},\"primaryImageOfPage\":{\"@id\":\"https:\/\/portaltela.pt\/noticias\/2026\/03\/08\/defice-ofensivo-para-superar\/#primaryimage\"},\"image\":{\"@id\":\"https:\/\/portaltela.pt\/noticias\/2026\/03\/08\/defice-ofensivo-para-superar\/#primaryimage\"},\"thumbnailUrl\":\"https:\/\/portaltela.pt\/s.01k8rhncp4jt1\/2026\/03\/img_920x518uu2025-12-09-19-04-58-2408160.jpg\",\"datePublished\":\"2026-03-08T04:39:00+00:00\",\"author\":{\"@id\":\"https:\/\/portaltela.pt\/#\/schema\/person\/c4278d4a6028830caff9ee44b42d32ed\"},\"breadcrumb\":{\"@id\":\"https:\/\/portaltela.pt\/noticias\/2026\/03\/08\/defice-ofensivo-para-superar\/#breadcrumb\"},\"inLanguage\":\"pt-PT\",\"potentialAction\":[{\"@type\":\"ReadAction\",\"target\":[\"https:\/\/portaltela.pt\/noticias\/2026\/03\/08\/defice-ofensivo-para-superar\/\"]}]},{\"@type\":\"ImageObject\",\"inLanguage\":\"pt-PT\",\"@id\":\"https:\/\/portaltela.pt\/noticias\/2026\/03\/08\/defice-ofensivo-para-superar\/#primaryimage\",\"url\":\"https:\/\/portaltela.pt\/s.01k8rhncp4jt1\/2026\/03\/img_920x518uu2025-12-09-19-04-58-2408160.jpg\",\"contentUrl\":\"https:\/\/portaltela.pt\/s.01k8rhncp4jt1\/2026\/03\/img_920x518uu2025-12-09-19-04-58-2408160.jpg\",\"width\":796,\"height\":448,\"caption\":\"Deniz G\u00fcl tem um golo neste ano civil\"},{\"@type\":\"BreadcrumbList\",\"@id\":\"https:\/\/portaltela.pt\/noticias\/2026\/03\/08\/defice-ofensivo-para-superar\/#breadcrumb\",\"itemListElement\":[{\"@type\":\"ListItem\",\"position\":1,\"name\":\"In\u00edcio\",\"item\":\"https:\/\/portaltela.pt\/\"},{\"@type\":\"ListItem\",\"position\":2,\"name\":\"D\u00e9fice ofensivo para superar\"}]},{\"@type\":\"WebSite\",\"@id\":\"https:\/\/portaltela.pt\/#website\",\"url\":\"https:\/\/portaltela.pt\/\",\"name\":\"Portal Tela Portugal\",\"description\":\"\",\"potentialAction\":[{\"@type\":\"SearchAction\",\"target\":{\"@type\":\"EntryPoint\",\"urlTemplate\":\"https:\/\/portaltela.pt\/?s={search_term_string}\"},\"query-input\":{\"@type\":\"PropertyValueSpecification\",\"valueRequired\":true,\"valueName\":\"search_term_string\"}}],\"inLanguage\":\"pt-PT\"},{\"@type\":\"Person\",\"@id\":\"https:\/\/portaltela.pt\/#\/schema\/person\/c4278d4a6028830caff9ee44b42d32ed\",\"name\":\"Telinha\",\"image\":{\"@type\":\"ImageObject\",\"inLanguage\":\"pt-PT\",\"@id\":\"https:\/\/portaltela.pt\/s.01k8rhncp4jt1\/2025\/11\/talking-bot-125x125.png\",\"url\":\"https:\/\/portaltela.pt\/s.01k8rhncp4jt1\/2025\/11\/talking-bot-125x125.png\",\"contentUrl\":\"https:\/\/portaltela.pt\/s.01k8rhncp4jt1\/2025\/11\/talking-bot-125x125.png\",\"caption\":\"Telinha\"},\"sameAs\":[\"https:\/\/portaltela.pt\/\"],\"url\":\"https:\/\/portaltela.pt\/por\/367410592786\/\"}]}<\/script>\n<!-- \/ Yoast SEO plugin. -->","yoast_head_json":{"title":"D\u00e9fice ofensivo para superar - Portal Tela Portugal","robots":{"index":"index","follow":"follow","max-snippet":"max-snippet:-1","max-image-preview":"max-image-preview:large","max-video-preview":"max-video-preview:-1"},"og_locale":"pt_PT","og_type":"article","og_title":"D\u00e9fice ofensivo para superar - Portal Tela Portugal","og_description":"Em 2026, o FC Porto soma 17 golos. Apenas quatro foram marcados por pontas-de-lan\u00e7a. Samu tem dois golos na \u00e9poca, um pen\u00e1lti frente ao Gil Vicente e outro na sequ\u00eancia de um erro do guarda-redes do Santa Clara. Os restantes golos desenvolveram-se entre Deniz G\u00fcl e Terem Moffi. A les\u00e3o de Samu \u00e9 apontada como fator que agrava o d\u00e9fice atacante do plantel.","og_url":"https:\/\/portaltela.pt\/noticias\/2026\/03\/08\/defice-ofensivo-para-superar\/","og_site_name":"Portal Tela Portugal","article_published_time":"2026-03-08T04:39:00+00:00","author":"Telinha","twitter_card":"summary_large_image","twitter_misc":{"Escrito por":"Telinha","Tempo estimado de leitura":"1 minuto"},"schema":{"@context":"https:\/\/schema.org","@graph":[{"@type":"Article","@id":"https:\/\/portaltela.pt\/noticias\/2026\/03\/08\/defice-ofensivo-para-superar\/#article","isPartOf":{"@id":"https:\/\/portaltela.pt\/noticias\/2026\/03\/08\/defice-ofensivo-para-superar\/"},"author":{"name":"Telinha","@id":"https:\/\/portaltela.pt\/#\/schema\/person\/c4278d4a6028830caff9ee44b42d32ed"},"headline":"D\u00e9fice ofensivo para superar","datePublished":"2026-03-08T04:39:00+00:00","mainEntityOfPage":{"@id":"https:\/\/portaltela.pt\/noticias\/2026\/03\/08\/defice-ofensivo-para-superar\/"},"wordCount":121,"image":{"@id":"https:\/\/portaltela.pt\/noticias\/2026\/03\/08\/defice-ofensivo-para-superar\/#primaryimage"},"thumbnailUrl":"https:\/\/portaltela.pt\/s.01k8rhncp4jt1\/2026\/03\/img_920x518uu2025-12-09-19-04-58-2408160.jpg","keywords":["1.\u00aa Liga","desporto","futebol","gols","Porto","Samu"],"articleSection":["Desporto","Futebol"],"inLanguage":"pt-PT"},{"@type":"WebPage","@id":"https:\/\/portaltela.pt\/noticias\/2026\/03\/08\/defice-ofensivo-para-superar\/","url":"https:\/\/portaltela.pt\/noticias\/2026\/03\/08\/defice-ofensivo-para-superar\/","name":"D\u00e9fice ofensivo para superar - Portal Tela Portugal","isPartOf":{"@id":"https:\/\/portaltela.pt\/#website"},"primaryImageOfPage":{"@id":"https:\/\/portaltela.pt\/noticias\/2026\/03\/08\/defice-ofensivo-para-superar\/#primaryimage"},"image":{"@id":"https:\/\/portaltela.pt\/noticias\/2026\/03\/08\/defice-ofensivo-para-superar\/#primaryimage"},"thumbnailUrl":"https:\/\/portaltela.pt\/s.01k8rhncp4jt1\/2026\/03\/img_920x518uu2025-12-09-19-04-58-2408160.jpg","datePublished":"2026-03-08T04:39:00+00:00","author":{"@id":"https:\/\/portaltela.pt\/#\/schema\/person\/c4278d4a6028830caff9ee44b42d32ed"},"breadcrumb":{"@id":"https:\/\/portaltela.pt\/noticias\/2026\/03\/08\/defice-ofensivo-para-superar\/#breadcrumb"},"inLanguage":"pt-PT","potentialAction":[{"@type":"ReadAction","target":["https:\/\/portaltela.pt\/noticias\/2026\/03\/08\/defice-ofensivo-para-superar\/"]}]},{"@type":"ImageObject","inLanguage":"pt-PT","@id":"https:\/\/portaltela.pt\/noticias\/2026\/03\/08\/defice-ofensivo-para-superar\/#primaryimage","url":"https:\/\/portaltela.pt\/s.01k8rhncp4jt1\/2026\/03\/img_920x518uu2025-12-09-19-04-58-2408160.jpg","contentUrl":"https:\/\/portaltela.pt\/s.01k8rhncp4jt1\/2026\/03\/img_920x518uu2025-12-09-19-04-58-2408160.jpg","width":796,"height":448,"caption":"Deniz G\u00fcl tem um golo neste ano civil"},{"@type":"BreadcrumbList","@id":"https:\/\/portaltela.pt\/noticias\/2026\/03\/08\/defice-ofensivo-para-superar\/#breadcrumb","itemListElement":[{"@type":"ListItem","position":1,"name":"In\u00edcio","item":"https:\/\/portaltela.pt\/"},{"@type":"ListItem","position":2,"name":"D\u00e9fice ofensivo para superar"}]},{"@type":"WebSite","@id":"https:\/\/portaltela.pt\/#website","url":"https:\/\/portaltela.pt\/","name":"Portal Tela Portugal","description":"","potentialAction":[{"@type":"SearchAction","target":{"@type":"EntryPoint","urlTemplate":"https:\/\/portaltela.pt\/?s={search_term_string}"},"query-input":{"@type":"PropertyValueSpecification","valueRequired":true,"valueName":"search_term_string"}}],"inLanguage":"pt-PT"},{"@type":"Person","@id":"https:\/\/portaltela.pt\/#\/schema\/person\/c4278d4a6028830caff9ee44b42d32ed","name":"Telinha","image":{"@type":"ImageObject","inLanguage":"pt-PT","@id":"https:\/\/portaltela.pt\/s.01k8rhncp4jt1\/2025\/11\/talking-bot-125x125.png","url":"https:\/\/portaltela.pt\/s.01k8rhncp4jt1\/2025\/11\/talking-bot-125x125.png","contentUrl":"https:\/\/portaltela.pt\/s.01k8rhncp4jt1\/2025\/11\/talking-bot-125x125.png","caption":"Telinha"},"sameAs":["https:\/\/portaltela.pt\/"],"url":"https:\/\/portaltela.pt\/por\/367410592786\/"}]}},"_links":{"self":[{"href":"https:\/\/portaltela.pt\/api\/wp\/v2\/posts\/401956","targetHints":{"allow":["GET"]}}],"collection":[{"href":"https:\/\/portaltela.pt\/api\/wp\/v2\/posts"}],"about":[{"href":"https:\/\/portaltela.pt\/api\/wp\/v2\/types\/post"}],"author":[{"embeddable":true,"href":"https:\/\/portaltela.pt\/api\/wp\/v2\/users\/2"}],"replies":[{"embeddable":true,"href":"https:\/\/portaltela.pt\/api\/wp\/v2\/comments?post=401956"}],"version-history":[{"count":0,"href":"https:\/\/portaltela.pt\/api\/wp\/v2\/posts\/401956\/revisions"}],"wp:featuredmedia":[{"embeddable":true,"href":"https:\/\/portaltela.pt\/api\/wp\/v2\/media\/401957"}],"wp:attachment":[{"href":"https:\/\/portaltela.pt\/api\/wp\/v2\/media?parent=401956"}],"wp:term":[{"taxonomy":"category","embeddable":true,"href":"https:\/\/portaltela.pt\/api\/wp\/v2\/categories?post=401956"},{"taxonomy":"post_tag","embeddable":true,"href":"https:\/\/portaltela.pt\/api\/wp\/v2\/tags?post=401956"}],"curies":[{"name":"wp","href":"https:\/\/api.w.org\/{rel}","templated":true}]}}