{"id":401954,"date":"2026-03-07T16:29:00","date_gmt":"2026-03-07T19:29:00","guid":{"rendered":"https:\/\/portaltela.pt\/noticias\/2026\/03\/07\/dois-movimentos-da-oposicao-iraniana-manifestam-se-em-paris\/"},"modified":"2026-03-07T16:29:00","modified_gmt":"2026-03-07T19:29:00","slug":"dois-movimentos-da-oposicao-iraniana-manifestam-se-em-paris","status":"publish","type":"post","link":"https:\/\/portaltela.pt\/geopolitica\/2026\/03\/07\/dois-movimentos-da-oposicao-iraniana-manifestam-se-em-paris\/","title":{"rendered":"Dois movimentos da oposi\u00e7\u00e3o iraniana manifestam-se em Paris"},"content":{"rendered":"<p>Dois movimentos da oposi\u00e7\u00e3o iraniana realizaram uma manifesta\u00e7\u00e3o hoje em Paris, segundo o conte\u00fado dispon\u00edvel. Os organizadores s\u00e3o descritos como da oposi\u00e7\u00e3o, sem identifica\u00e7\u00e3o de nomes espec\u00edficos no resumo enviado.<\/p>\n<p>N\u00e3o h\u00e1 detalhes adicionais sobre n\u00fameros de participantes, itiner\u00e1rio ou dura\u00e7\u00e3o do protesto. Tamb\u00e9m n\u00e3o foram divulgadas informa\u00e7\u00f5es sobre as motiva\u00e7\u00f5es precisas ou declara\u00e7\u00f5es oficiais associadas ao evento.<\/p>\n<p>O texto base indica que o conte\u00fado completo est\u00e1 dispon\u00edvel apenas para subscritores, sem m\u00e9tricas ou dados adicionais fornecidos no resumo.<\/p>\n","protected":false},"excerpt":{"rendered":"<ul>\n<li>Dois movimentos da oposi\u00e7\u00e3o iraniana manifestaram-se hoje em Paris.<\/li>\n<li>O conte\u00fado completo da not\u00edcia est\u00e1 dispon\u00edvel apenas para subscritores.<\/li>\n<li>N\u00e3o foram fornecidos detalhes adicionais no material enviado.<\/li>\n<\/ul>\n","protected":false},"author":2,"featured_media":401955,"comment_status":"closed","ping_status":"closed","sticky":false,"template":"","format":"standard","meta":{"footnotes":""},"categories":[6814],"tags":[3153,3767,3163,2832,2857,2730],"class_list":["post-401954","post","type-post","status-publish","format-standard","has-post-thumbnail","hentry","category-geopolitica","tag-ira","tag-oposicao","tag-paris","tag-politica","tag-protestos","tag-protestos-internacionais"],"yoast_head":"<!-- This site is optimized with the Yoast SEO plugin v27.2 - https:\/\/yoast.com\/product\/yoast-seo-wordpress\/ -->\n<title>Dois movimentos da oposi\u00e7\u00e3o iraniana manifestam-se em Paris - Portal Tela Portugal<\/title>\n<meta name=\"robots\" content=\"index, follow, max-snippet:-1, max-image-preview:large, max-video-preview:-1\" \/>\n<meta property=\"og:locale\" content=\"pt_PT\" \/>\n<meta property=\"og:type\" content=\"article\" \/>\n<meta property=\"og:title\" content=\"Dois movimentos da oposi\u00e7\u00e3o iraniana manifestam-se em Paris - Portal Tela Portugal\" \/>\n<meta property=\"og:description\" content=\"Dois movimentos da oposi\u00e7\u00e3o iraniana manifestaram-se hoje em Paris. O conte\u00fado completo da not\u00edcia est\u00e1 dispon\u00edvel apenas para subscritores. N\u00e3o foram fornecidos detalhes adicionais no material enviado.\" \/>\n<meta property=\"og:url\" content=\"https:\/\/portaltela.pt\/noticias\/2026\/03\/07\/dois-movimentos-da-oposicao-iraniana-manifestam-se-em-paris\/\" \/>\n<meta property=\"og:site_name\" content=\"Portal Tela Portugal\" \/>\n<meta property=\"article:published_time\" content=\"2026-03-07T19:29:00+00:00\" \/>\n<meta name=\"author\" content=\"Telinha\" \/>\n<meta name=\"twitter:card\" content=\"summary_large_image\" \/>\n<meta name=\"twitter:label1\" content=\"Escrito por\" \/>\n\t<meta name=\"twitter:data1\" content=\"Telinha\" \/>\n<script type=\"application\/ld+json\" class=\"yoast-schema-graph\">{\"@context\":\"https:\/\/schema.org\",\"@graph\":[{\"@type\":\"Article\",\"@id\":\"https:\/\/portaltela.pt\/noticias\/2026\/03\/07\/dois-movimentos-da-oposicao-iraniana-manifestam-se-em-paris\/#article\",\"isPartOf\":{\"@id\":\"https:\/\/portaltela.pt\/noticias\/2026\/03\/07\/dois-movimentos-da-oposicao-iraniana-manifestam-se-em-paris\/\"},\"author\":{\"name\":\"Telinha\",\"@id\":\"https:\/\/portaltela.pt\/#\/schema\/person\/c4278d4a6028830caff9ee44b42d32ed\"},\"headline\":\"Dois movimentos da oposi\u00e7\u00e3o iraniana manifestam-se em Paris\",\"datePublished\":\"2026-03-07T19:29:00+00:00\",\"mainEntityOfPage\":{\"@id\":\"https:\/\/portaltela.pt\/noticias\/2026\/03\/07\/dois-movimentos-da-oposicao-iraniana-manifestam-se-em-paris\/\"},\"wordCount\":108,\"image\":{\"@id\":\"https:\/\/portaltela.pt\/noticias\/2026\/03\/07\/dois-movimentos-da-oposicao-iraniana-manifestam-se-em-paris\/#primaryimage\"},\"thumbnailUrl\":\"https:\/\/portaltela.pt\/s.01k8rhncp4jt1\/2026\/03\/CACHE_780X1200_ANALOG_WATERMARKED_46707232_492988624000077.jpg\",\"keywords\":[\"Ir\u00e3\",\"oposi\u00e7\u00e3o\",\"Paris\",\"pol\u00edtica\",\"protestos\",\"protestos internacionais\"],\"articleSection\":[\"Geopol\u00edtica\"],\"inLanguage\":\"pt-PT\"},{\"@type\":\"WebPage\",\"@id\":\"https:\/\/portaltela.pt\/noticias\/2026\/03\/07\/dois-movimentos-da-oposicao-iraniana-manifestam-se-em-paris\/\",\"url\":\"https:\/\/portaltela.pt\/noticias\/2026\/03\/07\/dois-movimentos-da-oposicao-iraniana-manifestam-se-em-paris\/\",\"name\":\"Dois movimentos da oposi\u00e7\u00e3o iraniana manifestam-se em Paris - Portal Tela Portugal\",\"isPartOf\":{\"@id\":\"https:\/\/portaltela.pt\/#website\"},\"primaryImageOfPage\":{\"@id\":\"https:\/\/portaltela.pt\/noticias\/2026\/03\/07\/dois-movimentos-da-oposicao-iraniana-manifestam-se-em-paris\/#primaryimage\"},\"image\":{\"@id\":\"https:\/\/portaltela.pt\/noticias\/2026\/03\/07\/dois-movimentos-da-oposicao-iraniana-manifestam-se-em-paris\/#primaryimage\"},\"thumbnailUrl\":\"https:\/\/portaltela.pt\/s.01k8rhncp4jt1\/2026\/03\/CACHE_780X1200_ANALOG_WATERMARKED_46707232_492988624000077.jpg\",\"datePublished\":\"2026-03-07T19:29:00+00:00\",\"author\":{\"@id\":\"https:\/\/portaltela.pt\/#\/schema\/person\/c4278d4a6028830caff9ee44b42d32ed\"},\"breadcrumb\":{\"@id\":\"https:\/\/portaltela.pt\/noticias\/2026\/03\/07\/dois-movimentos-da-oposicao-iraniana-manifestam-se-em-paris\/#breadcrumb\"},\"inLanguage\":\"pt-PT\",\"potentialAction\":[{\"@type\":\"ReadAction\",\"target\":[\"https:\/\/portaltela.pt\/noticias\/2026\/03\/07\/dois-movimentos-da-oposicao-iraniana-manifestam-se-em-paris\/\"]}]},{\"@type\":\"ImageObject\",\"inLanguage\":\"pt-PT\",\"@id\":\"https:\/\/portaltela.pt\/noticias\/2026\/03\/07\/dois-movimentos-da-oposicao-iraniana-manifestam-se-em-paris\/#primaryimage\",\"url\":\"https:\/\/portaltela.pt\/s.01k8rhncp4jt1\/2026\/03\/CACHE_780X1200_ANALOG_WATERMARKED_46707232_492988624000077.jpg\",\"contentUrl\":\"https:\/\/portaltela.pt\/s.01k8rhncp4jt1\/2026\/03\/CACHE_780X1200_ANALOG_WATERMARKED_46707232_492988624000077.jpg\",\"width\":768,\"height\":512,\"caption\":\"Dois movimentos da oposi\u00e7\u00e3o iraniana manifestaram-se hoje em Paris\"},{\"@type\":\"BreadcrumbList\",\"@id\":\"https:\/\/portaltela.pt\/noticias\/2026\/03\/07\/dois-movimentos-da-oposicao-iraniana-manifestam-se-em-paris\/#breadcrumb\",\"itemListElement\":[{\"@type\":\"ListItem\",\"position\":1,\"name\":\"In\u00edcio\",\"item\":\"https:\/\/portaltela.pt\/\"},{\"@type\":\"ListItem\",\"position\":2,\"name\":\"Dois movimentos da oposi\u00e7\u00e3o iraniana manifestam-se em Paris\"}]},{\"@type\":\"WebSite\",\"@id\":\"https:\/\/portaltela.pt\/#website\",\"url\":\"https:\/\/portaltela.pt\/\",\"name\":\"Portal Tela Portugal\",\"description\":\"\",\"potentialAction\":[{\"@type\":\"SearchAction\",\"target\":{\"@type\":\"EntryPoint\",\"urlTemplate\":\"https:\/\/portaltela.pt\/?s={search_term_string}\"},\"query-input\":{\"@type\":\"PropertyValueSpecification\",\"valueRequired\":true,\"valueName\":\"search_term_string\"}}],\"inLanguage\":\"pt-PT\"},{\"@type\":\"Person\",\"@id\":\"https:\/\/portaltela.pt\/#\/schema\/person\/c4278d4a6028830caff9ee44b42d32ed\",\"name\":\"Telinha\",\"image\":{\"@type\":\"ImageObject\",\"inLanguage\":\"pt-PT\",\"@id\":\"https:\/\/portaltela.pt\/s.01k8rhncp4jt1\/2025\/11\/talking-bot-125x125.png\",\"url\":\"https:\/\/portaltela.pt\/s.01k8rhncp4jt1\/2025\/11\/talking-bot-125x125.png\",\"contentUrl\":\"https:\/\/portaltela.pt\/s.01k8rhncp4jt1\/2025\/11\/talking-bot-125x125.png\",\"caption\":\"Telinha\"},\"sameAs\":[\"https:\/\/portaltela.pt\/\"],\"url\":\"https:\/\/portaltela.pt\/por\/367410592786\/\"}]}<\/script>\n<!-- \/ Yoast SEO plugin. -->","yoast_head_json":{"title":"Dois movimentos da oposi\u00e7\u00e3o iraniana manifestam-se em Paris - Portal Tela Portugal","robots":{"index":"index","follow":"follow","max-snippet":"max-snippet:-1","max-image-preview":"max-image-preview:large","max-video-preview":"max-video-preview:-1"},"og_locale":"pt_PT","og_type":"article","og_title":"Dois movimentos da oposi\u00e7\u00e3o iraniana manifestam-se em Paris - Portal Tela Portugal","og_description":"Dois movimentos da oposi\u00e7\u00e3o iraniana manifestaram-se hoje em Paris. O conte\u00fado completo da not\u00edcia est\u00e1 dispon\u00edvel apenas para subscritores. N\u00e3o foram fornecidos detalhes adicionais no material enviado.","og_url":"https:\/\/portaltela.pt\/noticias\/2026\/03\/07\/dois-movimentos-da-oposicao-iraniana-manifestam-se-em-paris\/","og_site_name":"Portal Tela Portugal","article_published_time":"2026-03-07T19:29:00+00:00","author":"Telinha","twitter_card":"summary_large_image","twitter_misc":{"Escrito por":"Telinha"},"schema":{"@context":"https:\/\/schema.org","@graph":[{"@type":"Article","@id":"https:\/\/portaltela.pt\/noticias\/2026\/03\/07\/dois-movimentos-da-oposicao-iraniana-manifestam-se-em-paris\/#article","isPartOf":{"@id":"https:\/\/portaltela.pt\/noticias\/2026\/03\/07\/dois-movimentos-da-oposicao-iraniana-manifestam-se-em-paris\/"},"author":{"name":"Telinha","@id":"https:\/\/portaltela.pt\/#\/schema\/person\/c4278d4a6028830caff9ee44b42d32ed"},"headline":"Dois movimentos da oposi\u00e7\u00e3o iraniana manifestam-se em Paris","datePublished":"2026-03-07T19:29:00+00:00","mainEntityOfPage":{"@id":"https:\/\/portaltela.pt\/noticias\/2026\/03\/07\/dois-movimentos-da-oposicao-iraniana-manifestam-se-em-paris\/"},"wordCount":108,"image":{"@id":"https:\/\/portaltela.pt\/noticias\/2026\/03\/07\/dois-movimentos-da-oposicao-iraniana-manifestam-se-em-paris\/#primaryimage"},"thumbnailUrl":"https:\/\/portaltela.pt\/s.01k8rhncp4jt1\/2026\/03\/CACHE_780X1200_ANALOG_WATERMARKED_46707232_492988624000077.jpg","keywords":["Ir\u00e3","oposi\u00e7\u00e3o","Paris","pol\u00edtica","protestos","protestos internacionais"],"articleSection":["Geopol\u00edtica"],"inLanguage":"pt-PT"},{"@type":"WebPage","@id":"https:\/\/portaltela.pt\/noticias\/2026\/03\/07\/dois-movimentos-da-oposicao-iraniana-manifestam-se-em-paris\/","url":"https:\/\/portaltela.pt\/noticias\/2026\/03\/07\/dois-movimentos-da-oposicao-iraniana-manifestam-se-em-paris\/","name":"Dois movimentos da oposi\u00e7\u00e3o iraniana manifestam-se em Paris - Portal Tela Portugal","isPartOf":{"@id":"https:\/\/portaltela.pt\/#website"},"primaryImageOfPage":{"@id":"https:\/\/portaltela.pt\/noticias\/2026\/03\/07\/dois-movimentos-da-oposicao-iraniana-manifestam-se-em-paris\/#primaryimage"},"image":{"@id":"https:\/\/portaltela.pt\/noticias\/2026\/03\/07\/dois-movimentos-da-oposicao-iraniana-manifestam-se-em-paris\/#primaryimage"},"thumbnailUrl":"https:\/\/portaltela.pt\/s.01k8rhncp4jt1\/2026\/03\/CACHE_780X1200_ANALOG_WATERMARKED_46707232_492988624000077.jpg","datePublished":"2026-03-07T19:29:00+00:00","author":{"@id":"https:\/\/portaltela.pt\/#\/schema\/person\/c4278d4a6028830caff9ee44b42d32ed"},"breadcrumb":{"@id":"https:\/\/portaltela.pt\/noticias\/2026\/03\/07\/dois-movimentos-da-oposicao-iraniana-manifestam-se-em-paris\/#breadcrumb"},"inLanguage":"pt-PT","potentialAction":[{"@type":"ReadAction","target":["https:\/\/portaltela.pt\/noticias\/2026\/03\/07\/dois-movimentos-da-oposicao-iraniana-manifestam-se-em-paris\/"]}]},{"@type":"ImageObject","inLanguage":"pt-PT","@id":"https:\/\/portaltela.pt\/noticias\/2026\/03\/07\/dois-movimentos-da-oposicao-iraniana-manifestam-se-em-paris\/#primaryimage","url":"https:\/\/portaltela.pt\/s.01k8rhncp4jt1\/2026\/03\/CACHE_780X1200_ANALOG_WATERMARKED_46707232_492988624000077.jpg","contentUrl":"https:\/\/portaltela.pt\/s.01k8rhncp4jt1\/2026\/03\/CACHE_780X1200_ANALOG_WATERMARKED_46707232_492988624000077.jpg","width":768,"height":512,"caption":"Dois movimentos da oposi\u00e7\u00e3o iraniana manifestaram-se hoje em Paris"},{"@type":"BreadcrumbList","@id":"https:\/\/portaltela.pt\/noticias\/2026\/03\/07\/dois-movimentos-da-oposicao-iraniana-manifestam-se-em-paris\/#breadcrumb","itemListElement":[{"@type":"ListItem","position":1,"name":"In\u00edcio","item":"https:\/\/portaltela.pt\/"},{"@type":"ListItem","position":2,"name":"Dois movimentos da oposi\u00e7\u00e3o iraniana manifestam-se em Paris"}]},{"@type":"WebSite","@id":"https:\/\/portaltela.pt\/#website","url":"https:\/\/portaltela.pt\/","name":"Portal Tela Portugal","description":"","potentialAction":[{"@type":"SearchAction","target":{"@type":"EntryPoint","urlTemplate":"https:\/\/portaltela.pt\/?s={search_term_string}"},"query-input":{"@type":"PropertyValueSpecification","valueRequired":true,"valueName":"search_term_string"}}],"inLanguage":"pt-PT"},{"@type":"Person","@id":"https:\/\/portaltela.pt\/#\/schema\/person\/c4278d4a6028830caff9ee44b42d32ed","name":"Telinha","image":{"@type":"ImageObject","inLanguage":"pt-PT","@id":"https:\/\/portaltela.pt\/s.01k8rhncp4jt1\/2025\/11\/talking-bot-125x125.png","url":"https:\/\/portaltela.pt\/s.01k8rhncp4jt1\/2025\/11\/talking-bot-125x125.png","contentUrl":"https:\/\/portaltela.pt\/s.01k8rhncp4jt1\/2025\/11\/talking-bot-125x125.png","caption":"Telinha"},"sameAs":["https:\/\/portaltela.pt\/"],"url":"https:\/\/portaltela.pt\/por\/367410592786\/"}]}},"_links":{"self":[{"href":"https:\/\/portaltela.pt\/api\/wp\/v2\/posts\/401954","targetHints":{"allow":["GET"]}}],"collection":[{"href":"https:\/\/portaltela.pt\/api\/wp\/v2\/posts"}],"about":[{"href":"https:\/\/portaltela.pt\/api\/wp\/v2\/types\/post"}],"author":[{"embeddable":true,"href":"https:\/\/portaltela.pt\/api\/wp\/v2\/users\/2"}],"replies":[{"embeddable":true,"href":"https:\/\/portaltela.pt\/api\/wp\/v2\/comments?post=401954"}],"version-history":[{"count":0,"href":"https:\/\/portaltela.pt\/api\/wp\/v2\/posts\/401954\/revisions"}],"wp:featuredmedia":[{"embeddable":true,"href":"https:\/\/portaltela.pt\/api\/wp\/v2\/media\/401955"}],"wp:attachment":[{"href":"https:\/\/portaltela.pt\/api\/wp\/v2\/media?parent=401954"}],"wp:term":[{"taxonomy":"category","embeddable":true,"href":"https:\/\/portaltela.pt\/api\/wp\/v2\/categories?post=401954"},{"taxonomy":"post_tag","embeddable":true,"href":"https:\/\/portaltela.pt\/api\/wp\/v2\/tags?post=401954"}],"curies":[{"name":"wp","href":"https:\/\/api.w.org\/{rel}","templated":true}]}}