{"id":401942,"date":"2026-03-07T22:30:00","date_gmt":"2026-03-08T01:30:00","guid":{"rendered":"https:\/\/portaltela.pt\/noticias\/2026\/03\/07\/investigacao-em-curso-sobre-ataque-que-tirou-a-vida-a-alunas-no-irao\/"},"modified":"2026-03-07T22:30:00","modified_gmt":"2026-03-08T01:30:00","slug":"investigacao-em-curso-sobre-ataque-que-tirou-a-vida-a-alunas-no-irao","status":"publish","type":"post","link":"https:\/\/portaltela.pt\/noticias\/2026\/03\/07\/investigacao-em-curso-sobre-ataque-que-tirou-a-vida-a-alunas-no-irao\/","title":{"rendered":"Investiga\u00e7\u00e3o em curso sobre ataque que tirou a vida a alunas no Ir\u00e3o"},"content":{"rendered":"<p>Entre o poss\u00edvel bombardeamento de uma escola prim\u00e1ria feminina no Ir\u00e3o e as consequ\u00eancias que se seguiram, uma investiga\u00e7\u00e3o da Associated Press sustenta que os EUA seriam respons\u00e1veis pelo ataque no primeiro dia de hostilidades, a 28 de fevereiro. Ao todo, 165 pessoas teriam morrido, em maioria crian\u00e7as, segundo a apura\u00e7\u00e3o da ag\u00eancia. O Ir\u00e3o responsabiliza tamb\u00e9m Israel pelo sucedido.<\/p>\n<p>Segundo a AP, h\u00e1 ind\u00edcios de que o ataque tenha sido realizado pelos EUA, com base em imagens de sat\u00e9lite, dados militares e geogr\u00e1ficos, bem como na abertura de um inqu\u00e9rito routine pela defesa norte\u2011americana. Um oficial ouvido pela ag\u00eancia indicou de forma n\u00e3o identificada que o ataque \u00e9 compat\u00edvel com responsabilidade norte\u2011americana.<\/p>\n<p>A escola fica nas proximidades de uma base da Guarda Revolucion\u00e1ria na prov\u00edncia de Hormozgan, perto de instala\u00e7\u00f5es da brigada naval. Israel j\u00e1 teve opera\u00e7\u00f5es no Ir\u00e3o, mas n\u00e3o \u00e9 confirmado nenhum ataque a\u00e9reo t\u00e3o ao sul. Navios de guerra dos EUA permanecem no golfo P\u00e9rsico, entre eles o porta\u2011avi\u00f5es USS Abraham Lincoln, com capacidade de alcance significativo.<\/p>\n<h3>Rea\u00e7\u00f5es internacionais e enquadramento legal<\/h3>\n<p>A comunidade internacional condenou o que ocorreu, pedindo uma investiga\u00e7\u00e3o completa. Al\u00e9m de cr\u00edticas de institui\u00e7\u00f5es da ONU e de organiza\u00e7\u00f5es de direitos humanos, ativistas defendem o respeito do direito internacional, que classifica ataques a escolas como infra\u00e7\u00e3o grave das regras de guerra.<\/p>\n<p>Especialistas destacam que aludir a escolas como alvos civis contraria conven\u00e7\u00f5es e normas internacionais. O Ir\u00e3o, por seu lado, continua a exigir responsabiliza\u00e7\u00e3o dos EUA e de Israel, enquanto Washington nega qualquer autoria deliberada.<\/p>\n","protected":false},"excerpt":{"rendered":"<ul>\n<li>Investiga\u00e7ao da Associated Press sugere que os EUA foram respons\u00e1veis pelo bombardeamento de uma escola prim\u00e1ria feminina no Ir\u00e3o no dia 28 de fevereiro, que tirou a vida a 165 pessoas, na maioria crian\u00e7as.<\/li>\n<li>A AP reuniu dados de v\u00e1rias fontes e avaliou elementos militares e geogr\u00e1ficos relacionados com o ataque; o Ir\u00e3o responsabiliza os EUA e Israel.<\/li>\n<li>Washington nega a autoria; o secret\u00e1rio de Estado, Marco Rubio, disse que as for\u00e7as americanas \u201cn\u00e3o atacariam deliberadamente uma escola\u201d; a porta-voz da Casa Branca, Karoline Leavitt, n\u00e3o tem informa\u00e7\u00e3o atualizada.<\/li>\n<li>Ind\u00edcios apontam para a abertura de um inqu\u00e9rito militar norte-americano ap\u00f3s um apuramento inicial que sugere culpabilidade dos EUA; um oficial anonymo afirmou que o ataque foi provavelmente realizado pelos EUA.<\/li>\n<li>A localiza\u00e7\u00e3o da escola junto a uma base da Guarda Revolucion\u00e1ria e a instala\u00e7\u00f5es da brigada naval, bem como a presen\u00e7a de navios no Golfo P\u00e9rsico, s\u00e3o fatores relevantes; a condena\u00e7\u00e3o internacional e o apelo por investiga\u00e7\u00e3o completa s\u00e3o real\u00e7ados, incluindo coment\u00e1rio da ativista Malala Yousafzai.<\/li>\n<\/ul>\n","protected":false},"author":2,"featured_media":401943,"comment_status":"closed","ping_status":"closed","sticky":false,"template":"","format":"standard","meta":{"footnotes":""},"categories":[6790,1],"tags":[5267,2819,2633,1600,3153,3708],"class_list":["post-401942","post","type-post","status-publish","format-standard","has-post-thumbnail","hentry","category-conflitos","category-noticias","tag-ataques","tag-crimes-de-guerra","tag-direitos-humanos","tag-estados-unidos","tag-ira","tag-israel"],"yoast_head":"<!-- This site is optimized with the Yoast SEO plugin v27.2 - https:\/\/yoast.com\/product\/yoast-seo-wordpress\/ -->\n<title>Investiga\u00e7\u00e3o em curso sobre ataque que tirou a vida a alunas no Ir\u00e3o - Portal Tela Portugal<\/title>\n<meta name=\"robots\" content=\"index, follow, max-snippet:-1, max-image-preview:large, max-video-preview:-1\" \/>\n<meta property=\"og:locale\" content=\"pt_PT\" \/>\n<meta property=\"og:type\" content=\"article\" \/>\n<meta property=\"og:title\" content=\"Investiga\u00e7\u00e3o em curso sobre ataque que tirou a vida a alunas no Ir\u00e3o - Portal Tela Portugal\" \/>\n<meta property=\"og:description\" content=\"Investiga\u00e7ao da Associated Press sugere que os EUA foram respons\u00e1veis pelo bombardeamento de uma escola prim\u00e1ria feminina no Ir\u00e3o no dia 28 de fevereiro, que tirou a vida a 165 pessoas, na maioria crian\u00e7as. A AP reuniu dados de v\u00e1rias fontes e avaliou elementos militares e geogr\u00e1ficos relacionados com o ataque; o Ir\u00e3o responsabiliza os EUA e Israel. Washington nega a autoria; o secret\u00e1rio de Estado, Marco Rubio, disse que as for\u00e7as americanas \u201cn\u00e3o atacariam deliberadamente uma escola\u201d; a porta-voz da Casa Branca, Karoline Leavitt, n\u00e3o tem informa\u00e7\u00e3o atualizada. Ind\u00edcios apontam para a abertura de um inqu\u00e9rito militar norte-americano ap\u00f3s um apuramento inicial que sugere culpabilidade dos EUA; um oficial anonymo afirmou que o ataque foi provavelmente realizado pelos EUA. A localiza\u00e7\u00e3o da escola junto a uma base da Guarda Revolucion\u00e1ria e a instala\u00e7\u00f5es da brigada naval, bem como a presen\u00e7a de navios no Golfo P\u00e9rsico, s\u00e3o fatores relevantes; a condena\u00e7\u00e3o internacional e o apelo por investiga\u00e7\u00e3o completa s\u00e3o real\u00e7ados, incluindo coment\u00e1rio da ativista Malala Yousafzai.\" \/>\n<meta property=\"og:url\" content=\"https:\/\/portaltela.pt\/noticias\/2026\/03\/07\/investigacao-em-curso-sobre-ataque-que-tirou-a-vida-a-alunas-no-irao\/\" \/>\n<meta property=\"og:site_name\" content=\"Portal Tela Portugal\" \/>\n<meta property=\"article:published_time\" content=\"2026-03-08T01:30:00+00:00\" \/>\n<meta name=\"author\" content=\"Telinha\" \/>\n<meta name=\"twitter:card\" content=\"summary_large_image\" \/>\n<meta name=\"twitter:label1\" content=\"Escrito por\" \/>\n\t<meta name=\"twitter:data1\" content=\"Telinha\" \/>\n\t<meta name=\"twitter:label2\" content=\"Tempo estimado de leitura\" \/>\n\t<meta name=\"twitter:data2\" content=\"1 minuto\" \/>\n<script type=\"application\/ld+json\" class=\"yoast-schema-graph\">{\"@context\":\"https:\/\/schema.org\",\"@graph\":[{\"@type\":\"Article\",\"@id\":\"https:\/\/portaltela.pt\/noticias\/2026\/03\/07\/investigacao-em-curso-sobre-ataque-que-tirou-a-vida-a-alunas-no-irao\/#article\",\"isPartOf\":{\"@id\":\"https:\/\/portaltela.pt\/noticias\/2026\/03\/07\/investigacao-em-curso-sobre-ataque-que-tirou-a-vida-a-alunas-no-irao\/\"},\"author\":{\"name\":\"Telinha\",\"@id\":\"https:\/\/portaltela.pt\/#\/schema\/person\/c4278d4a6028830caff9ee44b42d32ed\"},\"headline\":\"Investiga\u00e7\u00e3o em curso sobre ataque que tirou a vida a alunas no Ir\u00e3o\",\"datePublished\":\"2026-03-08T01:30:00+00:00\",\"mainEntityOfPage\":{\"@id\":\"https:\/\/portaltela.pt\/noticias\/2026\/03\/07\/investigacao-em-curso-sobre-ataque-que-tirou-a-vida-a-alunas-no-irao\/\"},\"wordCount\":305,\"image\":{\"@id\":\"https:\/\/portaltela.pt\/noticias\/2026\/03\/07\/investigacao-em-curso-sobre-ataque-que-tirou-a-vida-a-alunas-no-irao\/#primaryimage\"},\"thumbnailUrl\":\"https:\/\/portaltela.pt\/s.01k8rhncp4jt1\/2026\/03\/img_1500x1000uu2026-03-07-23-30-52-2271026.jpg\",\"keywords\":[\"ataques\",\"crimes de guerra\",\"direitos humanos\",\"Estados Unidos\",\"Ir\u00e3\",\"Israel\"],\"articleSection\":[\"Conflitos\",\"Not\u00edcias\"],\"inLanguage\":\"pt-PT\"},{\"@type\":\"WebPage\",\"@id\":\"https:\/\/portaltela.pt\/noticias\/2026\/03\/07\/investigacao-em-curso-sobre-ataque-que-tirou-a-vida-a-alunas-no-irao\/\",\"url\":\"https:\/\/portaltela.pt\/noticias\/2026\/03\/07\/investigacao-em-curso-sobre-ataque-que-tirou-a-vida-a-alunas-no-irao\/\",\"name\":\"Investiga\u00e7\u00e3o em curso sobre ataque que tirou a vida a alunas no Ir\u00e3o - Portal Tela Portugal\",\"isPartOf\":{\"@id\":\"https:\/\/portaltela.pt\/#website\"},\"primaryImageOfPage\":{\"@id\":\"https:\/\/portaltela.pt\/noticias\/2026\/03\/07\/investigacao-em-curso-sobre-ataque-que-tirou-a-vida-a-alunas-no-irao\/#primaryimage\"},\"image\":{\"@id\":\"https:\/\/portaltela.pt\/noticias\/2026\/03\/07\/investigacao-em-curso-sobre-ataque-que-tirou-a-vida-a-alunas-no-irao\/#primaryimage\"},\"thumbnailUrl\":\"https:\/\/portaltela.pt\/s.01k8rhncp4jt1\/2026\/03\/img_1500x1000uu2026-03-07-23-30-52-2271026.jpg\",\"datePublished\":\"2026-03-08T01:30:00+00:00\",\"author\":{\"@id\":\"https:\/\/portaltela.pt\/#\/schema\/person\/c4278d4a6028830caff9ee44b42d32ed\"},\"breadcrumb\":{\"@id\":\"https:\/\/portaltela.pt\/noticias\/2026\/03\/07\/investigacao-em-curso-sobre-ataque-que-tirou-a-vida-a-alunas-no-irao\/#breadcrumb\"},\"inLanguage\":\"pt-PT\",\"potentialAction\":[{\"@type\":\"ReadAction\",\"target\":[\"https:\/\/portaltela.pt\/noticias\/2026\/03\/07\/investigacao-em-curso-sobre-ataque-que-tirou-a-vida-a-alunas-no-irao\/\"]}]},{\"@type\":\"ImageObject\",\"inLanguage\":\"pt-PT\",\"@id\":\"https:\/\/portaltela.pt\/noticias\/2026\/03\/07\/investigacao-em-curso-sobre-ataque-que-tirou-a-vida-a-alunas-no-irao\/#primaryimage\",\"url\":\"https:\/\/portaltela.pt\/s.01k8rhncp4jt1\/2026\/03\/img_1500x1000uu2026-03-07-23-30-52-2271026.jpg\",\"contentUrl\":\"https:\/\/portaltela.pt\/s.01k8rhncp4jt1\/2026\/03\/img_1500x1000uu2026-03-07-23-30-52-2271026.jpg\",\"width\":796,\"height\":448,\"caption\":\"Investigado ataque que matou alunas\"},{\"@type\":\"BreadcrumbList\",\"@id\":\"https:\/\/portaltela.pt\/noticias\/2026\/03\/07\/investigacao-em-curso-sobre-ataque-que-tirou-a-vida-a-alunas-no-irao\/#breadcrumb\",\"itemListElement\":[{\"@type\":\"ListItem\",\"position\":1,\"name\":\"In\u00edcio\",\"item\":\"https:\/\/portaltela.pt\/\"},{\"@type\":\"ListItem\",\"position\":2,\"name\":\"Investiga\u00e7\u00e3o em curso sobre ataque que tirou a vida a alunas no Ir\u00e3o\"}]},{\"@type\":\"WebSite\",\"@id\":\"https:\/\/portaltela.pt\/#website\",\"url\":\"https:\/\/portaltela.pt\/\",\"name\":\"Portal Tela Portugal\",\"description\":\"\",\"potentialAction\":[{\"@type\":\"SearchAction\",\"target\":{\"@type\":\"EntryPoint\",\"urlTemplate\":\"https:\/\/portaltela.pt\/?s={search_term_string}\"},\"query-input\":{\"@type\":\"PropertyValueSpecification\",\"valueRequired\":true,\"valueName\":\"search_term_string\"}}],\"inLanguage\":\"pt-PT\"},{\"@type\":\"Person\",\"@id\":\"https:\/\/portaltela.pt\/#\/schema\/person\/c4278d4a6028830caff9ee44b42d32ed\",\"name\":\"Telinha\",\"image\":{\"@type\":\"ImageObject\",\"inLanguage\":\"pt-PT\",\"@id\":\"https:\/\/portaltela.pt\/s.01k8rhncp4jt1\/2025\/11\/talking-bot-125x125.png\",\"url\":\"https:\/\/portaltela.pt\/s.01k8rhncp4jt1\/2025\/11\/talking-bot-125x125.png\",\"contentUrl\":\"https:\/\/portaltela.pt\/s.01k8rhncp4jt1\/2025\/11\/talking-bot-125x125.png\",\"caption\":\"Telinha\"},\"sameAs\":[\"https:\/\/portaltela.pt\/\"],\"url\":\"https:\/\/portaltela.pt\/por\/367410592786\/\"}]}<\/script>\n<!-- \/ Yoast SEO plugin. -->","yoast_head_json":{"title":"Investiga\u00e7\u00e3o em curso sobre ataque que tirou a vida a alunas no Ir\u00e3o - Portal Tela Portugal","robots":{"index":"index","follow":"follow","max-snippet":"max-snippet:-1","max-image-preview":"max-image-preview:large","max-video-preview":"max-video-preview:-1"},"og_locale":"pt_PT","og_type":"article","og_title":"Investiga\u00e7\u00e3o em curso sobre ataque que tirou a vida a alunas no Ir\u00e3o - Portal Tela Portugal","og_description":"Investiga\u00e7ao da Associated Press sugere que os EUA foram respons\u00e1veis pelo bombardeamento de uma escola prim\u00e1ria feminina no Ir\u00e3o no dia 28 de fevereiro, que tirou a vida a 165 pessoas, na maioria crian\u00e7as. A AP reuniu dados de v\u00e1rias fontes e avaliou elementos militares e geogr\u00e1ficos relacionados com o ataque; o Ir\u00e3o responsabiliza os EUA e Israel. Washington nega a autoria; o secret\u00e1rio de Estado, Marco Rubio, disse que as for\u00e7as americanas \u201cn\u00e3o atacariam deliberadamente uma escola\u201d; a porta-voz da Casa Branca, Karoline Leavitt, n\u00e3o tem informa\u00e7\u00e3o atualizada. Ind\u00edcios apontam para a abertura de um inqu\u00e9rito militar norte-americano ap\u00f3s um apuramento inicial que sugere culpabilidade dos EUA; um oficial anonymo afirmou que o ataque foi provavelmente realizado pelos EUA. A localiza\u00e7\u00e3o da escola junto a uma base da Guarda Revolucion\u00e1ria e a instala\u00e7\u00f5es da brigada naval, bem como a presen\u00e7a de navios no Golfo P\u00e9rsico, s\u00e3o fatores relevantes; a condena\u00e7\u00e3o internacional e o apelo por investiga\u00e7\u00e3o completa s\u00e3o real\u00e7ados, incluindo coment\u00e1rio da ativista Malala Yousafzai.","og_url":"https:\/\/portaltela.pt\/noticias\/2026\/03\/07\/investigacao-em-curso-sobre-ataque-que-tirou-a-vida-a-alunas-no-irao\/","og_site_name":"Portal Tela Portugal","article_published_time":"2026-03-08T01:30:00+00:00","author":"Telinha","twitter_card":"summary_large_image","twitter_misc":{"Escrito por":"Telinha","Tempo estimado de leitura":"1 minuto"},"schema":{"@context":"https:\/\/schema.org","@graph":[{"@type":"Article","@id":"https:\/\/portaltela.pt\/noticias\/2026\/03\/07\/investigacao-em-curso-sobre-ataque-que-tirou-a-vida-a-alunas-no-irao\/#article","isPartOf":{"@id":"https:\/\/portaltela.pt\/noticias\/2026\/03\/07\/investigacao-em-curso-sobre-ataque-que-tirou-a-vida-a-alunas-no-irao\/"},"author":{"name":"Telinha","@id":"https:\/\/portaltela.pt\/#\/schema\/person\/c4278d4a6028830caff9ee44b42d32ed"},"headline":"Investiga\u00e7\u00e3o em curso sobre ataque que tirou a vida a alunas no Ir\u00e3o","datePublished":"2026-03-08T01:30:00+00:00","mainEntityOfPage":{"@id":"https:\/\/portaltela.pt\/noticias\/2026\/03\/07\/investigacao-em-curso-sobre-ataque-que-tirou-a-vida-a-alunas-no-irao\/"},"wordCount":305,"image":{"@id":"https:\/\/portaltela.pt\/noticias\/2026\/03\/07\/investigacao-em-curso-sobre-ataque-que-tirou-a-vida-a-alunas-no-irao\/#primaryimage"},"thumbnailUrl":"https:\/\/portaltela.pt\/s.01k8rhncp4jt1\/2026\/03\/img_1500x1000uu2026-03-07-23-30-52-2271026.jpg","keywords":["ataques","crimes de guerra","direitos humanos","Estados Unidos","Ir\u00e3","Israel"],"articleSection":["Conflitos","Not\u00edcias"],"inLanguage":"pt-PT"},{"@type":"WebPage","@id":"https:\/\/portaltela.pt\/noticias\/2026\/03\/07\/investigacao-em-curso-sobre-ataque-que-tirou-a-vida-a-alunas-no-irao\/","url":"https:\/\/portaltela.pt\/noticias\/2026\/03\/07\/investigacao-em-curso-sobre-ataque-que-tirou-a-vida-a-alunas-no-irao\/","name":"Investiga\u00e7\u00e3o em curso sobre ataque que tirou a vida a alunas no Ir\u00e3o - Portal Tela Portugal","isPartOf":{"@id":"https:\/\/portaltela.pt\/#website"},"primaryImageOfPage":{"@id":"https:\/\/portaltela.pt\/noticias\/2026\/03\/07\/investigacao-em-curso-sobre-ataque-que-tirou-a-vida-a-alunas-no-irao\/#primaryimage"},"image":{"@id":"https:\/\/portaltela.pt\/noticias\/2026\/03\/07\/investigacao-em-curso-sobre-ataque-que-tirou-a-vida-a-alunas-no-irao\/#primaryimage"},"thumbnailUrl":"https:\/\/portaltela.pt\/s.01k8rhncp4jt1\/2026\/03\/img_1500x1000uu2026-03-07-23-30-52-2271026.jpg","datePublished":"2026-03-08T01:30:00+00:00","author":{"@id":"https:\/\/portaltela.pt\/#\/schema\/person\/c4278d4a6028830caff9ee44b42d32ed"},"breadcrumb":{"@id":"https:\/\/portaltela.pt\/noticias\/2026\/03\/07\/investigacao-em-curso-sobre-ataque-que-tirou-a-vida-a-alunas-no-irao\/#breadcrumb"},"inLanguage":"pt-PT","potentialAction":[{"@type":"ReadAction","target":["https:\/\/portaltela.pt\/noticias\/2026\/03\/07\/investigacao-em-curso-sobre-ataque-que-tirou-a-vida-a-alunas-no-irao\/"]}]},{"@type":"ImageObject","inLanguage":"pt-PT","@id":"https:\/\/portaltela.pt\/noticias\/2026\/03\/07\/investigacao-em-curso-sobre-ataque-que-tirou-a-vida-a-alunas-no-irao\/#primaryimage","url":"https:\/\/portaltela.pt\/s.01k8rhncp4jt1\/2026\/03\/img_1500x1000uu2026-03-07-23-30-52-2271026.jpg","contentUrl":"https:\/\/portaltela.pt\/s.01k8rhncp4jt1\/2026\/03\/img_1500x1000uu2026-03-07-23-30-52-2271026.jpg","width":796,"height":448,"caption":"Investigado ataque que matou alunas"},{"@type":"BreadcrumbList","@id":"https:\/\/portaltela.pt\/noticias\/2026\/03\/07\/investigacao-em-curso-sobre-ataque-que-tirou-a-vida-a-alunas-no-irao\/#breadcrumb","itemListElement":[{"@type":"ListItem","position":1,"name":"In\u00edcio","item":"https:\/\/portaltela.pt\/"},{"@type":"ListItem","position":2,"name":"Investiga\u00e7\u00e3o em curso sobre ataque que tirou a vida a alunas no Ir\u00e3o"}]},{"@type":"WebSite","@id":"https:\/\/portaltela.pt\/#website","url":"https:\/\/portaltela.pt\/","name":"Portal Tela Portugal","description":"","potentialAction":[{"@type":"SearchAction","target":{"@type":"EntryPoint","urlTemplate":"https:\/\/portaltela.pt\/?s={search_term_string}"},"query-input":{"@type":"PropertyValueSpecification","valueRequired":true,"valueName":"search_term_string"}}],"inLanguage":"pt-PT"},{"@type":"Person","@id":"https:\/\/portaltela.pt\/#\/schema\/person\/c4278d4a6028830caff9ee44b42d32ed","name":"Telinha","image":{"@type":"ImageObject","inLanguage":"pt-PT","@id":"https:\/\/portaltela.pt\/s.01k8rhncp4jt1\/2025\/11\/talking-bot-125x125.png","url":"https:\/\/portaltela.pt\/s.01k8rhncp4jt1\/2025\/11\/talking-bot-125x125.png","contentUrl":"https:\/\/portaltela.pt\/s.01k8rhncp4jt1\/2025\/11\/talking-bot-125x125.png","caption":"Telinha"},"sameAs":["https:\/\/portaltela.pt\/"],"url":"https:\/\/portaltela.pt\/por\/367410592786\/"}]}},"_links":{"self":[{"href":"https:\/\/portaltela.pt\/api\/wp\/v2\/posts\/401942","targetHints":{"allow":["GET"]}}],"collection":[{"href":"https:\/\/portaltela.pt\/api\/wp\/v2\/posts"}],"about":[{"href":"https:\/\/portaltela.pt\/api\/wp\/v2\/types\/post"}],"author":[{"embeddable":true,"href":"https:\/\/portaltela.pt\/api\/wp\/v2\/users\/2"}],"replies":[{"embeddable":true,"href":"https:\/\/portaltela.pt\/api\/wp\/v2\/comments?post=401942"}],"version-history":[{"count":0,"href":"https:\/\/portaltela.pt\/api\/wp\/v2\/posts\/401942\/revisions"}],"wp:featuredmedia":[{"embeddable":true,"href":"https:\/\/portaltela.pt\/api\/wp\/v2\/media\/401943"}],"wp:attachment":[{"href":"https:\/\/portaltela.pt\/api\/wp\/v2\/media?parent=401942"}],"wp:term":[{"taxonomy":"category","embeddable":true,"href":"https:\/\/portaltela.pt\/api\/wp\/v2\/categories?post=401942"},{"taxonomy":"post_tag","embeddable":true,"href":"https:\/\/portaltela.pt\/api\/wp\/v2\/tags?post=401942"}],"curies":[{"name":"wp","href":"https:\/\/api.w.org\/{rel}","templated":true}]}}