{"id":401928,"date":"2026-03-07T22:30:00","date_gmt":"2026-03-08T01:30:00","guid":{"rendered":"https:\/\/portaltela.pt\/noticias\/2026\/03\/07\/bacalhau-atinge-preco-recorde-este-ano\/"},"modified":"2026-03-07T22:30:00","modified_gmt":"2026-03-08T01:30:00","slug":"bacalhau-atinge-preco-recorde-este-ano","status":"publish","type":"post","link":"https:\/\/portaltela.pt\/noticias\/economia\/2026\/03\/07\/bacalhau-atinge-preco-recorde-este-ano\/","title":{"rendered":"Bacalhau atinge pre\u00e7o recorde este ano"},"content":{"rendered":"<p>O bacalhau gra\u00fado atingiu em fevereiro os valores mais altos desde que a Deco Proteste come\u00e7ou a monitorizar o cabaz alimentar. O pre\u00e7o por quilo situa-se actualmente em 17,28 euros, o que impede, para muitos, a compra de tr\u00eas quilos com um or\u00e7amento de 50 euros.<\/p>\n<p>Em quatro anos, o custo passou de 10,60 euros por quilo para 17,28 euros, um aumento de 6,68 euros (63%). O aumento representa uma subida significativa no pre\u00e7o do peixe tradicional da mesa portuguesa.<\/p>\n<p>No \u00faltimo ano, o pre\u00e7o por quilo subiu 2,57 euros (18%) face a mar\u00e7o de 2023. Com 50 euros, \u00e9 poss\u00edvel comprar 2,9 quilos, em compara\u00e7\u00e3o com 4,7 quilos h\u00e1 quatro anos, segundo a Deco Proteste.<\/p>\n<p>Para al\u00e9m do bacalhau, o cabaz com 63 produtos essenciais tamb\u00e9m aumentou. Desde o in\u00edcio do ano, o custo subiu 9,94 euros (4,11%), fixando-se agora nos 251,76 euros.<\/p>\n<h3>Impacto nos or\u00e7amentos familiares<\/h3>\n<p>A divulga\u00e7\u00e3o aponta que a subida afeta o or\u00e7amento mensal, j\u00e1 que a m\u00e9dia de consumo anual de bacalhau por portugu\u00eas ronda os 16 quilos. O efeito cumulativo agrava o custo de vida familiar.<\/p>\n<p>Paralelamente, o pre\u00e7o do caf\u00e9 torrado mo\u00eddo tamb\u00e9m subiu. Uma embalagem de 250 gramas passou a custar 4,72 euros, depois de ter atingido 5,28 euros em fevereiro, recorde na monitoriza\u00e7\u00e3o.<\/p>\n<p>Desde janeiro, o cabaz de refer\u00eancia j\u00e1 acumula um aumento de 9,94 euros, com a cesta a chegar aos 251,76 euros esta semana. Em compara\u00e7\u00e3o com mar\u00e7o do ano passado, a varia\u00e7\u00e3o \u00e9 de 13,76 euros.<\/p>\n","protected":false},"excerpt":{"rendered":"<ul>\n<li>Em fevereiro, o bacalhau gra\u00fado atingiu os valores mais elevados desde o in\u00edcio do monitoramento da Deco Proteste ao cabaz alimentar.<\/li>\n<li>O pre\u00e7o por quilo subiu de 10,60 euros h\u00e1 quatro anos para 17,28 euros esta semana, um aumento de 63 por cento.<\/li>\n<li>Com um or\u00e7amento de cinquenta euros j\u00e1 n\u00e3o \u00e9 poss\u00edvel comprar tr\u00eas quilos: agora adquire-se 2,9 quilos, frente a 4,7 quilos h\u00e1 quatro anos.<\/li>\n<li>O consumo m\u00e9dio por portugu\u00eas \u00e9 de 16 quilos por ano, o que torna o aumento relevante para os or\u00e7amentos familiares.<\/li>\n<li>O cabaz alimentar, que re\u00fane 63 produtos essenciais, j\u00e1 custa 251,76 euros este ano, subindo 9,94 euros desde o in\u00edcio do ano (4,11%), e confronta tamb\u00e9m o aumento do caf\u00e9 torrado mo\u00eddo.<\/li>\n<\/ul>\n","protected":false},"author":2,"featured_media":401933,"comment_status":"closed","ping_status":"closed","sticky":false,"template":"","format":"standard","meta":{"footnotes":""},"categories":[2,6735],"tags":[6115,86,5765,4991,28,1014],"class_list":["post-401928","post","type-post","status-publish","format-standard","has-post-thumbnail","hentry","category-economia","category-negocios","tag-_economia","tag-alimentacao","tag-cafe","tag-consumo","tag-economia","tag-portugal"],"yoast_head":"<!-- This site is optimized with the Yoast SEO plugin v27.2 - https:\/\/yoast.com\/product\/yoast-seo-wordpress\/ -->\n<title>Bacalhau atinge pre\u00e7o recorde este ano - Portal Tela Portugal<\/title>\n<meta name=\"robots\" content=\"index, follow, max-snippet:-1, max-image-preview:large, max-video-preview:-1\" \/>\n<meta property=\"og:locale\" content=\"pt_PT\" \/>\n<meta property=\"og:type\" content=\"article\" \/>\n<meta property=\"og:title\" content=\"Bacalhau atinge pre\u00e7o recorde este ano - Portal Tela Portugal\" \/>\n<meta property=\"og:description\" content=\"Em fevereiro, o bacalhau gra\u00fado atingiu os valores mais elevados desde o in\u00edcio do monitoramento da Deco Proteste ao cabaz alimentar. O pre\u00e7o por quilo subiu de 10,60 euros h\u00e1 quatro anos para 17,28 euros esta semana, um aumento de 63 por cento. Com um or\u00e7amento de cinquenta euros j\u00e1 n\u00e3o \u00e9 poss\u00edvel comprar tr\u00eas quilos: agora adquire-se 2,9 quilos, frente a 4,7 quilos h\u00e1 quatro anos. O consumo m\u00e9dio por portugu\u00eas \u00e9 de 16 quilos por ano, o que torna o aumento relevante para os or\u00e7amentos familiares. O cabaz alimentar, que re\u00fane 63 produtos essenciais, j\u00e1 custa 251,76 euros este ano, subindo 9,94 euros desde o in\u00edcio do ano (4,11%), e confronta tamb\u00e9m o aumento do caf\u00e9 torrado mo\u00eddo.\" \/>\n<meta property=\"og:url\" content=\"https:\/\/portaltela.pt\/noticias\/2026\/03\/07\/bacalhau-atinge-preco-recorde-este-ano\/\" \/>\n<meta property=\"og:site_name\" content=\"Portal Tela Portugal\" \/>\n<meta property=\"article:published_time\" content=\"2026-03-08T01:30:00+00:00\" \/>\n<meta name=\"author\" content=\"Telinha\" \/>\n<meta name=\"twitter:card\" content=\"summary_large_image\" \/>\n<meta name=\"twitter:label1\" content=\"Escrito por\" \/>\n\t<meta name=\"twitter:data1\" content=\"Telinha\" \/>\n\t<meta name=\"twitter:label2\" content=\"Tempo estimado de leitura\" \/>\n\t<meta name=\"twitter:data2\" content=\"1 minuto\" \/>\n<script type=\"application\/ld+json\" class=\"yoast-schema-graph\">{\"@context\":\"https:\/\/schema.org\",\"@graph\":[{\"@type\":\"Article\",\"@id\":\"https:\/\/portaltela.pt\/noticias\/2026\/03\/07\/bacalhau-atinge-preco-recorde-este-ano\/#article\",\"isPartOf\":{\"@id\":\"https:\/\/portaltela.pt\/noticias\/2026\/03\/07\/bacalhau-atinge-preco-recorde-este-ano\/\"},\"author\":{\"name\":\"Telinha\",\"@id\":\"https:\/\/portaltela.pt\/#\/schema\/person\/c4278d4a6028830caff9ee44b42d32ed\"},\"headline\":\"Bacalhau atinge pre\u00e7o recorde este ano\",\"datePublished\":\"2026-03-08T01:30:00+00:00\",\"mainEntityOfPage\":{\"@id\":\"https:\/\/portaltela.pt\/noticias\/2026\/03\/07\/bacalhau-atinge-preco-recorde-este-ano\/\"},\"wordCount\":256,\"image\":{\"@id\":\"https:\/\/portaltela.pt\/noticias\/2026\/03\/07\/bacalhau-atinge-preco-recorde-este-ano\/#primaryimage\"},\"thumbnailUrl\":\"https:\/\/portaltela.pt\/s.01k8rhncp4jt1\/2026\/03\/img_1500x1000uu2023-12-23-10-27-59-1523297.jpg\",\"keywords\":[\"_economia\",\"alimenta\u00e7\u00e3o\",\"caf\u00e9\",\"consumo\",\"economia\",\"Portugal\"],\"articleSection\":[\"Economia\",\"Neg\u00f3cios\"],\"inLanguage\":\"pt-PT\"},{\"@type\":\"WebPage\",\"@id\":\"https:\/\/portaltela.pt\/noticias\/2026\/03\/07\/bacalhau-atinge-preco-recorde-este-ano\/\",\"url\":\"https:\/\/portaltela.pt\/noticias\/2026\/03\/07\/bacalhau-atinge-preco-recorde-este-ano\/\",\"name\":\"Bacalhau atinge pre\u00e7o recorde este ano - Portal Tela Portugal\",\"isPartOf\":{\"@id\":\"https:\/\/portaltela.pt\/#website\"},\"primaryImageOfPage\":{\"@id\":\"https:\/\/portaltela.pt\/noticias\/2026\/03\/07\/bacalhau-atinge-preco-recorde-este-ano\/#primaryimage\"},\"image\":{\"@id\":\"https:\/\/portaltela.pt\/noticias\/2026\/03\/07\/bacalhau-atinge-preco-recorde-este-ano\/#primaryimage\"},\"thumbnailUrl\":\"https:\/\/portaltela.pt\/s.01k8rhncp4jt1\/2026\/03\/img_1500x1000uu2023-12-23-10-27-59-1523297.jpg\",\"datePublished\":\"2026-03-08T01:30:00+00:00\",\"author\":{\"@id\":\"https:\/\/portaltela.pt\/#\/schema\/person\/c4278d4a6028830caff9ee44b42d32ed\"},\"breadcrumb\":{\"@id\":\"https:\/\/portaltela.pt\/noticias\/2026\/03\/07\/bacalhau-atinge-preco-recorde-este-ano\/#breadcrumb\"},\"inLanguage\":\"pt-PT\",\"potentialAction\":[{\"@type\":\"ReadAction\",\"target\":[\"https:\/\/portaltela.pt\/noticias\/2026\/03\/07\/bacalhau-atinge-preco-recorde-este-ano\/\"]}]},{\"@type\":\"ImageObject\",\"inLanguage\":\"pt-PT\",\"@id\":\"https:\/\/portaltela.pt\/noticias\/2026\/03\/07\/bacalhau-atinge-preco-recorde-este-ano\/#primaryimage\",\"url\":\"https:\/\/portaltela.pt\/s.01k8rhncp4jt1\/2026\/03\/img_1500x1000uu2023-12-23-10-27-59-1523297.jpg\",\"contentUrl\":\"https:\/\/portaltela.pt\/s.01k8rhncp4jt1\/2026\/03\/img_1500x1000uu2023-12-23-10-27-59-1523297.jpg\",\"width\":796,\"height\":448,\"caption\":\"Bacalhau\"},{\"@type\":\"BreadcrumbList\",\"@id\":\"https:\/\/portaltela.pt\/noticias\/2026\/03\/07\/bacalhau-atinge-preco-recorde-este-ano\/#breadcrumb\",\"itemListElement\":[{\"@type\":\"ListItem\",\"position\":1,\"name\":\"In\u00edcio\",\"item\":\"https:\/\/portaltela.pt\/\"},{\"@type\":\"ListItem\",\"position\":2,\"name\":\"Bacalhau atinge pre\u00e7o recorde este ano\"}]},{\"@type\":\"WebSite\",\"@id\":\"https:\/\/portaltela.pt\/#website\",\"url\":\"https:\/\/portaltela.pt\/\",\"name\":\"Portal Tela Portugal\",\"description\":\"\",\"potentialAction\":[{\"@type\":\"SearchAction\",\"target\":{\"@type\":\"EntryPoint\",\"urlTemplate\":\"https:\/\/portaltela.pt\/?s={search_term_string}\"},\"query-input\":{\"@type\":\"PropertyValueSpecification\",\"valueRequired\":true,\"valueName\":\"search_term_string\"}}],\"inLanguage\":\"pt-PT\"},{\"@type\":\"Person\",\"@id\":\"https:\/\/portaltela.pt\/#\/schema\/person\/c4278d4a6028830caff9ee44b42d32ed\",\"name\":\"Telinha\",\"image\":{\"@type\":\"ImageObject\",\"inLanguage\":\"pt-PT\",\"@id\":\"https:\/\/portaltela.pt\/s.01k8rhncp4jt1\/2025\/11\/talking-bot-125x125.png\",\"url\":\"https:\/\/portaltela.pt\/s.01k8rhncp4jt1\/2025\/11\/talking-bot-125x125.png\",\"contentUrl\":\"https:\/\/portaltela.pt\/s.01k8rhncp4jt1\/2025\/11\/talking-bot-125x125.png\",\"caption\":\"Telinha\"},\"sameAs\":[\"https:\/\/portaltela.pt\/\"],\"url\":\"https:\/\/portaltela.pt\/por\/367410592786\/\"}]}<\/script>\n<!-- \/ Yoast SEO plugin. -->","yoast_head_json":{"title":"Bacalhau atinge pre\u00e7o recorde este ano - Portal Tela Portugal","robots":{"index":"index","follow":"follow","max-snippet":"max-snippet:-1","max-image-preview":"max-image-preview:large","max-video-preview":"max-video-preview:-1"},"og_locale":"pt_PT","og_type":"article","og_title":"Bacalhau atinge pre\u00e7o recorde este ano - Portal Tela Portugal","og_description":"Em fevereiro, o bacalhau gra\u00fado atingiu os valores mais elevados desde o in\u00edcio do monitoramento da Deco Proteste ao cabaz alimentar. O pre\u00e7o por quilo subiu de 10,60 euros h\u00e1 quatro anos para 17,28 euros esta semana, um aumento de 63 por cento. Com um or\u00e7amento de cinquenta euros j\u00e1 n\u00e3o \u00e9 poss\u00edvel comprar tr\u00eas quilos: agora adquire-se 2,9 quilos, frente a 4,7 quilos h\u00e1 quatro anos. O consumo m\u00e9dio por portugu\u00eas \u00e9 de 16 quilos por ano, o que torna o aumento relevante para os or\u00e7amentos familiares. O cabaz alimentar, que re\u00fane 63 produtos essenciais, j\u00e1 custa 251,76 euros este ano, subindo 9,94 euros desde o in\u00edcio do ano (4,11%), e confronta tamb\u00e9m o aumento do caf\u00e9 torrado mo\u00eddo.","og_url":"https:\/\/portaltela.pt\/noticias\/2026\/03\/07\/bacalhau-atinge-preco-recorde-este-ano\/","og_site_name":"Portal Tela Portugal","article_published_time":"2026-03-08T01:30:00+00:00","author":"Telinha","twitter_card":"summary_large_image","twitter_misc":{"Escrito por":"Telinha","Tempo estimado de leitura":"1 minuto"},"schema":{"@context":"https:\/\/schema.org","@graph":[{"@type":"Article","@id":"https:\/\/portaltela.pt\/noticias\/2026\/03\/07\/bacalhau-atinge-preco-recorde-este-ano\/#article","isPartOf":{"@id":"https:\/\/portaltela.pt\/noticias\/2026\/03\/07\/bacalhau-atinge-preco-recorde-este-ano\/"},"author":{"name":"Telinha","@id":"https:\/\/portaltela.pt\/#\/schema\/person\/c4278d4a6028830caff9ee44b42d32ed"},"headline":"Bacalhau atinge pre\u00e7o recorde este ano","datePublished":"2026-03-08T01:30:00+00:00","mainEntityOfPage":{"@id":"https:\/\/portaltela.pt\/noticias\/2026\/03\/07\/bacalhau-atinge-preco-recorde-este-ano\/"},"wordCount":256,"image":{"@id":"https:\/\/portaltela.pt\/noticias\/2026\/03\/07\/bacalhau-atinge-preco-recorde-este-ano\/#primaryimage"},"thumbnailUrl":"https:\/\/portaltela.pt\/s.01k8rhncp4jt1\/2026\/03\/img_1500x1000uu2023-12-23-10-27-59-1523297.jpg","keywords":["_economia","alimenta\u00e7\u00e3o","caf\u00e9","consumo","economia","Portugal"],"articleSection":["Economia","Neg\u00f3cios"],"inLanguage":"pt-PT"},{"@type":"WebPage","@id":"https:\/\/portaltela.pt\/noticias\/2026\/03\/07\/bacalhau-atinge-preco-recorde-este-ano\/","url":"https:\/\/portaltela.pt\/noticias\/2026\/03\/07\/bacalhau-atinge-preco-recorde-este-ano\/","name":"Bacalhau atinge pre\u00e7o recorde este ano - Portal Tela Portugal","isPartOf":{"@id":"https:\/\/portaltela.pt\/#website"},"primaryImageOfPage":{"@id":"https:\/\/portaltela.pt\/noticias\/2026\/03\/07\/bacalhau-atinge-preco-recorde-este-ano\/#primaryimage"},"image":{"@id":"https:\/\/portaltela.pt\/noticias\/2026\/03\/07\/bacalhau-atinge-preco-recorde-este-ano\/#primaryimage"},"thumbnailUrl":"https:\/\/portaltela.pt\/s.01k8rhncp4jt1\/2026\/03\/img_1500x1000uu2023-12-23-10-27-59-1523297.jpg","datePublished":"2026-03-08T01:30:00+00:00","author":{"@id":"https:\/\/portaltela.pt\/#\/schema\/person\/c4278d4a6028830caff9ee44b42d32ed"},"breadcrumb":{"@id":"https:\/\/portaltela.pt\/noticias\/2026\/03\/07\/bacalhau-atinge-preco-recorde-este-ano\/#breadcrumb"},"inLanguage":"pt-PT","potentialAction":[{"@type":"ReadAction","target":["https:\/\/portaltela.pt\/noticias\/2026\/03\/07\/bacalhau-atinge-preco-recorde-este-ano\/"]}]},{"@type":"ImageObject","inLanguage":"pt-PT","@id":"https:\/\/portaltela.pt\/noticias\/2026\/03\/07\/bacalhau-atinge-preco-recorde-este-ano\/#primaryimage","url":"https:\/\/portaltela.pt\/s.01k8rhncp4jt1\/2026\/03\/img_1500x1000uu2023-12-23-10-27-59-1523297.jpg","contentUrl":"https:\/\/portaltela.pt\/s.01k8rhncp4jt1\/2026\/03\/img_1500x1000uu2023-12-23-10-27-59-1523297.jpg","width":796,"height":448,"caption":"Bacalhau"},{"@type":"BreadcrumbList","@id":"https:\/\/portaltela.pt\/noticias\/2026\/03\/07\/bacalhau-atinge-preco-recorde-este-ano\/#breadcrumb","itemListElement":[{"@type":"ListItem","position":1,"name":"In\u00edcio","item":"https:\/\/portaltela.pt\/"},{"@type":"ListItem","position":2,"name":"Bacalhau atinge pre\u00e7o recorde este ano"}]},{"@type":"WebSite","@id":"https:\/\/portaltela.pt\/#website","url":"https:\/\/portaltela.pt\/","name":"Portal Tela Portugal","description":"","potentialAction":[{"@type":"SearchAction","target":{"@type":"EntryPoint","urlTemplate":"https:\/\/portaltela.pt\/?s={search_term_string}"},"query-input":{"@type":"PropertyValueSpecification","valueRequired":true,"valueName":"search_term_string"}}],"inLanguage":"pt-PT"},{"@type":"Person","@id":"https:\/\/portaltela.pt\/#\/schema\/person\/c4278d4a6028830caff9ee44b42d32ed","name":"Telinha","image":{"@type":"ImageObject","inLanguage":"pt-PT","@id":"https:\/\/portaltela.pt\/s.01k8rhncp4jt1\/2025\/11\/talking-bot-125x125.png","url":"https:\/\/portaltela.pt\/s.01k8rhncp4jt1\/2025\/11\/talking-bot-125x125.png","contentUrl":"https:\/\/portaltela.pt\/s.01k8rhncp4jt1\/2025\/11\/talking-bot-125x125.png","caption":"Telinha"},"sameAs":["https:\/\/portaltela.pt\/"],"url":"https:\/\/portaltela.pt\/por\/367410592786\/"}]}},"_links":{"self":[{"href":"https:\/\/portaltela.pt\/api\/wp\/v2\/posts\/401928","targetHints":{"allow":["GET"]}}],"collection":[{"href":"https:\/\/portaltela.pt\/api\/wp\/v2\/posts"}],"about":[{"href":"https:\/\/portaltela.pt\/api\/wp\/v2\/types\/post"}],"author":[{"embeddable":true,"href":"https:\/\/portaltela.pt\/api\/wp\/v2\/users\/2"}],"replies":[{"embeddable":true,"href":"https:\/\/portaltela.pt\/api\/wp\/v2\/comments?post=401928"}],"version-history":[{"count":0,"href":"https:\/\/portaltela.pt\/api\/wp\/v2\/posts\/401928\/revisions"}],"wp:featuredmedia":[{"embeddable":true,"href":"https:\/\/portaltela.pt\/api\/wp\/v2\/media\/401933"}],"wp:attachment":[{"href":"https:\/\/portaltela.pt\/api\/wp\/v2\/media?parent=401928"}],"wp:term":[{"taxonomy":"category","embeddable":true,"href":"https:\/\/portaltela.pt\/api\/wp\/v2\/categories?post=401928"},{"taxonomy":"post_tag","embeddable":true,"href":"https:\/\/portaltela.pt\/api\/wp\/v2\/tags?post=401928"}],"curies":[{"name":"wp","href":"https:\/\/api.w.org\/{rel}","templated":true}]}}