{"id":401927,"date":"2026-03-07T22:30:00","date_gmt":"2026-03-08T01:30:00","guid":{"rendered":"https:\/\/portaltela.pt\/noticias\/2026\/03\/07\/celso-cleto-eleito-vice-presidente-da-academia-das-artes-cenicas\/"},"modified":"2026-03-07T22:30:00","modified_gmt":"2026-03-08T01:30:00","slug":"celso-cleto-eleito-vice-presidente-da-academia-das-artes-cenicas","status":"publish","type":"post","link":"https:\/\/portaltela.pt\/entretenimento\/2026\/03\/07\/celso-cleto-eleito-vice-presidente-da-academia-das-artes-cenicas\/","title":{"rendered":"Celso Cleto eleito vice-presidente da Academia das Artes C\u00e9nicas"},"content":{"rendered":"<p>A Academia Iberoamericana de las Artes Esc\u00e9nicas, criada para reunidir 17 pa\u00edses, j\u00e1 tem estrutura e lideran\u00e7a definidas. A cerim\u00f3nia de elei\u00e7\u00e3o levou Celso Cleto a ocupar o cargo de vice-presidente, numa institui\u00e7\u00e3o sediada em Madrid e presidida por Ramiro Os\u00f3rio, antigo ministro da cultura da Col\u00f4mbia. A academia junta atores, cantores, bailarinos, encenadores, dramaturgos e outros profissionais das artes performativas.<\/p>\n<p>Celso Cleto afirma que o momento \u00e9 hist\u00f3rico para os pa\u00edses membros, incluindo Portugal, que surge como um pa\u00eds fundador desta academia de relevo internacional. O produtor e encenador, marido da atriz Sofia Alves, refere que os trabalhos come\u00e7aram em 2025, quando foram conclu\u00eddos os passos jur\u00eddicos necess\u00e1rios para a cria\u00e7\u00e3o da institui\u00e7\u00e3o.<\/p>\n<p>Apesar de a sede ficar em Madrid, Cleto revela planos para abrir uma delega\u00e7\u00e3o em Oeiras, Portugal. A equipa est\u00e1 a analisar contactos para viabilizar a expans\u00e3o, com o objetivo de dinamizar atividades nacionais e contribuir para a internacionaliza\u00e7\u00e3o de projetos lusitanos. O vice-presidente acrescenta que a l\u00edngua portuguesa deve ter presen\u00e7a ativa na academia e que este movimento pode acelerar carreiras no estrangeiro.<\/p>\n<h3>Perspetivas e pr\u00f3ximos passos<\/h3>\n<p>A nova estrutura pretende funcionar como motor de internacionaliza\u00e7\u00e3o de projetos nacionais, facilitando a aproxima\u00e7\u00e3o com o resto dos pa\u00edses membros. Cleto destaca que a elei\u00e7\u00e3o representa reconhecimento do talento lusitano e a vontade de divulgar owork art\u00edstico de Portugal nos palcos ibero-americanos. A academia visa promover parcerias, interc\u00e2mbio de projetos e encontros culturais entre os 17 participantes.<\/p>\n","protected":false},"excerpt":{"rendered":"<ul>\n<li>Celso Cleto foi eleito vice-presidente da Academia Iberoamericana de las Artes Esc\u00e9nicas, organiza\u00e7\u00e3o com sede em Madrid e composta por profissionais de v\u00e1rias \u00e1reas das artes performativas em 17 pa\u00edses.<\/li>\n<li>A presid\u00eancia est\u00e1 a cargo de Ramiro Os\u00f3rio, antigo ministro da cultura da Col\u00f4mbia, segundo o contacto com o CM.<\/li>\n<li>Os primeiros passos para a cria\u00e7\u00e3o da academia ter\u00e3o sido dados em 2025, com a elabora\u00e7\u00e3o da documenta\u00e7\u00e3o jur\u00eddica necess\u00e1ria para o sonho tornar-se real.<\/li>\n<li>Cleto destaca que Portugal \u00e9 um pa\u00eds fundador e que a nova estrutura pode ter delega\u00e7\u00e3o em Oeiras, com contactos a avan\u00e7ar para desenvolver atividades no pa\u00eds.<\/li>\n<li>O vice-presidente acredita que a academia ser\u00e1 um instrumento clave para a internacionaliza\u00e7\u00e3o de projetos nacionais e para mostrar o talento portugu\u00eas nos pa\u00edses membros.<\/li>\n<\/ul>\n","protected":false},"author":2,"featured_media":401932,"comment_status":"closed","ping_status":"closed","sticky":false,"template":"","format":"standard","meta":{"footnotes":""},"categories":[6675,12],"tags":[70,1423,145,81,1014],"class_list":["post-401927","post","type-post","status-publish","format-standard","has-post-thumbnail","hentry","category-celebridades","category-entretenimento","tag-arte","tag-artes-do-espectaculo","tag-cultura","tag-internacionais","tag-portugal"],"yoast_head":"<!-- This site is optimized with the Yoast SEO plugin v27.2 - https:\/\/yoast.com\/product\/yoast-seo-wordpress\/ -->\n<title>Celso Cleto eleito vice-presidente da Academia das Artes C\u00e9nicas - Portal Tela Portugal<\/title>\n<meta name=\"robots\" content=\"index, follow, max-snippet:-1, max-image-preview:large, max-video-preview:-1\" \/>\n<meta property=\"og:locale\" content=\"pt_PT\" \/>\n<meta property=\"og:type\" content=\"article\" \/>\n<meta property=\"og:title\" content=\"Celso Cleto eleito vice-presidente da Academia das Artes C\u00e9nicas - Portal Tela Portugal\" \/>\n<meta property=\"og:description\" content=\"Celso Cleto foi eleito vice-presidente da Academia Iberoamericana de las Artes Esc\u00e9nicas, organiza\u00e7\u00e3o com sede em Madrid e composta por profissionais de v\u00e1rias \u00e1reas das artes performativas em 17 pa\u00edses. A presid\u00eancia est\u00e1 a cargo de Ramiro Os\u00f3rio, antigo ministro da cultura da Col\u00f4mbia, segundo o contacto com o CM. Os primeiros passos para a cria\u00e7\u00e3o da academia ter\u00e3o sido dados em 2025, com a elabora\u00e7\u00e3o da documenta\u00e7\u00e3o jur\u00eddica necess\u00e1ria para o sonho tornar-se real. Cleto destaca que Portugal \u00e9 um pa\u00eds fundador e que a nova estrutura pode ter delega\u00e7\u00e3o em Oeiras, com contactos a avan\u00e7ar para desenvolver atividades no pa\u00eds. O vice-presidente acredita que a academia ser\u00e1 um instrumento clave para a internacionaliza\u00e7\u00e3o de projetos nacionais e para mostrar o talento portugu\u00eas nos pa\u00edses membros.\" \/>\n<meta property=\"og:url\" content=\"https:\/\/portaltela.pt\/noticias\/2026\/03\/07\/celso-cleto-eleito-vice-presidente-da-academia-das-artes-cenicas\/\" \/>\n<meta property=\"og:site_name\" content=\"Portal Tela Portugal\" \/>\n<meta property=\"article:published_time\" content=\"2026-03-08T01:30:00+00:00\" \/>\n<meta name=\"author\" content=\"Telinha\" \/>\n<meta name=\"twitter:card\" content=\"summary_large_image\" \/>\n<meta name=\"twitter:label1\" content=\"Escrito por\" \/>\n\t<meta name=\"twitter:data1\" content=\"Telinha\" \/>\n\t<meta name=\"twitter:label2\" content=\"Tempo estimado de leitura\" \/>\n\t<meta name=\"twitter:data2\" content=\"1 minuto\" \/>\n<script type=\"application\/ld+json\" class=\"yoast-schema-graph\">{\"@context\":\"https:\/\/schema.org\",\"@graph\":[{\"@type\":\"Article\",\"@id\":\"https:\/\/portaltela.pt\/noticias\/2026\/03\/07\/celso-cleto-eleito-vice-presidente-da-academia-das-artes-cenicas\/#article\",\"isPartOf\":{\"@id\":\"https:\/\/portaltela.pt\/noticias\/2026\/03\/07\/celso-cleto-eleito-vice-presidente-da-academia-das-artes-cenicas\/\"},\"author\":{\"name\":\"Telinha\",\"@id\":\"https:\/\/portaltela.pt\/#\/schema\/person\/c4278d4a6028830caff9ee44b42d32ed\"},\"headline\":\"Celso Cleto eleito vice-presidente da Academia das Artes C\u00e9nicas\",\"datePublished\":\"2026-03-08T01:30:00+00:00\",\"mainEntityOfPage\":{\"@id\":\"https:\/\/portaltela.pt\/noticias\/2026\/03\/07\/celso-cleto-eleito-vice-presidente-da-academia-das-artes-cenicas\/\"},\"wordCount\":275,\"image\":{\"@id\":\"https:\/\/portaltela.pt\/noticias\/2026\/03\/07\/celso-cleto-eleito-vice-presidente-da-academia-das-artes-cenicas\/#primaryimage\"},\"thumbnailUrl\":\"https:\/\/portaltela.pt\/s.01k8rhncp4jt1\/2026\/03\/img_1500x1000uu2026-03-07-23-58-35-2271030.jpg\",\"keywords\":[\"arte\",\"artes do espect\u00e1culo\",\"cultura\",\"internacionais\",\"Portugal\"],\"articleSection\":[\"Celebridades\",\"Entretenimento\"],\"inLanguage\":\"pt-PT\"},{\"@type\":\"WebPage\",\"@id\":\"https:\/\/portaltela.pt\/noticias\/2026\/03\/07\/celso-cleto-eleito-vice-presidente-da-academia-das-artes-cenicas\/\",\"url\":\"https:\/\/portaltela.pt\/noticias\/2026\/03\/07\/celso-cleto-eleito-vice-presidente-da-academia-das-artes-cenicas\/\",\"name\":\"Celso Cleto eleito vice-presidente da Academia das Artes C\u00e9nicas - Portal Tela Portugal\",\"isPartOf\":{\"@id\":\"https:\/\/portaltela.pt\/#website\"},\"primaryImageOfPage\":{\"@id\":\"https:\/\/portaltela.pt\/noticias\/2026\/03\/07\/celso-cleto-eleito-vice-presidente-da-academia-das-artes-cenicas\/#primaryimage\"},\"image\":{\"@id\":\"https:\/\/portaltela.pt\/noticias\/2026\/03\/07\/celso-cleto-eleito-vice-presidente-da-academia-das-artes-cenicas\/#primaryimage\"},\"thumbnailUrl\":\"https:\/\/portaltela.pt\/s.01k8rhncp4jt1\/2026\/03\/img_1500x1000uu2026-03-07-23-58-35-2271030.jpg\",\"datePublished\":\"2026-03-08T01:30:00+00:00\",\"author\":{\"@id\":\"https:\/\/portaltela.pt\/#\/schema\/person\/c4278d4a6028830caff9ee44b42d32ed\"},\"breadcrumb\":{\"@id\":\"https:\/\/portaltela.pt\/noticias\/2026\/03\/07\/celso-cleto-eleito-vice-presidente-da-academia-das-artes-cenicas\/#breadcrumb\"},\"inLanguage\":\"pt-PT\",\"potentialAction\":[{\"@type\":\"ReadAction\",\"target\":[\"https:\/\/portaltela.pt\/noticias\/2026\/03\/07\/celso-cleto-eleito-vice-presidente-da-academia-das-artes-cenicas\/\"]}]},{\"@type\":\"ImageObject\",\"inLanguage\":\"pt-PT\",\"@id\":\"https:\/\/portaltela.pt\/noticias\/2026\/03\/07\/celso-cleto-eleito-vice-presidente-da-academia-das-artes-cenicas\/#primaryimage\",\"url\":\"https:\/\/portaltela.pt\/s.01k8rhncp4jt1\/2026\/03\/img_1500x1000uu2026-03-07-23-58-35-2271030.jpg\",\"contentUrl\":\"https:\/\/portaltela.pt\/s.01k8rhncp4jt1\/2026\/03\/img_1500x1000uu2026-03-07-23-58-35-2271030.jpg\",\"width\":796,\"height\":448,\"caption\":\"Celso Cleto\"},{\"@type\":\"BreadcrumbList\",\"@id\":\"https:\/\/portaltela.pt\/noticias\/2026\/03\/07\/celso-cleto-eleito-vice-presidente-da-academia-das-artes-cenicas\/#breadcrumb\",\"itemListElement\":[{\"@type\":\"ListItem\",\"position\":1,\"name\":\"In\u00edcio\",\"item\":\"https:\/\/portaltela.pt\/\"},{\"@type\":\"ListItem\",\"position\":2,\"name\":\"Celso Cleto eleito vice-presidente da Academia das Artes C\u00e9nicas\"}]},{\"@type\":\"WebSite\",\"@id\":\"https:\/\/portaltela.pt\/#website\",\"url\":\"https:\/\/portaltela.pt\/\",\"name\":\"Portal Tela Portugal\",\"description\":\"\",\"potentialAction\":[{\"@type\":\"SearchAction\",\"target\":{\"@type\":\"EntryPoint\",\"urlTemplate\":\"https:\/\/portaltela.pt\/?s={search_term_string}\"},\"query-input\":{\"@type\":\"PropertyValueSpecification\",\"valueRequired\":true,\"valueName\":\"search_term_string\"}}],\"inLanguage\":\"pt-PT\"},{\"@type\":\"Person\",\"@id\":\"https:\/\/portaltela.pt\/#\/schema\/person\/c4278d4a6028830caff9ee44b42d32ed\",\"name\":\"Telinha\",\"image\":{\"@type\":\"ImageObject\",\"inLanguage\":\"pt-PT\",\"@id\":\"https:\/\/portaltela.pt\/s.01k8rhncp4jt1\/2025\/11\/talking-bot-125x125.png\",\"url\":\"https:\/\/portaltela.pt\/s.01k8rhncp4jt1\/2025\/11\/talking-bot-125x125.png\",\"contentUrl\":\"https:\/\/portaltela.pt\/s.01k8rhncp4jt1\/2025\/11\/talking-bot-125x125.png\",\"caption\":\"Telinha\"},\"sameAs\":[\"https:\/\/portaltela.pt\/\"],\"url\":\"https:\/\/portaltela.pt\/por\/367410592786\/\"}]}<\/script>\n<!-- \/ Yoast SEO plugin. -->","yoast_head_json":{"title":"Celso Cleto eleito vice-presidente da Academia das Artes C\u00e9nicas - Portal Tela Portugal","robots":{"index":"index","follow":"follow","max-snippet":"max-snippet:-1","max-image-preview":"max-image-preview:large","max-video-preview":"max-video-preview:-1"},"og_locale":"pt_PT","og_type":"article","og_title":"Celso Cleto eleito vice-presidente da Academia das Artes C\u00e9nicas - Portal Tela Portugal","og_description":"Celso Cleto foi eleito vice-presidente da Academia Iberoamericana de las Artes Esc\u00e9nicas, organiza\u00e7\u00e3o com sede em Madrid e composta por profissionais de v\u00e1rias \u00e1reas das artes performativas em 17 pa\u00edses. A presid\u00eancia est\u00e1 a cargo de Ramiro Os\u00f3rio, antigo ministro da cultura da Col\u00f4mbia, segundo o contacto com o CM. Os primeiros passos para a cria\u00e7\u00e3o da academia ter\u00e3o sido dados em 2025, com a elabora\u00e7\u00e3o da documenta\u00e7\u00e3o jur\u00eddica necess\u00e1ria para o sonho tornar-se real. Cleto destaca que Portugal \u00e9 um pa\u00eds fundador e que a nova estrutura pode ter delega\u00e7\u00e3o em Oeiras, com contactos a avan\u00e7ar para desenvolver atividades no pa\u00eds. O vice-presidente acredita que a academia ser\u00e1 um instrumento clave para a internacionaliza\u00e7\u00e3o de projetos nacionais e para mostrar o talento portugu\u00eas nos pa\u00edses membros.","og_url":"https:\/\/portaltela.pt\/noticias\/2026\/03\/07\/celso-cleto-eleito-vice-presidente-da-academia-das-artes-cenicas\/","og_site_name":"Portal Tela Portugal","article_published_time":"2026-03-08T01:30:00+00:00","author":"Telinha","twitter_card":"summary_large_image","twitter_misc":{"Escrito por":"Telinha","Tempo estimado de leitura":"1 minuto"},"schema":{"@context":"https:\/\/schema.org","@graph":[{"@type":"Article","@id":"https:\/\/portaltela.pt\/noticias\/2026\/03\/07\/celso-cleto-eleito-vice-presidente-da-academia-das-artes-cenicas\/#article","isPartOf":{"@id":"https:\/\/portaltela.pt\/noticias\/2026\/03\/07\/celso-cleto-eleito-vice-presidente-da-academia-das-artes-cenicas\/"},"author":{"name":"Telinha","@id":"https:\/\/portaltela.pt\/#\/schema\/person\/c4278d4a6028830caff9ee44b42d32ed"},"headline":"Celso Cleto eleito vice-presidente da Academia das Artes C\u00e9nicas","datePublished":"2026-03-08T01:30:00+00:00","mainEntityOfPage":{"@id":"https:\/\/portaltela.pt\/noticias\/2026\/03\/07\/celso-cleto-eleito-vice-presidente-da-academia-das-artes-cenicas\/"},"wordCount":275,"image":{"@id":"https:\/\/portaltela.pt\/noticias\/2026\/03\/07\/celso-cleto-eleito-vice-presidente-da-academia-das-artes-cenicas\/#primaryimage"},"thumbnailUrl":"https:\/\/portaltela.pt\/s.01k8rhncp4jt1\/2026\/03\/img_1500x1000uu2026-03-07-23-58-35-2271030.jpg","keywords":["arte","artes do espect\u00e1culo","cultura","internacionais","Portugal"],"articleSection":["Celebridades","Entretenimento"],"inLanguage":"pt-PT"},{"@type":"WebPage","@id":"https:\/\/portaltela.pt\/noticias\/2026\/03\/07\/celso-cleto-eleito-vice-presidente-da-academia-das-artes-cenicas\/","url":"https:\/\/portaltela.pt\/noticias\/2026\/03\/07\/celso-cleto-eleito-vice-presidente-da-academia-das-artes-cenicas\/","name":"Celso Cleto eleito vice-presidente da Academia das Artes C\u00e9nicas - Portal Tela Portugal","isPartOf":{"@id":"https:\/\/portaltela.pt\/#website"},"primaryImageOfPage":{"@id":"https:\/\/portaltela.pt\/noticias\/2026\/03\/07\/celso-cleto-eleito-vice-presidente-da-academia-das-artes-cenicas\/#primaryimage"},"image":{"@id":"https:\/\/portaltela.pt\/noticias\/2026\/03\/07\/celso-cleto-eleito-vice-presidente-da-academia-das-artes-cenicas\/#primaryimage"},"thumbnailUrl":"https:\/\/portaltela.pt\/s.01k8rhncp4jt1\/2026\/03\/img_1500x1000uu2026-03-07-23-58-35-2271030.jpg","datePublished":"2026-03-08T01:30:00+00:00","author":{"@id":"https:\/\/portaltela.pt\/#\/schema\/person\/c4278d4a6028830caff9ee44b42d32ed"},"breadcrumb":{"@id":"https:\/\/portaltela.pt\/noticias\/2026\/03\/07\/celso-cleto-eleito-vice-presidente-da-academia-das-artes-cenicas\/#breadcrumb"},"inLanguage":"pt-PT","potentialAction":[{"@type":"ReadAction","target":["https:\/\/portaltela.pt\/noticias\/2026\/03\/07\/celso-cleto-eleito-vice-presidente-da-academia-das-artes-cenicas\/"]}]},{"@type":"ImageObject","inLanguage":"pt-PT","@id":"https:\/\/portaltela.pt\/noticias\/2026\/03\/07\/celso-cleto-eleito-vice-presidente-da-academia-das-artes-cenicas\/#primaryimage","url":"https:\/\/portaltela.pt\/s.01k8rhncp4jt1\/2026\/03\/img_1500x1000uu2026-03-07-23-58-35-2271030.jpg","contentUrl":"https:\/\/portaltela.pt\/s.01k8rhncp4jt1\/2026\/03\/img_1500x1000uu2026-03-07-23-58-35-2271030.jpg","width":796,"height":448,"caption":"Celso Cleto"},{"@type":"BreadcrumbList","@id":"https:\/\/portaltela.pt\/noticias\/2026\/03\/07\/celso-cleto-eleito-vice-presidente-da-academia-das-artes-cenicas\/#breadcrumb","itemListElement":[{"@type":"ListItem","position":1,"name":"In\u00edcio","item":"https:\/\/portaltela.pt\/"},{"@type":"ListItem","position":2,"name":"Celso Cleto eleito vice-presidente da Academia das Artes C\u00e9nicas"}]},{"@type":"WebSite","@id":"https:\/\/portaltela.pt\/#website","url":"https:\/\/portaltela.pt\/","name":"Portal Tela Portugal","description":"","potentialAction":[{"@type":"SearchAction","target":{"@type":"EntryPoint","urlTemplate":"https:\/\/portaltela.pt\/?s={search_term_string}"},"query-input":{"@type":"PropertyValueSpecification","valueRequired":true,"valueName":"search_term_string"}}],"inLanguage":"pt-PT"},{"@type":"Person","@id":"https:\/\/portaltela.pt\/#\/schema\/person\/c4278d4a6028830caff9ee44b42d32ed","name":"Telinha","image":{"@type":"ImageObject","inLanguage":"pt-PT","@id":"https:\/\/portaltela.pt\/s.01k8rhncp4jt1\/2025\/11\/talking-bot-125x125.png","url":"https:\/\/portaltela.pt\/s.01k8rhncp4jt1\/2025\/11\/talking-bot-125x125.png","contentUrl":"https:\/\/portaltela.pt\/s.01k8rhncp4jt1\/2025\/11\/talking-bot-125x125.png","caption":"Telinha"},"sameAs":["https:\/\/portaltela.pt\/"],"url":"https:\/\/portaltela.pt\/por\/367410592786\/"}]}},"_links":{"self":[{"href":"https:\/\/portaltela.pt\/api\/wp\/v2\/posts\/401927","targetHints":{"allow":["GET"]}}],"collection":[{"href":"https:\/\/portaltela.pt\/api\/wp\/v2\/posts"}],"about":[{"href":"https:\/\/portaltela.pt\/api\/wp\/v2\/types\/post"}],"author":[{"embeddable":true,"href":"https:\/\/portaltela.pt\/api\/wp\/v2\/users\/2"}],"replies":[{"embeddable":true,"href":"https:\/\/portaltela.pt\/api\/wp\/v2\/comments?post=401927"}],"version-history":[{"count":0,"href":"https:\/\/portaltela.pt\/api\/wp\/v2\/posts\/401927\/revisions"}],"wp:featuredmedia":[{"embeddable":true,"href":"https:\/\/portaltela.pt\/api\/wp\/v2\/media\/401932"}],"wp:attachment":[{"href":"https:\/\/portaltela.pt\/api\/wp\/v2\/media?parent=401927"}],"wp:term":[{"taxonomy":"category","embeddable":true,"href":"https:\/\/portaltela.pt\/api\/wp\/v2\/categories?post=401927"},{"taxonomy":"post_tag","embeddable":true,"href":"https:\/\/portaltela.pt\/api\/wp\/v2\/tags?post=401927"}],"curies":[{"name":"wp","href":"https:\/\/api.w.org\/{rel}","templated":true}]}}