{"id":401918,"date":"2026-03-07T22:30:00","date_gmt":"2026-03-08T01:30:00","guid":{"rendered":"https:\/\/portaltela.pt\/noticias\/2026\/03\/07\/mourinho-quer-vencer-o-classico-sem-parolices\/"},"modified":"2026-03-07T22:30:00","modified_gmt":"2026-03-08T01:30:00","slug":"mourinho-quer-vencer-o-classico-sem-parolices","status":"publish","type":"post","link":"https:\/\/portaltela.pt\/desporto\/futebol\/2026\/03\/07\/mourinho-quer-vencer-o-classico-sem-parolices\/","title":{"rendered":"Mourinho quer vencer o cl\u00e1ssico sem parolices"},"content":{"rendered":"<p>O cl\u00e1ssico entre Benfica e FC Porto ganha import\u00e2ncia m\u00e1xima na persegui\u00e7\u00e3o ao campeonato. O treinador encarnado, Jos\u00e9 Mourinho, apontou a possibilidade de transformar sete pontos numa vantagem ainda maior, desde que o lucro seja mantido at\u00e9 ao final da \u00e9poca. A frase aponta para a necessidade de manter o rendimento enquanto a matem\u00e1tica permitir.<\/p>\n<p>Mourinho afirmou que n\u00e3o se pode abandonar o pragmatismo, mesmo sem apresentar previs\u00f5es definitivas. O t\u00e9cnico descreveu o Porto como advers\u00e1rio exigente de enfrentar, mas com potencial de ser decifrado, e prometeu uma equipa determinada a somar os tr\u00eas pontos que podem mudar o rumo da corrida ao t\u00edtulo.<\/p>\n<p>O treinador destacou que o plantel tem de \u201cdar tudo em campo\u201d e deixou a ideia de que houve esfor\u00e7o intenso recentemente, sem recorrer a ajudas injustas. A cr\u00edtica foi dirigida \u00e0s arbitragens da liga, sem mencionar nomes, num tom reservado a discuss\u00f5es sobre a condu\u00e7\u00e3o dos jogos.<\/p>\n<p>Mourinho referiu que o confronto com o FC Porto tamb\u00e9m envolve o Sporting na luta pelo t\u00edtulo, mantendo o foco no objetivo de manter a competitividade at\u00e9 ao fim do campeonato.<\/p>\n<p>No epis\u00f3dio relacionado com o rival, o t\u00e9cnico fez men\u00e7\u00e3o a uma situa\u00e7\u00e3o ligada a Farioli, t\u00e9cnico do Porto, e reconheceu ter enviado uma mensagem de reconhecimento pelas palavras dirigidas ao Benfica, algu\u00e9m que v\u00ea como o principal advers\u00e1rio no caminho do t\u00edtulo para o Porto.<\/p>\n<p>Quanto ao desempenho do Porto frente ao Sporting, Mourinho levantou a hip\u00f3tese de leitura de jogo e comunica\u00e7\u00e3o entre os jogadores, insinuando que houve momentos de interrup\u00e7\u00e3o simulada para orientar o coletivo durante o confronto entre os dois clubes.<\/p>\n<p>A prepara\u00e7\u00e3o para o encontro da Luz mant\u00e9m o foco na leitura do advers\u00e1rio, na press\u00e3o alta e na organiza\u00e7\u00e3o defensiva. O cl\u00e1ssico tem sido apresentado pelo corpo t\u00e9cnico como decisivo na defini\u00e7\u00e3o do restante da \u00e9poca, especialmente na luta pelo t\u00edtulo.<\/p>\n","protected":false},"excerpt":{"rendered":"<ul>\n<li>O Benfica encara o FC Porto num cl\u00e1ssico decisivo na luta pelo t\u00edtulo, com Mourinho a dizer que cada jogo tem a mesma import\u00e2ncia enquanto a matem\u00e1tica permitir.<\/li>\n<li>Mourinho afirmou que sete pontos podem tornar-se dez, mas afirmou n\u00e3o querer ser pessimista, mantendo o tom pragm\u00e1tico sobre o que est\u00e1 em jogo.<\/li>\n<li>O t\u00e9cnico garantiu que a equipa vai dar tudo e destacou a dificuldade de lidar com o advers\u00e1rio, sem receios de errar.<\/li>\n<li>Mourinho apontou para o desempenho do Porto frente ao Sporting e provocou o rival, referindo-se a situa\u00e7\u00f5es de arbitragem e \u00e0 leitura de jogo.<\/li>\n<li>O tema principal foi o epis\u00f3dio com o t\u00e9cnico do Porto, Farioli, com Mourinho a elogiar palavras desse advers\u00e1rio e a mencionar mensagens de apoio entre ambos, al\u00e9m de criticar de forma indireta as paragens simuladas de Diogo Costa para orientar os seus companheiros.<\/li>\n<\/ul>\n","protected":false},"author":2,"featured_media":401925,"comment_status":"closed","ping_status":"closed","sticky":false,"template":"","format":"standard","meta":{"footnotes":""},"categories":[21,24],"tags":[4143,1946,2028,32,5702,1652],"class_list":["post-401918","post","type-post","status-publish","format-standard","has-post-thumbnail","hentry","category-desporto","category-futebol","tag-1-liga","tag-benfica","tag-fc-porto","tag-futebol","tag-liga-portugal-betclic","tag-sporting"],"yoast_head":"<!-- This site is optimized with the Yoast SEO plugin v27.2 - https:\/\/yoast.com\/product\/yoast-seo-wordpress\/ -->\n<title>Mourinho quer vencer o cl\u00e1ssico sem parolices - Portal Tela Portugal<\/title>\n<meta name=\"robots\" content=\"index, follow, max-snippet:-1, max-image-preview:large, max-video-preview:-1\" \/>\n<meta property=\"og:locale\" content=\"pt_PT\" \/>\n<meta property=\"og:type\" content=\"article\" \/>\n<meta property=\"og:title\" content=\"Mourinho quer vencer o cl\u00e1ssico sem parolices - Portal Tela Portugal\" \/>\n<meta property=\"og:description\" content=\"O Benfica encara o FC Porto num cl\u00e1ssico decisivo na luta pelo t\u00edtulo, com Mourinho a dizer que cada jogo tem a mesma import\u00e2ncia enquanto a matem\u00e1tica permitir. Mourinho afirmou que sete pontos podem tornar-se dez, mas afirmou n\u00e3o querer ser pessimista, mantendo o tom pragm\u00e1tico sobre o que est\u00e1 em jogo. O t\u00e9cnico garantiu que a equipa vai dar tudo e destacou a dificuldade de lidar com o advers\u00e1rio, sem receios de errar. Mourinho apontou para o desempenho do Porto frente ao Sporting e provocou o rival, referindo-se a situa\u00e7\u00f5es de arbitragem e \u00e0 leitura de jogo. O tema principal foi o epis\u00f3dio com o t\u00e9cnico do Porto, Farioli, com Mourinho a elogiar palavras desse advers\u00e1rio e a mencionar mensagens de apoio entre ambos, al\u00e9m de criticar de forma indireta as paragens simuladas de Diogo Costa para orientar os seus companheiros.\" \/>\n<meta property=\"og:url\" content=\"https:\/\/portaltela.pt\/noticias\/2026\/03\/07\/mourinho-quer-vencer-o-classico-sem-parolices\/\" \/>\n<meta property=\"og:site_name\" content=\"Portal Tela Portugal\" \/>\n<meta property=\"article:published_time\" content=\"2026-03-08T01:30:00+00:00\" \/>\n<meta name=\"author\" content=\"Telinha\" \/>\n<meta name=\"twitter:card\" content=\"summary_large_image\" \/>\n<meta name=\"twitter:label1\" content=\"Escrito por\" \/>\n\t<meta name=\"twitter:data1\" content=\"Telinha\" \/>\n\t<meta name=\"twitter:label2\" content=\"Tempo estimado de leitura\" \/>\n\t<meta name=\"twitter:data2\" content=\"2 minutos\" \/>\n<script type=\"application\/ld+json\" class=\"yoast-schema-graph\">{\"@context\":\"https:\/\/schema.org\",\"@graph\":[{\"@type\":\"Article\",\"@id\":\"https:\/\/portaltela.pt\/noticias\/2026\/03\/07\/mourinho-quer-vencer-o-classico-sem-parolices\/#article\",\"isPartOf\":{\"@id\":\"https:\/\/portaltela.pt\/noticias\/2026\/03\/07\/mourinho-quer-vencer-o-classico-sem-parolices\/\"},\"author\":{\"name\":\"Telinha\",\"@id\":\"https:\/\/portaltela.pt\/#\/schema\/person\/c4278d4a6028830caff9ee44b42d32ed\"},\"headline\":\"Mourinho quer vencer o cl\u00e1ssico sem parolices\",\"datePublished\":\"2026-03-08T01:30:00+00:00\",\"mainEntityOfPage\":{\"@id\":\"https:\/\/portaltela.pt\/noticias\/2026\/03\/07\/mourinho-quer-vencer-o-classico-sem-parolices\/\"},\"wordCount\":355,\"image\":{\"@id\":\"https:\/\/portaltela.pt\/noticias\/2026\/03\/07\/mourinho-quer-vencer-o-classico-sem-parolices\/#primaryimage\"},\"thumbnailUrl\":\"https:\/\/portaltela.pt\/s.01k8rhncp4jt1\/2026\/03\/img_1500x1000uu2026-02-21-16-47-20-2268162.jpg\",\"keywords\":[\"1. Liga\",\"Benfica\",\"FC Porto\",\"futebol\",\"Liga Portugal Betclic\",\"Sporting\"],\"articleSection\":[\"Desporto\",\"Futebol\"],\"inLanguage\":\"pt-PT\"},{\"@type\":\"WebPage\",\"@id\":\"https:\/\/portaltela.pt\/noticias\/2026\/03\/07\/mourinho-quer-vencer-o-classico-sem-parolices\/\",\"url\":\"https:\/\/portaltela.pt\/noticias\/2026\/03\/07\/mourinho-quer-vencer-o-classico-sem-parolices\/\",\"name\":\"Mourinho quer vencer o cl\u00e1ssico sem parolices - Portal Tela Portugal\",\"isPartOf\":{\"@id\":\"https:\/\/portaltela.pt\/#website\"},\"primaryImageOfPage\":{\"@id\":\"https:\/\/portaltela.pt\/noticias\/2026\/03\/07\/mourinho-quer-vencer-o-classico-sem-parolices\/#primaryimage\"},\"image\":{\"@id\":\"https:\/\/portaltela.pt\/noticias\/2026\/03\/07\/mourinho-quer-vencer-o-classico-sem-parolices\/#primaryimage\"},\"thumbnailUrl\":\"https:\/\/portaltela.pt\/s.01k8rhncp4jt1\/2026\/03\/img_1500x1000uu2026-02-21-16-47-20-2268162.jpg\",\"datePublished\":\"2026-03-08T01:30:00+00:00\",\"author\":{\"@id\":\"https:\/\/portaltela.pt\/#\/schema\/person\/c4278d4a6028830caff9ee44b42d32ed\"},\"breadcrumb\":{\"@id\":\"https:\/\/portaltela.pt\/noticias\/2026\/03\/07\/mourinho-quer-vencer-o-classico-sem-parolices\/#breadcrumb\"},\"inLanguage\":\"pt-PT\",\"potentialAction\":[{\"@type\":\"ReadAction\",\"target\":[\"https:\/\/portaltela.pt\/noticias\/2026\/03\/07\/mourinho-quer-vencer-o-classico-sem-parolices\/\"]}]},{\"@type\":\"ImageObject\",\"inLanguage\":\"pt-PT\",\"@id\":\"https:\/\/portaltela.pt\/noticias\/2026\/03\/07\/mourinho-quer-vencer-o-classico-sem-parolices\/#primaryimage\",\"url\":\"https:\/\/portaltela.pt\/s.01k8rhncp4jt1\/2026\/03\/img_1500x1000uu2026-02-21-16-47-20-2268162.jpg\",\"contentUrl\":\"https:\/\/portaltela.pt\/s.01k8rhncp4jt1\/2026\/03\/img_1500x1000uu2026-02-21-16-47-20-2268162.jpg\",\"width\":796,\"height\":448,\"caption\":\"Jos\u00e9 Mourinho\"},{\"@type\":\"BreadcrumbList\",\"@id\":\"https:\/\/portaltela.pt\/noticias\/2026\/03\/07\/mourinho-quer-vencer-o-classico-sem-parolices\/#breadcrumb\",\"itemListElement\":[{\"@type\":\"ListItem\",\"position\":1,\"name\":\"In\u00edcio\",\"item\":\"https:\/\/portaltela.pt\/\"},{\"@type\":\"ListItem\",\"position\":2,\"name\":\"Mourinho quer vencer o cl\u00e1ssico sem parolices\"}]},{\"@type\":\"WebSite\",\"@id\":\"https:\/\/portaltela.pt\/#website\",\"url\":\"https:\/\/portaltela.pt\/\",\"name\":\"Portal Tela Portugal\",\"description\":\"\",\"potentialAction\":[{\"@type\":\"SearchAction\",\"target\":{\"@type\":\"EntryPoint\",\"urlTemplate\":\"https:\/\/portaltela.pt\/?s={search_term_string}\"},\"query-input\":{\"@type\":\"PropertyValueSpecification\",\"valueRequired\":true,\"valueName\":\"search_term_string\"}}],\"inLanguage\":\"pt-PT\"},{\"@type\":\"Person\",\"@id\":\"https:\/\/portaltela.pt\/#\/schema\/person\/c4278d4a6028830caff9ee44b42d32ed\",\"name\":\"Telinha\",\"image\":{\"@type\":\"ImageObject\",\"inLanguage\":\"pt-PT\",\"@id\":\"https:\/\/portaltela.pt\/s.01k8rhncp4jt1\/2025\/11\/talking-bot-125x125.png\",\"url\":\"https:\/\/portaltela.pt\/s.01k8rhncp4jt1\/2025\/11\/talking-bot-125x125.png\",\"contentUrl\":\"https:\/\/portaltela.pt\/s.01k8rhncp4jt1\/2025\/11\/talking-bot-125x125.png\",\"caption\":\"Telinha\"},\"sameAs\":[\"https:\/\/portaltela.pt\/\"],\"url\":\"https:\/\/portaltela.pt\/por\/367410592786\/\"}]}<\/script>\n<!-- \/ Yoast SEO plugin. -->","yoast_head_json":{"title":"Mourinho quer vencer o cl\u00e1ssico sem parolices - Portal Tela Portugal","robots":{"index":"index","follow":"follow","max-snippet":"max-snippet:-1","max-image-preview":"max-image-preview:large","max-video-preview":"max-video-preview:-1"},"og_locale":"pt_PT","og_type":"article","og_title":"Mourinho quer vencer o cl\u00e1ssico sem parolices - Portal Tela Portugal","og_description":"O Benfica encara o FC Porto num cl\u00e1ssico decisivo na luta pelo t\u00edtulo, com Mourinho a dizer que cada jogo tem a mesma import\u00e2ncia enquanto a matem\u00e1tica permitir. Mourinho afirmou que sete pontos podem tornar-se dez, mas afirmou n\u00e3o querer ser pessimista, mantendo o tom pragm\u00e1tico sobre o que est\u00e1 em jogo. O t\u00e9cnico garantiu que a equipa vai dar tudo e destacou a dificuldade de lidar com o advers\u00e1rio, sem receios de errar. Mourinho apontou para o desempenho do Porto frente ao Sporting e provocou o rival, referindo-se a situa\u00e7\u00f5es de arbitragem e \u00e0 leitura de jogo. O tema principal foi o epis\u00f3dio com o t\u00e9cnico do Porto, Farioli, com Mourinho a elogiar palavras desse advers\u00e1rio e a mencionar mensagens de apoio entre ambos, al\u00e9m de criticar de forma indireta as paragens simuladas de Diogo Costa para orientar os seus companheiros.","og_url":"https:\/\/portaltela.pt\/noticias\/2026\/03\/07\/mourinho-quer-vencer-o-classico-sem-parolices\/","og_site_name":"Portal Tela Portugal","article_published_time":"2026-03-08T01:30:00+00:00","author":"Telinha","twitter_card":"summary_large_image","twitter_misc":{"Escrito por":"Telinha","Tempo estimado de leitura":"2 minutos"},"schema":{"@context":"https:\/\/schema.org","@graph":[{"@type":"Article","@id":"https:\/\/portaltela.pt\/noticias\/2026\/03\/07\/mourinho-quer-vencer-o-classico-sem-parolices\/#article","isPartOf":{"@id":"https:\/\/portaltela.pt\/noticias\/2026\/03\/07\/mourinho-quer-vencer-o-classico-sem-parolices\/"},"author":{"name":"Telinha","@id":"https:\/\/portaltela.pt\/#\/schema\/person\/c4278d4a6028830caff9ee44b42d32ed"},"headline":"Mourinho quer vencer o cl\u00e1ssico sem parolices","datePublished":"2026-03-08T01:30:00+00:00","mainEntityOfPage":{"@id":"https:\/\/portaltela.pt\/noticias\/2026\/03\/07\/mourinho-quer-vencer-o-classico-sem-parolices\/"},"wordCount":355,"image":{"@id":"https:\/\/portaltela.pt\/noticias\/2026\/03\/07\/mourinho-quer-vencer-o-classico-sem-parolices\/#primaryimage"},"thumbnailUrl":"https:\/\/portaltela.pt\/s.01k8rhncp4jt1\/2026\/03\/img_1500x1000uu2026-02-21-16-47-20-2268162.jpg","keywords":["1. Liga","Benfica","FC Porto","futebol","Liga Portugal Betclic","Sporting"],"articleSection":["Desporto","Futebol"],"inLanguage":"pt-PT"},{"@type":"WebPage","@id":"https:\/\/portaltela.pt\/noticias\/2026\/03\/07\/mourinho-quer-vencer-o-classico-sem-parolices\/","url":"https:\/\/portaltela.pt\/noticias\/2026\/03\/07\/mourinho-quer-vencer-o-classico-sem-parolices\/","name":"Mourinho quer vencer o cl\u00e1ssico sem parolices - Portal Tela Portugal","isPartOf":{"@id":"https:\/\/portaltela.pt\/#website"},"primaryImageOfPage":{"@id":"https:\/\/portaltela.pt\/noticias\/2026\/03\/07\/mourinho-quer-vencer-o-classico-sem-parolices\/#primaryimage"},"image":{"@id":"https:\/\/portaltela.pt\/noticias\/2026\/03\/07\/mourinho-quer-vencer-o-classico-sem-parolices\/#primaryimage"},"thumbnailUrl":"https:\/\/portaltela.pt\/s.01k8rhncp4jt1\/2026\/03\/img_1500x1000uu2026-02-21-16-47-20-2268162.jpg","datePublished":"2026-03-08T01:30:00+00:00","author":{"@id":"https:\/\/portaltela.pt\/#\/schema\/person\/c4278d4a6028830caff9ee44b42d32ed"},"breadcrumb":{"@id":"https:\/\/portaltela.pt\/noticias\/2026\/03\/07\/mourinho-quer-vencer-o-classico-sem-parolices\/#breadcrumb"},"inLanguage":"pt-PT","potentialAction":[{"@type":"ReadAction","target":["https:\/\/portaltela.pt\/noticias\/2026\/03\/07\/mourinho-quer-vencer-o-classico-sem-parolices\/"]}]},{"@type":"ImageObject","inLanguage":"pt-PT","@id":"https:\/\/portaltela.pt\/noticias\/2026\/03\/07\/mourinho-quer-vencer-o-classico-sem-parolices\/#primaryimage","url":"https:\/\/portaltela.pt\/s.01k8rhncp4jt1\/2026\/03\/img_1500x1000uu2026-02-21-16-47-20-2268162.jpg","contentUrl":"https:\/\/portaltela.pt\/s.01k8rhncp4jt1\/2026\/03\/img_1500x1000uu2026-02-21-16-47-20-2268162.jpg","width":796,"height":448,"caption":"Jos\u00e9 Mourinho"},{"@type":"BreadcrumbList","@id":"https:\/\/portaltela.pt\/noticias\/2026\/03\/07\/mourinho-quer-vencer-o-classico-sem-parolices\/#breadcrumb","itemListElement":[{"@type":"ListItem","position":1,"name":"In\u00edcio","item":"https:\/\/portaltela.pt\/"},{"@type":"ListItem","position":2,"name":"Mourinho quer vencer o cl\u00e1ssico sem parolices"}]},{"@type":"WebSite","@id":"https:\/\/portaltela.pt\/#website","url":"https:\/\/portaltela.pt\/","name":"Portal Tela Portugal","description":"","potentialAction":[{"@type":"SearchAction","target":{"@type":"EntryPoint","urlTemplate":"https:\/\/portaltela.pt\/?s={search_term_string}"},"query-input":{"@type":"PropertyValueSpecification","valueRequired":true,"valueName":"search_term_string"}}],"inLanguage":"pt-PT"},{"@type":"Person","@id":"https:\/\/portaltela.pt\/#\/schema\/person\/c4278d4a6028830caff9ee44b42d32ed","name":"Telinha","image":{"@type":"ImageObject","inLanguage":"pt-PT","@id":"https:\/\/portaltela.pt\/s.01k8rhncp4jt1\/2025\/11\/talking-bot-125x125.png","url":"https:\/\/portaltela.pt\/s.01k8rhncp4jt1\/2025\/11\/talking-bot-125x125.png","contentUrl":"https:\/\/portaltela.pt\/s.01k8rhncp4jt1\/2025\/11\/talking-bot-125x125.png","caption":"Telinha"},"sameAs":["https:\/\/portaltela.pt\/"],"url":"https:\/\/portaltela.pt\/por\/367410592786\/"}]}},"_links":{"self":[{"href":"https:\/\/portaltela.pt\/api\/wp\/v2\/posts\/401918","targetHints":{"allow":["GET"]}}],"collection":[{"href":"https:\/\/portaltela.pt\/api\/wp\/v2\/posts"}],"about":[{"href":"https:\/\/portaltela.pt\/api\/wp\/v2\/types\/post"}],"author":[{"embeddable":true,"href":"https:\/\/portaltela.pt\/api\/wp\/v2\/users\/2"}],"replies":[{"embeddable":true,"href":"https:\/\/portaltela.pt\/api\/wp\/v2\/comments?post=401918"}],"version-history":[{"count":0,"href":"https:\/\/portaltela.pt\/api\/wp\/v2\/posts\/401918\/revisions"}],"wp:featuredmedia":[{"embeddable":true,"href":"https:\/\/portaltela.pt\/api\/wp\/v2\/media\/401925"}],"wp:attachment":[{"href":"https:\/\/portaltela.pt\/api\/wp\/v2\/media?parent=401918"}],"wp:term":[{"taxonomy":"category","embeddable":true,"href":"https:\/\/portaltela.pt\/api\/wp\/v2\/categories?post=401918"},{"taxonomy":"post_tag","embeddable":true,"href":"https:\/\/portaltela.pt\/api\/wp\/v2\/tags?post=401918"}],"curies":[{"name":"wp","href":"https:\/\/api.w.org\/{rel}","templated":true}]}}