{"id":401882,"date":"2026-03-07T21:00:00","date_gmt":"2026-03-08T00:00:00","guid":{"rendered":"https:\/\/portaltela.pt\/noticias\/2026\/03\/07\/caso-o-veu-do-mal-autoridades-investigam-incidentes\/"},"modified":"2026-03-07T21:00:00","modified_gmt":"2026-03-08T00:00:00","slug":"caso-o-veu-do-mal-autoridades-investigam-incidentes","status":"publish","type":"post","link":"https:\/\/portaltela.pt\/noticias\/2026\/03\/07\/caso-o-veu-do-mal-autoridades-investigam-incidentes\/","title":{"rendered":"Caso &#8216;O v\u00e9u do mal&#8217;: autoridades investigam incidentes"},"content":{"rendered":"<p>O texto em quest\u00e3o apresenta um exerc\u00edcio de reflex\u00e3o sobre direitos humanos e regimes autorit\u00e1rios, usando como refer\u00eancia a Rep\u00fablica Isl\u00e2mica do Ir\u00e3o. O autor descreve supostas medidas de um governo totalit\u00e1rio, incluindo restri\u00e7\u00f5es a liberdades individuais, direitos das mulheres e liberdade de express\u00e3o.<\/p>\n<p>O trabalho re\u00fane descri\u00e7\u00f5es de pol\u00edticas e pr\u00e1ticas associadas a um regime repressivo, como controles familiares, casamentos com regras especiais, puni\u00e7\u00f5es legais paraminorias e dissidentes, bem como vigil\u00e2ncia constante pela pol\u00edcia. O objetivo \u00e9 provocar uma leitura cr\u00edtica sobre o impacto dessas pol\u00edticas na vida quotidiana.<\/p>\n<p>A pe\u00e7a recorre a uma compara\u00e7\u00e3o com epis\u00f3dios hist\u00f3ricos para ilustrar o desconhecimento de perigos potenciais, como a chegada de navios a uma costa distante ou uma erup\u00e7\u00e3o vulc\u00e2nica s\u00fabita, destacando a dificuldade de percep\u00e7\u00e3o do risco. O texto encerra com uma cita\u00e7\u00e3o de um poeta persa, sugerindo resist\u00eancia e mem\u00f3ria diante da opress\u00e3o.<\/p>\n<p>Contexto e objetivo do autor<\/p>\n<p>O autor prop\u00f5e que o leitor imagine um pa\u00eds onde liberdades s\u00e3o restringidas, direitos humanos violados e institui\u00e7\u00f5es controladas por um poder \u00fanico. O objetivo \u00e9 evidenciar as consequ\u00eancias de regimes autorit\u00e1rios para a sociedade, incluindo mulheres, minorias e dissidentes.<\/p>\n<p>Reflex\u00e3o sobre direitos humanos e democracia<\/p>\n<p>O texto afirma a import\u00e2ncia da separa\u00e7\u00e3o de poderes e da justi\u00e7a internacional, associando o exerc\u00edcio destes direitos a regimes democr\u00e1ticos. Convida \u00e0 compreens\u00e3o de que a prote\u00e7\u00e3o de direitos universais depende de estruturas institucionais independentes.<\/p>\n<p>Notas sobre estilo e leitura<\/p>\n<p>O conte\u00fado utiliza descri\u00e7\u00f5es impactantes para facilitar a compreens\u00e3o p\u00fablica dos impactos de pol\u00edticas repressivas. A leitura aborda temas sens\u00edveis como viol\u00eancia de g\u00e9nero, puni\u00e7\u00f5es legais e censura, sem adotar tom opinativo.<\/p>\n","protected":false},"excerpt":{"rendered":"<ul>\n<li>O texto convida o leitor a imaginar o Ir\u00e3o atual como um regime totalit\u00e1rio, onde os direitos humanos n\u00e3o existem e h\u00e1 vigil\u00e2ncia constante das autoridades morais.<\/li>\n<li>Descreve abusos: casamento de meninas aos 13 anos, pr\u00e1tica de sigheh (casamentos tempor\u00e1rios) com dotes, m\u00e3es sem cust\u00f3dia, m\u00faltiplos casamentos, puni\u00e7\u00f5es severas pela pr\u00e1tica de hijab, proibi\u00e7\u00f5es de cantar em p\u00fablico e de ver jogos, testemunho de mulher com menor peso legal, e pris\u00f5es por cr\u00edticas ao regime.<\/li>\n<li>Repress\u00e3o extendida a homossexuais, pessoas que mudam de religi\u00e3o, dissidentes, presos pol\u00edticos torturados, acesso \u00e0 Internet cortado e m\u00e9dicos punidos por tratar feridos em manifesta\u00e7\u00f5es.<\/li>\n<li>O texto enquadra a defesa dos direitos humanos universais como objetivo de regimes democr\u00e1ticos, afirmando que a voz dos iranianos \u00e9 de sobreviv\u00eancia, n\u00e3o de ideologia.<\/li>\n<li>Conclui com refer\u00eancias hist\u00f3ricas (aviso de perigos semelhantes na passagem de navios portugueses ao Brasil e na erup\u00e7\u00e3o do Ves\u00favio) e um poema do poeta Ahmad Shamlou, sublinhando a estranheza do que se vive e a necessidade de n\u00e3o olhar para o lado.<\/li>\n<\/ul>\n","protected":false},"author":2,"featured_media":401884,"comment_status":"closed","ping_status":"closed","sticky":false,"template":"","format":"standard","meta":{"footnotes":""},"categories":[1],"tags":[5349,3034,5282,2633,3327,5854],"class_list":["post-401882","post","type-post","status-publish","format-standard","has-post-thumbnail","hentry","category-noticias","tag-censura","tag-direito-internacional","tag-direitos-da-mulher","tag-direitos-humanos","tag-iran","tag-violacao-de-direitos-humanos"],"yoast_head":"<!-- This site is optimized with the Yoast SEO plugin v27.2 - https:\/\/yoast.com\/product\/yoast-seo-wordpress\/ -->\n<title>Caso &#039;O v\u00e9u do mal&#039;: autoridades investigam incidentes - Portal Tela Portugal<\/title>\n<meta name=\"robots\" content=\"index, follow, max-snippet:-1, max-image-preview:large, max-video-preview:-1\" \/>\n<meta property=\"og:locale\" content=\"pt_PT\" \/>\n<meta property=\"og:type\" content=\"article\" \/>\n<meta property=\"og:title\" content=\"Caso &#039;O v\u00e9u do mal&#039;: autoridades investigam incidentes - Portal Tela Portugal\" \/>\n<meta property=\"og:description\" content=\"O texto convida o leitor a imaginar o Ir\u00e3o atual como um regime totalit\u00e1rio, onde os direitos humanos n\u00e3o existem e h\u00e1 vigil\u00e2ncia constante das autoridades morais. Descreve abusos: casamento de meninas aos 13 anos, pr\u00e1tica de sigheh (casamentos tempor\u00e1rios) com dotes, m\u00e3es sem cust\u00f3dia, m\u00faltiplos casamentos, puni\u00e7\u00f5es severas pela pr\u00e1tica de hijab, proibi\u00e7\u00f5es de cantar em p\u00fablico e de ver jogos, testemunho de mulher com menor peso legal, e pris\u00f5es por cr\u00edticas ao regime. Repress\u00e3o extendida a homossexuais, pessoas que mudam de religi\u00e3o, dissidentes, presos pol\u00edticos torturados, acesso \u00e0 Internet cortado e m\u00e9dicos punidos por tratar feridos em manifesta\u00e7\u00f5es. O texto enquadra a defesa dos direitos humanos universais como objetivo de regimes democr\u00e1ticos, afirmando que a voz dos iranianos \u00e9 de sobreviv\u00eancia, n\u00e3o de ideologia. Conclui com refer\u00eancias hist\u00f3ricas (aviso de perigos semelhantes na passagem de navios portugueses ao Brasil e na erup\u00e7\u00e3o do Ves\u00favio) e um poema do poeta Ahmad Shamlou, sublinhando a estranheza do que se vive e a necessidade de n\u00e3o olhar para o lado.\" \/>\n<meta property=\"og:url\" content=\"https:\/\/portaltela.pt\/noticias\/2026\/03\/07\/caso-o-veu-do-mal-autoridades-investigam-incidentes\/\" \/>\n<meta property=\"og:site_name\" content=\"Portal Tela Portugal\" \/>\n<meta property=\"article:published_time\" content=\"2026-03-08T00:00:00+00:00\" \/>\n<meta name=\"author\" content=\"Telinha\" \/>\n<meta name=\"twitter:card\" content=\"summary_large_image\" \/>\n<meta name=\"twitter:label1\" content=\"Escrito por\" \/>\n\t<meta name=\"twitter:data1\" content=\"Telinha\" \/>\n\t<meta name=\"twitter:label2\" content=\"Tempo estimado de leitura\" \/>\n\t<meta name=\"twitter:data2\" content=\"2 minutos\" \/>\n<script type=\"application\/ld+json\" class=\"yoast-schema-graph\">{\"@context\":\"https:\/\/schema.org\",\"@graph\":[{\"@type\":\"Article\",\"@id\":\"https:\/\/portaltela.pt\/noticias\/2026\/03\/07\/caso-o-veu-do-mal-autoridades-investigam-incidentes\/#article\",\"isPartOf\":{\"@id\":\"https:\/\/portaltela.pt\/noticias\/2026\/03\/07\/caso-o-veu-do-mal-autoridades-investigam-incidentes\/\"},\"author\":{\"name\":\"Telinha\",\"@id\":\"https:\/\/portaltela.pt\/#\/schema\/person\/c4278d4a6028830caff9ee44b42d32ed\"},\"headline\":\"Caso &#8216;O v\u00e9u do mal&#8217;: autoridades investigam incidentes\",\"datePublished\":\"2026-03-08T00:00:00+00:00\",\"mainEntityOfPage\":{\"@id\":\"https:\/\/portaltela.pt\/noticias\/2026\/03\/07\/caso-o-veu-do-mal-autoridades-investigam-incidentes\/\"},\"wordCount\":329,\"image\":{\"@id\":\"https:\/\/portaltela.pt\/noticias\/2026\/03\/07\/caso-o-veu-do-mal-autoridades-investigam-incidentes\/#primaryimage\"},\"thumbnailUrl\":\"https:\/\/portaltela.pt\/s.01k8rhncp4jt1\/2026\/03\/96fd2701-475f-4580-9c54-817238b7ea4e_1200x675.jpg\",\"keywords\":[\"censura\",\"direito internacional\",\"Direitos da Mulher\",\"direitos humanos\",\"\u00cdr\u00e1n\",\"viola\u00e7\u00e3o de direitos humanos\"],\"articleSection\":[\"Not\u00edcias\"],\"inLanguage\":\"pt-PT\"},{\"@type\":\"WebPage\",\"@id\":\"https:\/\/portaltela.pt\/noticias\/2026\/03\/07\/caso-o-veu-do-mal-autoridades-investigam-incidentes\/\",\"url\":\"https:\/\/portaltela.pt\/noticias\/2026\/03\/07\/caso-o-veu-do-mal-autoridades-investigam-incidentes\/\",\"name\":\"Caso 'O v\u00e9u do mal': autoridades investigam incidentes - Portal Tela Portugal\",\"isPartOf\":{\"@id\":\"https:\/\/portaltela.pt\/#website\"},\"primaryImageOfPage\":{\"@id\":\"https:\/\/portaltela.pt\/noticias\/2026\/03\/07\/caso-o-veu-do-mal-autoridades-investigam-incidentes\/#primaryimage\"},\"image\":{\"@id\":\"https:\/\/portaltela.pt\/noticias\/2026\/03\/07\/caso-o-veu-do-mal-autoridades-investigam-incidentes\/#primaryimage\"},\"thumbnailUrl\":\"https:\/\/portaltela.pt\/s.01k8rhncp4jt1\/2026\/03\/96fd2701-475f-4580-9c54-817238b7ea4e_1200x675.jpg\",\"datePublished\":\"2026-03-08T00:00:00+00:00\",\"author\":{\"@id\":\"https:\/\/portaltela.pt\/#\/schema\/person\/c4278d4a6028830caff9ee44b42d32ed\"},\"breadcrumb\":{\"@id\":\"https:\/\/portaltela.pt\/noticias\/2026\/03\/07\/caso-o-veu-do-mal-autoridades-investigam-incidentes\/#breadcrumb\"},\"inLanguage\":\"pt-PT\",\"potentialAction\":[{\"@type\":\"ReadAction\",\"target\":[\"https:\/\/portaltela.pt\/noticias\/2026\/03\/07\/caso-o-veu-do-mal-autoridades-investigam-incidentes\/\"]}]},{\"@type\":\"ImageObject\",\"inLanguage\":\"pt-PT\",\"@id\":\"https:\/\/portaltela.pt\/noticias\/2026\/03\/07\/caso-o-veu-do-mal-autoridades-investigam-incidentes\/#primaryimage\",\"url\":\"https:\/\/portaltela.pt\/s.01k8rhncp4jt1\/2026\/03\/96fd2701-475f-4580-9c54-817238b7ea4e_1200x675.jpg\",\"contentUrl\":\"https:\/\/portaltela.pt\/s.01k8rhncp4jt1\/2026\/03\/96fd2701-475f-4580-9c54-817238b7ea4e_1200x675.jpg\",\"width\":796,\"height\":448,\"caption\":\"Photo\"},{\"@type\":\"BreadcrumbList\",\"@id\":\"https:\/\/portaltela.pt\/noticias\/2026\/03\/07\/caso-o-veu-do-mal-autoridades-investigam-incidentes\/#breadcrumb\",\"itemListElement\":[{\"@type\":\"ListItem\",\"position\":1,\"name\":\"In\u00edcio\",\"item\":\"https:\/\/portaltela.pt\/\"},{\"@type\":\"ListItem\",\"position\":2,\"name\":\"Caso &#8216;O v\u00e9u do mal&#8217;: autoridades investigam incidentes\"}]},{\"@type\":\"WebSite\",\"@id\":\"https:\/\/portaltela.pt\/#website\",\"url\":\"https:\/\/portaltela.pt\/\",\"name\":\"Portal Tela Portugal\",\"description\":\"\",\"potentialAction\":[{\"@type\":\"SearchAction\",\"target\":{\"@type\":\"EntryPoint\",\"urlTemplate\":\"https:\/\/portaltela.pt\/?s={search_term_string}\"},\"query-input\":{\"@type\":\"PropertyValueSpecification\",\"valueRequired\":true,\"valueName\":\"search_term_string\"}}],\"inLanguage\":\"pt-PT\"},{\"@type\":\"Person\",\"@id\":\"https:\/\/portaltela.pt\/#\/schema\/person\/c4278d4a6028830caff9ee44b42d32ed\",\"name\":\"Telinha\",\"image\":{\"@type\":\"ImageObject\",\"inLanguage\":\"pt-PT\",\"@id\":\"https:\/\/portaltela.pt\/s.01k8rhncp4jt1\/2025\/11\/talking-bot-125x125.png\",\"url\":\"https:\/\/portaltela.pt\/s.01k8rhncp4jt1\/2025\/11\/talking-bot-125x125.png\",\"contentUrl\":\"https:\/\/portaltela.pt\/s.01k8rhncp4jt1\/2025\/11\/talking-bot-125x125.png\",\"caption\":\"Telinha\"},\"sameAs\":[\"https:\/\/portaltela.pt\/\"],\"url\":\"https:\/\/portaltela.pt\/por\/367410592786\/\"}]}<\/script>\n<!-- \/ Yoast SEO plugin. -->","yoast_head_json":{"title":"Caso 'O v\u00e9u do mal': autoridades investigam incidentes - Portal Tela Portugal","robots":{"index":"index","follow":"follow","max-snippet":"max-snippet:-1","max-image-preview":"max-image-preview:large","max-video-preview":"max-video-preview:-1"},"og_locale":"pt_PT","og_type":"article","og_title":"Caso 'O v\u00e9u do mal': autoridades investigam incidentes - Portal Tela Portugal","og_description":"O texto convida o leitor a imaginar o Ir\u00e3o atual como um regime totalit\u00e1rio, onde os direitos humanos n\u00e3o existem e h\u00e1 vigil\u00e2ncia constante das autoridades morais. Descreve abusos: casamento de meninas aos 13 anos, pr\u00e1tica de sigheh (casamentos tempor\u00e1rios) com dotes, m\u00e3es sem cust\u00f3dia, m\u00faltiplos casamentos, puni\u00e7\u00f5es severas pela pr\u00e1tica de hijab, proibi\u00e7\u00f5es de cantar em p\u00fablico e de ver jogos, testemunho de mulher com menor peso legal, e pris\u00f5es por cr\u00edticas ao regime. Repress\u00e3o extendida a homossexuais, pessoas que mudam de religi\u00e3o, dissidentes, presos pol\u00edticos torturados, acesso \u00e0 Internet cortado e m\u00e9dicos punidos por tratar feridos em manifesta\u00e7\u00f5es. O texto enquadra a defesa dos direitos humanos universais como objetivo de regimes democr\u00e1ticos, afirmando que a voz dos iranianos \u00e9 de sobreviv\u00eancia, n\u00e3o de ideologia. Conclui com refer\u00eancias hist\u00f3ricas (aviso de perigos semelhantes na passagem de navios portugueses ao Brasil e na erup\u00e7\u00e3o do Ves\u00favio) e um poema do poeta Ahmad Shamlou, sublinhando a estranheza do que se vive e a necessidade de n\u00e3o olhar para o lado.","og_url":"https:\/\/portaltela.pt\/noticias\/2026\/03\/07\/caso-o-veu-do-mal-autoridades-investigam-incidentes\/","og_site_name":"Portal Tela Portugal","article_published_time":"2026-03-08T00:00:00+00:00","author":"Telinha","twitter_card":"summary_large_image","twitter_misc":{"Escrito por":"Telinha","Tempo estimado de leitura":"2 minutos"},"schema":{"@context":"https:\/\/schema.org","@graph":[{"@type":"Article","@id":"https:\/\/portaltela.pt\/noticias\/2026\/03\/07\/caso-o-veu-do-mal-autoridades-investigam-incidentes\/#article","isPartOf":{"@id":"https:\/\/portaltela.pt\/noticias\/2026\/03\/07\/caso-o-veu-do-mal-autoridades-investigam-incidentes\/"},"author":{"name":"Telinha","@id":"https:\/\/portaltela.pt\/#\/schema\/person\/c4278d4a6028830caff9ee44b42d32ed"},"headline":"Caso &#8216;O v\u00e9u do mal&#8217;: autoridades investigam incidentes","datePublished":"2026-03-08T00:00:00+00:00","mainEntityOfPage":{"@id":"https:\/\/portaltela.pt\/noticias\/2026\/03\/07\/caso-o-veu-do-mal-autoridades-investigam-incidentes\/"},"wordCount":329,"image":{"@id":"https:\/\/portaltela.pt\/noticias\/2026\/03\/07\/caso-o-veu-do-mal-autoridades-investigam-incidentes\/#primaryimage"},"thumbnailUrl":"https:\/\/portaltela.pt\/s.01k8rhncp4jt1\/2026\/03\/96fd2701-475f-4580-9c54-817238b7ea4e_1200x675.jpg","keywords":["censura","direito internacional","Direitos da Mulher","direitos humanos","\u00cdr\u00e1n","viola\u00e7\u00e3o de direitos humanos"],"articleSection":["Not\u00edcias"],"inLanguage":"pt-PT"},{"@type":"WebPage","@id":"https:\/\/portaltela.pt\/noticias\/2026\/03\/07\/caso-o-veu-do-mal-autoridades-investigam-incidentes\/","url":"https:\/\/portaltela.pt\/noticias\/2026\/03\/07\/caso-o-veu-do-mal-autoridades-investigam-incidentes\/","name":"Caso 'O v\u00e9u do mal': autoridades investigam incidentes - Portal Tela Portugal","isPartOf":{"@id":"https:\/\/portaltela.pt\/#website"},"primaryImageOfPage":{"@id":"https:\/\/portaltela.pt\/noticias\/2026\/03\/07\/caso-o-veu-do-mal-autoridades-investigam-incidentes\/#primaryimage"},"image":{"@id":"https:\/\/portaltela.pt\/noticias\/2026\/03\/07\/caso-o-veu-do-mal-autoridades-investigam-incidentes\/#primaryimage"},"thumbnailUrl":"https:\/\/portaltela.pt\/s.01k8rhncp4jt1\/2026\/03\/96fd2701-475f-4580-9c54-817238b7ea4e_1200x675.jpg","datePublished":"2026-03-08T00:00:00+00:00","author":{"@id":"https:\/\/portaltela.pt\/#\/schema\/person\/c4278d4a6028830caff9ee44b42d32ed"},"breadcrumb":{"@id":"https:\/\/portaltela.pt\/noticias\/2026\/03\/07\/caso-o-veu-do-mal-autoridades-investigam-incidentes\/#breadcrumb"},"inLanguage":"pt-PT","potentialAction":[{"@type":"ReadAction","target":["https:\/\/portaltela.pt\/noticias\/2026\/03\/07\/caso-o-veu-do-mal-autoridades-investigam-incidentes\/"]}]},{"@type":"ImageObject","inLanguage":"pt-PT","@id":"https:\/\/portaltela.pt\/noticias\/2026\/03\/07\/caso-o-veu-do-mal-autoridades-investigam-incidentes\/#primaryimage","url":"https:\/\/portaltela.pt\/s.01k8rhncp4jt1\/2026\/03\/96fd2701-475f-4580-9c54-817238b7ea4e_1200x675.jpg","contentUrl":"https:\/\/portaltela.pt\/s.01k8rhncp4jt1\/2026\/03\/96fd2701-475f-4580-9c54-817238b7ea4e_1200x675.jpg","width":796,"height":448,"caption":"Photo"},{"@type":"BreadcrumbList","@id":"https:\/\/portaltela.pt\/noticias\/2026\/03\/07\/caso-o-veu-do-mal-autoridades-investigam-incidentes\/#breadcrumb","itemListElement":[{"@type":"ListItem","position":1,"name":"In\u00edcio","item":"https:\/\/portaltela.pt\/"},{"@type":"ListItem","position":2,"name":"Caso &#8216;O v\u00e9u do mal&#8217;: autoridades investigam incidentes"}]},{"@type":"WebSite","@id":"https:\/\/portaltela.pt\/#website","url":"https:\/\/portaltela.pt\/","name":"Portal Tela Portugal","description":"","potentialAction":[{"@type":"SearchAction","target":{"@type":"EntryPoint","urlTemplate":"https:\/\/portaltela.pt\/?s={search_term_string}"},"query-input":{"@type":"PropertyValueSpecification","valueRequired":true,"valueName":"search_term_string"}}],"inLanguage":"pt-PT"},{"@type":"Person","@id":"https:\/\/portaltela.pt\/#\/schema\/person\/c4278d4a6028830caff9ee44b42d32ed","name":"Telinha","image":{"@type":"ImageObject","inLanguage":"pt-PT","@id":"https:\/\/portaltela.pt\/s.01k8rhncp4jt1\/2025\/11\/talking-bot-125x125.png","url":"https:\/\/portaltela.pt\/s.01k8rhncp4jt1\/2025\/11\/talking-bot-125x125.png","contentUrl":"https:\/\/portaltela.pt\/s.01k8rhncp4jt1\/2025\/11\/talking-bot-125x125.png","caption":"Telinha"},"sameAs":["https:\/\/portaltela.pt\/"],"url":"https:\/\/portaltela.pt\/por\/367410592786\/"}]}},"_links":{"self":[{"href":"https:\/\/portaltela.pt\/api\/wp\/v2\/posts\/401882","targetHints":{"allow":["GET"]}}],"collection":[{"href":"https:\/\/portaltela.pt\/api\/wp\/v2\/posts"}],"about":[{"href":"https:\/\/portaltela.pt\/api\/wp\/v2\/types\/post"}],"author":[{"embeddable":true,"href":"https:\/\/portaltela.pt\/api\/wp\/v2\/users\/2"}],"replies":[{"embeddable":true,"href":"https:\/\/portaltela.pt\/api\/wp\/v2\/comments?post=401882"}],"version-history":[{"count":0,"href":"https:\/\/portaltela.pt\/api\/wp\/v2\/posts\/401882\/revisions"}],"wp:featuredmedia":[{"embeddable":true,"href":"https:\/\/portaltela.pt\/api\/wp\/v2\/media\/401884"}],"wp:attachment":[{"href":"https:\/\/portaltela.pt\/api\/wp\/v2\/media?parent=401882"}],"wp:term":[{"taxonomy":"category","embeddable":true,"href":"https:\/\/portaltela.pt\/api\/wp\/v2\/categories?post=401882"},{"taxonomy":"post_tag","embeddable":true,"href":"https:\/\/portaltela.pt\/api\/wp\/v2\/tags?post=401882"}],"curies":[{"name":"wp","href":"https:\/\/api.w.org\/{rel}","templated":true}]}}