{"id":401846,"date":"2026-03-07T19:58:00","date_gmt":"2026-03-07T22:58:00","guid":{"rendered":"https:\/\/portaltela.pt\/noticias\/2026\/03\/07\/levante-de-luis-castro-empata-com-girona-na-liga-espanhola\/"},"modified":"2026-03-07T19:58:00","modified_gmt":"2026-03-07T22:58:00","slug":"levante-de-luis-castro-empata-com-girona-na-liga-espanhola","status":"publish","type":"post","link":"https:\/\/portaltela.pt\/desporto\/futebol\/2026\/03\/07\/levante-de-luis-castro-empata-com-girona-na-liga-espanhola\/","title":{"rendered":"Levante, de Lu\u00eds Castro, empata com Girona na Liga espanhola"},"content":{"rendered":"<p>O Levante, pen\u00faltimo da Liga espanhola, cedeu este s\u00e1bado em tempo de compensa\u00e7\u00e3o um empate 1-1 com o Girona, na 27.\u00aa jornada. O jogo, disputado em Val\u00eancia, viu os locais adiantar-se por Carlos Esp\u00ed aos 50 minutos e sofrer o golo do suplente Joel Roca aos 90+4, depois de ficarem em superioridade num\u00e9rica com a expuls\u00e3o de Jon Olasagasti aos 59.<\/p>\n<p>Com este resultado, o Levante mant\u00e9m-se na 19.\u00aa posi\u00e7\u00e3o, com 22 pontos, a quatro do Elche, 17.\u00ba classificado e na linha de manuten\u00e7\u00e3o (com um jogo a menos). O Girona, por seu lado, segue reformulado no 12.\u00ba posto, com 31 pontos. O triunfo de duas jornadas consecutivas escapou aos felinos ap\u00f3s o empate no tempo de compensa\u00e7\u00e3o.<\/p>\n<p>Mais cedo, o Maiorca, 18.\u00ba, empatou em Osasuna (2-2) e fica com 25 pontos. Osasuna ocupa o 10.\u00ba lugar, com 34. A equipa treinada por Mart\u00edn Demichelis estreou-se neste jogo, com Samu Costa a cumprir a 90 minutos. A restante ronda mant\u00e9m-se com o l\u00edder Barcelona e o Atl\u00e9tico de Madrid em a\u00e7\u00e3o mais tarde, num fim de semana com v\u00e1rias mudan\u00e7as no topo.<\/p>\n<h3>Desdobramentos e pr\u00f3ximos jogos<\/h3>\n<p>A 27.\u00aa jornada continua hoje com o duelo entre o Atl\u00e9tico de Madrid e a Real Sociedad, com a presen\u00e7a do portugu\u00eas Gon\u00e7alo Guedes. Segue-se a rece\u00e7\u00e3o do l\u00edder FC Barcelona, com Jo\u00e3o Cancelo, ao Athletic Bilbao. Prospetuam-se jogos decisivos na luta pela Europa e pela manuten\u00e7\u00e3o.<\/p>\n","protected":false},"excerpt":{"rendered":"<ul>\n<li>O Levante, pen\u00faltimo classificado, empatou 1-1 com o Girona em casa na 27.\u00aa jornada da Liga espanhola, em Val\u00eancia.<\/li>\n<li>O Levente adiantou-se aos 50 minutos por Carlos Esp\u00ed, tentando a segunda vit\u00f3ria consecutiva na liga.<\/li>\n<li>O Girona empatou aos 90+4 minutos com Joel Roca, depois de o Levante ficar em inferioridade num\u00e9rica pela expuls\u00e3o de Jon Olasagasti aos 59.<\/li>\n<li>O Levante continua no 19.\u00ba lugar, com 22 pontos, quatro abaixo do Elche, 17.\u00ba classificado e primeira equipa em posi\u00e7\u00e3o de perman\u00eancia.<\/li>\n<li>O Girona est\u00e1 currently em 12.\u00ba, com 31 pontos. A ronda prossegue hoje com Atl\u00e9tico de Madrid vs Real Sociedad e Barcelona vs Athletic Bilbao.<\/li>\n<\/ul>\n","protected":false},"author":2,"featured_media":401848,"comment_status":"closed","ping_status":"closed","sticky":false,"template":"","format":"standard","meta":{"footnotes":""},"categories":[21,24],"tags":[2588,1109,2587,32,1789,3083],"class_list":["post-401846","post","type-post","status-publish","format-standard","has-post-thumbnail","hentry","category-desporto","category-futebol","tag-athletic-bilbao","tag-atletico-de-madrid","tag-barcelona","tag-futebol","tag-la-liga","tag-real-sociedad"],"yoast_head":"<!-- This site is optimized with the Yoast SEO plugin v27.2 - https:\/\/yoast.com\/product\/yoast-seo-wordpress\/ -->\n<title>Levante, de Lu\u00eds Castro, empata com Girona na Liga espanhola - Portal Tela Portugal<\/title>\n<meta name=\"robots\" content=\"index, follow, max-snippet:-1, max-image-preview:large, max-video-preview:-1\" \/>\n<meta property=\"og:locale\" content=\"pt_PT\" \/>\n<meta property=\"og:type\" content=\"article\" \/>\n<meta property=\"og:title\" content=\"Levante, de Lu\u00eds Castro, empata com Girona na Liga espanhola - Portal Tela Portugal\" \/>\n<meta property=\"og:description\" content=\"O Levante, pen\u00faltimo classificado, empatou 1-1 com o Girona em casa na 27.\u00aa jornada da Liga espanhola, em Val\u00eancia. O Levente adiantou-se aos 50 minutos por Carlos Esp\u00ed, tentando a segunda vit\u00f3ria consecutiva na liga. O Girona empatou aos 90+4 minutos com Joel Roca, depois de o Levante ficar em inferioridade num\u00e9rica pela expuls\u00e3o de Jon Olasagasti aos 59. O Levante continua no 19.\u00ba lugar, com 22 pontos, quatro abaixo do Elche, 17.\u00ba classificado e primeira equipa em posi\u00e7\u00e3o de perman\u00eancia. O Girona est\u00e1 currently em 12.\u00ba, com 31 pontos. A ronda prossegue hoje com Atl\u00e9tico de Madrid vs Real Sociedad e Barcelona vs Athletic Bilbao.\" \/>\n<meta property=\"og:url\" content=\"https:\/\/portaltela.pt\/noticias\/2026\/03\/07\/levante-de-luis-castro-empata-com-girona-na-liga-espanhola\/\" \/>\n<meta property=\"og:site_name\" content=\"Portal Tela Portugal\" \/>\n<meta property=\"article:published_time\" content=\"2026-03-07T22:58:00+00:00\" \/>\n<meta name=\"author\" content=\"Telinha\" \/>\n<meta name=\"twitter:card\" content=\"summary_large_image\" \/>\n<meta name=\"twitter:label1\" content=\"Escrito por\" \/>\n\t<meta name=\"twitter:data1\" content=\"Telinha\" \/>\n\t<meta name=\"twitter:label2\" content=\"Tempo estimado de leitura\" \/>\n\t<meta name=\"twitter:data2\" content=\"1 minuto\" \/>\n<script type=\"application\/ld+json\" class=\"yoast-schema-graph\">{\"@context\":\"https:\/\/schema.org\",\"@graph\":[{\"@type\":\"Article\",\"@id\":\"https:\/\/portaltela.pt\/noticias\/2026\/03\/07\/levante-de-luis-castro-empata-com-girona-na-liga-espanhola\/#article\",\"isPartOf\":{\"@id\":\"https:\/\/portaltela.pt\/noticias\/2026\/03\/07\/levante-de-luis-castro-empata-com-girona-na-liga-espanhola\/\"},\"author\":{\"name\":\"Telinha\",\"@id\":\"https:\/\/portaltela.pt\/#\/schema\/person\/c4278d4a6028830caff9ee44b42d32ed\"},\"headline\":\"Levante, de Lu\u00eds Castro, empata com Girona na Liga espanhola\",\"datePublished\":\"2026-03-07T22:58:00+00:00\",\"mainEntityOfPage\":{\"@id\":\"https:\/\/portaltela.pt\/noticias\/2026\/03\/07\/levante-de-luis-castro-empata-com-girona-na-liga-espanhola\/\"},\"wordCount\":256,\"image\":{\"@id\":\"https:\/\/portaltela.pt\/noticias\/2026\/03\/07\/levante-de-luis-castro-empata-com-girona-na-liga-espanhola\/#primaryimage\"},\"thumbnailUrl\":\"https:\/\/portaltela.pt\/s.01k8rhncp4jt1\/2026\/03\/image-494.jpg\",\"keywords\":[\"Athletic Bilbao\",\"Atl\u00e9tico de Madrid\",\"Barcelona\",\"futebol\",\"La Liga\",\"Real Sociedad\"],\"articleSection\":[\"Desporto\",\"Futebol\"],\"inLanguage\":\"pt-PT\"},{\"@type\":\"WebPage\",\"@id\":\"https:\/\/portaltela.pt\/noticias\/2026\/03\/07\/levante-de-luis-castro-empata-com-girona-na-liga-espanhola\/\",\"url\":\"https:\/\/portaltela.pt\/noticias\/2026\/03\/07\/levante-de-luis-castro-empata-com-girona-na-liga-espanhola\/\",\"name\":\"Levante, de Lu\u00eds Castro, empata com Girona na Liga espanhola - Portal Tela Portugal\",\"isPartOf\":{\"@id\":\"https:\/\/portaltela.pt\/#website\"},\"primaryImageOfPage\":{\"@id\":\"https:\/\/portaltela.pt\/noticias\/2026\/03\/07\/levante-de-luis-castro-empata-com-girona-na-liga-espanhola\/#primaryimage\"},\"image\":{\"@id\":\"https:\/\/portaltela.pt\/noticias\/2026\/03\/07\/levante-de-luis-castro-empata-com-girona-na-liga-espanhola\/#primaryimage\"},\"thumbnailUrl\":\"https:\/\/portaltela.pt\/s.01k8rhncp4jt1\/2026\/03\/image-494.jpg\",\"datePublished\":\"2026-03-07T22:58:00+00:00\",\"author\":{\"@id\":\"https:\/\/portaltela.pt\/#\/schema\/person\/c4278d4a6028830caff9ee44b42d32ed\"},\"breadcrumb\":{\"@id\":\"https:\/\/portaltela.pt\/noticias\/2026\/03\/07\/levante-de-luis-castro-empata-com-girona-na-liga-espanhola\/#breadcrumb\"},\"inLanguage\":\"pt-PT\",\"potentialAction\":[{\"@type\":\"ReadAction\",\"target\":[\"https:\/\/portaltela.pt\/noticias\/2026\/03\/07\/levante-de-luis-castro-empata-com-girona-na-liga-espanhola\/\"]}]},{\"@type\":\"ImageObject\",\"inLanguage\":\"pt-PT\",\"@id\":\"https:\/\/portaltela.pt\/noticias\/2026\/03\/07\/levante-de-luis-castro-empata-com-girona-na-liga-espanhola\/#primaryimage\",\"url\":\"https:\/\/portaltela.pt\/s.01k8rhncp4jt1\/2026\/03\/image-494.jpg\",\"contentUrl\":\"https:\/\/portaltela.pt\/s.01k8rhncp4jt1\/2026\/03\/image-494.jpg\",\"width\":796,\"height\":448,\"caption\":\"Lu\u00eds Castro, treinador do Levante\"},{\"@type\":\"BreadcrumbList\",\"@id\":\"https:\/\/portaltela.pt\/noticias\/2026\/03\/07\/levante-de-luis-castro-empata-com-girona-na-liga-espanhola\/#breadcrumb\",\"itemListElement\":[{\"@type\":\"ListItem\",\"position\":1,\"name\":\"In\u00edcio\",\"item\":\"https:\/\/portaltela.pt\/\"},{\"@type\":\"ListItem\",\"position\":2,\"name\":\"Levante, de Lu\u00eds Castro, empata com Girona na Liga espanhola\"}]},{\"@type\":\"WebSite\",\"@id\":\"https:\/\/portaltela.pt\/#website\",\"url\":\"https:\/\/portaltela.pt\/\",\"name\":\"Portal Tela Portugal\",\"description\":\"\",\"potentialAction\":[{\"@type\":\"SearchAction\",\"target\":{\"@type\":\"EntryPoint\",\"urlTemplate\":\"https:\/\/portaltela.pt\/?s={search_term_string}\"},\"query-input\":{\"@type\":\"PropertyValueSpecification\",\"valueRequired\":true,\"valueName\":\"search_term_string\"}}],\"inLanguage\":\"pt-PT\"},{\"@type\":\"Person\",\"@id\":\"https:\/\/portaltela.pt\/#\/schema\/person\/c4278d4a6028830caff9ee44b42d32ed\",\"name\":\"Telinha\",\"image\":{\"@type\":\"ImageObject\",\"inLanguage\":\"pt-PT\",\"@id\":\"https:\/\/portaltela.pt\/s.01k8rhncp4jt1\/2025\/11\/talking-bot-125x125.png\",\"url\":\"https:\/\/portaltela.pt\/s.01k8rhncp4jt1\/2025\/11\/talking-bot-125x125.png\",\"contentUrl\":\"https:\/\/portaltela.pt\/s.01k8rhncp4jt1\/2025\/11\/talking-bot-125x125.png\",\"caption\":\"Telinha\"},\"sameAs\":[\"https:\/\/portaltela.pt\/\"],\"url\":\"https:\/\/portaltela.pt\/por\/367410592786\/\"}]}<\/script>\n<!-- \/ Yoast SEO plugin. -->","yoast_head_json":{"title":"Levante, de Lu\u00eds Castro, empata com Girona na Liga espanhola - Portal Tela Portugal","robots":{"index":"index","follow":"follow","max-snippet":"max-snippet:-1","max-image-preview":"max-image-preview:large","max-video-preview":"max-video-preview:-1"},"og_locale":"pt_PT","og_type":"article","og_title":"Levante, de Lu\u00eds Castro, empata com Girona na Liga espanhola - Portal Tela Portugal","og_description":"O Levante, pen\u00faltimo classificado, empatou 1-1 com o Girona em casa na 27.\u00aa jornada da Liga espanhola, em Val\u00eancia. O Levente adiantou-se aos 50 minutos por Carlos Esp\u00ed, tentando a segunda vit\u00f3ria consecutiva na liga. O Girona empatou aos 90+4 minutos com Joel Roca, depois de o Levante ficar em inferioridade num\u00e9rica pela expuls\u00e3o de Jon Olasagasti aos 59. O Levante continua no 19.\u00ba lugar, com 22 pontos, quatro abaixo do Elche, 17.\u00ba classificado e primeira equipa em posi\u00e7\u00e3o de perman\u00eancia. O Girona est\u00e1 currently em 12.\u00ba, com 31 pontos. A ronda prossegue hoje com Atl\u00e9tico de Madrid vs Real Sociedad e Barcelona vs Athletic Bilbao.","og_url":"https:\/\/portaltela.pt\/noticias\/2026\/03\/07\/levante-de-luis-castro-empata-com-girona-na-liga-espanhola\/","og_site_name":"Portal Tela Portugal","article_published_time":"2026-03-07T22:58:00+00:00","author":"Telinha","twitter_card":"summary_large_image","twitter_misc":{"Escrito por":"Telinha","Tempo estimado de leitura":"1 minuto"},"schema":{"@context":"https:\/\/schema.org","@graph":[{"@type":"Article","@id":"https:\/\/portaltela.pt\/noticias\/2026\/03\/07\/levante-de-luis-castro-empata-com-girona-na-liga-espanhola\/#article","isPartOf":{"@id":"https:\/\/portaltela.pt\/noticias\/2026\/03\/07\/levante-de-luis-castro-empata-com-girona-na-liga-espanhola\/"},"author":{"name":"Telinha","@id":"https:\/\/portaltela.pt\/#\/schema\/person\/c4278d4a6028830caff9ee44b42d32ed"},"headline":"Levante, de Lu\u00eds Castro, empata com Girona na Liga espanhola","datePublished":"2026-03-07T22:58:00+00:00","mainEntityOfPage":{"@id":"https:\/\/portaltela.pt\/noticias\/2026\/03\/07\/levante-de-luis-castro-empata-com-girona-na-liga-espanhola\/"},"wordCount":256,"image":{"@id":"https:\/\/portaltela.pt\/noticias\/2026\/03\/07\/levante-de-luis-castro-empata-com-girona-na-liga-espanhola\/#primaryimage"},"thumbnailUrl":"https:\/\/portaltela.pt\/s.01k8rhncp4jt1\/2026\/03\/image-494.jpg","keywords":["Athletic Bilbao","Atl\u00e9tico de Madrid","Barcelona","futebol","La Liga","Real Sociedad"],"articleSection":["Desporto","Futebol"],"inLanguage":"pt-PT"},{"@type":"WebPage","@id":"https:\/\/portaltela.pt\/noticias\/2026\/03\/07\/levante-de-luis-castro-empata-com-girona-na-liga-espanhola\/","url":"https:\/\/portaltela.pt\/noticias\/2026\/03\/07\/levante-de-luis-castro-empata-com-girona-na-liga-espanhola\/","name":"Levante, de Lu\u00eds Castro, empata com Girona na Liga espanhola - Portal Tela Portugal","isPartOf":{"@id":"https:\/\/portaltela.pt\/#website"},"primaryImageOfPage":{"@id":"https:\/\/portaltela.pt\/noticias\/2026\/03\/07\/levante-de-luis-castro-empata-com-girona-na-liga-espanhola\/#primaryimage"},"image":{"@id":"https:\/\/portaltela.pt\/noticias\/2026\/03\/07\/levante-de-luis-castro-empata-com-girona-na-liga-espanhola\/#primaryimage"},"thumbnailUrl":"https:\/\/portaltela.pt\/s.01k8rhncp4jt1\/2026\/03\/image-494.jpg","datePublished":"2026-03-07T22:58:00+00:00","author":{"@id":"https:\/\/portaltela.pt\/#\/schema\/person\/c4278d4a6028830caff9ee44b42d32ed"},"breadcrumb":{"@id":"https:\/\/portaltela.pt\/noticias\/2026\/03\/07\/levante-de-luis-castro-empata-com-girona-na-liga-espanhola\/#breadcrumb"},"inLanguage":"pt-PT","potentialAction":[{"@type":"ReadAction","target":["https:\/\/portaltela.pt\/noticias\/2026\/03\/07\/levante-de-luis-castro-empata-com-girona-na-liga-espanhola\/"]}]},{"@type":"ImageObject","inLanguage":"pt-PT","@id":"https:\/\/portaltela.pt\/noticias\/2026\/03\/07\/levante-de-luis-castro-empata-com-girona-na-liga-espanhola\/#primaryimage","url":"https:\/\/portaltela.pt\/s.01k8rhncp4jt1\/2026\/03\/image-494.jpg","contentUrl":"https:\/\/portaltela.pt\/s.01k8rhncp4jt1\/2026\/03\/image-494.jpg","width":796,"height":448,"caption":"Lu\u00eds Castro, treinador do Levante"},{"@type":"BreadcrumbList","@id":"https:\/\/portaltela.pt\/noticias\/2026\/03\/07\/levante-de-luis-castro-empata-com-girona-na-liga-espanhola\/#breadcrumb","itemListElement":[{"@type":"ListItem","position":1,"name":"In\u00edcio","item":"https:\/\/portaltela.pt\/"},{"@type":"ListItem","position":2,"name":"Levante, de Lu\u00eds Castro, empata com Girona na Liga espanhola"}]},{"@type":"WebSite","@id":"https:\/\/portaltela.pt\/#website","url":"https:\/\/portaltela.pt\/","name":"Portal Tela Portugal","description":"","potentialAction":[{"@type":"SearchAction","target":{"@type":"EntryPoint","urlTemplate":"https:\/\/portaltela.pt\/?s={search_term_string}"},"query-input":{"@type":"PropertyValueSpecification","valueRequired":true,"valueName":"search_term_string"}}],"inLanguage":"pt-PT"},{"@type":"Person","@id":"https:\/\/portaltela.pt\/#\/schema\/person\/c4278d4a6028830caff9ee44b42d32ed","name":"Telinha","image":{"@type":"ImageObject","inLanguage":"pt-PT","@id":"https:\/\/portaltela.pt\/s.01k8rhncp4jt1\/2025\/11\/talking-bot-125x125.png","url":"https:\/\/portaltela.pt\/s.01k8rhncp4jt1\/2025\/11\/talking-bot-125x125.png","contentUrl":"https:\/\/portaltela.pt\/s.01k8rhncp4jt1\/2025\/11\/talking-bot-125x125.png","caption":"Telinha"},"sameAs":["https:\/\/portaltela.pt\/"],"url":"https:\/\/portaltela.pt\/por\/367410592786\/"}]}},"_links":{"self":[{"href":"https:\/\/portaltela.pt\/api\/wp\/v2\/posts\/401846","targetHints":{"allow":["GET"]}}],"collection":[{"href":"https:\/\/portaltela.pt\/api\/wp\/v2\/posts"}],"about":[{"href":"https:\/\/portaltela.pt\/api\/wp\/v2\/types\/post"}],"author":[{"embeddable":true,"href":"https:\/\/portaltela.pt\/api\/wp\/v2\/users\/2"}],"replies":[{"embeddable":true,"href":"https:\/\/portaltela.pt\/api\/wp\/v2\/comments?post=401846"}],"version-history":[{"count":0,"href":"https:\/\/portaltela.pt\/api\/wp\/v2\/posts\/401846\/revisions"}],"wp:featuredmedia":[{"embeddable":true,"href":"https:\/\/portaltela.pt\/api\/wp\/v2\/media\/401848"}],"wp:attachment":[{"href":"https:\/\/portaltela.pt\/api\/wp\/v2\/media?parent=401846"}],"wp:term":[{"taxonomy":"category","embeddable":true,"href":"https:\/\/portaltela.pt\/api\/wp\/v2\/categories?post=401846"},{"taxonomy":"post_tag","embeddable":true,"href":"https:\/\/portaltela.pt\/api\/wp\/v2\/tags?post=401846"}],"curies":[{"name":"wp","href":"https:\/\/api.w.org\/{rel}","templated":true}]}}