{"id":401824,"date":"2026-03-07T19:24:00","date_gmt":"2026-03-07T22:24:00","guid":{"rendered":"https:\/\/portaltela.pt\/noticias\/2026\/03\/07\/mai-maioria-da-psp-serve-o-pais-com-sentido-de-missao-apos-prisao-de-agentes\/"},"modified":"2026-03-07T19:24:00","modified_gmt":"2026-03-07T22:24:00","slug":"mai-maioria-da-psp-serve-o-pais-com-sentido-de-missao-apos-prisao-de-agentes","status":"publish","type":"post","link":"https:\/\/portaltela.pt\/policia\/2026\/03\/07\/mai-maioria-da-psp-serve-o-pais-com-sentido-de-missao-apos-prisao-de-agentes\/","title":{"rendered":"MAI: maioria da PSP serve o pa\u00eds com sentido de miss\u00e3o ap\u00f3s pris\u00e3o de agentes"},"content":{"rendered":"<p>A maioria dos profissionais da PSP continua a servir Portugal com elevado sentido de miss\u00e3o, defende o Minist\u00e9rio da Administra\u00e7\u00e3o Interna, ap\u00f3s sete agentes da PSP terem ficado em pris\u00e3o preventiva. Os crimes que lhes s\u00e3o imputados incluem tortura grave, viola\u00e7\u00e3o consumada e viola\u00e7\u00e3o tentada, al\u00e9m de abuso de poder e deten\u00e7\u00e3o de arma proibida. A deten\u00e7\u00e3o ocorreu na Esquadra do Rato, em Lisboa, na \u00faltima quarta-feira.<\/p>\n<p>Em comunicado conjunto, o Minist\u00e9rio P\u00fablico e a PSP explicaram que a aplica\u00e7\u00e3o da medida de coa\u00e7\u00e3o mais gravosa se baseia no risco de continua\u00e7\u00e3o da atividade criminosa, na perturba\u00e7\u00e3o grave da tranquilidade p\u00fablica e na possibilidade de conserva\u00e7\u00e3o e aquisi\u00e7\u00e3o de provas. A decis\u00e3o de pris\u00e3o preventiva foi anunciada neste s\u00e1bado.<\/p>\n<p>Lu\u00eds Neves, ministro da Administra\u00e7\u00e3o Interna, publicou uma mensagem na rede social Instagram do MAI em que afirma a import\u00e2ncia de defender a confian\u00e7a dos cidad\u00e3os nas institui\u00e7\u00f5es e que a grande maioria dos agentes atua com legalidade. Alegou ainda que cerca de 200 mil profissionais trabalham diariamente para a seguran\u00e7a de todos.<\/p>\n<p>O Minist\u00e9rio P\u00fablico e a PSP j\u00e1 tinham indicado que os sete agentes se somam a dois pol\u00edcias detidos em julho, tamb\u00e9m sob previs\u00e3o preventiva. Em janeiro, esses dois agentes foram acusados de tortura, abuso de poder e viola\u00e7\u00e3o, entre outros crimes, envolvendo principalmente toxicodependentes, sem-abrigo e estrangeiros.<\/p>\n<p>Segundo a acusa\u00e7\u00e3o, os abusos inclu\u00edram agress\u00f5es f\u00edsicas, filmagens de alguns epis\u00f3dios e partilha de material em grupos de WhatsApp entre agentes. Um dos casos relatados descreve agress\u00f5es graves e desloca\u00e7\u00e3o da v\u00edtima em viatura.<\/p>\n<p>Entretanto, o Governo sublinha que as investiga\u00e7\u00f5es continuam com rigor, e que as autoridades analisam tamb\u00e9m as den\u00fancias recebidas pela PSP. A Inspectorate-Geral da Administra\u00e7\u00e3o Interna (IGAI) est\u00e1 a concluir tr\u00eas processos disciplinares relacionados com este caso, enquanto investiga pol\u00edcias que assistiram aos v\u00eddeos partilhados.<\/p>\n<p>A comunica\u00e7\u00e3o do MAI refor\u00e7a ainda que a presun\u00e7\u00e3o de inoc\u00eancia vale para todos os cidad\u00e3os, mas ressalva que as institui\u00e7\u00f5es do Estado est\u00e3o a funcionar, reagindo \u00e0 den\u00fancia feita pela pr\u00f3pria PSP.<\/p>\n","protected":false},"excerpt":{"rendered":"<ul>\n<li>O Minist\u00e9rio da Administra\u00e7\u00e3o Interna afirmou que a esmagadora maioria dos profissionais da PSP serve Portugal com elevado sentido de miss\u00e3o, ap\u00f3s a deten\u00e7\u00e3o de sete agentes.<\/li>\n<li>Os sete agentes ficaram em pris\u00e3o preventiva por crimes como tortura grave, viola\u00e7\u00e3o consumada e viola\u00e7\u00e3o tentada, entre outros.<\/li>\n<li>A decis\u00e3o de coa\u00e7\u00e3o foi baseada no risco de continua\u00e7\u00e3o da atividade criminosa, perturba\u00e7\u00e3o da ordem p\u00fablica e perigo de conserva\u00e7\u00e3o da prova.<\/li>\n<li>O ministro Lu\u00eds Neves destacou que a presun\u00e7\u00e3o de inoc\u00eancia vale para todos e que as institui\u00e7\u00f5es do Estado funcionam, com a den\u00fancia a partir da pr\u00f3pria PSP.<\/li>\n<li>Este caso soma-se a dois pol\u00edcias j\u00e1 em pris\u00e3o preventiva desde julho, investigados por crimes similares envolvendo agress\u00f5es a toxicodependentes, pessoas sem-abrigo e estrangeiros.<\/li>\n<\/ul>\n","protected":false},"author":2,"featured_media":401828,"comment_status":"closed","ping_status":"closed","sticky":false,"template":"","format":"standard","meta":{"footnotes":""},"categories":[6781],"tags":[470,5798,147,3418,250,3535],"class_list":["post-401824","post","type-post","status-publish","format-standard","has-post-thumbnail","hentry","category-policia","tag-abuso-de-autoridade","tag-administracao-interna","tag-crime","tag-policia-de-seguranca-publica","tag-seguranca-publica","tag-tortura"],"yoast_head":"<!-- This site is optimized with the Yoast SEO plugin v27.2 - https:\/\/yoast.com\/product\/yoast-seo-wordpress\/ -->\n<title>MAI: maioria da PSP serve o pa\u00eds com sentido de miss\u00e3o ap\u00f3s pris\u00e3o de agentes - Portal Tela Portugal<\/title>\n<meta name=\"robots\" content=\"index, follow, max-snippet:-1, max-image-preview:large, max-video-preview:-1\" \/>\n<meta property=\"og:locale\" content=\"pt_PT\" \/>\n<meta property=\"og:type\" content=\"article\" \/>\n<meta property=\"og:title\" content=\"MAI: maioria da PSP serve o pa\u00eds com sentido de miss\u00e3o ap\u00f3s pris\u00e3o de agentes - Portal Tela Portugal\" \/>\n<meta property=\"og:description\" content=\"O Minist\u00e9rio da Administra\u00e7\u00e3o Interna afirmou que a esmagadora maioria dos profissionais da PSP serve Portugal com elevado sentido de miss\u00e3o, ap\u00f3s a deten\u00e7\u00e3o de sete agentes. Os sete agentes ficaram em pris\u00e3o preventiva por crimes como tortura grave, viola\u00e7\u00e3o consumada e viola\u00e7\u00e3o tentada, entre outros. A decis\u00e3o de coa\u00e7\u00e3o foi baseada no risco de continua\u00e7\u00e3o da atividade criminosa, perturba\u00e7\u00e3o da ordem p\u00fablica e perigo de conserva\u00e7\u00e3o da prova. O ministro Lu\u00eds Neves destacou que a presun\u00e7\u00e3o de inoc\u00eancia vale para todos e que as institui\u00e7\u00f5es do Estado funcionam, com a den\u00fancia a partir da pr\u00f3pria PSP. Este caso soma-se a dois pol\u00edcias j\u00e1 em pris\u00e3o preventiva desde julho, investigados por crimes similares envolvendo agress\u00f5es a toxicodependentes, pessoas sem-abrigo e estrangeiros.\" \/>\n<meta property=\"og:url\" content=\"https:\/\/portaltela.pt\/noticias\/2026\/03\/07\/mai-maioria-da-psp-serve-o-pais-com-sentido-de-missao-apos-prisao-de-agentes\/\" \/>\n<meta property=\"og:site_name\" content=\"Portal Tela Portugal\" \/>\n<meta property=\"article:published_time\" content=\"2026-03-07T22:24:00+00:00\" \/>\n<meta name=\"author\" content=\"Telinha\" \/>\n<meta name=\"twitter:card\" content=\"summary_large_image\" \/>\n<meta name=\"twitter:label1\" content=\"Escrito por\" \/>\n\t<meta name=\"twitter:data1\" content=\"Telinha\" \/>\n\t<meta name=\"twitter:label2\" content=\"Tempo estimado de leitura\" \/>\n\t<meta name=\"twitter:data2\" content=\"2 minutos\" \/>\n<script type=\"application\/ld+json\" class=\"yoast-schema-graph\">{\"@context\":\"https:\/\/schema.org\",\"@graph\":[{\"@type\":\"Article\",\"@id\":\"https:\/\/portaltela.pt\/noticias\/2026\/03\/07\/mai-maioria-da-psp-serve-o-pais-com-sentido-de-missao-apos-prisao-de-agentes\/#article\",\"isPartOf\":{\"@id\":\"https:\/\/portaltela.pt\/noticias\/2026\/03\/07\/mai-maioria-da-psp-serve-o-pais-com-sentido-de-missao-apos-prisao-de-agentes\/\"},\"author\":{\"name\":\"Telinha\",\"@id\":\"https:\/\/portaltela.pt\/#\/schema\/person\/c4278d4a6028830caff9ee44b42d32ed\"},\"headline\":\"MAI: maioria da PSP serve o pa\u00eds com sentido de miss\u00e3o ap\u00f3s pris\u00e3o de agentes\",\"datePublished\":\"2026-03-07T22:24:00+00:00\",\"mainEntityOfPage\":{\"@id\":\"https:\/\/portaltela.pt\/noticias\/2026\/03\/07\/mai-maioria-da-psp-serve-o-pais-com-sentido-de-missao-apos-prisao-de-agentes\/\"},\"wordCount\":410,\"image\":{\"@id\":\"https:\/\/portaltela.pt\/noticias\/2026\/03\/07\/mai-maioria-da-psp-serve-o-pais-com-sentido-de-missao-apos-prisao-de-agentes\/#primaryimage\"},\"thumbnailUrl\":\"https:\/\/portaltela.pt\/s.01k8rhncp4jt1\/2026\/03\/img_1500x1000uu2026-02-23-10-24-05-2268432.jpg\",\"keywords\":[\"abuso de autoridade\",\"Administra\u00e7\u00e3o Interna\",\"crime\",\"Pol\u00edcia de Seguran\u00e7a P\u00fablica\",\"seguran\u00e7a p\u00fablica\",\"tortura\"],\"articleSection\":[\"Pol\u00edcia\"],\"inLanguage\":\"pt-PT\"},{\"@type\":\"WebPage\",\"@id\":\"https:\/\/portaltela.pt\/noticias\/2026\/03\/07\/mai-maioria-da-psp-serve-o-pais-com-sentido-de-missao-apos-prisao-de-agentes\/\",\"url\":\"https:\/\/portaltela.pt\/noticias\/2026\/03\/07\/mai-maioria-da-psp-serve-o-pais-com-sentido-de-missao-apos-prisao-de-agentes\/\",\"name\":\"MAI: maioria da PSP serve o pa\u00eds com sentido de miss\u00e3o ap\u00f3s pris\u00e3o de agentes - Portal Tela Portugal\",\"isPartOf\":{\"@id\":\"https:\/\/portaltela.pt\/#website\"},\"primaryImageOfPage\":{\"@id\":\"https:\/\/portaltela.pt\/noticias\/2026\/03\/07\/mai-maioria-da-psp-serve-o-pais-com-sentido-de-missao-apos-prisao-de-agentes\/#primaryimage\"},\"image\":{\"@id\":\"https:\/\/portaltela.pt\/noticias\/2026\/03\/07\/mai-maioria-da-psp-serve-o-pais-com-sentido-de-missao-apos-prisao-de-agentes\/#primaryimage\"},\"thumbnailUrl\":\"https:\/\/portaltela.pt\/s.01k8rhncp4jt1\/2026\/03\/img_1500x1000uu2026-02-23-10-24-05-2268432.jpg\",\"datePublished\":\"2026-03-07T22:24:00+00:00\",\"author\":{\"@id\":\"https:\/\/portaltela.pt\/#\/schema\/person\/c4278d4a6028830caff9ee44b42d32ed\"},\"breadcrumb\":{\"@id\":\"https:\/\/portaltela.pt\/noticias\/2026\/03\/07\/mai-maioria-da-psp-serve-o-pais-com-sentido-de-missao-apos-prisao-de-agentes\/#breadcrumb\"},\"inLanguage\":\"pt-PT\",\"potentialAction\":[{\"@type\":\"ReadAction\",\"target\":[\"https:\/\/portaltela.pt\/noticias\/2026\/03\/07\/mai-maioria-da-psp-serve-o-pais-com-sentido-de-missao-apos-prisao-de-agentes\/\"]}]},{\"@type\":\"ImageObject\",\"inLanguage\":\"pt-PT\",\"@id\":\"https:\/\/portaltela.pt\/noticias\/2026\/03\/07\/mai-maioria-da-psp-serve-o-pais-com-sentido-de-missao-apos-prisao-de-agentes\/#primaryimage\",\"url\":\"https:\/\/portaltela.pt\/s.01k8rhncp4jt1\/2026\/03\/img_1500x1000uu2026-02-23-10-24-05-2268432.jpg\",\"contentUrl\":\"https:\/\/portaltela.pt\/s.01k8rhncp4jt1\/2026\/03\/img_1500x1000uu2026-02-23-10-24-05-2268432.jpg\",\"width\":796,\"height\":448,\"caption\":\"Lu\u00eds Neves\"},{\"@type\":\"BreadcrumbList\",\"@id\":\"https:\/\/portaltela.pt\/noticias\/2026\/03\/07\/mai-maioria-da-psp-serve-o-pais-com-sentido-de-missao-apos-prisao-de-agentes\/#breadcrumb\",\"itemListElement\":[{\"@type\":\"ListItem\",\"position\":1,\"name\":\"In\u00edcio\",\"item\":\"https:\/\/portaltela.pt\/\"},{\"@type\":\"ListItem\",\"position\":2,\"name\":\"MAI: maioria da PSP serve o pa\u00eds com sentido de miss\u00e3o ap\u00f3s pris\u00e3o de agentes\"}]},{\"@type\":\"WebSite\",\"@id\":\"https:\/\/portaltela.pt\/#website\",\"url\":\"https:\/\/portaltela.pt\/\",\"name\":\"Portal Tela Portugal\",\"description\":\"\",\"potentialAction\":[{\"@type\":\"SearchAction\",\"target\":{\"@type\":\"EntryPoint\",\"urlTemplate\":\"https:\/\/portaltela.pt\/?s={search_term_string}\"},\"query-input\":{\"@type\":\"PropertyValueSpecification\",\"valueRequired\":true,\"valueName\":\"search_term_string\"}}],\"inLanguage\":\"pt-PT\"},{\"@type\":\"Person\",\"@id\":\"https:\/\/portaltela.pt\/#\/schema\/person\/c4278d4a6028830caff9ee44b42d32ed\",\"name\":\"Telinha\",\"image\":{\"@type\":\"ImageObject\",\"inLanguage\":\"pt-PT\",\"@id\":\"https:\/\/portaltela.pt\/s.01k8rhncp4jt1\/2025\/11\/talking-bot-125x125.png\",\"url\":\"https:\/\/portaltela.pt\/s.01k8rhncp4jt1\/2025\/11\/talking-bot-125x125.png\",\"contentUrl\":\"https:\/\/portaltela.pt\/s.01k8rhncp4jt1\/2025\/11\/talking-bot-125x125.png\",\"caption\":\"Telinha\"},\"sameAs\":[\"https:\/\/portaltela.pt\/\"],\"url\":\"https:\/\/portaltela.pt\/por\/367410592786\/\"}]}<\/script>\n<!-- \/ Yoast SEO plugin. -->","yoast_head_json":{"title":"MAI: maioria da PSP serve o pa\u00eds com sentido de miss\u00e3o ap\u00f3s pris\u00e3o de agentes - Portal Tela Portugal","robots":{"index":"index","follow":"follow","max-snippet":"max-snippet:-1","max-image-preview":"max-image-preview:large","max-video-preview":"max-video-preview:-1"},"og_locale":"pt_PT","og_type":"article","og_title":"MAI: maioria da PSP serve o pa\u00eds com sentido de miss\u00e3o ap\u00f3s pris\u00e3o de agentes - Portal Tela Portugal","og_description":"O Minist\u00e9rio da Administra\u00e7\u00e3o Interna afirmou que a esmagadora maioria dos profissionais da PSP serve Portugal com elevado sentido de miss\u00e3o, ap\u00f3s a deten\u00e7\u00e3o de sete agentes. Os sete agentes ficaram em pris\u00e3o preventiva por crimes como tortura grave, viola\u00e7\u00e3o consumada e viola\u00e7\u00e3o tentada, entre outros. A decis\u00e3o de coa\u00e7\u00e3o foi baseada no risco de continua\u00e7\u00e3o da atividade criminosa, perturba\u00e7\u00e3o da ordem p\u00fablica e perigo de conserva\u00e7\u00e3o da prova. O ministro Lu\u00eds Neves destacou que a presun\u00e7\u00e3o de inoc\u00eancia vale para todos e que as institui\u00e7\u00f5es do Estado funcionam, com a den\u00fancia a partir da pr\u00f3pria PSP. Este caso soma-se a dois pol\u00edcias j\u00e1 em pris\u00e3o preventiva desde julho, investigados por crimes similares envolvendo agress\u00f5es a toxicodependentes, pessoas sem-abrigo e estrangeiros.","og_url":"https:\/\/portaltela.pt\/noticias\/2026\/03\/07\/mai-maioria-da-psp-serve-o-pais-com-sentido-de-missao-apos-prisao-de-agentes\/","og_site_name":"Portal Tela Portugal","article_published_time":"2026-03-07T22:24:00+00:00","author":"Telinha","twitter_card":"summary_large_image","twitter_misc":{"Escrito por":"Telinha","Tempo estimado de leitura":"2 minutos"},"schema":{"@context":"https:\/\/schema.org","@graph":[{"@type":"Article","@id":"https:\/\/portaltela.pt\/noticias\/2026\/03\/07\/mai-maioria-da-psp-serve-o-pais-com-sentido-de-missao-apos-prisao-de-agentes\/#article","isPartOf":{"@id":"https:\/\/portaltela.pt\/noticias\/2026\/03\/07\/mai-maioria-da-psp-serve-o-pais-com-sentido-de-missao-apos-prisao-de-agentes\/"},"author":{"name":"Telinha","@id":"https:\/\/portaltela.pt\/#\/schema\/person\/c4278d4a6028830caff9ee44b42d32ed"},"headline":"MAI: maioria da PSP serve o pa\u00eds com sentido de miss\u00e3o ap\u00f3s pris\u00e3o de agentes","datePublished":"2026-03-07T22:24:00+00:00","mainEntityOfPage":{"@id":"https:\/\/portaltela.pt\/noticias\/2026\/03\/07\/mai-maioria-da-psp-serve-o-pais-com-sentido-de-missao-apos-prisao-de-agentes\/"},"wordCount":410,"image":{"@id":"https:\/\/portaltela.pt\/noticias\/2026\/03\/07\/mai-maioria-da-psp-serve-o-pais-com-sentido-de-missao-apos-prisao-de-agentes\/#primaryimage"},"thumbnailUrl":"https:\/\/portaltela.pt\/s.01k8rhncp4jt1\/2026\/03\/img_1500x1000uu2026-02-23-10-24-05-2268432.jpg","keywords":["abuso de autoridade","Administra\u00e7\u00e3o Interna","crime","Pol\u00edcia de Seguran\u00e7a P\u00fablica","seguran\u00e7a p\u00fablica","tortura"],"articleSection":["Pol\u00edcia"],"inLanguage":"pt-PT"},{"@type":"WebPage","@id":"https:\/\/portaltela.pt\/noticias\/2026\/03\/07\/mai-maioria-da-psp-serve-o-pais-com-sentido-de-missao-apos-prisao-de-agentes\/","url":"https:\/\/portaltela.pt\/noticias\/2026\/03\/07\/mai-maioria-da-psp-serve-o-pais-com-sentido-de-missao-apos-prisao-de-agentes\/","name":"MAI: maioria da PSP serve o pa\u00eds com sentido de miss\u00e3o ap\u00f3s pris\u00e3o de agentes - Portal Tela Portugal","isPartOf":{"@id":"https:\/\/portaltela.pt\/#website"},"primaryImageOfPage":{"@id":"https:\/\/portaltela.pt\/noticias\/2026\/03\/07\/mai-maioria-da-psp-serve-o-pais-com-sentido-de-missao-apos-prisao-de-agentes\/#primaryimage"},"image":{"@id":"https:\/\/portaltela.pt\/noticias\/2026\/03\/07\/mai-maioria-da-psp-serve-o-pais-com-sentido-de-missao-apos-prisao-de-agentes\/#primaryimage"},"thumbnailUrl":"https:\/\/portaltela.pt\/s.01k8rhncp4jt1\/2026\/03\/img_1500x1000uu2026-02-23-10-24-05-2268432.jpg","datePublished":"2026-03-07T22:24:00+00:00","author":{"@id":"https:\/\/portaltela.pt\/#\/schema\/person\/c4278d4a6028830caff9ee44b42d32ed"},"breadcrumb":{"@id":"https:\/\/portaltela.pt\/noticias\/2026\/03\/07\/mai-maioria-da-psp-serve-o-pais-com-sentido-de-missao-apos-prisao-de-agentes\/#breadcrumb"},"inLanguage":"pt-PT","potentialAction":[{"@type":"ReadAction","target":["https:\/\/portaltela.pt\/noticias\/2026\/03\/07\/mai-maioria-da-psp-serve-o-pais-com-sentido-de-missao-apos-prisao-de-agentes\/"]}]},{"@type":"ImageObject","inLanguage":"pt-PT","@id":"https:\/\/portaltela.pt\/noticias\/2026\/03\/07\/mai-maioria-da-psp-serve-o-pais-com-sentido-de-missao-apos-prisao-de-agentes\/#primaryimage","url":"https:\/\/portaltela.pt\/s.01k8rhncp4jt1\/2026\/03\/img_1500x1000uu2026-02-23-10-24-05-2268432.jpg","contentUrl":"https:\/\/portaltela.pt\/s.01k8rhncp4jt1\/2026\/03\/img_1500x1000uu2026-02-23-10-24-05-2268432.jpg","width":796,"height":448,"caption":"Lu\u00eds Neves"},{"@type":"BreadcrumbList","@id":"https:\/\/portaltela.pt\/noticias\/2026\/03\/07\/mai-maioria-da-psp-serve-o-pais-com-sentido-de-missao-apos-prisao-de-agentes\/#breadcrumb","itemListElement":[{"@type":"ListItem","position":1,"name":"In\u00edcio","item":"https:\/\/portaltela.pt\/"},{"@type":"ListItem","position":2,"name":"MAI: maioria da PSP serve o pa\u00eds com sentido de miss\u00e3o ap\u00f3s pris\u00e3o de agentes"}]},{"@type":"WebSite","@id":"https:\/\/portaltela.pt\/#website","url":"https:\/\/portaltela.pt\/","name":"Portal Tela Portugal","description":"","potentialAction":[{"@type":"SearchAction","target":{"@type":"EntryPoint","urlTemplate":"https:\/\/portaltela.pt\/?s={search_term_string}"},"query-input":{"@type":"PropertyValueSpecification","valueRequired":true,"valueName":"search_term_string"}}],"inLanguage":"pt-PT"},{"@type":"Person","@id":"https:\/\/portaltela.pt\/#\/schema\/person\/c4278d4a6028830caff9ee44b42d32ed","name":"Telinha","image":{"@type":"ImageObject","inLanguage":"pt-PT","@id":"https:\/\/portaltela.pt\/s.01k8rhncp4jt1\/2025\/11\/talking-bot-125x125.png","url":"https:\/\/portaltela.pt\/s.01k8rhncp4jt1\/2025\/11\/talking-bot-125x125.png","contentUrl":"https:\/\/portaltela.pt\/s.01k8rhncp4jt1\/2025\/11\/talking-bot-125x125.png","caption":"Telinha"},"sameAs":["https:\/\/portaltela.pt\/"],"url":"https:\/\/portaltela.pt\/por\/367410592786\/"}]}},"_links":{"self":[{"href":"https:\/\/portaltela.pt\/api\/wp\/v2\/posts\/401824","targetHints":{"allow":["GET"]}}],"collection":[{"href":"https:\/\/portaltela.pt\/api\/wp\/v2\/posts"}],"about":[{"href":"https:\/\/portaltela.pt\/api\/wp\/v2\/types\/post"}],"author":[{"embeddable":true,"href":"https:\/\/portaltela.pt\/api\/wp\/v2\/users\/2"}],"replies":[{"embeddable":true,"href":"https:\/\/portaltela.pt\/api\/wp\/v2\/comments?post=401824"}],"version-history":[{"count":0,"href":"https:\/\/portaltela.pt\/api\/wp\/v2\/posts\/401824\/revisions"}],"wp:featuredmedia":[{"embeddable":true,"href":"https:\/\/portaltela.pt\/api\/wp\/v2\/media\/401828"}],"wp:attachment":[{"href":"https:\/\/portaltela.pt\/api\/wp\/v2\/media?parent=401824"}],"wp:term":[{"taxonomy":"category","embeddable":true,"href":"https:\/\/portaltela.pt\/api\/wp\/v2\/categories?post=401824"},{"taxonomy":"post_tag","embeddable":true,"href":"https:\/\/portaltela.pt\/api\/wp\/v2\/tags?post=401824"}],"curies":[{"name":"wp","href":"https:\/\/api.w.org\/{rel}","templated":true}]}}