{"id":401809,"date":"2026-03-07T18:51:24","date_gmt":"2026-03-07T21:51:24","guid":{"rendered":"https:\/\/portaltela.pt\/noticias\/2026\/03\/07\/analise-individual-do-sp-braga-sporting-aponta-quatro-destaques-e-um-desapontamento\/"},"modified":"2026-03-07T18:51:24","modified_gmt":"2026-03-07T21:51:24","slug":"analise-individual-do-sp-braga-sporting-aponta-quatro-destaques-e-um-desapontamento","status":"publish","type":"post","link":"https:\/\/portaltela.pt\/desporto\/futebol\/2026\/03\/07\/analise-individual-do-sp-braga-sporting-aponta-quatro-destaques-e-um-desapontamento\/","title":{"rendered":"An\u00e1lise individual do Sp. Braga-Sporting aponta quatro destaques e um desapontamento"},"content":{"rendered":"<p>Foi um empate a dois golos entre Sp. Braga e Sporting, com destaque para Geny Catamo, Luis Su\u00e1rez, Ricardo Horta e Zalazar. A partida analisada ocorreu no contexto da nona jornada da liga, em Braga, e terminou com dois golos para cada lado.<\/p>\n<p>Gon\u00e7alo In\u00e1cio abriu o marcador de cabe\u00e7a, apontando o primeiro golo do Sporting na meia-final da equipa advers\u00e1ria. A equipa verde-e-branca mostrou dom\u00ednio no in\u00edcio, mostrando dom\u00ednio do tempo de jogo e constru\u00e7\u00e3o de jogadas com crit\u00e9rios.<\/p>\n<p>David Novo, editor do Record, analisou a presta\u00e7\u00e3o dos jogadores, destacando quatro em particular pela qualidade exibida, e descreveu o encontro como de grande qualidade, que sublinha a import\u00e2ncia do cl\u00e1ssico para as pretens\u00f5es das duas forma\u00e7\u00f5es.<\/p>\n<h3>Momentos decisivos<\/h3>\n<p>Nos descontos, um pen\u00e1lti assinalado a favor do Sp. Braga acabou por permitir o empate, ap\u00f3s o lance com a bola tocar no bra\u00e7o de Arrey-Mbi. O lance gerou controv\u00e9rsia entre adeptos das duas equipas, mas foi considerado suficiente para igualar o marcador.<\/p>\n<p>Antes do golo do empate, Geno Catamo, Luis Su\u00e1rez, Ricardo Horta e Zalazar foram considerados os pilares da ofensiva do Sp. Braga e do Sporting, contribuindo com a\u00e7\u00f5es de desequil\u00edbrio, remates e assist\u00eancias que moldaram o desenrolar do encontro.<\/p>\n<h3>Observa\u00e7\u00f5es finais<\/h3>\n<p>Rui Borges afirmou que na segunda parte a energia da equipa tem diminu\u00eddo, embora o treinador tenha referido que n\u00e3o deve ser usado como justifica\u00e7\u00e3o. O jogo manteve-se competitivo at\u00e9 ao final, com os dois conjuntos a procurar o triunfo at\u00e9 ao apito final.<\/p>\n","protected":false},"excerpt":{"rendered":"<ul>\n<li>Empate a dois gols no Sp. Braga-Sporting, com destaque para Geny Catamo, Luis Su\u00e1rez, Ricardo Horta e Zalazar.<\/li>\n<li>Gon\u00e7alo In\u00e1cio inaugurou o marcador de cabe\u00e7a pelo Sporting, em Braga.<\/li>\n<li>Rui Borges reconhece que, na segunda parte, a equipa perdeu energia, mas sem desculpas.<\/li>\n<li>Pen\u00e1lti nos descontos permitiu ao Sp. Braga empatar a \u2013 Sporting voltou a ficar na frente devido a um pen\u00e1lti causado por bola na m\u00e3o de Arrey-Mbi.<\/li>\n<li>O jogo foi de grande qualidade, sublinhando a import\u00e2ncia do cl\u00e1ssico.<\/li>\n<\/ul>\n","protected":false},"author":2,"featured_media":401811,"comment_status":"closed","ping_status":"closed","sticky":false,"template":"","format":"standard","meta":{"footnotes":""},"categories":[21,24],"tags":[1207,32,3271,3272,2616,1652],"class_list":["post-401809","post","type-post","status-publish","format-standard","has-post-thumbnail","hentry","category-desporto","category-futebol","tag-braga","tag-futebol","tag-geny-catamo","tag-luis-suarez","tag-ricardo-horta","tag-sporting"],"yoast_head":"<!-- This site is optimized with the Yoast SEO plugin v27.2 - https:\/\/yoast.com\/product\/yoast-seo-wordpress\/ -->\n<title>An\u00e1lise individual do Sp. Braga-Sporting aponta quatro destaques e um desapontamento - Portal Tela Portugal<\/title>\n<meta name=\"robots\" content=\"index, follow, max-snippet:-1, max-image-preview:large, max-video-preview:-1\" \/>\n<meta property=\"og:locale\" content=\"pt_PT\" \/>\n<meta property=\"og:type\" content=\"article\" \/>\n<meta property=\"og:title\" content=\"An\u00e1lise individual do Sp. Braga-Sporting aponta quatro destaques e um desapontamento - Portal Tela Portugal\" \/>\n<meta property=\"og:description\" content=\"Empate a dois gols no Sp. Braga-Sporting, com destaque para Geny Catamo, Luis Su\u00e1rez, Ricardo Horta e Zalazar. Gon\u00e7alo In\u00e1cio inaugurou o marcador de cabe\u00e7a pelo Sporting, em Braga. Rui Borges reconhece que, na segunda parte, a equipa perdeu energia, mas sem desculpas. Pen\u00e1lti nos descontos permitiu ao Sp. Braga empatar a \u2013 Sporting voltou a ficar na frente devido a um pen\u00e1lti causado por bola na m\u00e3o de Arrey-Mbi. O jogo foi de grande qualidade, sublinhando a import\u00e2ncia do cl\u00e1ssico.\" \/>\n<meta property=\"og:url\" content=\"https:\/\/portaltela.pt\/noticias\/2026\/03\/07\/analise-individual-do-sp-braga-sporting-aponta-quatro-destaques-e-um-desapontamento\/\" \/>\n<meta property=\"og:site_name\" content=\"Portal Tela Portugal\" \/>\n<meta property=\"article:published_time\" content=\"2026-03-07T21:51:24+00:00\" \/>\n<meta name=\"author\" content=\"Telinha\" \/>\n<meta name=\"twitter:card\" content=\"summary_large_image\" \/>\n<meta name=\"twitter:label1\" content=\"Escrito por\" \/>\n\t<meta name=\"twitter:data1\" content=\"Telinha\" \/>\n\t<meta name=\"twitter:label2\" content=\"Tempo estimado de leitura\" \/>\n\t<meta name=\"twitter:data2\" content=\"1 minuto\" \/>\n<script type=\"application\/ld+json\" class=\"yoast-schema-graph\">{\"@context\":\"https:\/\/schema.org\",\"@graph\":[{\"@type\":\"Article\",\"@id\":\"https:\/\/portaltela.pt\/noticias\/2026\/03\/07\/analise-individual-do-sp-braga-sporting-aponta-quatro-destaques-e-um-desapontamento\/#article\",\"isPartOf\":{\"@id\":\"https:\/\/portaltela.pt\/noticias\/2026\/03\/07\/analise-individual-do-sp-braga-sporting-aponta-quatro-destaques-e-um-desapontamento\/\"},\"author\":{\"name\":\"Telinha\",\"@id\":\"https:\/\/portaltela.pt\/#\/schema\/person\/c4278d4a6028830caff9ee44b42d32ed\"},\"headline\":\"An\u00e1lise individual do Sp. Braga-Sporting aponta quatro destaques e um desapontamento\",\"datePublished\":\"2026-03-07T21:51:24+00:00\",\"mainEntityOfPage\":{\"@id\":\"https:\/\/portaltela.pt\/noticias\/2026\/03\/07\/analise-individual-do-sp-braga-sporting-aponta-quatro-destaques-e-um-desapontamento\/\"},\"wordCount\":286,\"image\":{\"@id\":\"https:\/\/portaltela.pt\/noticias\/2026\/03\/07\/analise-individual-do-sp-braga-sporting-aponta-quatro-destaques-e-um-desapontamento\/#primaryimage\"},\"thumbnailUrl\":\"https:\/\/portaltela.pt\/s.01k8rhncp4jt1\/2026\/03\/img_1200x721uu2026-03-07-21-50-50-2425543.jpg\",\"keywords\":[\"Braga\",\"futebol\",\"Geny Catamo\",\"Luis Su\u00e1rez\",\"Ricardo Horta\",\"Sporting\"],\"articleSection\":[\"Desporto\",\"Futebol\"],\"inLanguage\":\"pt-PT\"},{\"@type\":\"WebPage\",\"@id\":\"https:\/\/portaltela.pt\/noticias\/2026\/03\/07\/analise-individual-do-sp-braga-sporting-aponta-quatro-destaques-e-um-desapontamento\/\",\"url\":\"https:\/\/portaltela.pt\/noticias\/2026\/03\/07\/analise-individual-do-sp-braga-sporting-aponta-quatro-destaques-e-um-desapontamento\/\",\"name\":\"An\u00e1lise individual do Sp. Braga-Sporting aponta quatro destaques e um desapontamento - Portal Tela Portugal\",\"isPartOf\":{\"@id\":\"https:\/\/portaltela.pt\/#website\"},\"primaryImageOfPage\":{\"@id\":\"https:\/\/portaltela.pt\/noticias\/2026\/03\/07\/analise-individual-do-sp-braga-sporting-aponta-quatro-destaques-e-um-desapontamento\/#primaryimage\"},\"image\":{\"@id\":\"https:\/\/portaltela.pt\/noticias\/2026\/03\/07\/analise-individual-do-sp-braga-sporting-aponta-quatro-destaques-e-um-desapontamento\/#primaryimage\"},\"thumbnailUrl\":\"https:\/\/portaltela.pt\/s.01k8rhncp4jt1\/2026\/03\/img_1200x721uu2026-03-07-21-50-50-2425543.jpg\",\"datePublished\":\"2026-03-07T21:51:24+00:00\",\"author\":{\"@id\":\"https:\/\/portaltela.pt\/#\/schema\/person\/c4278d4a6028830caff9ee44b42d32ed\"},\"breadcrumb\":{\"@id\":\"https:\/\/portaltela.pt\/noticias\/2026\/03\/07\/analise-individual-do-sp-braga-sporting-aponta-quatro-destaques-e-um-desapontamento\/#breadcrumb\"},\"inLanguage\":\"pt-PT\",\"potentialAction\":[{\"@type\":\"ReadAction\",\"target\":[\"https:\/\/portaltela.pt\/noticias\/2026\/03\/07\/analise-individual-do-sp-braga-sporting-aponta-quatro-destaques-e-um-desapontamento\/\"]}]},{\"@type\":\"ImageObject\",\"inLanguage\":\"pt-PT\",\"@id\":\"https:\/\/portaltela.pt\/noticias\/2026\/03\/07\/analise-individual-do-sp-braga-sporting-aponta-quatro-destaques-e-um-desapontamento\/#primaryimage\",\"url\":\"https:\/\/portaltela.pt\/s.01k8rhncp4jt1\/2026\/03\/img_1200x721uu2026-03-07-21-50-50-2425543.jpg\",\"contentUrl\":\"https:\/\/portaltela.pt\/s.01k8rhncp4jt1\/2026\/03\/img_1200x721uu2026-03-07-21-50-50-2425543.jpg\",\"width\":796,\"height\":448,\"caption\":\"Quatro brilharam, um desiludiu: a an\u00e1lise individual do Sp. Braga-Sporting\"},{\"@type\":\"BreadcrumbList\",\"@id\":\"https:\/\/portaltela.pt\/noticias\/2026\/03\/07\/analise-individual-do-sp-braga-sporting-aponta-quatro-destaques-e-um-desapontamento\/#breadcrumb\",\"itemListElement\":[{\"@type\":\"ListItem\",\"position\":1,\"name\":\"In\u00edcio\",\"item\":\"https:\/\/portaltela.pt\/\"},{\"@type\":\"ListItem\",\"position\":2,\"name\":\"An\u00e1lise individual do Sp. Braga-Sporting aponta quatro destaques e um desapontamento\"}]},{\"@type\":\"WebSite\",\"@id\":\"https:\/\/portaltela.pt\/#website\",\"url\":\"https:\/\/portaltela.pt\/\",\"name\":\"Portal Tela Portugal\",\"description\":\"\",\"potentialAction\":[{\"@type\":\"SearchAction\",\"target\":{\"@type\":\"EntryPoint\",\"urlTemplate\":\"https:\/\/portaltela.pt\/?s={search_term_string}\"},\"query-input\":{\"@type\":\"PropertyValueSpecification\",\"valueRequired\":true,\"valueName\":\"search_term_string\"}}],\"inLanguage\":\"pt-PT\"},{\"@type\":\"Person\",\"@id\":\"https:\/\/portaltela.pt\/#\/schema\/person\/c4278d4a6028830caff9ee44b42d32ed\",\"name\":\"Telinha\",\"image\":{\"@type\":\"ImageObject\",\"inLanguage\":\"pt-PT\",\"@id\":\"https:\/\/portaltela.pt\/s.01k8rhncp4jt1\/2025\/11\/talking-bot-125x125.png\",\"url\":\"https:\/\/portaltela.pt\/s.01k8rhncp4jt1\/2025\/11\/talking-bot-125x125.png\",\"contentUrl\":\"https:\/\/portaltela.pt\/s.01k8rhncp4jt1\/2025\/11\/talking-bot-125x125.png\",\"caption\":\"Telinha\"},\"sameAs\":[\"https:\/\/portaltela.pt\/\"],\"url\":\"https:\/\/portaltela.pt\/por\/367410592786\/\"}]}<\/script>\n<!-- \/ Yoast SEO plugin. -->","yoast_head_json":{"title":"An\u00e1lise individual do Sp. Braga-Sporting aponta quatro destaques e um desapontamento - Portal Tela Portugal","robots":{"index":"index","follow":"follow","max-snippet":"max-snippet:-1","max-image-preview":"max-image-preview:large","max-video-preview":"max-video-preview:-1"},"og_locale":"pt_PT","og_type":"article","og_title":"An\u00e1lise individual do Sp. Braga-Sporting aponta quatro destaques e um desapontamento - Portal Tela Portugal","og_description":"Empate a dois gols no Sp. Braga-Sporting, com destaque para Geny Catamo, Luis Su\u00e1rez, Ricardo Horta e Zalazar. Gon\u00e7alo In\u00e1cio inaugurou o marcador de cabe\u00e7a pelo Sporting, em Braga. Rui Borges reconhece que, na segunda parte, a equipa perdeu energia, mas sem desculpas. Pen\u00e1lti nos descontos permitiu ao Sp. Braga empatar a \u2013 Sporting voltou a ficar na frente devido a um pen\u00e1lti causado por bola na m\u00e3o de Arrey-Mbi. O jogo foi de grande qualidade, sublinhando a import\u00e2ncia do cl\u00e1ssico.","og_url":"https:\/\/portaltela.pt\/noticias\/2026\/03\/07\/analise-individual-do-sp-braga-sporting-aponta-quatro-destaques-e-um-desapontamento\/","og_site_name":"Portal Tela Portugal","article_published_time":"2026-03-07T21:51:24+00:00","author":"Telinha","twitter_card":"summary_large_image","twitter_misc":{"Escrito por":"Telinha","Tempo estimado de leitura":"1 minuto"},"schema":{"@context":"https:\/\/schema.org","@graph":[{"@type":"Article","@id":"https:\/\/portaltela.pt\/noticias\/2026\/03\/07\/analise-individual-do-sp-braga-sporting-aponta-quatro-destaques-e-um-desapontamento\/#article","isPartOf":{"@id":"https:\/\/portaltela.pt\/noticias\/2026\/03\/07\/analise-individual-do-sp-braga-sporting-aponta-quatro-destaques-e-um-desapontamento\/"},"author":{"name":"Telinha","@id":"https:\/\/portaltela.pt\/#\/schema\/person\/c4278d4a6028830caff9ee44b42d32ed"},"headline":"An\u00e1lise individual do Sp. Braga-Sporting aponta quatro destaques e um desapontamento","datePublished":"2026-03-07T21:51:24+00:00","mainEntityOfPage":{"@id":"https:\/\/portaltela.pt\/noticias\/2026\/03\/07\/analise-individual-do-sp-braga-sporting-aponta-quatro-destaques-e-um-desapontamento\/"},"wordCount":286,"image":{"@id":"https:\/\/portaltela.pt\/noticias\/2026\/03\/07\/analise-individual-do-sp-braga-sporting-aponta-quatro-destaques-e-um-desapontamento\/#primaryimage"},"thumbnailUrl":"https:\/\/portaltela.pt\/s.01k8rhncp4jt1\/2026\/03\/img_1200x721uu2026-03-07-21-50-50-2425543.jpg","keywords":["Braga","futebol","Geny Catamo","Luis Su\u00e1rez","Ricardo Horta","Sporting"],"articleSection":["Desporto","Futebol"],"inLanguage":"pt-PT"},{"@type":"WebPage","@id":"https:\/\/portaltela.pt\/noticias\/2026\/03\/07\/analise-individual-do-sp-braga-sporting-aponta-quatro-destaques-e-um-desapontamento\/","url":"https:\/\/portaltela.pt\/noticias\/2026\/03\/07\/analise-individual-do-sp-braga-sporting-aponta-quatro-destaques-e-um-desapontamento\/","name":"An\u00e1lise individual do Sp. Braga-Sporting aponta quatro destaques e um desapontamento - Portal Tela Portugal","isPartOf":{"@id":"https:\/\/portaltela.pt\/#website"},"primaryImageOfPage":{"@id":"https:\/\/portaltela.pt\/noticias\/2026\/03\/07\/analise-individual-do-sp-braga-sporting-aponta-quatro-destaques-e-um-desapontamento\/#primaryimage"},"image":{"@id":"https:\/\/portaltela.pt\/noticias\/2026\/03\/07\/analise-individual-do-sp-braga-sporting-aponta-quatro-destaques-e-um-desapontamento\/#primaryimage"},"thumbnailUrl":"https:\/\/portaltela.pt\/s.01k8rhncp4jt1\/2026\/03\/img_1200x721uu2026-03-07-21-50-50-2425543.jpg","datePublished":"2026-03-07T21:51:24+00:00","author":{"@id":"https:\/\/portaltela.pt\/#\/schema\/person\/c4278d4a6028830caff9ee44b42d32ed"},"breadcrumb":{"@id":"https:\/\/portaltela.pt\/noticias\/2026\/03\/07\/analise-individual-do-sp-braga-sporting-aponta-quatro-destaques-e-um-desapontamento\/#breadcrumb"},"inLanguage":"pt-PT","potentialAction":[{"@type":"ReadAction","target":["https:\/\/portaltela.pt\/noticias\/2026\/03\/07\/analise-individual-do-sp-braga-sporting-aponta-quatro-destaques-e-um-desapontamento\/"]}]},{"@type":"ImageObject","inLanguage":"pt-PT","@id":"https:\/\/portaltela.pt\/noticias\/2026\/03\/07\/analise-individual-do-sp-braga-sporting-aponta-quatro-destaques-e-um-desapontamento\/#primaryimage","url":"https:\/\/portaltela.pt\/s.01k8rhncp4jt1\/2026\/03\/img_1200x721uu2026-03-07-21-50-50-2425543.jpg","contentUrl":"https:\/\/portaltela.pt\/s.01k8rhncp4jt1\/2026\/03\/img_1200x721uu2026-03-07-21-50-50-2425543.jpg","width":796,"height":448,"caption":"Quatro brilharam, um desiludiu: a an\u00e1lise individual do Sp. Braga-Sporting"},{"@type":"BreadcrumbList","@id":"https:\/\/portaltela.pt\/noticias\/2026\/03\/07\/analise-individual-do-sp-braga-sporting-aponta-quatro-destaques-e-um-desapontamento\/#breadcrumb","itemListElement":[{"@type":"ListItem","position":1,"name":"In\u00edcio","item":"https:\/\/portaltela.pt\/"},{"@type":"ListItem","position":2,"name":"An\u00e1lise individual do Sp. Braga-Sporting aponta quatro destaques e um desapontamento"}]},{"@type":"WebSite","@id":"https:\/\/portaltela.pt\/#website","url":"https:\/\/portaltela.pt\/","name":"Portal Tela Portugal","description":"","potentialAction":[{"@type":"SearchAction","target":{"@type":"EntryPoint","urlTemplate":"https:\/\/portaltela.pt\/?s={search_term_string}"},"query-input":{"@type":"PropertyValueSpecification","valueRequired":true,"valueName":"search_term_string"}}],"inLanguage":"pt-PT"},{"@type":"Person","@id":"https:\/\/portaltela.pt\/#\/schema\/person\/c4278d4a6028830caff9ee44b42d32ed","name":"Telinha","image":{"@type":"ImageObject","inLanguage":"pt-PT","@id":"https:\/\/portaltela.pt\/s.01k8rhncp4jt1\/2025\/11\/talking-bot-125x125.png","url":"https:\/\/portaltela.pt\/s.01k8rhncp4jt1\/2025\/11\/talking-bot-125x125.png","contentUrl":"https:\/\/portaltela.pt\/s.01k8rhncp4jt1\/2025\/11\/talking-bot-125x125.png","caption":"Telinha"},"sameAs":["https:\/\/portaltela.pt\/"],"url":"https:\/\/portaltela.pt\/por\/367410592786\/"}]}},"_links":{"self":[{"href":"https:\/\/portaltela.pt\/api\/wp\/v2\/posts\/401809","targetHints":{"allow":["GET"]}}],"collection":[{"href":"https:\/\/portaltela.pt\/api\/wp\/v2\/posts"}],"about":[{"href":"https:\/\/portaltela.pt\/api\/wp\/v2\/types\/post"}],"author":[{"embeddable":true,"href":"https:\/\/portaltela.pt\/api\/wp\/v2\/users\/2"}],"replies":[{"embeddable":true,"href":"https:\/\/portaltela.pt\/api\/wp\/v2\/comments?post=401809"}],"version-history":[{"count":0,"href":"https:\/\/portaltela.pt\/api\/wp\/v2\/posts\/401809\/revisions"}],"wp:featuredmedia":[{"embeddable":true,"href":"https:\/\/portaltela.pt\/api\/wp\/v2\/media\/401811"}],"wp:attachment":[{"href":"https:\/\/portaltela.pt\/api\/wp\/v2\/media?parent=401809"}],"wp:term":[{"taxonomy":"category","embeddable":true,"href":"https:\/\/portaltela.pt\/api\/wp\/v2\/categories?post=401809"},{"taxonomy":"post_tag","embeddable":true,"href":"https:\/\/portaltela.pt\/api\/wp\/v2\/tags?post=401809"}],"curies":[{"name":"wp","href":"https:\/\/api.w.org\/{rel}","templated":true}]}}