{"id":401794,"date":"2026-03-07T18:21:00","date_gmt":"2026-03-07T21:21:00","guid":{"rendered":"https:\/\/portaltela.pt\/noticias\/2026\/03\/07\/camara-de-lisboa-exonera-mafalda-livermore-por-arrendar-imoveis-ilegalmente\/"},"modified":"2026-03-07T18:21:00","modified_gmt":"2026-03-07T21:21:00","slug":"camara-de-lisboa-exonera-mafalda-livermore-por-arrendar-imoveis-ilegalmente","status":"publish","type":"post","link":"https:\/\/portaltela.pt\/noticias\/politica\/2026\/03\/07\/camara-de-lisboa-exonera-mafalda-livermore-por-arrendar-imoveis-ilegalmente\/","title":{"rendered":"C\u00e2mara de Lisboa exonera Mafalda Livermore por arrendar im\u00f3veis ilegalmente"},"content":{"rendered":"<p>A C\u00e2mara de Lisboa exonerou Mafalda Livermore do cargo de vogal do Conselho de Administra\u00e7\u00e3o dos Servi\u00e7os Sociais, ap\u00f3s alega\u00e7\u00f5es levantadas pela RTP de arrendamento ilegal e pr\u00e1tica de procuradoria il\u00edcita. A decis\u00e3o foi comunicada pela autarquia ap\u00f3s a divulga\u00e7\u00e3o da reportagem.<\/p>\n<p>A investiga\u00e7\u00e3o sustenta que alguns im\u00f3veis teriam sido arrendados illegalmente em Lisboa, com inquilinos a pagar cerca de 680 euros por um T0 de oito metros quadrados, sem emiss\u00e3o de recibos. A mesma pe\u00e7a de investiga\u00e7\u00e3o tamb\u00e9m aponta para poss\u00edveis atos que imitariam a atividade de advogado sem possuir a devida habilita\u00e7\u00e3o.<\/p>\n<p>Segundo a reportagem, Mafalda Livermore ter\u00e1 exercido fun\u00e7\u00f5es pr\u00f3prias de procuradoria, sem estar habilitada para o efeito. A C\u00e2mara de Lisboa afirmou ter analisado as informa\u00e7\u00f5es e conclu\u00eddo pela exonera\u00e7\u00e3o no \u00e2mbito de responsabilidades no \u00f3rg\u00e3o.<\/p>\n<p>Carlos Moedas, presidente da C\u00e2mara, afirmou ter atuado de imediato na sequ\u00eancia das informa\u00e7\u00f5es, dizendo ter agido na noite anterior. A mensagem enfatiza uma resposta r\u00e1pida por parte da autarquia face \u00e0s suspeitas.<\/p>\n<p>Andr\u00e9 Ventura, l\u00edder do Chega, respondeu aos relatos mantendo que as alega\u00e7\u00f5es s\u00e3o falsas e que a pessoa visada poder\u00e1 recorrer aos tribunais. O posicionamento do partido enfatiza a defesa da transpar\u00eancia e da integridade atribu\u00eddas \u00e0 representante municipal.<\/p>\n","protected":false},"excerpt":{"rendered":"<ul>\n<li>A C\u00e2mara de Lisboa exonerou Mafalda Livermore do cargo de vogal do Conselho de Administra\u00e7\u00e3o dos Servi\u00e7os Sociais.<\/li>\n<li>A decis\u00e3o segue suspeitas de arrendamento ilegal de im\u00f3veis em Lisboa e pr\u00e1tica de procuradoria il\u00edcita.<\/li>\n<li>A RTP apresentou ind\u00edcios de que alguns inquilinos pagavam cerca de 680 euros por um T0 com aproximadamente oito metros quadrados, sem emiss\u00e3o de recibos.<\/li>\n<li>Allega\u00e7\u00f5es incluem atua\u00e7\u00e3o como advogada sem habilita\u00e7\u00e3o legal para o exerc\u00edcio da profiss\u00e3o.<\/li>\n<li>O presidente da C\u00e2mara, Carlos Moedas, afirmou ter atuado de imediato; o l\u00edder do Chega, Andr\u00e9 Ventura, disse que a visada vai recorrer aos tribunais.<\/li>\n<\/ul>\n","protected":false},"author":2,"featured_media":401797,"comment_status":"closed","ping_status":"closed","sticky":false,"template":"","format":"standard","meta":{"footnotes":""},"categories":[1,5],"tags":[2531,5449,5757,981,2832,6755],"class_list":["post-401794","post","type-post","status-publish","format-standard","has-post-thumbnail","hentry","category-noticias","category-politica","tag-arrendamentos","tag-camara-municipal","tag-demissao","tag-lisboa","tag-politica","tag-procuradoria-ilicita"],"yoast_head":"<!-- This site is optimized with the Yoast SEO plugin v27.2 - https:\/\/yoast.com\/product\/yoast-seo-wordpress\/ -->\n<title>C\u00e2mara de Lisboa exonera Mafalda Livermore por arrendar im\u00f3veis ilegalmente - Portal Tela Portugal<\/title>\n<meta name=\"robots\" content=\"index, follow, max-snippet:-1, max-image-preview:large, max-video-preview:-1\" \/>\n<meta property=\"og:locale\" content=\"pt_PT\" \/>\n<meta property=\"og:type\" content=\"article\" \/>\n<meta property=\"og:title\" content=\"C\u00e2mara de Lisboa exonera Mafalda Livermore por arrendar im\u00f3veis ilegalmente - Portal Tela Portugal\" \/>\n<meta property=\"og:description\" content=\"A C\u00e2mara de Lisboa exonerou Mafalda Livermore do cargo de vogal do Conselho de Administra\u00e7\u00e3o dos Servi\u00e7os Sociais. A decis\u00e3o segue suspeitas de arrendamento ilegal de im\u00f3veis em Lisboa e pr\u00e1tica de procuradoria il\u00edcita. A RTP apresentou ind\u00edcios de que alguns inquilinos pagavam cerca de 680 euros por um T0 com aproximadamente oito metros quadrados, sem emiss\u00e3o de recibos. Allega\u00e7\u00f5es incluem atua\u00e7\u00e3o como advogada sem habilita\u00e7\u00e3o legal para o exerc\u00edcio da profiss\u00e3o. O presidente da C\u00e2mara, Carlos Moedas, afirmou ter atuado de imediato; o l\u00edder do Chega, Andr\u00e9 Ventura, disse que a visada vai recorrer aos tribunais.\" \/>\n<meta property=\"og:url\" content=\"https:\/\/portaltela.pt\/noticias\/2026\/03\/07\/camara-de-lisboa-exonera-mafalda-livermore-por-arrendar-imoveis-ilegalmente\/\" \/>\n<meta property=\"og:site_name\" content=\"Portal Tela Portugal\" \/>\n<meta property=\"article:published_time\" content=\"2026-03-07T21:21:00+00:00\" \/>\n<meta name=\"author\" content=\"Telinha\" \/>\n<meta name=\"twitter:card\" content=\"summary_large_image\" \/>\n<meta name=\"twitter:label1\" content=\"Escrito por\" \/>\n\t<meta name=\"twitter:data1\" content=\"Telinha\" \/>\n\t<meta name=\"twitter:label2\" content=\"Tempo estimado de leitura\" \/>\n\t<meta name=\"twitter:data2\" content=\"1 minuto\" \/>\n<script type=\"application\/ld+json\" class=\"yoast-schema-graph\">{\"@context\":\"https:\/\/schema.org\",\"@graph\":[{\"@type\":\"Article\",\"@id\":\"https:\/\/portaltela.pt\/noticias\/2026\/03\/07\/camara-de-lisboa-exonera-mafalda-livermore-por-arrendar-imoveis-ilegalmente\/#article\",\"isPartOf\":{\"@id\":\"https:\/\/portaltela.pt\/noticias\/2026\/03\/07\/camara-de-lisboa-exonera-mafalda-livermore-por-arrendar-imoveis-ilegalmente\/\"},\"author\":{\"name\":\"Telinha\",\"@id\":\"https:\/\/portaltela.pt\/#\/schema\/person\/c4278d4a6028830caff9ee44b42d32ed\"},\"headline\":\"C\u00e2mara de Lisboa exonera Mafalda Livermore por arrendar im\u00f3veis ilegalmente\",\"datePublished\":\"2026-03-07T21:21:00+00:00\",\"mainEntityOfPage\":{\"@id\":\"https:\/\/portaltela.pt\/noticias\/2026\/03\/07\/camara-de-lisboa-exonera-mafalda-livermore-por-arrendar-imoveis-ilegalmente\/\"},\"wordCount\":246,\"image\":{\"@id\":\"https:\/\/portaltela.pt\/noticias\/2026\/03\/07\/camara-de-lisboa-exonera-mafalda-livermore-por-arrendar-imoveis-ilegalmente\/#primaryimage\"},\"thumbnailUrl\":\"https:\/\/portaltela.pt\/s.01k8rhncp4jt1\/2026\/03\/image-488.jpg\",\"keywords\":[\"arrendamentos\",\"C\u00e2mara Municipal\",\"demiss\u00e3o\",\"Lisboa\",\"pol\u00edtica\",\"procuradoria il\u00edcita\"],\"articleSection\":[\"Not\u00edcias\",\"Pol\u00edtica\"],\"inLanguage\":\"pt-PT\"},{\"@type\":\"WebPage\",\"@id\":\"https:\/\/portaltela.pt\/noticias\/2026\/03\/07\/camara-de-lisboa-exonera-mafalda-livermore-por-arrendar-imoveis-ilegalmente\/\",\"url\":\"https:\/\/portaltela.pt\/noticias\/2026\/03\/07\/camara-de-lisboa-exonera-mafalda-livermore-por-arrendar-imoveis-ilegalmente\/\",\"name\":\"C\u00e2mara de Lisboa exonera Mafalda Livermore por arrendar im\u00f3veis ilegalmente - Portal Tela Portugal\",\"isPartOf\":{\"@id\":\"https:\/\/portaltela.pt\/#website\"},\"primaryImageOfPage\":{\"@id\":\"https:\/\/portaltela.pt\/noticias\/2026\/03\/07\/camara-de-lisboa-exonera-mafalda-livermore-por-arrendar-imoveis-ilegalmente\/#primaryimage\"},\"image\":{\"@id\":\"https:\/\/portaltela.pt\/noticias\/2026\/03\/07\/camara-de-lisboa-exonera-mafalda-livermore-por-arrendar-imoveis-ilegalmente\/#primaryimage\"},\"thumbnailUrl\":\"https:\/\/portaltela.pt\/s.01k8rhncp4jt1\/2026\/03\/image-488.jpg\",\"datePublished\":\"2026-03-07T21:21:00+00:00\",\"author\":{\"@id\":\"https:\/\/portaltela.pt\/#\/schema\/person\/c4278d4a6028830caff9ee44b42d32ed\"},\"breadcrumb\":{\"@id\":\"https:\/\/portaltela.pt\/noticias\/2026\/03\/07\/camara-de-lisboa-exonera-mafalda-livermore-por-arrendar-imoveis-ilegalmente\/#breadcrumb\"},\"inLanguage\":\"pt-PT\",\"potentialAction\":[{\"@type\":\"ReadAction\",\"target\":[\"https:\/\/portaltela.pt\/noticias\/2026\/03\/07\/camara-de-lisboa-exonera-mafalda-livermore-por-arrendar-imoveis-ilegalmente\/\"]}]},{\"@type\":\"ImageObject\",\"inLanguage\":\"pt-PT\",\"@id\":\"https:\/\/portaltela.pt\/noticias\/2026\/03\/07\/camara-de-lisboa-exonera-mafalda-livermore-por-arrendar-imoveis-ilegalmente\/#primaryimage\",\"url\":\"https:\/\/portaltela.pt\/s.01k8rhncp4jt1\/2026\/03\/image-488.jpg\",\"contentUrl\":\"https:\/\/portaltela.pt\/s.01k8rhncp4jt1\/2026\/03\/image-488.jpg\",\"width\":796,\"height\":448,\"caption\":\"Mafalda Livermore assumiu o cargo na C\u00e2mara de Lisboa em dezembro de 2025\"},{\"@type\":\"BreadcrumbList\",\"@id\":\"https:\/\/portaltela.pt\/noticias\/2026\/03\/07\/camara-de-lisboa-exonera-mafalda-livermore-por-arrendar-imoveis-ilegalmente\/#breadcrumb\",\"itemListElement\":[{\"@type\":\"ListItem\",\"position\":1,\"name\":\"In\u00edcio\",\"item\":\"https:\/\/portaltela.pt\/\"},{\"@type\":\"ListItem\",\"position\":2,\"name\":\"C\u00e2mara de Lisboa exonera Mafalda Livermore por arrendar im\u00f3veis ilegalmente\"}]},{\"@type\":\"WebSite\",\"@id\":\"https:\/\/portaltela.pt\/#website\",\"url\":\"https:\/\/portaltela.pt\/\",\"name\":\"Portal Tela Portugal\",\"description\":\"\",\"potentialAction\":[{\"@type\":\"SearchAction\",\"target\":{\"@type\":\"EntryPoint\",\"urlTemplate\":\"https:\/\/portaltela.pt\/?s={search_term_string}\"},\"query-input\":{\"@type\":\"PropertyValueSpecification\",\"valueRequired\":true,\"valueName\":\"search_term_string\"}}],\"inLanguage\":\"pt-PT\"},{\"@type\":\"Person\",\"@id\":\"https:\/\/portaltela.pt\/#\/schema\/person\/c4278d4a6028830caff9ee44b42d32ed\",\"name\":\"Telinha\",\"image\":{\"@type\":\"ImageObject\",\"inLanguage\":\"pt-PT\",\"@id\":\"https:\/\/portaltela.pt\/s.01k8rhncp4jt1\/2025\/11\/talking-bot-125x125.png\",\"url\":\"https:\/\/portaltela.pt\/s.01k8rhncp4jt1\/2025\/11\/talking-bot-125x125.png\",\"contentUrl\":\"https:\/\/portaltela.pt\/s.01k8rhncp4jt1\/2025\/11\/talking-bot-125x125.png\",\"caption\":\"Telinha\"},\"sameAs\":[\"https:\/\/portaltela.pt\/\"],\"url\":\"https:\/\/portaltela.pt\/por\/367410592786\/\"}]}<\/script>\n<!-- \/ Yoast SEO plugin. -->","yoast_head_json":{"title":"C\u00e2mara de Lisboa exonera Mafalda Livermore por arrendar im\u00f3veis ilegalmente - Portal Tela Portugal","robots":{"index":"index","follow":"follow","max-snippet":"max-snippet:-1","max-image-preview":"max-image-preview:large","max-video-preview":"max-video-preview:-1"},"og_locale":"pt_PT","og_type":"article","og_title":"C\u00e2mara de Lisboa exonera Mafalda Livermore por arrendar im\u00f3veis ilegalmente - Portal Tela Portugal","og_description":"A C\u00e2mara de Lisboa exonerou Mafalda Livermore do cargo de vogal do Conselho de Administra\u00e7\u00e3o dos Servi\u00e7os Sociais. A decis\u00e3o segue suspeitas de arrendamento ilegal de im\u00f3veis em Lisboa e pr\u00e1tica de procuradoria il\u00edcita. A RTP apresentou ind\u00edcios de que alguns inquilinos pagavam cerca de 680 euros por um T0 com aproximadamente oito metros quadrados, sem emiss\u00e3o de recibos. Allega\u00e7\u00f5es incluem atua\u00e7\u00e3o como advogada sem habilita\u00e7\u00e3o legal para o exerc\u00edcio da profiss\u00e3o. O presidente da C\u00e2mara, Carlos Moedas, afirmou ter atuado de imediato; o l\u00edder do Chega, Andr\u00e9 Ventura, disse que a visada vai recorrer aos tribunais.","og_url":"https:\/\/portaltela.pt\/noticias\/2026\/03\/07\/camara-de-lisboa-exonera-mafalda-livermore-por-arrendar-imoveis-ilegalmente\/","og_site_name":"Portal Tela Portugal","article_published_time":"2026-03-07T21:21:00+00:00","author":"Telinha","twitter_card":"summary_large_image","twitter_misc":{"Escrito por":"Telinha","Tempo estimado de leitura":"1 minuto"},"schema":{"@context":"https:\/\/schema.org","@graph":[{"@type":"Article","@id":"https:\/\/portaltela.pt\/noticias\/2026\/03\/07\/camara-de-lisboa-exonera-mafalda-livermore-por-arrendar-imoveis-ilegalmente\/#article","isPartOf":{"@id":"https:\/\/portaltela.pt\/noticias\/2026\/03\/07\/camara-de-lisboa-exonera-mafalda-livermore-por-arrendar-imoveis-ilegalmente\/"},"author":{"name":"Telinha","@id":"https:\/\/portaltela.pt\/#\/schema\/person\/c4278d4a6028830caff9ee44b42d32ed"},"headline":"C\u00e2mara de Lisboa exonera Mafalda Livermore por arrendar im\u00f3veis ilegalmente","datePublished":"2026-03-07T21:21:00+00:00","mainEntityOfPage":{"@id":"https:\/\/portaltela.pt\/noticias\/2026\/03\/07\/camara-de-lisboa-exonera-mafalda-livermore-por-arrendar-imoveis-ilegalmente\/"},"wordCount":246,"image":{"@id":"https:\/\/portaltela.pt\/noticias\/2026\/03\/07\/camara-de-lisboa-exonera-mafalda-livermore-por-arrendar-imoveis-ilegalmente\/#primaryimage"},"thumbnailUrl":"https:\/\/portaltela.pt\/s.01k8rhncp4jt1\/2026\/03\/image-488.jpg","keywords":["arrendamentos","C\u00e2mara Municipal","demiss\u00e3o","Lisboa","pol\u00edtica","procuradoria il\u00edcita"],"articleSection":["Not\u00edcias","Pol\u00edtica"],"inLanguage":"pt-PT"},{"@type":"WebPage","@id":"https:\/\/portaltela.pt\/noticias\/2026\/03\/07\/camara-de-lisboa-exonera-mafalda-livermore-por-arrendar-imoveis-ilegalmente\/","url":"https:\/\/portaltela.pt\/noticias\/2026\/03\/07\/camara-de-lisboa-exonera-mafalda-livermore-por-arrendar-imoveis-ilegalmente\/","name":"C\u00e2mara de Lisboa exonera Mafalda Livermore por arrendar im\u00f3veis ilegalmente - Portal Tela Portugal","isPartOf":{"@id":"https:\/\/portaltela.pt\/#website"},"primaryImageOfPage":{"@id":"https:\/\/portaltela.pt\/noticias\/2026\/03\/07\/camara-de-lisboa-exonera-mafalda-livermore-por-arrendar-imoveis-ilegalmente\/#primaryimage"},"image":{"@id":"https:\/\/portaltela.pt\/noticias\/2026\/03\/07\/camara-de-lisboa-exonera-mafalda-livermore-por-arrendar-imoveis-ilegalmente\/#primaryimage"},"thumbnailUrl":"https:\/\/portaltela.pt\/s.01k8rhncp4jt1\/2026\/03\/image-488.jpg","datePublished":"2026-03-07T21:21:00+00:00","author":{"@id":"https:\/\/portaltela.pt\/#\/schema\/person\/c4278d4a6028830caff9ee44b42d32ed"},"breadcrumb":{"@id":"https:\/\/portaltela.pt\/noticias\/2026\/03\/07\/camara-de-lisboa-exonera-mafalda-livermore-por-arrendar-imoveis-ilegalmente\/#breadcrumb"},"inLanguage":"pt-PT","potentialAction":[{"@type":"ReadAction","target":["https:\/\/portaltela.pt\/noticias\/2026\/03\/07\/camara-de-lisboa-exonera-mafalda-livermore-por-arrendar-imoveis-ilegalmente\/"]}]},{"@type":"ImageObject","inLanguage":"pt-PT","@id":"https:\/\/portaltela.pt\/noticias\/2026\/03\/07\/camara-de-lisboa-exonera-mafalda-livermore-por-arrendar-imoveis-ilegalmente\/#primaryimage","url":"https:\/\/portaltela.pt\/s.01k8rhncp4jt1\/2026\/03\/image-488.jpg","contentUrl":"https:\/\/portaltela.pt\/s.01k8rhncp4jt1\/2026\/03\/image-488.jpg","width":796,"height":448,"caption":"Mafalda Livermore assumiu o cargo na C\u00e2mara de Lisboa em dezembro de 2025"},{"@type":"BreadcrumbList","@id":"https:\/\/portaltela.pt\/noticias\/2026\/03\/07\/camara-de-lisboa-exonera-mafalda-livermore-por-arrendar-imoveis-ilegalmente\/#breadcrumb","itemListElement":[{"@type":"ListItem","position":1,"name":"In\u00edcio","item":"https:\/\/portaltela.pt\/"},{"@type":"ListItem","position":2,"name":"C\u00e2mara de Lisboa exonera Mafalda Livermore por arrendar im\u00f3veis ilegalmente"}]},{"@type":"WebSite","@id":"https:\/\/portaltela.pt\/#website","url":"https:\/\/portaltela.pt\/","name":"Portal Tela Portugal","description":"","potentialAction":[{"@type":"SearchAction","target":{"@type":"EntryPoint","urlTemplate":"https:\/\/portaltela.pt\/?s={search_term_string}"},"query-input":{"@type":"PropertyValueSpecification","valueRequired":true,"valueName":"search_term_string"}}],"inLanguage":"pt-PT"},{"@type":"Person","@id":"https:\/\/portaltela.pt\/#\/schema\/person\/c4278d4a6028830caff9ee44b42d32ed","name":"Telinha","image":{"@type":"ImageObject","inLanguage":"pt-PT","@id":"https:\/\/portaltela.pt\/s.01k8rhncp4jt1\/2025\/11\/talking-bot-125x125.png","url":"https:\/\/portaltela.pt\/s.01k8rhncp4jt1\/2025\/11\/talking-bot-125x125.png","contentUrl":"https:\/\/portaltela.pt\/s.01k8rhncp4jt1\/2025\/11\/talking-bot-125x125.png","caption":"Telinha"},"sameAs":["https:\/\/portaltela.pt\/"],"url":"https:\/\/portaltela.pt\/por\/367410592786\/"}]}},"_links":{"self":[{"href":"https:\/\/portaltela.pt\/api\/wp\/v2\/posts\/401794","targetHints":{"allow":["GET"]}}],"collection":[{"href":"https:\/\/portaltela.pt\/api\/wp\/v2\/posts"}],"about":[{"href":"https:\/\/portaltela.pt\/api\/wp\/v2\/types\/post"}],"author":[{"embeddable":true,"href":"https:\/\/portaltela.pt\/api\/wp\/v2\/users\/2"}],"replies":[{"embeddable":true,"href":"https:\/\/portaltela.pt\/api\/wp\/v2\/comments?post=401794"}],"version-history":[{"count":0,"href":"https:\/\/portaltela.pt\/api\/wp\/v2\/posts\/401794\/revisions"}],"wp:featuredmedia":[{"embeddable":true,"href":"https:\/\/portaltela.pt\/api\/wp\/v2\/media\/401797"}],"wp:attachment":[{"href":"https:\/\/portaltela.pt\/api\/wp\/v2\/media?parent=401794"}],"wp:term":[{"taxonomy":"category","embeddable":true,"href":"https:\/\/portaltela.pt\/api\/wp\/v2\/categories?post=401794"},{"taxonomy":"post_tag","embeddable":true,"href":"https:\/\/portaltela.pt\/api\/wp\/v2\/tags?post=401794"}],"curies":[{"name":"wp","href":"https:\/\/api.w.org\/{rel}","templated":true}]}}