{"id":401787,"date":"2026-03-07T18:15:31","date_gmt":"2026-03-07T21:15:31","guid":{"rendered":"https:\/\/portaltela.pt\/noticias\/2026\/03\/07\/academica-vence-na-povoa-com-golo-de-bandeira\/"},"modified":"2026-03-07T18:15:31","modified_gmt":"2026-03-07T21:15:31","slug":"academica-vence-na-povoa-com-golo-de-bandeira","status":"publish","type":"post","link":"https:\/\/portaltela.pt\/desporto\/futebol\/2026\/03\/07\/academica-vence-na-povoa-com-golo-de-bandeira\/","title":{"rendered":"Acad\u00e9mica vence na P\u00f3voa com golo de bandeira"},"content":{"rendered":"<p>Na P\u00f3voa de Varzim, Varzim recebeu a Acad\u00e9mica na 5\u00aa jornada da fase de campe\u00e3o\/subida da Liga 3. Edson Far\u00edas abriu o caminho ao marcar um golo de bandeira, decisivo para os estudantes.<\/p>\n<p>A primeira parte foi marcada pelo equil\u00edbrio entre as duas equipas, sem oportunidades claras. Nos \u00faltimos 10 minutos, o Varzim assumiu o ataque e criou quatro cantos, mas sem concretizar.<\/p>\n<h3>Jogadas-chave<\/h3>\n<p>Ao intervalo, Ant\u00f3nio Barbosa substituiu Montez por Sinisterra para refor\u00e7ar o meio-campo, ainda que o colombiano tenha sa\u00eddo lesionado pouco depois. O Varzim celebrou por Jo\u00e3ozinho, mas o golo foi anulado pelo VAR por fora-de-jogo de Chamito.<\/p>\n<p>Edson Far\u00edas apareceu no momento certo, rematando para o golo de bandeira na sequ\u00eancia de um canto. Na segunda parte, a Acad\u00e9mica manteve a solidez defensiva, apoiada num Carlos Alves inspirado que assegurou o resultado.<\/p>\n","protected":false},"excerpt":{"rendered":"<ul>\n<li>O Varzim recebeu a Acad\u00e9mica na P\u00f3voa, numa jornada da Liga 3, e perdeu por a zero, dando a vit\u00f3ria aos estudantes.<\/li>\n<li>Edson Far\u00edas foi o her\u00f3i do jogo, com um golo de bandeira j\u00e1 num canto que decidiu a partida.<\/li>\n<li>A primeira parte foi equilibrada, com poucas ocasi\u00f5es de golo e conten\u00e7\u00e3o de ambos os lados.<\/li>\n<li>No intervalo, Ant\u00f3nio Barbosa fez altera\u00e7\u00f5es no Varzim, destacando-se a entrada de Sinisterra, que acabou por sair lesionado.<\/li>\n<li>A voz da defesa da Acad\u00e9mica, com Carlos Alves em destaque, segurou o resultado, apesar do refor\u00e7o de ataque do Varzim com Nuno Capucho.<\/li>\n<\/ul>\n","protected":false},"author":2,"featured_media":401788,"comment_status":"closed","ping_status":"closed","sticky":false,"template":"","format":"standard","meta":{"footnotes":""},"categories":[21,24],"tags":[3193,227,32,48,1786,3398],"class_list":["post-401787","post","type-post","status-publish","format-standard","has-post-thumbnail","hentry","category-desporto","category-futebol","tag-academica","tag-campeonato","tag-futebol","tag-gols","tag-liga","tag-varzim"],"yoast_head":"<!-- This site is optimized with the Yoast SEO plugin v27.2 - https:\/\/yoast.com\/product\/yoast-seo-wordpress\/ -->\n<title>Acad\u00e9mica vence na P\u00f3voa com golo de bandeira - Portal Tela Portugal<\/title>\n<meta name=\"robots\" content=\"index, follow, max-snippet:-1, max-image-preview:large, max-video-preview:-1\" \/>\n<meta property=\"og:locale\" content=\"pt_PT\" \/>\n<meta property=\"og:type\" content=\"article\" \/>\n<meta property=\"og:title\" content=\"Acad\u00e9mica vence na P\u00f3voa com golo de bandeira - Portal Tela Portugal\" \/>\n<meta property=\"og:description\" content=\"O Varzim recebeu a Acad\u00e9mica na P\u00f3voa, numa jornada da Liga 3, e perdeu por a zero, dando a vit\u00f3ria aos estudantes. Edson Far\u00edas foi o her\u00f3i do jogo, com um golo de bandeira j\u00e1 num canto que decidiu a partida. A primeira parte foi equilibrada, com poucas ocasi\u00f5es de golo e conten\u00e7\u00e3o de ambos os lados. No intervalo, Ant\u00f3nio Barbosa fez altera\u00e7\u00f5es no Varzim, destacando-se a entrada de Sinisterra, que acabou por sair lesionado. A voz da defesa da Acad\u00e9mica, com Carlos Alves em destaque, segurou o resultado, apesar do refor\u00e7o de ataque do Varzim com Nuno Capucho.\" \/>\n<meta property=\"og:url\" content=\"https:\/\/portaltela.pt\/noticias\/2026\/03\/07\/academica-vence-na-povoa-com-golo-de-bandeira\/\" \/>\n<meta property=\"og:site_name\" content=\"Portal Tela Portugal\" \/>\n<meta property=\"article:published_time\" content=\"2026-03-07T21:15:31+00:00\" \/>\n<meta name=\"author\" content=\"Telinha\" \/>\n<meta name=\"twitter:card\" content=\"summary_large_image\" \/>\n<meta name=\"twitter:label1\" content=\"Escrito por\" \/>\n\t<meta name=\"twitter:data1\" content=\"Telinha\" \/>\n\t<meta name=\"twitter:label2\" content=\"Tempo estimado de leitura\" \/>\n\t<meta name=\"twitter:data2\" content=\"1 minuto\" \/>\n<script type=\"application\/ld+json\" class=\"yoast-schema-graph\">{\"@context\":\"https:\/\/schema.org\",\"@graph\":[{\"@type\":\"Article\",\"@id\":\"https:\/\/portaltela.pt\/noticias\/2026\/03\/07\/academica-vence-na-povoa-com-golo-de-bandeira\/#article\",\"isPartOf\":{\"@id\":\"https:\/\/portaltela.pt\/noticias\/2026\/03\/07\/academica-vence-na-povoa-com-golo-de-bandeira\/\"},\"author\":{\"name\":\"Telinha\",\"@id\":\"https:\/\/portaltela.pt\/#\/schema\/person\/c4278d4a6028830caff9ee44b42d32ed\"},\"headline\":\"Acad\u00e9mica vence na P\u00f3voa com golo de bandeira\",\"datePublished\":\"2026-03-07T21:15:31+00:00\",\"mainEntityOfPage\":{\"@id\":\"https:\/\/portaltela.pt\/noticias\/2026\/03\/07\/academica-vence-na-povoa-com-golo-de-bandeira\/\"},\"wordCount\":156,\"image\":{\"@id\":\"https:\/\/portaltela.pt\/noticias\/2026\/03\/07\/academica-vence-na-povoa-com-golo-de-bandeira\/#primaryimage\"},\"thumbnailUrl\":\"https:\/\/portaltela.pt\/s.01k8rhncp4jt1\/2026\/03\/img_920x518uu2026-03-07-21-12-52-2425535.jpg\",\"keywords\":[\"Acad\u00e9mica\",\"campeonato\",\"futebol\",\"gols\",\"Liga\",\"Varzim\"],\"articleSection\":[\"Desporto\",\"Futebol\"],\"inLanguage\":\"pt-PT\"},{\"@type\":\"WebPage\",\"@id\":\"https:\/\/portaltela.pt\/noticias\/2026\/03\/07\/academica-vence-na-povoa-com-golo-de-bandeira\/\",\"url\":\"https:\/\/portaltela.pt\/noticias\/2026\/03\/07\/academica-vence-na-povoa-com-golo-de-bandeira\/\",\"name\":\"Acad\u00e9mica vence na P\u00f3voa com golo de bandeira - Portal Tela Portugal\",\"isPartOf\":{\"@id\":\"https:\/\/portaltela.pt\/#website\"},\"primaryImageOfPage\":{\"@id\":\"https:\/\/portaltela.pt\/noticias\/2026\/03\/07\/academica-vence-na-povoa-com-golo-de-bandeira\/#primaryimage\"},\"image\":{\"@id\":\"https:\/\/portaltela.pt\/noticias\/2026\/03\/07\/academica-vence-na-povoa-com-golo-de-bandeira\/#primaryimage\"},\"thumbnailUrl\":\"https:\/\/portaltela.pt\/s.01k8rhncp4jt1\/2026\/03\/img_920x518uu2026-03-07-21-12-52-2425535.jpg\",\"datePublished\":\"2026-03-07T21:15:31+00:00\",\"author\":{\"@id\":\"https:\/\/portaltela.pt\/#\/schema\/person\/c4278d4a6028830caff9ee44b42d32ed\"},\"breadcrumb\":{\"@id\":\"https:\/\/portaltela.pt\/noticias\/2026\/03\/07\/academica-vence-na-povoa-com-golo-de-bandeira\/#breadcrumb\"},\"inLanguage\":\"pt-PT\",\"potentialAction\":[{\"@type\":\"ReadAction\",\"target\":[\"https:\/\/portaltela.pt\/noticias\/2026\/03\/07\/academica-vence-na-povoa-com-golo-de-bandeira\/\"]}]},{\"@type\":\"ImageObject\",\"inLanguage\":\"pt-PT\",\"@id\":\"https:\/\/portaltela.pt\/noticias\/2026\/03\/07\/academica-vence-na-povoa-com-golo-de-bandeira\/#primaryimage\",\"url\":\"https:\/\/portaltela.pt\/s.01k8rhncp4jt1\/2026\/03\/img_920x518uu2026-03-07-21-12-52-2425535.jpg\",\"contentUrl\":\"https:\/\/portaltela.pt\/s.01k8rhncp4jt1\/2026\/03\/img_920x518uu2026-03-07-21-12-52-2425535.jpg\",\"width\":796,\"height\":448,\"caption\":\"Jogo fez reviver hist\u00f3ricos confrontos\"},{\"@type\":\"BreadcrumbList\",\"@id\":\"https:\/\/portaltela.pt\/noticias\/2026\/03\/07\/academica-vence-na-povoa-com-golo-de-bandeira\/#breadcrumb\",\"itemListElement\":[{\"@type\":\"ListItem\",\"position\":1,\"name\":\"In\u00edcio\",\"item\":\"https:\/\/portaltela.pt\/\"},{\"@type\":\"ListItem\",\"position\":2,\"name\":\"Acad\u00e9mica vence na P\u00f3voa com golo de bandeira\"}]},{\"@type\":\"WebSite\",\"@id\":\"https:\/\/portaltela.pt\/#website\",\"url\":\"https:\/\/portaltela.pt\/\",\"name\":\"Portal Tela Portugal\",\"description\":\"\",\"potentialAction\":[{\"@type\":\"SearchAction\",\"target\":{\"@type\":\"EntryPoint\",\"urlTemplate\":\"https:\/\/portaltela.pt\/?s={search_term_string}\"},\"query-input\":{\"@type\":\"PropertyValueSpecification\",\"valueRequired\":true,\"valueName\":\"search_term_string\"}}],\"inLanguage\":\"pt-PT\"},{\"@type\":\"Person\",\"@id\":\"https:\/\/portaltela.pt\/#\/schema\/person\/c4278d4a6028830caff9ee44b42d32ed\",\"name\":\"Telinha\",\"image\":{\"@type\":\"ImageObject\",\"inLanguage\":\"pt-PT\",\"@id\":\"https:\/\/portaltela.pt\/s.01k8rhncp4jt1\/2025\/11\/talking-bot-125x125.png\",\"url\":\"https:\/\/portaltela.pt\/s.01k8rhncp4jt1\/2025\/11\/talking-bot-125x125.png\",\"contentUrl\":\"https:\/\/portaltela.pt\/s.01k8rhncp4jt1\/2025\/11\/talking-bot-125x125.png\",\"caption\":\"Telinha\"},\"sameAs\":[\"https:\/\/portaltela.pt\/\"],\"url\":\"https:\/\/portaltela.pt\/por\/367410592786\/\"}]}<\/script>\n<!-- \/ Yoast SEO plugin. -->","yoast_head_json":{"title":"Acad\u00e9mica vence na P\u00f3voa com golo de bandeira - Portal Tela Portugal","robots":{"index":"index","follow":"follow","max-snippet":"max-snippet:-1","max-image-preview":"max-image-preview:large","max-video-preview":"max-video-preview:-1"},"og_locale":"pt_PT","og_type":"article","og_title":"Acad\u00e9mica vence na P\u00f3voa com golo de bandeira - Portal Tela Portugal","og_description":"O Varzim recebeu a Acad\u00e9mica na P\u00f3voa, numa jornada da Liga 3, e perdeu por a zero, dando a vit\u00f3ria aos estudantes. Edson Far\u00edas foi o her\u00f3i do jogo, com um golo de bandeira j\u00e1 num canto que decidiu a partida. A primeira parte foi equilibrada, com poucas ocasi\u00f5es de golo e conten\u00e7\u00e3o de ambos os lados. No intervalo, Ant\u00f3nio Barbosa fez altera\u00e7\u00f5es no Varzim, destacando-se a entrada de Sinisterra, que acabou por sair lesionado. A voz da defesa da Acad\u00e9mica, com Carlos Alves em destaque, segurou o resultado, apesar do refor\u00e7o de ataque do Varzim com Nuno Capucho.","og_url":"https:\/\/portaltela.pt\/noticias\/2026\/03\/07\/academica-vence-na-povoa-com-golo-de-bandeira\/","og_site_name":"Portal Tela Portugal","article_published_time":"2026-03-07T21:15:31+00:00","author":"Telinha","twitter_card":"summary_large_image","twitter_misc":{"Escrito por":"Telinha","Tempo estimado de leitura":"1 minuto"},"schema":{"@context":"https:\/\/schema.org","@graph":[{"@type":"Article","@id":"https:\/\/portaltela.pt\/noticias\/2026\/03\/07\/academica-vence-na-povoa-com-golo-de-bandeira\/#article","isPartOf":{"@id":"https:\/\/portaltela.pt\/noticias\/2026\/03\/07\/academica-vence-na-povoa-com-golo-de-bandeira\/"},"author":{"name":"Telinha","@id":"https:\/\/portaltela.pt\/#\/schema\/person\/c4278d4a6028830caff9ee44b42d32ed"},"headline":"Acad\u00e9mica vence na P\u00f3voa com golo de bandeira","datePublished":"2026-03-07T21:15:31+00:00","mainEntityOfPage":{"@id":"https:\/\/portaltela.pt\/noticias\/2026\/03\/07\/academica-vence-na-povoa-com-golo-de-bandeira\/"},"wordCount":156,"image":{"@id":"https:\/\/portaltela.pt\/noticias\/2026\/03\/07\/academica-vence-na-povoa-com-golo-de-bandeira\/#primaryimage"},"thumbnailUrl":"https:\/\/portaltela.pt\/s.01k8rhncp4jt1\/2026\/03\/img_920x518uu2026-03-07-21-12-52-2425535.jpg","keywords":["Acad\u00e9mica","campeonato","futebol","gols","Liga","Varzim"],"articleSection":["Desporto","Futebol"],"inLanguage":"pt-PT"},{"@type":"WebPage","@id":"https:\/\/portaltela.pt\/noticias\/2026\/03\/07\/academica-vence-na-povoa-com-golo-de-bandeira\/","url":"https:\/\/portaltela.pt\/noticias\/2026\/03\/07\/academica-vence-na-povoa-com-golo-de-bandeira\/","name":"Acad\u00e9mica vence na P\u00f3voa com golo de bandeira - Portal Tela Portugal","isPartOf":{"@id":"https:\/\/portaltela.pt\/#website"},"primaryImageOfPage":{"@id":"https:\/\/portaltela.pt\/noticias\/2026\/03\/07\/academica-vence-na-povoa-com-golo-de-bandeira\/#primaryimage"},"image":{"@id":"https:\/\/portaltela.pt\/noticias\/2026\/03\/07\/academica-vence-na-povoa-com-golo-de-bandeira\/#primaryimage"},"thumbnailUrl":"https:\/\/portaltela.pt\/s.01k8rhncp4jt1\/2026\/03\/img_920x518uu2026-03-07-21-12-52-2425535.jpg","datePublished":"2026-03-07T21:15:31+00:00","author":{"@id":"https:\/\/portaltela.pt\/#\/schema\/person\/c4278d4a6028830caff9ee44b42d32ed"},"breadcrumb":{"@id":"https:\/\/portaltela.pt\/noticias\/2026\/03\/07\/academica-vence-na-povoa-com-golo-de-bandeira\/#breadcrumb"},"inLanguage":"pt-PT","potentialAction":[{"@type":"ReadAction","target":["https:\/\/portaltela.pt\/noticias\/2026\/03\/07\/academica-vence-na-povoa-com-golo-de-bandeira\/"]}]},{"@type":"ImageObject","inLanguage":"pt-PT","@id":"https:\/\/portaltela.pt\/noticias\/2026\/03\/07\/academica-vence-na-povoa-com-golo-de-bandeira\/#primaryimage","url":"https:\/\/portaltela.pt\/s.01k8rhncp4jt1\/2026\/03\/img_920x518uu2026-03-07-21-12-52-2425535.jpg","contentUrl":"https:\/\/portaltela.pt\/s.01k8rhncp4jt1\/2026\/03\/img_920x518uu2026-03-07-21-12-52-2425535.jpg","width":796,"height":448,"caption":"Jogo fez reviver hist\u00f3ricos confrontos"},{"@type":"BreadcrumbList","@id":"https:\/\/portaltela.pt\/noticias\/2026\/03\/07\/academica-vence-na-povoa-com-golo-de-bandeira\/#breadcrumb","itemListElement":[{"@type":"ListItem","position":1,"name":"In\u00edcio","item":"https:\/\/portaltela.pt\/"},{"@type":"ListItem","position":2,"name":"Acad\u00e9mica vence na P\u00f3voa com golo de bandeira"}]},{"@type":"WebSite","@id":"https:\/\/portaltela.pt\/#website","url":"https:\/\/portaltela.pt\/","name":"Portal Tela Portugal","description":"","potentialAction":[{"@type":"SearchAction","target":{"@type":"EntryPoint","urlTemplate":"https:\/\/portaltela.pt\/?s={search_term_string}"},"query-input":{"@type":"PropertyValueSpecification","valueRequired":true,"valueName":"search_term_string"}}],"inLanguage":"pt-PT"},{"@type":"Person","@id":"https:\/\/portaltela.pt\/#\/schema\/person\/c4278d4a6028830caff9ee44b42d32ed","name":"Telinha","image":{"@type":"ImageObject","inLanguage":"pt-PT","@id":"https:\/\/portaltela.pt\/s.01k8rhncp4jt1\/2025\/11\/talking-bot-125x125.png","url":"https:\/\/portaltela.pt\/s.01k8rhncp4jt1\/2025\/11\/talking-bot-125x125.png","contentUrl":"https:\/\/portaltela.pt\/s.01k8rhncp4jt1\/2025\/11\/talking-bot-125x125.png","caption":"Telinha"},"sameAs":["https:\/\/portaltela.pt\/"],"url":"https:\/\/portaltela.pt\/por\/367410592786\/"}]}},"_links":{"self":[{"href":"https:\/\/portaltela.pt\/api\/wp\/v2\/posts\/401787","targetHints":{"allow":["GET"]}}],"collection":[{"href":"https:\/\/portaltela.pt\/api\/wp\/v2\/posts"}],"about":[{"href":"https:\/\/portaltela.pt\/api\/wp\/v2\/types\/post"}],"author":[{"embeddable":true,"href":"https:\/\/portaltela.pt\/api\/wp\/v2\/users\/2"}],"replies":[{"embeddable":true,"href":"https:\/\/portaltela.pt\/api\/wp\/v2\/comments?post=401787"}],"version-history":[{"count":0,"href":"https:\/\/portaltela.pt\/api\/wp\/v2\/posts\/401787\/revisions"}],"wp:featuredmedia":[{"embeddable":true,"href":"https:\/\/portaltela.pt\/api\/wp\/v2\/media\/401788"}],"wp:attachment":[{"href":"https:\/\/portaltela.pt\/api\/wp\/v2\/media?parent=401787"}],"wp:term":[{"taxonomy":"category","embeddable":true,"href":"https:\/\/portaltela.pt\/api\/wp\/v2\/categories?post=401787"},{"taxonomy":"post_tag","embeddable":true,"href":"https:\/\/portaltela.pt\/api\/wp\/v2\/tags?post=401787"}],"curies":[{"name":"wp","href":"https:\/\/api.w.org\/{rel}","templated":true}]}}