{"id":401761,"date":"2026-03-07T17:28:00","date_gmt":"2026-03-07T20:28:00","guid":{"rendered":"https:\/\/portaltela.pt\/noticias\/2026\/03\/07\/escola-primaria-de-sintra-com-agua-a-escorrer-pelas-paredes-e-quadros-eletricos\/"},"modified":"2026-03-07T17:28:00","modified_gmt":"2026-03-07T20:28:00","slug":"escola-primaria-de-sintra-com-agua-a-escorrer-pelas-paredes-e-quadros-eletricos","status":"publish","type":"post","link":"https:\/\/portaltela.pt\/noticias\/2026\/03\/07\/escola-primaria-de-sintra-com-agua-a-escorrer-pelas-paredes-e-quadros-eletricos\/","title":{"rendered":"Escola prim\u00e1ria de Sintra com \u00e1gua a escorrer pelas paredes e quadros el\u00e9tricos"},"content":{"rendered":"<p>Desde novembro, quando chove, \u00e1gua entra no pavilh\u00e3o de gin\u00e1stica, numa sala de aulas, nos corredores e nos quadros el\u00e9tricos da Escola EB1\/Jardim de Inf\u00e2ncia de Lourel, em Sintra. As infiltra\u00e7\u00f5es t\u00eam agravado, gerando preocupa\u00e7\u00e3o entre os encarregados de educa\u00e7\u00e3o pela seguran\u00e7a das crian\u00e7as.<\/p>\n<p>A situa\u00e7\u00e3o afeta o quotidiano escolar, com baldes colocados no pavilh\u00e3o para evitar o acumular de \u00e1gua. Alunos utilizam o espa\u00e7o de Educa\u00e7\u00e3o F\u00edsica e as atividades de enriquecimento curricular, enquanto os autocolantes e equipamentos sofrem com infiltra\u00e7\u00f5es que provocam manchas de humidade nos tetos.<\/p>\n<p>Os pais pedem respostas r\u00e1pidas, apontando riscos na infraestrutura antiga. A presidente da associa\u00e7\u00e3o de pais, Helena Cabral, descreve o cen\u00e1rio como geral na escola, com \u00e1gua entranhada e infiltra\u00e7\u00f5es vis\u00edveis em v\u00e1rias zonas.<\/p>\n<h3>Interven\u00e7\u00e3o planeada pela C\u00e2mara<\/h3>\n<p>A C\u00e2mara Municipal de Sintra afirma que o edif\u00edcio est\u00e1 seguro e que ser\u00e1 realizada uma interven\u00e7\u00e3o pontual para corrigir as infiltra\u00e7\u00f5es. N\u00e3o foram avan\u00e7ados prazos espec\u00edficos, apenas a garantia de a\u00e7\u00f5es r\u00e1pidas para mitigar os problemas existentes.<\/p>\n<p>A autarquia acrescenta que a obra pretende substituir componentes danificados e melhorar a impermeabiliza\u00e7\u00e3o, com foco em \u00e1reas cr\u00edticas onde a \u00e1gua entra com maior intensidade durante as chuvas. A dire\u00e7\u00e3o da escola mant\u00e9m a vigil\u00e2ncia sobre a evolu\u00e7\u00e3o da situa\u00e7\u00e3o.<\/p>\n<h3>Situa\u00e7\u00e3o atual e impactos<\/h3>\n<p>At\u00e9 ao momento, n\u00e3o houve registos de incidentes com ferimentos, mas a gest\u00e3o escolar continua a monitorizar as condi\u00e7\u00f5es. A comunidade educativa espera que as obras ocorram com interrup\u00e7\u00f5es m\u00ednimas nas atividades letivas.<\/p>\n","protected":false},"excerpt":{"rendered":"<ul>\n<li>Desde novembro, quando chove, entra \u00e1gua no pavilh\u00e3o de gin\u00e1stica, numa sala de aulas, nos corredores e nos quadros el\u00e9tricos da Escola EB1\/Jardim de Inf\u00e2ncia de Lourel, em Sintra.<\/li>\n<li>As infiltra\u00e7\u00f5es t\u00eam-se agravado e os pais receiam pela seguran\u00e7a das crian\u00e7as.<\/li>\n<li>O pavilh\u00e3o, usado para Educa\u00e7\u00e3o F\u00edsica e Atividades de Enriquecimento Curricular, est\u00e1 com contentores\/baldes para recolher a \u00e1gua.<\/li>\n<li>A C\u00e2mara de Sintra assegura que o edif\u00edcio est\u00e1 seguro e que haver\u00e1 uma interven\u00e7\u00e3o pontual.<\/li>\n<li>A presidente da associa\u00e7\u00e3o de pais, Helena Cabral, afirma que quase toda a escola tem manchas de bolor nos tetos.<\/li>\n<\/ul>\n","protected":false},"author":2,"featured_media":401762,"comment_status":"closed","ping_status":"closed","sticky":false,"template":"","format":"standard","meta":{"footnotes":""},"categories":[1],"tags":[163,2153,101,4676,1615,1110],"class_list":["post-401761","post","type-post","status-publish","format-standard","has-post-thumbnail","hentry","category-noticias","tag-educacao","tag-educacao-escolar","tag-escolas","tag-infiltracoes","tag-infraestrutura","tag-sintra"],"yoast_head":"<!-- This site is optimized with the Yoast SEO plugin v27.2 - https:\/\/yoast.com\/product\/yoast-seo-wordpress\/ -->\n<title>Escola prim\u00e1ria de Sintra com \u00e1gua a escorrer pelas paredes e quadros el\u00e9tricos - Portal Tela Portugal<\/title>\n<meta name=\"robots\" content=\"index, follow, max-snippet:-1, max-image-preview:large, max-video-preview:-1\" \/>\n<meta property=\"og:locale\" content=\"pt_PT\" \/>\n<meta property=\"og:type\" content=\"article\" \/>\n<meta property=\"og:title\" content=\"Escola prim\u00e1ria de Sintra com \u00e1gua a escorrer pelas paredes e quadros el\u00e9tricos - Portal Tela Portugal\" \/>\n<meta property=\"og:description\" content=\"Desde novembro, quando chove, entra \u00e1gua no pavilh\u00e3o de gin\u00e1stica, numa sala de aulas, nos corredores e nos quadros el\u00e9tricos da Escola EB1\/Jardim de Inf\u00e2ncia de Lourel, em Sintra. As infiltra\u00e7\u00f5es t\u00eam-se agravado e os pais receiam pela seguran\u00e7a das crian\u00e7as. O pavilh\u00e3o, usado para Educa\u00e7\u00e3o F\u00edsica e Atividades de Enriquecimento Curricular, est\u00e1 com contentores\/baldes para recolher a \u00e1gua. A C\u00e2mara de Sintra assegura que o edif\u00edcio est\u00e1 seguro e que haver\u00e1 uma interven\u00e7\u00e3o pontual. A presidente da associa\u00e7\u00e3o de pais, Helena Cabral, afirma que quase toda a escola tem manchas de bolor nos tetos.\" \/>\n<meta property=\"og:url\" content=\"https:\/\/portaltela.pt\/noticias\/2026\/03\/07\/escola-primaria-de-sintra-com-agua-a-escorrer-pelas-paredes-e-quadros-eletricos\/\" \/>\n<meta property=\"og:site_name\" content=\"Portal Tela Portugal\" \/>\n<meta property=\"article:published_time\" content=\"2026-03-07T20:28:00+00:00\" \/>\n<meta name=\"author\" content=\"Telinha\" \/>\n<meta name=\"twitter:card\" content=\"summary_large_image\" \/>\n<meta name=\"twitter:label1\" content=\"Escrito por\" \/>\n\t<meta name=\"twitter:data1\" content=\"Telinha\" \/>\n\t<meta name=\"twitter:label2\" content=\"Tempo estimado de leitura\" \/>\n\t<meta name=\"twitter:data2\" content=\"1 minuto\" \/>\n<script type=\"application\/ld+json\" class=\"yoast-schema-graph\">{\"@context\":\"https:\/\/schema.org\",\"@graph\":[{\"@type\":\"Article\",\"@id\":\"https:\/\/portaltela.pt\/noticias\/2026\/03\/07\/escola-primaria-de-sintra-com-agua-a-escorrer-pelas-paredes-e-quadros-eletricos\/#article\",\"isPartOf\":{\"@id\":\"https:\/\/portaltela.pt\/noticias\/2026\/03\/07\/escola-primaria-de-sintra-com-agua-a-escorrer-pelas-paredes-e-quadros-eletricos\/\"},\"author\":{\"name\":\"Telinha\",\"@id\":\"https:\/\/portaltela.pt\/#\/schema\/person\/c4278d4a6028830caff9ee44b42d32ed\"},\"headline\":\"Escola prim\u00e1ria de Sintra com \u00e1gua a escorrer pelas paredes e quadros el\u00e9tricos\",\"datePublished\":\"2026-03-07T20:28:00+00:00\",\"mainEntityOfPage\":{\"@id\":\"https:\/\/portaltela.pt\/noticias\/2026\/03\/07\/escola-primaria-de-sintra-com-agua-a-escorrer-pelas-paredes-e-quadros-eletricos\/\"},\"wordCount\":305,\"image\":{\"@id\":\"https:\/\/portaltela.pt\/noticias\/2026\/03\/07\/escola-primaria-de-sintra-com-agua-a-escorrer-pelas-paredes-e-quadros-eletricos\/#primaryimage\"},\"thumbnailUrl\":\"https:\/\/portaltela.pt\/s.01k8rhncp4jt1\/2026\/03\/f7437b9d-2de4-4cac-933b-36b4c2d49cc1_1200x675.jpg\",\"keywords\":[\"educa\u00e7\u00e3o\",\"educa\u00e7\u00e3o escolar\",\"escolas\",\"infiltra\u00e7\u00f5es\",\"infraestrutura\",\"Sintra\"],\"articleSection\":[\"Not\u00edcias\"],\"inLanguage\":\"pt-PT\"},{\"@type\":\"WebPage\",\"@id\":\"https:\/\/portaltela.pt\/noticias\/2026\/03\/07\/escola-primaria-de-sintra-com-agua-a-escorrer-pelas-paredes-e-quadros-eletricos\/\",\"url\":\"https:\/\/portaltela.pt\/noticias\/2026\/03\/07\/escola-primaria-de-sintra-com-agua-a-escorrer-pelas-paredes-e-quadros-eletricos\/\",\"name\":\"Escola prim\u00e1ria de Sintra com \u00e1gua a escorrer pelas paredes e quadros el\u00e9tricos - Portal Tela Portugal\",\"isPartOf\":{\"@id\":\"https:\/\/portaltela.pt\/#website\"},\"primaryImageOfPage\":{\"@id\":\"https:\/\/portaltela.pt\/noticias\/2026\/03\/07\/escola-primaria-de-sintra-com-agua-a-escorrer-pelas-paredes-e-quadros-eletricos\/#primaryimage\"},\"image\":{\"@id\":\"https:\/\/portaltela.pt\/noticias\/2026\/03\/07\/escola-primaria-de-sintra-com-agua-a-escorrer-pelas-paredes-e-quadros-eletricos\/#primaryimage\"},\"thumbnailUrl\":\"https:\/\/portaltela.pt\/s.01k8rhncp4jt1\/2026\/03\/f7437b9d-2de4-4cac-933b-36b4c2d49cc1_1200x675.jpg\",\"datePublished\":\"2026-03-07T20:28:00+00:00\",\"author\":{\"@id\":\"https:\/\/portaltela.pt\/#\/schema\/person\/c4278d4a6028830caff9ee44b42d32ed\"},\"breadcrumb\":{\"@id\":\"https:\/\/portaltela.pt\/noticias\/2026\/03\/07\/escola-primaria-de-sintra-com-agua-a-escorrer-pelas-paredes-e-quadros-eletricos\/#breadcrumb\"},\"inLanguage\":\"pt-PT\",\"potentialAction\":[{\"@type\":\"ReadAction\",\"target\":[\"https:\/\/portaltela.pt\/noticias\/2026\/03\/07\/escola-primaria-de-sintra-com-agua-a-escorrer-pelas-paredes-e-quadros-eletricos\/\"]}]},{\"@type\":\"ImageObject\",\"inLanguage\":\"pt-PT\",\"@id\":\"https:\/\/portaltela.pt\/noticias\/2026\/03\/07\/escola-primaria-de-sintra-com-agua-a-escorrer-pelas-paredes-e-quadros-eletricos\/#primaryimage\",\"url\":\"https:\/\/portaltela.pt\/s.01k8rhncp4jt1\/2026\/03\/f7437b9d-2de4-4cac-933b-36b4c2d49cc1_1200x675.jpg\",\"contentUrl\":\"https:\/\/portaltela.pt\/s.01k8rhncp4jt1\/2026\/03\/f7437b9d-2de4-4cac-933b-36b4c2d49cc1_1200x675.jpg\",\"width\":796,\"height\":448,\"caption\":\"Infiltra\u00e7\u00f5es preocupam os pais\"},{\"@type\":\"BreadcrumbList\",\"@id\":\"https:\/\/portaltela.pt\/noticias\/2026\/03\/07\/escola-primaria-de-sintra-com-agua-a-escorrer-pelas-paredes-e-quadros-eletricos\/#breadcrumb\",\"itemListElement\":[{\"@type\":\"ListItem\",\"position\":1,\"name\":\"In\u00edcio\",\"item\":\"https:\/\/portaltela.pt\/\"},{\"@type\":\"ListItem\",\"position\":2,\"name\":\"Escola prim\u00e1ria de Sintra com \u00e1gua a escorrer pelas paredes e quadros el\u00e9tricos\"}]},{\"@type\":\"WebSite\",\"@id\":\"https:\/\/portaltela.pt\/#website\",\"url\":\"https:\/\/portaltela.pt\/\",\"name\":\"Portal Tela Portugal\",\"description\":\"\",\"potentialAction\":[{\"@type\":\"SearchAction\",\"target\":{\"@type\":\"EntryPoint\",\"urlTemplate\":\"https:\/\/portaltela.pt\/?s={search_term_string}\"},\"query-input\":{\"@type\":\"PropertyValueSpecification\",\"valueRequired\":true,\"valueName\":\"search_term_string\"}}],\"inLanguage\":\"pt-PT\"},{\"@type\":\"Person\",\"@id\":\"https:\/\/portaltela.pt\/#\/schema\/person\/c4278d4a6028830caff9ee44b42d32ed\",\"name\":\"Telinha\",\"image\":{\"@type\":\"ImageObject\",\"inLanguage\":\"pt-PT\",\"@id\":\"https:\/\/portaltela.pt\/s.01k8rhncp4jt1\/2025\/11\/talking-bot-125x125.png\",\"url\":\"https:\/\/portaltela.pt\/s.01k8rhncp4jt1\/2025\/11\/talking-bot-125x125.png\",\"contentUrl\":\"https:\/\/portaltela.pt\/s.01k8rhncp4jt1\/2025\/11\/talking-bot-125x125.png\",\"caption\":\"Telinha\"},\"sameAs\":[\"https:\/\/portaltela.pt\/\"],\"url\":\"https:\/\/portaltela.pt\/por\/367410592786\/\"}]}<\/script>\n<!-- \/ Yoast SEO plugin. -->","yoast_head_json":{"title":"Escola prim\u00e1ria de Sintra com \u00e1gua a escorrer pelas paredes e quadros el\u00e9tricos - Portal Tela Portugal","robots":{"index":"index","follow":"follow","max-snippet":"max-snippet:-1","max-image-preview":"max-image-preview:large","max-video-preview":"max-video-preview:-1"},"og_locale":"pt_PT","og_type":"article","og_title":"Escola prim\u00e1ria de Sintra com \u00e1gua a escorrer pelas paredes e quadros el\u00e9tricos - Portal Tela Portugal","og_description":"Desde novembro, quando chove, entra \u00e1gua no pavilh\u00e3o de gin\u00e1stica, numa sala de aulas, nos corredores e nos quadros el\u00e9tricos da Escola EB1\/Jardim de Inf\u00e2ncia de Lourel, em Sintra. As infiltra\u00e7\u00f5es t\u00eam-se agravado e os pais receiam pela seguran\u00e7a das crian\u00e7as. O pavilh\u00e3o, usado para Educa\u00e7\u00e3o F\u00edsica e Atividades de Enriquecimento Curricular, est\u00e1 com contentores\/baldes para recolher a \u00e1gua. A C\u00e2mara de Sintra assegura que o edif\u00edcio est\u00e1 seguro e que haver\u00e1 uma interven\u00e7\u00e3o pontual. A presidente da associa\u00e7\u00e3o de pais, Helena Cabral, afirma que quase toda a escola tem manchas de bolor nos tetos.","og_url":"https:\/\/portaltela.pt\/noticias\/2026\/03\/07\/escola-primaria-de-sintra-com-agua-a-escorrer-pelas-paredes-e-quadros-eletricos\/","og_site_name":"Portal Tela Portugal","article_published_time":"2026-03-07T20:28:00+00:00","author":"Telinha","twitter_card":"summary_large_image","twitter_misc":{"Escrito por":"Telinha","Tempo estimado de leitura":"1 minuto"},"schema":{"@context":"https:\/\/schema.org","@graph":[{"@type":"Article","@id":"https:\/\/portaltela.pt\/noticias\/2026\/03\/07\/escola-primaria-de-sintra-com-agua-a-escorrer-pelas-paredes-e-quadros-eletricos\/#article","isPartOf":{"@id":"https:\/\/portaltela.pt\/noticias\/2026\/03\/07\/escola-primaria-de-sintra-com-agua-a-escorrer-pelas-paredes-e-quadros-eletricos\/"},"author":{"name":"Telinha","@id":"https:\/\/portaltela.pt\/#\/schema\/person\/c4278d4a6028830caff9ee44b42d32ed"},"headline":"Escola prim\u00e1ria de Sintra com \u00e1gua a escorrer pelas paredes e quadros el\u00e9tricos","datePublished":"2026-03-07T20:28:00+00:00","mainEntityOfPage":{"@id":"https:\/\/portaltela.pt\/noticias\/2026\/03\/07\/escola-primaria-de-sintra-com-agua-a-escorrer-pelas-paredes-e-quadros-eletricos\/"},"wordCount":305,"image":{"@id":"https:\/\/portaltela.pt\/noticias\/2026\/03\/07\/escola-primaria-de-sintra-com-agua-a-escorrer-pelas-paredes-e-quadros-eletricos\/#primaryimage"},"thumbnailUrl":"https:\/\/portaltela.pt\/s.01k8rhncp4jt1\/2026\/03\/f7437b9d-2de4-4cac-933b-36b4c2d49cc1_1200x675.jpg","keywords":["educa\u00e7\u00e3o","educa\u00e7\u00e3o escolar","escolas","infiltra\u00e7\u00f5es","infraestrutura","Sintra"],"articleSection":["Not\u00edcias"],"inLanguage":"pt-PT"},{"@type":"WebPage","@id":"https:\/\/portaltela.pt\/noticias\/2026\/03\/07\/escola-primaria-de-sintra-com-agua-a-escorrer-pelas-paredes-e-quadros-eletricos\/","url":"https:\/\/portaltela.pt\/noticias\/2026\/03\/07\/escola-primaria-de-sintra-com-agua-a-escorrer-pelas-paredes-e-quadros-eletricos\/","name":"Escola prim\u00e1ria de Sintra com \u00e1gua a escorrer pelas paredes e quadros el\u00e9tricos - Portal Tela Portugal","isPartOf":{"@id":"https:\/\/portaltela.pt\/#website"},"primaryImageOfPage":{"@id":"https:\/\/portaltela.pt\/noticias\/2026\/03\/07\/escola-primaria-de-sintra-com-agua-a-escorrer-pelas-paredes-e-quadros-eletricos\/#primaryimage"},"image":{"@id":"https:\/\/portaltela.pt\/noticias\/2026\/03\/07\/escola-primaria-de-sintra-com-agua-a-escorrer-pelas-paredes-e-quadros-eletricos\/#primaryimage"},"thumbnailUrl":"https:\/\/portaltela.pt\/s.01k8rhncp4jt1\/2026\/03\/f7437b9d-2de4-4cac-933b-36b4c2d49cc1_1200x675.jpg","datePublished":"2026-03-07T20:28:00+00:00","author":{"@id":"https:\/\/portaltela.pt\/#\/schema\/person\/c4278d4a6028830caff9ee44b42d32ed"},"breadcrumb":{"@id":"https:\/\/portaltela.pt\/noticias\/2026\/03\/07\/escola-primaria-de-sintra-com-agua-a-escorrer-pelas-paredes-e-quadros-eletricos\/#breadcrumb"},"inLanguage":"pt-PT","potentialAction":[{"@type":"ReadAction","target":["https:\/\/portaltela.pt\/noticias\/2026\/03\/07\/escola-primaria-de-sintra-com-agua-a-escorrer-pelas-paredes-e-quadros-eletricos\/"]}]},{"@type":"ImageObject","inLanguage":"pt-PT","@id":"https:\/\/portaltela.pt\/noticias\/2026\/03\/07\/escola-primaria-de-sintra-com-agua-a-escorrer-pelas-paredes-e-quadros-eletricos\/#primaryimage","url":"https:\/\/portaltela.pt\/s.01k8rhncp4jt1\/2026\/03\/f7437b9d-2de4-4cac-933b-36b4c2d49cc1_1200x675.jpg","contentUrl":"https:\/\/portaltela.pt\/s.01k8rhncp4jt1\/2026\/03\/f7437b9d-2de4-4cac-933b-36b4c2d49cc1_1200x675.jpg","width":796,"height":448,"caption":"Infiltra\u00e7\u00f5es preocupam os pais"},{"@type":"BreadcrumbList","@id":"https:\/\/portaltela.pt\/noticias\/2026\/03\/07\/escola-primaria-de-sintra-com-agua-a-escorrer-pelas-paredes-e-quadros-eletricos\/#breadcrumb","itemListElement":[{"@type":"ListItem","position":1,"name":"In\u00edcio","item":"https:\/\/portaltela.pt\/"},{"@type":"ListItem","position":2,"name":"Escola prim\u00e1ria de Sintra com \u00e1gua a escorrer pelas paredes e quadros el\u00e9tricos"}]},{"@type":"WebSite","@id":"https:\/\/portaltela.pt\/#website","url":"https:\/\/portaltela.pt\/","name":"Portal Tela Portugal","description":"","potentialAction":[{"@type":"SearchAction","target":{"@type":"EntryPoint","urlTemplate":"https:\/\/portaltela.pt\/?s={search_term_string}"},"query-input":{"@type":"PropertyValueSpecification","valueRequired":true,"valueName":"search_term_string"}}],"inLanguage":"pt-PT"},{"@type":"Person","@id":"https:\/\/portaltela.pt\/#\/schema\/person\/c4278d4a6028830caff9ee44b42d32ed","name":"Telinha","image":{"@type":"ImageObject","inLanguage":"pt-PT","@id":"https:\/\/portaltela.pt\/s.01k8rhncp4jt1\/2025\/11\/talking-bot-125x125.png","url":"https:\/\/portaltela.pt\/s.01k8rhncp4jt1\/2025\/11\/talking-bot-125x125.png","contentUrl":"https:\/\/portaltela.pt\/s.01k8rhncp4jt1\/2025\/11\/talking-bot-125x125.png","caption":"Telinha"},"sameAs":["https:\/\/portaltela.pt\/"],"url":"https:\/\/portaltela.pt\/por\/367410592786\/"}]}},"_links":{"self":[{"href":"https:\/\/portaltela.pt\/api\/wp\/v2\/posts\/401761","targetHints":{"allow":["GET"]}}],"collection":[{"href":"https:\/\/portaltela.pt\/api\/wp\/v2\/posts"}],"about":[{"href":"https:\/\/portaltela.pt\/api\/wp\/v2\/types\/post"}],"author":[{"embeddable":true,"href":"https:\/\/portaltela.pt\/api\/wp\/v2\/users\/2"}],"replies":[{"embeddable":true,"href":"https:\/\/portaltela.pt\/api\/wp\/v2\/comments?post=401761"}],"version-history":[{"count":0,"href":"https:\/\/portaltela.pt\/api\/wp\/v2\/posts\/401761\/revisions"}],"wp:featuredmedia":[{"embeddable":true,"href":"https:\/\/portaltela.pt\/api\/wp\/v2\/media\/401762"}],"wp:attachment":[{"href":"https:\/\/portaltela.pt\/api\/wp\/v2\/media?parent=401761"}],"wp:term":[{"taxonomy":"category","embeddable":true,"href":"https:\/\/portaltela.pt\/api\/wp\/v2\/categories?post=401761"},{"taxonomy":"post_tag","embeddable":true,"href":"https:\/\/portaltela.pt\/api\/wp\/v2\/tags?post=401761"}],"curies":[{"name":"wp","href":"https:\/\/api.w.org\/{rel}","templated":true}]}}