{"id":401759,"date":"2026-03-07T17:26:00","date_gmt":"2026-03-07T20:26:00","guid":{"rendered":"https:\/\/portaltela.pt\/noticias\/2026\/03\/07\/joao-pereira-fica-em-4-o-no-optilink-tour-championship\/"},"modified":"2026-03-07T17:26:00","modified_gmt":"2026-03-07T20:26:00","slug":"joao-pereira-fica-em-4-o-no-optilink-tour-championship","status":"publish","type":"post","link":"https:\/\/portaltela.pt\/desporto\/futebol\/2026\/03\/07\/joao-pereira-fica-em-4-o-no-optilink-tour-championship\/","title":{"rendered":"Jo\u00e3o Pereira fica em 4.\u00ba no Optilink Tour Championship"},"content":{"rendered":"<p>Jo\u00e3o Pereira manteve-se destacado entre os melhores no Optilink Tour Championship, ao terminar a pen\u00faltima volta em 4.\u00ba lugar. O jogador, campe\u00e3o nacional amador de 21 anos, fez 69 pancadas no campo n.\u00ba2 do PGA Aroeira Lisboa, em Almada, e ficou empatado com Dan Smith, a 2 golpes do l\u00edder.<\/p>\n<p>A prova, j\u00e1 na sua 7.\u00aa edi\u00e7\u00e3o, contou com 60 jogadores em campo, entre eles 16 portugueses. Pereira passou de 9.\u00ba para 4.\u00ba, ap\u00f3s registar 69 (+3) numa segunda volta marcada por condi\u00e7\u00f5es mais tranquilas.<\/p>\n<p>Alexander Amey, su\u00ed\u00e7o, assumiu a lideran\u00e7a com 137 (-7) ap\u00f3s uma volta de 66 (-6), a melhor do dia. Freddie McArthur, ingl\u00eas, segue com 140 (-4). A prova decorre no contexto do 7.\u00ba Optilink Tour Championship, com prize money de 15 mil euros.<\/p>\n<h3>Classifica\u00e7\u00f5es da segunda volta<\/h3>\n<p>Entre os portugueses, Jo\u00e3o Pereira lidera o conjunto da equipa lusa, seguido de Tom\u00e1s Melo Gouveia, em 8.\u00ba lugar, com 146 (+2). Pedro Figueiredo e Pedro Lencart aparecem empatados na 16.\u00aa posi\u00e7\u00e3o, com 148 (+4).<\/p>\n<p>Outros nomes relevantes incluem Aaron Edwards Hill, l\u00edder da Ordem de M\u00e9rito PT Tour, entre os estrangeiros no top-10. A prova soma pontos importantes para a classifica\u00e7\u00e3o final, com a \u00faltima volta a definir o t\u00edtulo.<\/p>\n","protected":false},"excerpt":{"rendered":"<ul>\n<li>Jo\u00e3o Pereira est\u00e1 em 4.\u00ba lugar empatado com Dan Smith, ap\u00f3s a segunda volta do Optilink Tour Championship, no campo n.\u00ba2 do PGA Aroeira Lisboa, com 69 pancadas hoje.<\/li>\n<li>Total de 142 (-2) coloca o campe\u00e3o nacional amador entre os 60 jogadores em prova, a 5 golpes do l\u00edder Alexander Amey (66 hoje, total 137, -7).<\/li>\n<li>Amey assume a lideran\u00e7a pela primeira vez na \u00faltima volta, num dia com menos vento e temperaturas mais amenas; 11 jogadores bateram o Par-72.<\/li>\n<li>Al\u00e9m de Pereira, Tom\u00e1s Melo Gouveia tamb\u00e9m est\u00e1 no top\u201110, em 8.\u00ba lugar com 146 pancadas.<\/li>\n<li>O Optilink Tour Championship tem 15 mil euros em pr\u00e9mios monet\u00e1rios.<\/li>\n<\/ul>\n","protected":false},"author":2,"featured_media":401760,"comment_status":"closed","ping_status":"closed","sticky":false,"template":"","format":"standard","meta":{"footnotes":""},"categories":[21,24],"tags":[1373,2614,227,152,981,1014],"class_list":["post-401759","post","type-post","status-publish","format-standard","has-post-thumbnail","hentry","category-desporto","category-futebol","tag-almada","tag-amador","tag-campeonato","tag-desporto","tag-lisboa","tag-portugal"],"yoast_head":"<!-- This site is optimized with the Yoast SEO plugin v27.2 - https:\/\/yoast.com\/product\/yoast-seo-wordpress\/ -->\n<title>Jo\u00e3o Pereira fica em 4.\u00ba no Optilink Tour Championship - Portal Tela Portugal<\/title>\n<meta name=\"robots\" content=\"index, follow, max-snippet:-1, max-image-preview:large, max-video-preview:-1\" \/>\n<meta property=\"og:locale\" content=\"pt_PT\" \/>\n<meta property=\"og:type\" content=\"article\" \/>\n<meta property=\"og:title\" content=\"Jo\u00e3o Pereira fica em 4.\u00ba no Optilink Tour Championship - Portal Tela Portugal\" \/>\n<meta property=\"og:description\" content=\"Jo\u00e3o Pereira est\u00e1 em 4.\u00ba lugar empatado com Dan Smith, ap\u00f3s a segunda volta do Optilink Tour Championship, no campo n.\u00ba2 do PGA Aroeira Lisboa, com 69 pancadas hoje. Total de 142 (-2) coloca o campe\u00e3o nacional amador entre os 60 jogadores em prova, a 5 golpes do l\u00edder Alexander Amey (66 hoje, total 137, -7). Amey assume a lideran\u00e7a pela primeira vez na \u00faltima volta, num dia com menos vento e temperaturas mais amenas; 11 jogadores bateram o Par-72. Al\u00e9m de Pereira, Tom\u00e1s Melo Gouveia tamb\u00e9m est\u00e1 no top\u201110, em 8.\u00ba lugar com 146 pancadas. O Optilink Tour Championship tem 15 mil euros em pr\u00e9mios monet\u00e1rios.\" \/>\n<meta property=\"og:url\" content=\"https:\/\/portaltela.pt\/noticias\/2026\/03\/07\/joao-pereira-fica-em-4-o-no-optilink-tour-championship\/\" \/>\n<meta property=\"og:site_name\" content=\"Portal Tela Portugal\" \/>\n<meta property=\"article:published_time\" content=\"2026-03-07T20:26:00+00:00\" \/>\n<meta name=\"author\" content=\"Telinha\" \/>\n<meta name=\"twitter:card\" content=\"summary_large_image\" \/>\n<meta name=\"twitter:label1\" content=\"Escrito por\" \/>\n\t<meta name=\"twitter:data1\" content=\"Telinha\" \/>\n\t<meta name=\"twitter:label2\" content=\"Tempo estimado de leitura\" \/>\n\t<meta name=\"twitter:data2\" content=\"1 minuto\" \/>\n<script type=\"application\/ld+json\" class=\"yoast-schema-graph\">{\"@context\":\"https:\/\/schema.org\",\"@graph\":[{\"@type\":\"Article\",\"@id\":\"https:\/\/portaltela.pt\/noticias\/2026\/03\/07\/joao-pereira-fica-em-4-o-no-optilink-tour-championship\/#article\",\"isPartOf\":{\"@id\":\"https:\/\/portaltela.pt\/noticias\/2026\/03\/07\/joao-pereira-fica-em-4-o-no-optilink-tour-championship\/\"},\"author\":{\"name\":\"Telinha\",\"@id\":\"https:\/\/portaltela.pt\/#\/schema\/person\/c4278d4a6028830caff9ee44b42d32ed\"},\"headline\":\"Jo\u00e3o Pereira fica em 4.\u00ba no Optilink Tour Championship\",\"datePublished\":\"2026-03-07T20:26:00+00:00\",\"mainEntityOfPage\":{\"@id\":\"https:\/\/portaltela.pt\/noticias\/2026\/03\/07\/joao-pereira-fica-em-4-o-no-optilink-tour-championship\/\"},\"wordCount\":209,\"image\":{\"@id\":\"https:\/\/portaltela.pt\/noticias\/2026\/03\/07\/joao-pereira-fica-em-4-o-no-optilink-tour-championship\/#primaryimage\"},\"thumbnailUrl\":\"https:\/\/portaltela.pt\/s.01k8rhncp4jt1\/2026\/03\/img_920x518uu2026-03-07-20-25-27-2425527.jpg\",\"keywords\":[\"Almada\",\"amador\",\"campeonato\",\"desporto\",\"Lisboa\",\"Portugal\"],\"articleSection\":[\"Desporto\",\"Futebol\"],\"inLanguage\":\"pt-PT\"},{\"@type\":\"WebPage\",\"@id\":\"https:\/\/portaltela.pt\/noticias\/2026\/03\/07\/joao-pereira-fica-em-4-o-no-optilink-tour-championship\/\",\"url\":\"https:\/\/portaltela.pt\/noticias\/2026\/03\/07\/joao-pereira-fica-em-4-o-no-optilink-tour-championship\/\",\"name\":\"Jo\u00e3o Pereira fica em 4.\u00ba no Optilink Tour Championship - Portal Tela Portugal\",\"isPartOf\":{\"@id\":\"https:\/\/portaltela.pt\/#website\"},\"primaryImageOfPage\":{\"@id\":\"https:\/\/portaltela.pt\/noticias\/2026\/03\/07\/joao-pereira-fica-em-4-o-no-optilink-tour-championship\/#primaryimage\"},\"image\":{\"@id\":\"https:\/\/portaltela.pt\/noticias\/2026\/03\/07\/joao-pereira-fica-em-4-o-no-optilink-tour-championship\/#primaryimage\"},\"thumbnailUrl\":\"https:\/\/portaltela.pt\/s.01k8rhncp4jt1\/2026\/03\/img_920x518uu2026-03-07-20-25-27-2425527.jpg\",\"datePublished\":\"2026-03-07T20:26:00+00:00\",\"author\":{\"@id\":\"https:\/\/portaltela.pt\/#\/schema\/person\/c4278d4a6028830caff9ee44b42d32ed\"},\"breadcrumb\":{\"@id\":\"https:\/\/portaltela.pt\/noticias\/2026\/03\/07\/joao-pereira-fica-em-4-o-no-optilink-tour-championship\/#breadcrumb\"},\"inLanguage\":\"pt-PT\",\"potentialAction\":[{\"@type\":\"ReadAction\",\"target\":[\"https:\/\/portaltela.pt\/noticias\/2026\/03\/07\/joao-pereira-fica-em-4-o-no-optilink-tour-championship\/\"]}]},{\"@type\":\"ImageObject\",\"inLanguage\":\"pt-PT\",\"@id\":\"https:\/\/portaltela.pt\/noticias\/2026\/03\/07\/joao-pereira-fica-em-4-o-no-optilink-tour-championship\/#primaryimage\",\"url\":\"https:\/\/portaltela.pt\/s.01k8rhncp4jt1\/2026\/03\/img_920x518uu2026-03-07-20-25-27-2425527.jpg\",\"contentUrl\":\"https:\/\/portaltela.pt\/s.01k8rhncp4jt1\/2026\/03\/img_920x518uu2026-03-07-20-25-27-2425527.jpg\",\"width\":920,\"height\":518,\"caption\":\"Jo\u00e3o Pereira em 4.\u00ba no Optilink Tour Championship\"},{\"@type\":\"BreadcrumbList\",\"@id\":\"https:\/\/portaltela.pt\/noticias\/2026\/03\/07\/joao-pereira-fica-em-4-o-no-optilink-tour-championship\/#breadcrumb\",\"itemListElement\":[{\"@type\":\"ListItem\",\"position\":1,\"name\":\"In\u00edcio\",\"item\":\"https:\/\/portaltela.pt\/\"},{\"@type\":\"ListItem\",\"position\":2,\"name\":\"Jo\u00e3o Pereira fica em 4.\u00ba no Optilink Tour Championship\"}]},{\"@type\":\"WebSite\",\"@id\":\"https:\/\/portaltela.pt\/#website\",\"url\":\"https:\/\/portaltela.pt\/\",\"name\":\"Portal Tela Portugal\",\"description\":\"\",\"potentialAction\":[{\"@type\":\"SearchAction\",\"target\":{\"@type\":\"EntryPoint\",\"urlTemplate\":\"https:\/\/portaltela.pt\/?s={search_term_string}\"},\"query-input\":{\"@type\":\"PropertyValueSpecification\",\"valueRequired\":true,\"valueName\":\"search_term_string\"}}],\"inLanguage\":\"pt-PT\"},{\"@type\":\"Person\",\"@id\":\"https:\/\/portaltela.pt\/#\/schema\/person\/c4278d4a6028830caff9ee44b42d32ed\",\"name\":\"Telinha\",\"image\":{\"@type\":\"ImageObject\",\"inLanguage\":\"pt-PT\",\"@id\":\"https:\/\/portaltela.pt\/s.01k8rhncp4jt1\/2025\/11\/talking-bot-125x125.png\",\"url\":\"https:\/\/portaltela.pt\/s.01k8rhncp4jt1\/2025\/11\/talking-bot-125x125.png\",\"contentUrl\":\"https:\/\/portaltela.pt\/s.01k8rhncp4jt1\/2025\/11\/talking-bot-125x125.png\",\"caption\":\"Telinha\"},\"sameAs\":[\"https:\/\/portaltela.pt\/\"],\"url\":\"https:\/\/portaltela.pt\/por\/367410592786\/\"}]}<\/script>\n<!-- \/ Yoast SEO plugin. -->","yoast_head_json":{"title":"Jo\u00e3o Pereira fica em 4.\u00ba no Optilink Tour Championship - Portal Tela Portugal","robots":{"index":"index","follow":"follow","max-snippet":"max-snippet:-1","max-image-preview":"max-image-preview:large","max-video-preview":"max-video-preview:-1"},"og_locale":"pt_PT","og_type":"article","og_title":"Jo\u00e3o Pereira fica em 4.\u00ba no Optilink Tour Championship - Portal Tela Portugal","og_description":"Jo\u00e3o Pereira est\u00e1 em 4.\u00ba lugar empatado com Dan Smith, ap\u00f3s a segunda volta do Optilink Tour Championship, no campo n.\u00ba2 do PGA Aroeira Lisboa, com 69 pancadas hoje. Total de 142 (-2) coloca o campe\u00e3o nacional amador entre os 60 jogadores em prova, a 5 golpes do l\u00edder Alexander Amey (66 hoje, total 137, -7). Amey assume a lideran\u00e7a pela primeira vez na \u00faltima volta, num dia com menos vento e temperaturas mais amenas; 11 jogadores bateram o Par-72. Al\u00e9m de Pereira, Tom\u00e1s Melo Gouveia tamb\u00e9m est\u00e1 no top\u201110, em 8.\u00ba lugar com 146 pancadas. O Optilink Tour Championship tem 15 mil euros em pr\u00e9mios monet\u00e1rios.","og_url":"https:\/\/portaltela.pt\/noticias\/2026\/03\/07\/joao-pereira-fica-em-4-o-no-optilink-tour-championship\/","og_site_name":"Portal Tela Portugal","article_published_time":"2026-03-07T20:26:00+00:00","author":"Telinha","twitter_card":"summary_large_image","twitter_misc":{"Escrito por":"Telinha","Tempo estimado de leitura":"1 minuto"},"schema":{"@context":"https:\/\/schema.org","@graph":[{"@type":"Article","@id":"https:\/\/portaltela.pt\/noticias\/2026\/03\/07\/joao-pereira-fica-em-4-o-no-optilink-tour-championship\/#article","isPartOf":{"@id":"https:\/\/portaltela.pt\/noticias\/2026\/03\/07\/joao-pereira-fica-em-4-o-no-optilink-tour-championship\/"},"author":{"name":"Telinha","@id":"https:\/\/portaltela.pt\/#\/schema\/person\/c4278d4a6028830caff9ee44b42d32ed"},"headline":"Jo\u00e3o Pereira fica em 4.\u00ba no Optilink Tour Championship","datePublished":"2026-03-07T20:26:00+00:00","mainEntityOfPage":{"@id":"https:\/\/portaltela.pt\/noticias\/2026\/03\/07\/joao-pereira-fica-em-4-o-no-optilink-tour-championship\/"},"wordCount":209,"image":{"@id":"https:\/\/portaltela.pt\/noticias\/2026\/03\/07\/joao-pereira-fica-em-4-o-no-optilink-tour-championship\/#primaryimage"},"thumbnailUrl":"https:\/\/portaltela.pt\/s.01k8rhncp4jt1\/2026\/03\/img_920x518uu2026-03-07-20-25-27-2425527.jpg","keywords":["Almada","amador","campeonato","desporto","Lisboa","Portugal"],"articleSection":["Desporto","Futebol"],"inLanguage":"pt-PT"},{"@type":"WebPage","@id":"https:\/\/portaltela.pt\/noticias\/2026\/03\/07\/joao-pereira-fica-em-4-o-no-optilink-tour-championship\/","url":"https:\/\/portaltela.pt\/noticias\/2026\/03\/07\/joao-pereira-fica-em-4-o-no-optilink-tour-championship\/","name":"Jo\u00e3o Pereira fica em 4.\u00ba no Optilink Tour Championship - Portal Tela Portugal","isPartOf":{"@id":"https:\/\/portaltela.pt\/#website"},"primaryImageOfPage":{"@id":"https:\/\/portaltela.pt\/noticias\/2026\/03\/07\/joao-pereira-fica-em-4-o-no-optilink-tour-championship\/#primaryimage"},"image":{"@id":"https:\/\/portaltela.pt\/noticias\/2026\/03\/07\/joao-pereira-fica-em-4-o-no-optilink-tour-championship\/#primaryimage"},"thumbnailUrl":"https:\/\/portaltela.pt\/s.01k8rhncp4jt1\/2026\/03\/img_920x518uu2026-03-07-20-25-27-2425527.jpg","datePublished":"2026-03-07T20:26:00+00:00","author":{"@id":"https:\/\/portaltela.pt\/#\/schema\/person\/c4278d4a6028830caff9ee44b42d32ed"},"breadcrumb":{"@id":"https:\/\/portaltela.pt\/noticias\/2026\/03\/07\/joao-pereira-fica-em-4-o-no-optilink-tour-championship\/#breadcrumb"},"inLanguage":"pt-PT","potentialAction":[{"@type":"ReadAction","target":["https:\/\/portaltela.pt\/noticias\/2026\/03\/07\/joao-pereira-fica-em-4-o-no-optilink-tour-championship\/"]}]},{"@type":"ImageObject","inLanguage":"pt-PT","@id":"https:\/\/portaltela.pt\/noticias\/2026\/03\/07\/joao-pereira-fica-em-4-o-no-optilink-tour-championship\/#primaryimage","url":"https:\/\/portaltela.pt\/s.01k8rhncp4jt1\/2026\/03\/img_920x518uu2026-03-07-20-25-27-2425527.jpg","contentUrl":"https:\/\/portaltela.pt\/s.01k8rhncp4jt1\/2026\/03\/img_920x518uu2026-03-07-20-25-27-2425527.jpg","width":920,"height":518,"caption":"Jo\u00e3o Pereira em 4.\u00ba no Optilink Tour Championship"},{"@type":"BreadcrumbList","@id":"https:\/\/portaltela.pt\/noticias\/2026\/03\/07\/joao-pereira-fica-em-4-o-no-optilink-tour-championship\/#breadcrumb","itemListElement":[{"@type":"ListItem","position":1,"name":"In\u00edcio","item":"https:\/\/portaltela.pt\/"},{"@type":"ListItem","position":2,"name":"Jo\u00e3o Pereira fica em 4.\u00ba no Optilink Tour Championship"}]},{"@type":"WebSite","@id":"https:\/\/portaltela.pt\/#website","url":"https:\/\/portaltela.pt\/","name":"Portal Tela Portugal","description":"","potentialAction":[{"@type":"SearchAction","target":{"@type":"EntryPoint","urlTemplate":"https:\/\/portaltela.pt\/?s={search_term_string}"},"query-input":{"@type":"PropertyValueSpecification","valueRequired":true,"valueName":"search_term_string"}}],"inLanguage":"pt-PT"},{"@type":"Person","@id":"https:\/\/portaltela.pt\/#\/schema\/person\/c4278d4a6028830caff9ee44b42d32ed","name":"Telinha","image":{"@type":"ImageObject","inLanguage":"pt-PT","@id":"https:\/\/portaltela.pt\/s.01k8rhncp4jt1\/2025\/11\/talking-bot-125x125.png","url":"https:\/\/portaltela.pt\/s.01k8rhncp4jt1\/2025\/11\/talking-bot-125x125.png","contentUrl":"https:\/\/portaltela.pt\/s.01k8rhncp4jt1\/2025\/11\/talking-bot-125x125.png","caption":"Telinha"},"sameAs":["https:\/\/portaltela.pt\/"],"url":"https:\/\/portaltela.pt\/por\/367410592786\/"}]}},"_links":{"self":[{"href":"https:\/\/portaltela.pt\/api\/wp\/v2\/posts\/401759","targetHints":{"allow":["GET"]}}],"collection":[{"href":"https:\/\/portaltela.pt\/api\/wp\/v2\/posts"}],"about":[{"href":"https:\/\/portaltela.pt\/api\/wp\/v2\/types\/post"}],"author":[{"embeddable":true,"href":"https:\/\/portaltela.pt\/api\/wp\/v2\/users\/2"}],"replies":[{"embeddable":true,"href":"https:\/\/portaltela.pt\/api\/wp\/v2\/comments?post=401759"}],"version-history":[{"count":0,"href":"https:\/\/portaltela.pt\/api\/wp\/v2\/posts\/401759\/revisions"}],"wp:featuredmedia":[{"embeddable":true,"href":"https:\/\/portaltela.pt\/api\/wp\/v2\/media\/401760"}],"wp:attachment":[{"href":"https:\/\/portaltela.pt\/api\/wp\/v2\/media?parent=401759"}],"wp:term":[{"taxonomy":"category","embeddable":true,"href":"https:\/\/portaltela.pt\/api\/wp\/v2\/categories?post=401759"},{"taxonomy":"post_tag","embeddable":true,"href":"https:\/\/portaltela.pt\/api\/wp\/v2\/tags?post=401759"}],"curies":[{"name":"wp","href":"https:\/\/api.w.org\/{rel}","templated":true}]}}