{"id":401729,"date":"2026-03-07T16:45:00","date_gmt":"2026-03-07T19:45:00","guid":{"rendered":"https:\/\/portaltela.pt\/noticias\/2026\/03\/07\/lider-do-ps-defende-projetos-de-interesse-comum-para-o-desenvolvimento-regional\/"},"modified":"2026-03-07T16:45:00","modified_gmt":"2026-03-07T19:45:00","slug":"lider-do-ps-defende-projetos-de-interesse-comum-para-o-desenvolvimento-regional","status":"publish","type":"post","link":"https:\/\/portaltela.pt\/noticias\/politica\/2026\/03\/07\/lider-do-ps-defende-projetos-de-interesse-comum-para-o-desenvolvimento-regional\/","title":{"rendered":"L\u00edder do PS defende projetos de interesse comum para o desenvolvimento regional"},"content":{"rendered":"<p>O l\u00edder do Partido Socialista (PS) defendeu projetos de interesse comum para o desenvolvimento das regi\u00f5es aut\u00f3nomas. A declara\u00e7\u00e3o sublinha a prioridade de iniciativas que promovam o equil\u00edbrio regional dentro do pa\u00eds.<\/p>\n<p>N\u00e3o h\u00e1 no texto fornecido detalhes sobre locais, datas ou intervenientes adicionais. A \u00edntegra da not\u00edcia encontra-se dispon\u00edvel apenas para subscritores.<\/p>\n<p>A abordagem centra-se na coopera\u00e7\u00e3o entre entidades p\u00fablicas e governamentais para impulsionar o progresso regional, sem indicar medidas espec\u00edficas ou prazos.<\/p>\n","protected":false},"excerpt":{"rendered":"<ul>\n<li>O l\u00edder do Partido Socialista defende projetos de interesse comum para o desenvolvimento das regi\u00f5es aut\u00f3nomas.<\/li>\n<li>A proposta prioriza iniciativas conjuntas que promovam o crescimento regional.<\/li>\n<li>O conte\u00fado completo da not\u00edcia est\u00e1 reservado a subscritores.<\/li>\n<li>N\u00e3o foram anunciadas datas espec\u00edficas nem detalhes adicionais sobre os projetos.<\/li>\n<li>A abordagem enfatiza coopera\u00e7\u00e3o entre entidades p\u00fablicas para estimular o desenvolvimento local.<\/li>\n<\/ul>\n","protected":false},"author":2,"featured_media":401732,"comment_status":"closed","ping_status":"closed","sticky":false,"template":"","format":"standard","meta":{"footnotes":""},"categories":[1,5],"tags":[256,1409,860,34,2832,133],"class_list":["post-401729","post","type-post","status-publish","format-standard","has-post-thumbnail","hentry","category-noticias","category-politica","tag-cooperacao-internacional","tag-desenvolvimento-regional","tag-entidades-publicas","tag-governo","tag-politica","tag-politicas-publicas"],"yoast_head":"<!-- This site is optimized with the Yoast SEO plugin v27.2 - https:\/\/yoast.com\/product\/yoast-seo-wordpress\/ -->\n<title>L\u00edder do PS defende projetos de interesse comum para o desenvolvimento regional - Portal Tela Portugal<\/title>\n<meta name=\"robots\" content=\"index, follow, max-snippet:-1, max-image-preview:large, max-video-preview:-1\" \/>\n<meta property=\"og:locale\" content=\"pt_PT\" \/>\n<meta property=\"og:type\" content=\"article\" \/>\n<meta property=\"og:title\" content=\"L\u00edder do PS defende projetos de interesse comum para o desenvolvimento regional - Portal Tela Portugal\" \/>\n<meta property=\"og:description\" content=\"O l\u00edder do Partido Socialista defende projetos de interesse comum para o desenvolvimento das regi\u00f5es aut\u00f3nomas. A proposta prioriza iniciativas conjuntas que promovam o crescimento regional. O conte\u00fado completo da not\u00edcia est\u00e1 reservado a subscritores. N\u00e3o foram anunciadas datas espec\u00edficas nem detalhes adicionais sobre os projetos. A abordagem enfatiza coopera\u00e7\u00e3o entre entidades p\u00fablicas para estimular o desenvolvimento local.\" \/>\n<meta property=\"og:url\" content=\"https:\/\/portaltela.pt\/noticias\/2026\/03\/07\/lider-do-ps-defende-projetos-de-interesse-comum-para-o-desenvolvimento-regional\/\" \/>\n<meta property=\"og:site_name\" content=\"Portal Tela Portugal\" \/>\n<meta property=\"article:published_time\" content=\"2026-03-07T19:45:00+00:00\" \/>\n<meta name=\"author\" content=\"Telinha\" \/>\n<meta name=\"twitter:card\" content=\"summary_large_image\" \/>\n<meta name=\"twitter:label1\" content=\"Escrito por\" \/>\n\t<meta name=\"twitter:data1\" content=\"Telinha\" \/>\n<script type=\"application\/ld+json\" class=\"yoast-schema-graph\">{\"@context\":\"https:\/\/schema.org\",\"@graph\":[{\"@type\":\"Article\",\"@id\":\"https:\/\/portaltela.pt\/noticias\/2026\/03\/07\/lider-do-ps-defende-projetos-de-interesse-comum-para-o-desenvolvimento-regional\/#article\",\"isPartOf\":{\"@id\":\"https:\/\/portaltela.pt\/noticias\/2026\/03\/07\/lider-do-ps-defende-projetos-de-interesse-comum-para-o-desenvolvimento-regional\/\"},\"author\":{\"name\":\"Telinha\",\"@id\":\"https:\/\/portaltela.pt\/#\/schema\/person\/c4278d4a6028830caff9ee44b42d32ed\"},\"headline\":\"L\u00edder do PS defende projetos de interesse comum para o desenvolvimento regional\",\"datePublished\":\"2026-03-07T19:45:00+00:00\",\"mainEntityOfPage\":{\"@id\":\"https:\/\/portaltela.pt\/noticias\/2026\/03\/07\/lider-do-ps-defende-projetos-de-interesse-comum-para-o-desenvolvimento-regional\/\"},\"wordCount\":99,\"image\":{\"@id\":\"https:\/\/portaltela.pt\/noticias\/2026\/03\/07\/lider-do-ps-defende-projetos-de-interesse-comum-para-o-desenvolvimento-regional\/#primaryimage\"},\"thumbnailUrl\":\"https:\/\/portaltela.pt\/s.01k8rhncp4jt1\/2026\/03\/CACHE_780X1200_ANALOG_WATERMARKED_46659750_3594295_28022026052314.jpg\",\"keywords\":[\"coopera\u00e7\u00e3o internacional\",\"desenvolvimento regional\",\"entidades p\u00fablicas\",\"governo\",\"pol\u00edtica\",\"pol\u00edticas p\u00fablicas\"],\"articleSection\":[\"Not\u00edcias\",\"Pol\u00edtica\"],\"inLanguage\":\"pt-PT\"},{\"@type\":\"WebPage\",\"@id\":\"https:\/\/portaltela.pt\/noticias\/2026\/03\/07\/lider-do-ps-defende-projetos-de-interesse-comum-para-o-desenvolvimento-regional\/\",\"url\":\"https:\/\/portaltela.pt\/noticias\/2026\/03\/07\/lider-do-ps-defende-projetos-de-interesse-comum-para-o-desenvolvimento-regional\/\",\"name\":\"L\u00edder do PS defende projetos de interesse comum para o desenvolvimento regional - Portal Tela Portugal\",\"isPartOf\":{\"@id\":\"https:\/\/portaltela.pt\/#website\"},\"primaryImageOfPage\":{\"@id\":\"https:\/\/portaltela.pt\/noticias\/2026\/03\/07\/lider-do-ps-defende-projetos-de-interesse-comum-para-o-desenvolvimento-regional\/#primaryimage\"},\"image\":{\"@id\":\"https:\/\/portaltela.pt\/noticias\/2026\/03\/07\/lider-do-ps-defende-projetos-de-interesse-comum-para-o-desenvolvimento-regional\/#primaryimage\"},\"thumbnailUrl\":\"https:\/\/portaltela.pt\/s.01k8rhncp4jt1\/2026\/03\/CACHE_780X1200_ANALOG_WATERMARKED_46659750_3594295_28022026052314.jpg\",\"datePublished\":\"2026-03-07T19:45:00+00:00\",\"author\":{\"@id\":\"https:\/\/portaltela.pt\/#\/schema\/person\/c4278d4a6028830caff9ee44b42d32ed\"},\"breadcrumb\":{\"@id\":\"https:\/\/portaltela.pt\/noticias\/2026\/03\/07\/lider-do-ps-defende-projetos-de-interesse-comum-para-o-desenvolvimento-regional\/#breadcrumb\"},\"inLanguage\":\"pt-PT\",\"potentialAction\":[{\"@type\":\"ReadAction\",\"target\":[\"https:\/\/portaltela.pt\/noticias\/2026\/03\/07\/lider-do-ps-defende-projetos-de-interesse-comum-para-o-desenvolvimento-regional\/\"]}]},{\"@type\":\"ImageObject\",\"inLanguage\":\"pt-PT\",\"@id\":\"https:\/\/portaltela.pt\/noticias\/2026\/03\/07\/lider-do-ps-defende-projetos-de-interesse-comum-para-o-desenvolvimento-regional\/#primaryimage\",\"url\":\"https:\/\/portaltela.pt\/s.01k8rhncp4jt1\/2026\/03\/CACHE_780X1200_ANALOG_WATERMARKED_46659750_3594295_28022026052314.jpg\",\"contentUrl\":\"https:\/\/portaltela.pt\/s.01k8rhncp4jt1\/2026\/03\/CACHE_780X1200_ANALOG_WATERMARKED_46659750_3594295_28022026052314.jpg\",\"width\":796,\"height\":448,\"caption\":\"L\u00edder do PS defende projetos de interesse comum para o desenvolvimento das regi\u00f5es aut\u00f3nomas\"},{\"@type\":\"BreadcrumbList\",\"@id\":\"https:\/\/portaltela.pt\/noticias\/2026\/03\/07\/lider-do-ps-defende-projetos-de-interesse-comum-para-o-desenvolvimento-regional\/#breadcrumb\",\"itemListElement\":[{\"@type\":\"ListItem\",\"position\":1,\"name\":\"In\u00edcio\",\"item\":\"https:\/\/portaltela.pt\/\"},{\"@type\":\"ListItem\",\"position\":2,\"name\":\"L\u00edder do PS defende projetos de interesse comum para o desenvolvimento regional\"}]},{\"@type\":\"WebSite\",\"@id\":\"https:\/\/portaltela.pt\/#website\",\"url\":\"https:\/\/portaltela.pt\/\",\"name\":\"Portal Tela Portugal\",\"description\":\"\",\"potentialAction\":[{\"@type\":\"SearchAction\",\"target\":{\"@type\":\"EntryPoint\",\"urlTemplate\":\"https:\/\/portaltela.pt\/?s={search_term_string}\"},\"query-input\":{\"@type\":\"PropertyValueSpecification\",\"valueRequired\":true,\"valueName\":\"search_term_string\"}}],\"inLanguage\":\"pt-PT\"},{\"@type\":\"Person\",\"@id\":\"https:\/\/portaltela.pt\/#\/schema\/person\/c4278d4a6028830caff9ee44b42d32ed\",\"name\":\"Telinha\",\"image\":{\"@type\":\"ImageObject\",\"inLanguage\":\"pt-PT\",\"@id\":\"https:\/\/portaltela.pt\/s.01k8rhncp4jt1\/2025\/11\/talking-bot-125x125.png\",\"url\":\"https:\/\/portaltela.pt\/s.01k8rhncp4jt1\/2025\/11\/talking-bot-125x125.png\",\"contentUrl\":\"https:\/\/portaltela.pt\/s.01k8rhncp4jt1\/2025\/11\/talking-bot-125x125.png\",\"caption\":\"Telinha\"},\"sameAs\":[\"https:\/\/portaltela.pt\/\"],\"url\":\"https:\/\/portaltela.pt\/por\/367410592786\/\"}]}<\/script>\n<!-- \/ Yoast SEO plugin. -->","yoast_head_json":{"title":"L\u00edder do PS defende projetos de interesse comum para o desenvolvimento regional - Portal Tela Portugal","robots":{"index":"index","follow":"follow","max-snippet":"max-snippet:-1","max-image-preview":"max-image-preview:large","max-video-preview":"max-video-preview:-1"},"og_locale":"pt_PT","og_type":"article","og_title":"L\u00edder do PS defende projetos de interesse comum para o desenvolvimento regional - Portal Tela Portugal","og_description":"O l\u00edder do Partido Socialista defende projetos de interesse comum para o desenvolvimento das regi\u00f5es aut\u00f3nomas. A proposta prioriza iniciativas conjuntas que promovam o crescimento regional. O conte\u00fado completo da not\u00edcia est\u00e1 reservado a subscritores. N\u00e3o foram anunciadas datas espec\u00edficas nem detalhes adicionais sobre os projetos. A abordagem enfatiza coopera\u00e7\u00e3o entre entidades p\u00fablicas para estimular o desenvolvimento local.","og_url":"https:\/\/portaltela.pt\/noticias\/2026\/03\/07\/lider-do-ps-defende-projetos-de-interesse-comum-para-o-desenvolvimento-regional\/","og_site_name":"Portal Tela Portugal","article_published_time":"2026-03-07T19:45:00+00:00","author":"Telinha","twitter_card":"summary_large_image","twitter_misc":{"Escrito por":"Telinha"},"schema":{"@context":"https:\/\/schema.org","@graph":[{"@type":"Article","@id":"https:\/\/portaltela.pt\/noticias\/2026\/03\/07\/lider-do-ps-defende-projetos-de-interesse-comum-para-o-desenvolvimento-regional\/#article","isPartOf":{"@id":"https:\/\/portaltela.pt\/noticias\/2026\/03\/07\/lider-do-ps-defende-projetos-de-interesse-comum-para-o-desenvolvimento-regional\/"},"author":{"name":"Telinha","@id":"https:\/\/portaltela.pt\/#\/schema\/person\/c4278d4a6028830caff9ee44b42d32ed"},"headline":"L\u00edder do PS defende projetos de interesse comum para o desenvolvimento regional","datePublished":"2026-03-07T19:45:00+00:00","mainEntityOfPage":{"@id":"https:\/\/portaltela.pt\/noticias\/2026\/03\/07\/lider-do-ps-defende-projetos-de-interesse-comum-para-o-desenvolvimento-regional\/"},"wordCount":99,"image":{"@id":"https:\/\/portaltela.pt\/noticias\/2026\/03\/07\/lider-do-ps-defende-projetos-de-interesse-comum-para-o-desenvolvimento-regional\/#primaryimage"},"thumbnailUrl":"https:\/\/portaltela.pt\/s.01k8rhncp4jt1\/2026\/03\/CACHE_780X1200_ANALOG_WATERMARKED_46659750_3594295_28022026052314.jpg","keywords":["coopera\u00e7\u00e3o internacional","desenvolvimento regional","entidades p\u00fablicas","governo","pol\u00edtica","pol\u00edticas p\u00fablicas"],"articleSection":["Not\u00edcias","Pol\u00edtica"],"inLanguage":"pt-PT"},{"@type":"WebPage","@id":"https:\/\/portaltela.pt\/noticias\/2026\/03\/07\/lider-do-ps-defende-projetos-de-interesse-comum-para-o-desenvolvimento-regional\/","url":"https:\/\/portaltela.pt\/noticias\/2026\/03\/07\/lider-do-ps-defende-projetos-de-interesse-comum-para-o-desenvolvimento-regional\/","name":"L\u00edder do PS defende projetos de interesse comum para o desenvolvimento regional - Portal Tela Portugal","isPartOf":{"@id":"https:\/\/portaltela.pt\/#website"},"primaryImageOfPage":{"@id":"https:\/\/portaltela.pt\/noticias\/2026\/03\/07\/lider-do-ps-defende-projetos-de-interesse-comum-para-o-desenvolvimento-regional\/#primaryimage"},"image":{"@id":"https:\/\/portaltela.pt\/noticias\/2026\/03\/07\/lider-do-ps-defende-projetos-de-interesse-comum-para-o-desenvolvimento-regional\/#primaryimage"},"thumbnailUrl":"https:\/\/portaltela.pt\/s.01k8rhncp4jt1\/2026\/03\/CACHE_780X1200_ANALOG_WATERMARKED_46659750_3594295_28022026052314.jpg","datePublished":"2026-03-07T19:45:00+00:00","author":{"@id":"https:\/\/portaltela.pt\/#\/schema\/person\/c4278d4a6028830caff9ee44b42d32ed"},"breadcrumb":{"@id":"https:\/\/portaltela.pt\/noticias\/2026\/03\/07\/lider-do-ps-defende-projetos-de-interesse-comum-para-o-desenvolvimento-regional\/#breadcrumb"},"inLanguage":"pt-PT","potentialAction":[{"@type":"ReadAction","target":["https:\/\/portaltela.pt\/noticias\/2026\/03\/07\/lider-do-ps-defende-projetos-de-interesse-comum-para-o-desenvolvimento-regional\/"]}]},{"@type":"ImageObject","inLanguage":"pt-PT","@id":"https:\/\/portaltela.pt\/noticias\/2026\/03\/07\/lider-do-ps-defende-projetos-de-interesse-comum-para-o-desenvolvimento-regional\/#primaryimage","url":"https:\/\/portaltela.pt\/s.01k8rhncp4jt1\/2026\/03\/CACHE_780X1200_ANALOG_WATERMARKED_46659750_3594295_28022026052314.jpg","contentUrl":"https:\/\/portaltela.pt\/s.01k8rhncp4jt1\/2026\/03\/CACHE_780X1200_ANALOG_WATERMARKED_46659750_3594295_28022026052314.jpg","width":796,"height":448,"caption":"L\u00edder do PS defende projetos de interesse comum para o desenvolvimento das regi\u00f5es aut\u00f3nomas"},{"@type":"BreadcrumbList","@id":"https:\/\/portaltela.pt\/noticias\/2026\/03\/07\/lider-do-ps-defende-projetos-de-interesse-comum-para-o-desenvolvimento-regional\/#breadcrumb","itemListElement":[{"@type":"ListItem","position":1,"name":"In\u00edcio","item":"https:\/\/portaltela.pt\/"},{"@type":"ListItem","position":2,"name":"L\u00edder do PS defende projetos de interesse comum para o desenvolvimento regional"}]},{"@type":"WebSite","@id":"https:\/\/portaltela.pt\/#website","url":"https:\/\/portaltela.pt\/","name":"Portal Tela Portugal","description":"","potentialAction":[{"@type":"SearchAction","target":{"@type":"EntryPoint","urlTemplate":"https:\/\/portaltela.pt\/?s={search_term_string}"},"query-input":{"@type":"PropertyValueSpecification","valueRequired":true,"valueName":"search_term_string"}}],"inLanguage":"pt-PT"},{"@type":"Person","@id":"https:\/\/portaltela.pt\/#\/schema\/person\/c4278d4a6028830caff9ee44b42d32ed","name":"Telinha","image":{"@type":"ImageObject","inLanguage":"pt-PT","@id":"https:\/\/portaltela.pt\/s.01k8rhncp4jt1\/2025\/11\/talking-bot-125x125.png","url":"https:\/\/portaltela.pt\/s.01k8rhncp4jt1\/2025\/11\/talking-bot-125x125.png","contentUrl":"https:\/\/portaltela.pt\/s.01k8rhncp4jt1\/2025\/11\/talking-bot-125x125.png","caption":"Telinha"},"sameAs":["https:\/\/portaltela.pt\/"],"url":"https:\/\/portaltela.pt\/por\/367410592786\/"}]}},"_links":{"self":[{"href":"https:\/\/portaltela.pt\/api\/wp\/v2\/posts\/401729","targetHints":{"allow":["GET"]}}],"collection":[{"href":"https:\/\/portaltela.pt\/api\/wp\/v2\/posts"}],"about":[{"href":"https:\/\/portaltela.pt\/api\/wp\/v2\/types\/post"}],"author":[{"embeddable":true,"href":"https:\/\/portaltela.pt\/api\/wp\/v2\/users\/2"}],"replies":[{"embeddable":true,"href":"https:\/\/portaltela.pt\/api\/wp\/v2\/comments?post=401729"}],"version-history":[{"count":0,"href":"https:\/\/portaltela.pt\/api\/wp\/v2\/posts\/401729\/revisions"}],"wp:featuredmedia":[{"embeddable":true,"href":"https:\/\/portaltela.pt\/api\/wp\/v2\/media\/401732"}],"wp:attachment":[{"href":"https:\/\/portaltela.pt\/api\/wp\/v2\/media?parent=401729"}],"wp:term":[{"taxonomy":"category","embeddable":true,"href":"https:\/\/portaltela.pt\/api\/wp\/v2\/categories?post=401729"},{"taxonomy":"post_tag","embeddable":true,"href":"https:\/\/portaltela.pt\/api\/wp\/v2\/tags?post=401729"}],"curies":[{"name":"wp","href":"https:\/\/api.w.org\/{rel}","templated":true}]}}