{"id":401706,"date":"2026-03-07T15:03:00","date_gmt":"2026-03-07T18:03:00","guid":{"rendered":"https:\/\/portaltela.pt\/noticias\/2026\/03\/07\/despedida-de-antonio-lobo-antunes-junto-a-camoes-com-risos-e-lagrimas-e-benfica\/"},"modified":"2026-03-07T15:03:00","modified_gmt":"2026-03-07T18:03:00","slug":"despedida-de-antonio-lobo-antunes-junto-a-camoes-com-risos-e-lagrimas-e-benfica","status":"publish","type":"post","link":"https:\/\/portaltela.pt\/noticias\/politica\/2026\/03\/07\/despedida-de-antonio-lobo-antunes-junto-a-camoes-com-risos-e-lagrimas-e-benfica\/","title":{"rendered":"Despedida de Ant\u00f3nio Lobo Antunes junto a Cam\u00f5es com risos e l\u00e1grimas e Benfica"},"content":{"rendered":"<p>Ant\u00f3nio Lobo Antunes foi despedido hoje no Mosteiro dos Jer\u00f3nimos, em Lisboa, numa cerim\u00f3nia reservada a familiares, amigos e admiradores. O escritor faleceu recentemente, e a cerim\u00f3nia buscou cumprir o seu desejo de estar perto de Cam\u00f5es. O ambiente juntou leitores, colegas de carreira e quem o acompanhou ao longo dos anos.<\/p>\n<p>Entre momentos de emo\u00e7\u00e3o, houve tamb\u00e9m risos que marcaram a homenagem, segundo testemunhos presenciais. A despedida contou com leituras e lembran\u00e7as centradas na carreira do autor, cuja obra acompanha v\u00e1rias gera\u00e7\u00f5es de leitores. O tom foi de respeito, sem perder a proximidade do conv\u00edvio entre quem o acompanhou.<\/p>\n<p>A cerim\u00f3nia decorreu no j\u00e1 citado Mosteiro dos Jer\u00f3nimos, em Lisboa, local significativo para a vida liter\u00e1ria portuguesa. A presen\u00e7a de familiares, amigos pr\u00f3ximos e admiradores refor\u00e7ou a ideia de uma despedida marcada pela mem\u00f3ria de um autor de refer\u00eancia. A organiza\u00e7\u00e3o manteve a reserva necess\u00e1ria \u00e0 ocasi\u00e3o.<\/p>\n<h3>Presen\u00e7a de familiares e leitores<\/h3>\n<p>Fam\u00edlias e colegas pr\u00f3ximos discursaram, recordando a influ\u00eancia de Lobo Antunes na literatura portuguesa. Por entre l\u00e1grimas, houve tamb\u00e9m momentos de reconhecimento pela obra extensa e pela capacidade de gerir temas complexos com rigor est\u00e9tico.<\/p>\n","protected":false},"excerpt":{"rendered":"<ul>\n<li>Despedida de Ant\u00f3nio Lobo Antunes ocorreu hoje no Mosteiro dos Jer\u00f3nimos.<\/li>\n<li>Familiares, amigos e admiradores estiveram presentes, com momentos de l\u00e1grimas e risos.<\/li>\n<li>O tributo incluiu o hino do Benfica durante a cerim\u00f3nia.<\/li>\n<li>O despedimento procurou cumprir o desejo do escritor de ficar perto de Cam\u00f5es.<\/li>\n<li>O acto terminou com a homenagem em honra do autor, lembrando a sua liga\u00e7\u00e3o liter\u00e1ria e cultural.<\/li>\n<\/ul>\n","protected":false},"author":2,"featured_media":401710,"comment_status":"closed","ping_status":"closed","sticky":false,"template":"","format":"standard","meta":{"footnotes":""},"categories":[1,5],"tags":[2606,6654,2719,981,106],"class_list":["post-401706","post","type-post","status-publish","format-standard","has-post-thumbnail","hentry","category-noticias","category-politica","tag-camoes","tag-escritores","tag-leitura","tag-lisboa","tag-literatura"],"yoast_head":"<!-- This site is optimized with the Yoast SEO plugin v27.2 - https:\/\/yoast.com\/product\/yoast-seo-wordpress\/ -->\n<title>Despedida de Ant\u00f3nio Lobo Antunes junto a Cam\u00f5es com risos e l\u00e1grimas e Benfica - Portal Tela Portugal<\/title>\n<meta name=\"robots\" content=\"index, follow, max-snippet:-1, max-image-preview:large, max-video-preview:-1\" \/>\n<meta property=\"og:locale\" content=\"pt_PT\" \/>\n<meta property=\"og:type\" content=\"article\" \/>\n<meta property=\"og:title\" content=\"Despedida de Ant\u00f3nio Lobo Antunes junto a Cam\u00f5es com risos e l\u00e1grimas e Benfica - Portal Tela Portugal\" \/>\n<meta property=\"og:description\" content=\"Despedida de Ant\u00f3nio Lobo Antunes ocorreu hoje no Mosteiro dos Jer\u00f3nimos. Familiares, amigos e admiradores estiveram presentes, com momentos de l\u00e1grimas e risos. O tributo incluiu o hino do Benfica durante a cerim\u00f3nia. O despedimento procurou cumprir o desejo do escritor de ficar perto de Cam\u00f5es. O acto terminou com a homenagem em honra do autor, lembrando a sua liga\u00e7\u00e3o liter\u00e1ria e cultural.\" \/>\n<meta property=\"og:url\" content=\"https:\/\/portaltela.pt\/noticias\/2026\/03\/07\/despedida-de-antonio-lobo-antunes-junto-a-camoes-com-risos-e-lagrimas-e-benfica\/\" \/>\n<meta property=\"og:site_name\" content=\"Portal Tela Portugal\" \/>\n<meta property=\"article:published_time\" content=\"2026-03-07T18:03:00+00:00\" \/>\n<meta name=\"author\" content=\"Telinha\" \/>\n<meta name=\"twitter:card\" content=\"summary_large_image\" \/>\n<meta name=\"twitter:label1\" content=\"Escrito por\" \/>\n\t<meta name=\"twitter:data1\" content=\"Telinha\" \/>\n\t<meta name=\"twitter:label2\" content=\"Tempo estimado de leitura\" \/>\n\t<meta name=\"twitter:data2\" content=\"1 minuto\" \/>\n<script type=\"application\/ld+json\" class=\"yoast-schema-graph\">{\"@context\":\"https:\/\/schema.org\",\"@graph\":[{\"@type\":\"Article\",\"@id\":\"https:\/\/portaltela.pt\/noticias\/2026\/03\/07\/despedida-de-antonio-lobo-antunes-junto-a-camoes-com-risos-e-lagrimas-e-benfica\/#article\",\"isPartOf\":{\"@id\":\"https:\/\/portaltela.pt\/noticias\/2026\/03\/07\/despedida-de-antonio-lobo-antunes-junto-a-camoes-com-risos-e-lagrimas-e-benfica\/\"},\"author\":{\"name\":\"Telinha\",\"@id\":\"https:\/\/portaltela.pt\/#\/schema\/person\/c4278d4a6028830caff9ee44b42d32ed\"},\"headline\":\"Despedida de Ant\u00f3nio Lobo Antunes junto a Cam\u00f5es com risos e l\u00e1grimas e Benfica\",\"datePublished\":\"2026-03-07T18:03:00+00:00\",\"mainEntityOfPage\":{\"@id\":\"https:\/\/portaltela.pt\/noticias\/2026\/03\/07\/despedida-de-antonio-lobo-antunes-junto-a-camoes-com-risos-e-lagrimas-e-benfica\/\"},\"wordCount\":233,\"image\":{\"@id\":\"https:\/\/portaltela.pt\/noticias\/2026\/03\/07\/despedida-de-antonio-lobo-antunes-junto-a-camoes-com-risos-e-lagrimas-e-benfica\/#primaryimage\"},\"thumbnailUrl\":\"https:\/\/portaltela.pt\/s.01k8rhncp4jt1\/2026\/03\/CACHE_780X1200_ANALOG_WATERMARKED_46705564_1715311_07032026022321.jpg\",\"keywords\":[\"Cam\u00f5es\",\"escritores\",\"leitura\",\"Lisboa\",\"literatura\"],\"articleSection\":[\"Not\u00edcias\",\"Pol\u00edtica\"],\"inLanguage\":\"pt-PT\"},{\"@type\":\"WebPage\",\"@id\":\"https:\/\/portaltela.pt\/noticias\/2026\/03\/07\/despedida-de-antonio-lobo-antunes-junto-a-camoes-com-risos-e-lagrimas-e-benfica\/\",\"url\":\"https:\/\/portaltela.pt\/noticias\/2026\/03\/07\/despedida-de-antonio-lobo-antunes-junto-a-camoes-com-risos-e-lagrimas-e-benfica\/\",\"name\":\"Despedida de Ant\u00f3nio Lobo Antunes junto a Cam\u00f5es com risos e l\u00e1grimas e Benfica - Portal Tela Portugal\",\"isPartOf\":{\"@id\":\"https:\/\/portaltela.pt\/#website\"},\"primaryImageOfPage\":{\"@id\":\"https:\/\/portaltela.pt\/noticias\/2026\/03\/07\/despedida-de-antonio-lobo-antunes-junto-a-camoes-com-risos-e-lagrimas-e-benfica\/#primaryimage\"},\"image\":{\"@id\":\"https:\/\/portaltela.pt\/noticias\/2026\/03\/07\/despedida-de-antonio-lobo-antunes-junto-a-camoes-com-risos-e-lagrimas-e-benfica\/#primaryimage\"},\"thumbnailUrl\":\"https:\/\/portaltela.pt\/s.01k8rhncp4jt1\/2026\/03\/CACHE_780X1200_ANALOG_WATERMARKED_46705564_1715311_07032026022321.jpg\",\"datePublished\":\"2026-03-07T18:03:00+00:00\",\"author\":{\"@id\":\"https:\/\/portaltela.pt\/#\/schema\/person\/c4278d4a6028830caff9ee44b42d32ed\"},\"breadcrumb\":{\"@id\":\"https:\/\/portaltela.pt\/noticias\/2026\/03\/07\/despedida-de-antonio-lobo-antunes-junto-a-camoes-com-risos-e-lagrimas-e-benfica\/#breadcrumb\"},\"inLanguage\":\"pt-PT\",\"potentialAction\":[{\"@type\":\"ReadAction\",\"target\":[\"https:\/\/portaltela.pt\/noticias\/2026\/03\/07\/despedida-de-antonio-lobo-antunes-junto-a-camoes-com-risos-e-lagrimas-e-benfica\/\"]}]},{\"@type\":\"ImageObject\",\"inLanguage\":\"pt-PT\",\"@id\":\"https:\/\/portaltela.pt\/noticias\/2026\/03\/07\/despedida-de-antonio-lobo-antunes-junto-a-camoes-com-risos-e-lagrimas-e-benfica\/#primaryimage\",\"url\":\"https:\/\/portaltela.pt\/s.01k8rhncp4jt1\/2026\/03\/CACHE_780X1200_ANALOG_WATERMARKED_46705564_1715311_07032026022321.jpg\",\"contentUrl\":\"https:\/\/portaltela.pt\/s.01k8rhncp4jt1\/2026\/03\/CACHE_780X1200_ANALOG_WATERMARKED_46705564_1715311_07032026022321.jpg\",\"width\":796,\"height\":448,\"caption\":\"Com risos, l\u00e1grimas e Benfica, despedida de Ant\u00f3nio Lobo Antunes foi ao p\u00e9 de Cam\u00f5es\"},{\"@type\":\"BreadcrumbList\",\"@id\":\"https:\/\/portaltela.pt\/noticias\/2026\/03\/07\/despedida-de-antonio-lobo-antunes-junto-a-camoes-com-risos-e-lagrimas-e-benfica\/#breadcrumb\",\"itemListElement\":[{\"@type\":\"ListItem\",\"position\":1,\"name\":\"In\u00edcio\",\"item\":\"https:\/\/portaltela.pt\/\"},{\"@type\":\"ListItem\",\"position\":2,\"name\":\"Despedida de Ant\u00f3nio Lobo Antunes junto a Cam\u00f5es com risos e l\u00e1grimas e Benfica\"}]},{\"@type\":\"WebSite\",\"@id\":\"https:\/\/portaltela.pt\/#website\",\"url\":\"https:\/\/portaltela.pt\/\",\"name\":\"Portal Tela Portugal\",\"description\":\"\",\"potentialAction\":[{\"@type\":\"SearchAction\",\"target\":{\"@type\":\"EntryPoint\",\"urlTemplate\":\"https:\/\/portaltela.pt\/?s={search_term_string}\"},\"query-input\":{\"@type\":\"PropertyValueSpecification\",\"valueRequired\":true,\"valueName\":\"search_term_string\"}}],\"inLanguage\":\"pt-PT\"},{\"@type\":\"Person\",\"@id\":\"https:\/\/portaltela.pt\/#\/schema\/person\/c4278d4a6028830caff9ee44b42d32ed\",\"name\":\"Telinha\",\"image\":{\"@type\":\"ImageObject\",\"inLanguage\":\"pt-PT\",\"@id\":\"https:\/\/portaltela.pt\/s.01k8rhncp4jt1\/2025\/11\/talking-bot-125x125.png\",\"url\":\"https:\/\/portaltela.pt\/s.01k8rhncp4jt1\/2025\/11\/talking-bot-125x125.png\",\"contentUrl\":\"https:\/\/portaltela.pt\/s.01k8rhncp4jt1\/2025\/11\/talking-bot-125x125.png\",\"caption\":\"Telinha\"},\"sameAs\":[\"https:\/\/portaltela.pt\/\"],\"url\":\"https:\/\/portaltela.pt\/por\/367410592786\/\"}]}<\/script>\n<!-- \/ Yoast SEO plugin. -->","yoast_head_json":{"title":"Despedida de Ant\u00f3nio Lobo Antunes junto a Cam\u00f5es com risos e l\u00e1grimas e Benfica - Portal Tela Portugal","robots":{"index":"index","follow":"follow","max-snippet":"max-snippet:-1","max-image-preview":"max-image-preview:large","max-video-preview":"max-video-preview:-1"},"og_locale":"pt_PT","og_type":"article","og_title":"Despedida de Ant\u00f3nio Lobo Antunes junto a Cam\u00f5es com risos e l\u00e1grimas e Benfica - Portal Tela Portugal","og_description":"Despedida de Ant\u00f3nio Lobo Antunes ocorreu hoje no Mosteiro dos Jer\u00f3nimos. Familiares, amigos e admiradores estiveram presentes, com momentos de l\u00e1grimas e risos. O tributo incluiu o hino do Benfica durante a cerim\u00f3nia. O despedimento procurou cumprir o desejo do escritor de ficar perto de Cam\u00f5es. O acto terminou com a homenagem em honra do autor, lembrando a sua liga\u00e7\u00e3o liter\u00e1ria e cultural.","og_url":"https:\/\/portaltela.pt\/noticias\/2026\/03\/07\/despedida-de-antonio-lobo-antunes-junto-a-camoes-com-risos-e-lagrimas-e-benfica\/","og_site_name":"Portal Tela Portugal","article_published_time":"2026-03-07T18:03:00+00:00","author":"Telinha","twitter_card":"summary_large_image","twitter_misc":{"Escrito por":"Telinha","Tempo estimado de leitura":"1 minuto"},"schema":{"@context":"https:\/\/schema.org","@graph":[{"@type":"Article","@id":"https:\/\/portaltela.pt\/noticias\/2026\/03\/07\/despedida-de-antonio-lobo-antunes-junto-a-camoes-com-risos-e-lagrimas-e-benfica\/#article","isPartOf":{"@id":"https:\/\/portaltela.pt\/noticias\/2026\/03\/07\/despedida-de-antonio-lobo-antunes-junto-a-camoes-com-risos-e-lagrimas-e-benfica\/"},"author":{"name":"Telinha","@id":"https:\/\/portaltela.pt\/#\/schema\/person\/c4278d4a6028830caff9ee44b42d32ed"},"headline":"Despedida de Ant\u00f3nio Lobo Antunes junto a Cam\u00f5es com risos e l\u00e1grimas e Benfica","datePublished":"2026-03-07T18:03:00+00:00","mainEntityOfPage":{"@id":"https:\/\/portaltela.pt\/noticias\/2026\/03\/07\/despedida-de-antonio-lobo-antunes-junto-a-camoes-com-risos-e-lagrimas-e-benfica\/"},"wordCount":233,"image":{"@id":"https:\/\/portaltela.pt\/noticias\/2026\/03\/07\/despedida-de-antonio-lobo-antunes-junto-a-camoes-com-risos-e-lagrimas-e-benfica\/#primaryimage"},"thumbnailUrl":"https:\/\/portaltela.pt\/s.01k8rhncp4jt1\/2026\/03\/CACHE_780X1200_ANALOG_WATERMARKED_46705564_1715311_07032026022321.jpg","keywords":["Cam\u00f5es","escritores","leitura","Lisboa","literatura"],"articleSection":["Not\u00edcias","Pol\u00edtica"],"inLanguage":"pt-PT"},{"@type":"WebPage","@id":"https:\/\/portaltela.pt\/noticias\/2026\/03\/07\/despedida-de-antonio-lobo-antunes-junto-a-camoes-com-risos-e-lagrimas-e-benfica\/","url":"https:\/\/portaltela.pt\/noticias\/2026\/03\/07\/despedida-de-antonio-lobo-antunes-junto-a-camoes-com-risos-e-lagrimas-e-benfica\/","name":"Despedida de Ant\u00f3nio Lobo Antunes junto a Cam\u00f5es com risos e l\u00e1grimas e Benfica - Portal Tela Portugal","isPartOf":{"@id":"https:\/\/portaltela.pt\/#website"},"primaryImageOfPage":{"@id":"https:\/\/portaltela.pt\/noticias\/2026\/03\/07\/despedida-de-antonio-lobo-antunes-junto-a-camoes-com-risos-e-lagrimas-e-benfica\/#primaryimage"},"image":{"@id":"https:\/\/portaltela.pt\/noticias\/2026\/03\/07\/despedida-de-antonio-lobo-antunes-junto-a-camoes-com-risos-e-lagrimas-e-benfica\/#primaryimage"},"thumbnailUrl":"https:\/\/portaltela.pt\/s.01k8rhncp4jt1\/2026\/03\/CACHE_780X1200_ANALOG_WATERMARKED_46705564_1715311_07032026022321.jpg","datePublished":"2026-03-07T18:03:00+00:00","author":{"@id":"https:\/\/portaltela.pt\/#\/schema\/person\/c4278d4a6028830caff9ee44b42d32ed"},"breadcrumb":{"@id":"https:\/\/portaltela.pt\/noticias\/2026\/03\/07\/despedida-de-antonio-lobo-antunes-junto-a-camoes-com-risos-e-lagrimas-e-benfica\/#breadcrumb"},"inLanguage":"pt-PT","potentialAction":[{"@type":"ReadAction","target":["https:\/\/portaltela.pt\/noticias\/2026\/03\/07\/despedida-de-antonio-lobo-antunes-junto-a-camoes-com-risos-e-lagrimas-e-benfica\/"]}]},{"@type":"ImageObject","inLanguage":"pt-PT","@id":"https:\/\/portaltela.pt\/noticias\/2026\/03\/07\/despedida-de-antonio-lobo-antunes-junto-a-camoes-com-risos-e-lagrimas-e-benfica\/#primaryimage","url":"https:\/\/portaltela.pt\/s.01k8rhncp4jt1\/2026\/03\/CACHE_780X1200_ANALOG_WATERMARKED_46705564_1715311_07032026022321.jpg","contentUrl":"https:\/\/portaltela.pt\/s.01k8rhncp4jt1\/2026\/03\/CACHE_780X1200_ANALOG_WATERMARKED_46705564_1715311_07032026022321.jpg","width":796,"height":448,"caption":"Com risos, l\u00e1grimas e Benfica, despedida de Ant\u00f3nio Lobo Antunes foi ao p\u00e9 de Cam\u00f5es"},{"@type":"BreadcrumbList","@id":"https:\/\/portaltela.pt\/noticias\/2026\/03\/07\/despedida-de-antonio-lobo-antunes-junto-a-camoes-com-risos-e-lagrimas-e-benfica\/#breadcrumb","itemListElement":[{"@type":"ListItem","position":1,"name":"In\u00edcio","item":"https:\/\/portaltela.pt\/"},{"@type":"ListItem","position":2,"name":"Despedida de Ant\u00f3nio Lobo Antunes junto a Cam\u00f5es com risos e l\u00e1grimas e Benfica"}]},{"@type":"WebSite","@id":"https:\/\/portaltela.pt\/#website","url":"https:\/\/portaltela.pt\/","name":"Portal Tela Portugal","description":"","potentialAction":[{"@type":"SearchAction","target":{"@type":"EntryPoint","urlTemplate":"https:\/\/portaltela.pt\/?s={search_term_string}"},"query-input":{"@type":"PropertyValueSpecification","valueRequired":true,"valueName":"search_term_string"}}],"inLanguage":"pt-PT"},{"@type":"Person","@id":"https:\/\/portaltela.pt\/#\/schema\/person\/c4278d4a6028830caff9ee44b42d32ed","name":"Telinha","image":{"@type":"ImageObject","inLanguage":"pt-PT","@id":"https:\/\/portaltela.pt\/s.01k8rhncp4jt1\/2025\/11\/talking-bot-125x125.png","url":"https:\/\/portaltela.pt\/s.01k8rhncp4jt1\/2025\/11\/talking-bot-125x125.png","contentUrl":"https:\/\/portaltela.pt\/s.01k8rhncp4jt1\/2025\/11\/talking-bot-125x125.png","caption":"Telinha"},"sameAs":["https:\/\/portaltela.pt\/"],"url":"https:\/\/portaltela.pt\/por\/367410592786\/"}]}},"_links":{"self":[{"href":"https:\/\/portaltela.pt\/api\/wp\/v2\/posts\/401706","targetHints":{"allow":["GET"]}}],"collection":[{"href":"https:\/\/portaltela.pt\/api\/wp\/v2\/posts"}],"about":[{"href":"https:\/\/portaltela.pt\/api\/wp\/v2\/types\/post"}],"author":[{"embeddable":true,"href":"https:\/\/portaltela.pt\/api\/wp\/v2\/users\/2"}],"replies":[{"embeddable":true,"href":"https:\/\/portaltela.pt\/api\/wp\/v2\/comments?post=401706"}],"version-history":[{"count":0,"href":"https:\/\/portaltela.pt\/api\/wp\/v2\/posts\/401706\/revisions"}],"wp:featuredmedia":[{"embeddable":true,"href":"https:\/\/portaltela.pt\/api\/wp\/v2\/media\/401710"}],"wp:attachment":[{"href":"https:\/\/portaltela.pt\/api\/wp\/v2\/media?parent=401706"}],"wp:term":[{"taxonomy":"category","embeddable":true,"href":"https:\/\/portaltela.pt\/api\/wp\/v2\/categories?post=401706"},{"taxonomy":"post_tag","embeddable":true,"href":"https:\/\/portaltela.pt\/api\/wp\/v2\/tags?post=401706"}],"curies":[{"name":"wp","href":"https:\/\/api.w.org\/{rel}","templated":true}]}}