{"id":401680,"date":"2026-03-07T16:05:58","date_gmt":"2026-03-07T19:05:58","guid":{"rendered":"https:\/\/portaltela.pt\/noticias\/2026\/03\/07\/lider-do-ps-exige-ao-governo-empenho-seguro-no-repatriamento-de-portugueses\/"},"modified":"2026-03-07T16:05:58","modified_gmt":"2026-03-07T19:05:58","slug":"lider-do-ps-exige-ao-governo-empenho-seguro-no-repatriamento-de-portugueses","status":"publish","type":"post","link":"https:\/\/portaltela.pt\/noticias\/politica\/2026\/03\/07\/lider-do-ps-exige-ao-governo-empenho-seguro-no-repatriamento-de-portugueses\/","title":{"rendered":"L\u00edder do PS exige ao Governo empenho seguro no repatriamento de portugueses"},"content":{"rendered":"<p>O secret\u00e1rio-geral do PS, Jos\u00e9 Lu\u00eds Carneiro, pediu ao Governo que se concentre no repatriamento seguro dos portugueses que se encontram nas \u00e1reas atingidas pelo conflito envolvendo Ir\u00e3o, Estados Unidos e Israel. O apelo foi feito este s\u00e1bado, \u00e0 sa\u00edda de uma reuni\u00e3o de militantes no Funchal, para apresentar a recandidatura a secret\u00e1rio-geral do partido.<\/p>\n<p>Carneiro afirma ter recebido dezenas de mensagens de cidad\u00e3os portugueses que n\u00e3o contavam com apoio suficiente. O l\u00edder socialista sublinha que o Estado tem o dever de proteger vidas e assegurar o repatriamento em condi\u00e7\u00f5es de seguran\u00e7a.<\/p>\n<p>O secret\u00e1rio de Estado das Comunidades, Em\u00eddio Sousa, indicou que j\u00e1 foram repatriados cerca de 500 nacionais do M\u00e9dio Oriente, por voos espec\u00edficos ou comerciais, e que 73 portugueses de um cruzeiro no Dubai est\u00e3o a sair do territ\u00f3rio.<\/p>\n<h3>Contexto do conflito<\/h3>\n<p>Estados Unidos e Israel lan\u00e7aram um ataque militar contra o Ir\u00e3o a 28 de fevereiro, segundo informa\u00e7\u00f5es de v\u00e1rias fontes. O Ir\u00e3o bloqueou o estreito de Ormuz e lan\u00e7ou ataques de retalia\u00e7\u00e3o a alvos em Israel, nas bases norte-americanas e em outros pa\u00edses da regi\u00e3o.<\/p>\n<h3>Situa\u00e7\u00e3o de repatriamento em curso<\/h3>\n<p>A indica\u00e7\u00e3o oficial aponta para que os mecanismos europeus de coopera\u00e7\u00e3o contribuam para facilitar a evacua\u00e7\u00e3o de cidad\u00e3os portugueses nas zonas afetadas. O Governo tem reiterado o objetivo de assegurar repatriamentos em condi\u00e7\u00f5es seguras para evitar maiores stress e ansiedade entre os portugueses no estrangeiro.<\/p>\n","protected":false},"excerpt":{"rendered":"<ul>\n<li>O secret\u00e1rio-geral do PS, Jos\u00e9 Lu\u00eds Carneiro, pediu ao Governo que se empenhe no repatriamento seguro de portugueses nas regi\u00f5es afetadas pelo conflito no M\u00e9dio Oriente.<\/li>\n<li>Carneiro afirmou ter recebido mensagens de dezenas de portugueses sem apoio e reiterou que o Estado deve salvaguardar vidas e facilitar o repatriamento em condi\u00e7\u00f5es de seguran\u00e7a.<\/li>\n<li>A declara\u00e7\u00e3o foi feita \u00e0 entrada de uma reuni\u00e3o no Funchal, Madeira, para apresentar a recandidatura a secret\u00e1rio-geral do PS.<\/li>\n<li>Na quarta-feira, no debate quinzenal no parlamento, avisou o Governo para ativar o mecanismo europeu que permita mobilizar recursos a\u00e9reos para repatriar os portugueses nas \u00e1reas atingidas.<\/li>\n<li>O secret\u00e1rio de Estado das Comunidades, Em\u00eddio Sousa, informou que j\u00e1 foram repatriados cerca de 500 nacionais do M\u00e9dio Oriente e 73 portugueses que estavam num cruzeiro no Dubai.<\/li>\n<\/ul>\n","protected":false},"author":2,"featured_media":401682,"comment_status":"closed","ping_status":"closed","sticky":false,"template":"","format":"standard","meta":{"footnotes":""},"categories":[1,5],"tags":[902,1965,4519,34,1014,2144],"class_list":["post-401680","post","type-post","status-publish","format-standard","has-post-thumbnail","hentry","category-noticias","category-politica","tag-emigracao","tag-emigrantes","tag-evacuacoes","tag-governo","tag-portugal","tag-ps"],"yoast_head":"<!-- This site is optimized with the Yoast SEO plugin v27.2 - https:\/\/yoast.com\/product\/yoast-seo-wordpress\/ -->\n<title>L\u00edder do PS exige ao Governo empenho seguro no repatriamento de portugueses - Portal Tela Portugal<\/title>\n<meta name=\"robots\" content=\"index, follow, max-snippet:-1, max-image-preview:large, max-video-preview:-1\" \/>\n<meta property=\"og:locale\" content=\"pt_PT\" \/>\n<meta property=\"og:type\" content=\"article\" \/>\n<meta property=\"og:title\" content=\"L\u00edder do PS exige ao Governo empenho seguro no repatriamento de portugueses - Portal Tela Portugal\" \/>\n<meta property=\"og:description\" content=\"O secret\u00e1rio-geral do PS, Jos\u00e9 Lu\u00eds Carneiro, pediu ao Governo que se empenhe no repatriamento seguro de portugueses nas regi\u00f5es afetadas pelo conflito no M\u00e9dio Oriente. Carneiro afirmou ter recebido mensagens de dezenas de portugueses sem apoio e reiterou que o Estado deve salvaguardar vidas e facilitar o repatriamento em condi\u00e7\u00f5es de seguran\u00e7a. A declara\u00e7\u00e3o foi feita \u00e0 entrada de uma reuni\u00e3o no Funchal, Madeira, para apresentar a recandidatura a secret\u00e1rio-geral do PS. Na quarta-feira, no debate quinzenal no parlamento, avisou o Governo para ativar o mecanismo europeu que permita mobilizar recursos a\u00e9reos para repatriar os portugueses nas \u00e1reas atingidas. O secret\u00e1rio de Estado das Comunidades, Em\u00eddio Sousa, informou que j\u00e1 foram repatriados cerca de 500 nacionais do M\u00e9dio Oriente e 73 portugueses que estavam num cruzeiro no Dubai.\" \/>\n<meta property=\"og:url\" content=\"https:\/\/portaltela.pt\/noticias\/2026\/03\/07\/lider-do-ps-exige-ao-governo-empenho-seguro-no-repatriamento-de-portugueses\/\" \/>\n<meta property=\"og:site_name\" content=\"Portal Tela Portugal\" \/>\n<meta property=\"article:published_time\" content=\"2026-03-07T19:05:58+00:00\" \/>\n<meta name=\"author\" content=\"Telinha\" \/>\n<meta name=\"twitter:card\" content=\"summary_large_image\" \/>\n<meta name=\"twitter:label1\" content=\"Escrito por\" \/>\n\t<meta name=\"twitter:data1\" content=\"Telinha\" \/>\n\t<meta name=\"twitter:label2\" content=\"Tempo estimado de leitura\" \/>\n\t<meta name=\"twitter:data2\" content=\"1 minuto\" \/>\n<script type=\"application\/ld+json\" class=\"yoast-schema-graph\">{\"@context\":\"https:\/\/schema.org\",\"@graph\":[{\"@type\":\"Article\",\"@id\":\"https:\/\/portaltela.pt\/noticias\/2026\/03\/07\/lider-do-ps-exige-ao-governo-empenho-seguro-no-repatriamento-de-portugueses\/#article\",\"isPartOf\":{\"@id\":\"https:\/\/portaltela.pt\/noticias\/2026\/03\/07\/lider-do-ps-exige-ao-governo-empenho-seguro-no-repatriamento-de-portugueses\/\"},\"author\":{\"name\":\"Telinha\",\"@id\":\"https:\/\/portaltela.pt\/#\/schema\/person\/c4278d4a6028830caff9ee44b42d32ed\"},\"headline\":\"L\u00edder do PS exige ao Governo empenho seguro no repatriamento de portugueses\",\"datePublished\":\"2026-03-07T19:05:58+00:00\",\"mainEntityOfPage\":{\"@id\":\"https:\/\/portaltela.pt\/noticias\/2026\/03\/07\/lider-do-ps-exige-ao-governo-empenho-seguro-no-repatriamento-de-portugueses\/\"},\"wordCount\":271,\"image\":{\"@id\":\"https:\/\/portaltela.pt\/noticias\/2026\/03\/07\/lider-do-ps-exige-ao-governo-empenho-seguro-no-repatriamento-de-portugueses\/#primaryimage\"},\"thumbnailUrl\":\"https:\/\/portaltela.pt\/s.01k8rhncp4jt1\/2026\/03\/img_1280x721uu2026-02-26-11-01-55-2269103.jpg\",\"keywords\":[\"emigra\u00e7\u00e3o\",\"emigrantes\",\"evacua\u00e7\u00f5es\",\"governo\",\"Portugal\",\"PS\"],\"articleSection\":[\"Not\u00edcias\",\"Pol\u00edtica\"],\"inLanguage\":\"pt-PT\"},{\"@type\":\"WebPage\",\"@id\":\"https:\/\/portaltela.pt\/noticias\/2026\/03\/07\/lider-do-ps-exige-ao-governo-empenho-seguro-no-repatriamento-de-portugueses\/\",\"url\":\"https:\/\/portaltela.pt\/noticias\/2026\/03\/07\/lider-do-ps-exige-ao-governo-empenho-seguro-no-repatriamento-de-portugueses\/\",\"name\":\"L\u00edder do PS exige ao Governo empenho seguro no repatriamento de portugueses - Portal Tela Portugal\",\"isPartOf\":{\"@id\":\"https:\/\/portaltela.pt\/#website\"},\"primaryImageOfPage\":{\"@id\":\"https:\/\/portaltela.pt\/noticias\/2026\/03\/07\/lider-do-ps-exige-ao-governo-empenho-seguro-no-repatriamento-de-portugueses\/#primaryimage\"},\"image\":{\"@id\":\"https:\/\/portaltela.pt\/noticias\/2026\/03\/07\/lider-do-ps-exige-ao-governo-empenho-seguro-no-repatriamento-de-portugueses\/#primaryimage\"},\"thumbnailUrl\":\"https:\/\/portaltela.pt\/s.01k8rhncp4jt1\/2026\/03\/img_1280x721uu2026-02-26-11-01-55-2269103.jpg\",\"datePublished\":\"2026-03-07T19:05:58+00:00\",\"author\":{\"@id\":\"https:\/\/portaltela.pt\/#\/schema\/person\/c4278d4a6028830caff9ee44b42d32ed\"},\"breadcrumb\":{\"@id\":\"https:\/\/portaltela.pt\/noticias\/2026\/03\/07\/lider-do-ps-exige-ao-governo-empenho-seguro-no-repatriamento-de-portugueses\/#breadcrumb\"},\"inLanguage\":\"pt-PT\",\"potentialAction\":[{\"@type\":\"ReadAction\",\"target\":[\"https:\/\/portaltela.pt\/noticias\/2026\/03\/07\/lider-do-ps-exige-ao-governo-empenho-seguro-no-repatriamento-de-portugueses\/\"]}]},{\"@type\":\"ImageObject\",\"inLanguage\":\"pt-PT\",\"@id\":\"https:\/\/portaltela.pt\/noticias\/2026\/03\/07\/lider-do-ps-exige-ao-governo-empenho-seguro-no-repatriamento-de-portugueses\/#primaryimage\",\"url\":\"https:\/\/portaltela.pt\/s.01k8rhncp4jt1\/2026\/03\/img_1280x721uu2026-02-26-11-01-55-2269103.jpg\",\"contentUrl\":\"https:\/\/portaltela.pt\/s.01k8rhncp4jt1\/2026\/03\/img_1280x721uu2026-02-26-11-01-55-2269103.jpg\",\"width\":796,\"height\":448,\"caption\":\"Photo\"},{\"@type\":\"BreadcrumbList\",\"@id\":\"https:\/\/portaltela.pt\/noticias\/2026\/03\/07\/lider-do-ps-exige-ao-governo-empenho-seguro-no-repatriamento-de-portugueses\/#breadcrumb\",\"itemListElement\":[{\"@type\":\"ListItem\",\"position\":1,\"name\":\"In\u00edcio\",\"item\":\"https:\/\/portaltela.pt\/\"},{\"@type\":\"ListItem\",\"position\":2,\"name\":\"L\u00edder do PS exige ao Governo empenho seguro no repatriamento de portugueses\"}]},{\"@type\":\"WebSite\",\"@id\":\"https:\/\/portaltela.pt\/#website\",\"url\":\"https:\/\/portaltela.pt\/\",\"name\":\"Portal Tela Portugal\",\"description\":\"\",\"potentialAction\":[{\"@type\":\"SearchAction\",\"target\":{\"@type\":\"EntryPoint\",\"urlTemplate\":\"https:\/\/portaltela.pt\/?s={search_term_string}\"},\"query-input\":{\"@type\":\"PropertyValueSpecification\",\"valueRequired\":true,\"valueName\":\"search_term_string\"}}],\"inLanguage\":\"pt-PT\"},{\"@type\":\"Person\",\"@id\":\"https:\/\/portaltela.pt\/#\/schema\/person\/c4278d4a6028830caff9ee44b42d32ed\",\"name\":\"Telinha\",\"image\":{\"@type\":\"ImageObject\",\"inLanguage\":\"pt-PT\",\"@id\":\"https:\/\/portaltela.pt\/s.01k8rhncp4jt1\/2025\/11\/talking-bot-125x125.png\",\"url\":\"https:\/\/portaltela.pt\/s.01k8rhncp4jt1\/2025\/11\/talking-bot-125x125.png\",\"contentUrl\":\"https:\/\/portaltela.pt\/s.01k8rhncp4jt1\/2025\/11\/talking-bot-125x125.png\",\"caption\":\"Telinha\"},\"sameAs\":[\"https:\/\/portaltela.pt\/\"],\"url\":\"https:\/\/portaltela.pt\/por\/367410592786\/\"}]}<\/script>\n<!-- \/ Yoast SEO plugin. -->","yoast_head_json":{"title":"L\u00edder do PS exige ao Governo empenho seguro no repatriamento de portugueses - Portal Tela Portugal","robots":{"index":"index","follow":"follow","max-snippet":"max-snippet:-1","max-image-preview":"max-image-preview:large","max-video-preview":"max-video-preview:-1"},"og_locale":"pt_PT","og_type":"article","og_title":"L\u00edder do PS exige ao Governo empenho seguro no repatriamento de portugueses - Portal Tela Portugal","og_description":"O secret\u00e1rio-geral do PS, Jos\u00e9 Lu\u00eds Carneiro, pediu ao Governo que se empenhe no repatriamento seguro de portugueses nas regi\u00f5es afetadas pelo conflito no M\u00e9dio Oriente. Carneiro afirmou ter recebido mensagens de dezenas de portugueses sem apoio e reiterou que o Estado deve salvaguardar vidas e facilitar o repatriamento em condi\u00e7\u00f5es de seguran\u00e7a. A declara\u00e7\u00e3o foi feita \u00e0 entrada de uma reuni\u00e3o no Funchal, Madeira, para apresentar a recandidatura a secret\u00e1rio-geral do PS. Na quarta-feira, no debate quinzenal no parlamento, avisou o Governo para ativar o mecanismo europeu que permita mobilizar recursos a\u00e9reos para repatriar os portugueses nas \u00e1reas atingidas. O secret\u00e1rio de Estado das Comunidades, Em\u00eddio Sousa, informou que j\u00e1 foram repatriados cerca de 500 nacionais do M\u00e9dio Oriente e 73 portugueses que estavam num cruzeiro no Dubai.","og_url":"https:\/\/portaltela.pt\/noticias\/2026\/03\/07\/lider-do-ps-exige-ao-governo-empenho-seguro-no-repatriamento-de-portugueses\/","og_site_name":"Portal Tela Portugal","article_published_time":"2026-03-07T19:05:58+00:00","author":"Telinha","twitter_card":"summary_large_image","twitter_misc":{"Escrito por":"Telinha","Tempo estimado de leitura":"1 minuto"},"schema":{"@context":"https:\/\/schema.org","@graph":[{"@type":"Article","@id":"https:\/\/portaltela.pt\/noticias\/2026\/03\/07\/lider-do-ps-exige-ao-governo-empenho-seguro-no-repatriamento-de-portugueses\/#article","isPartOf":{"@id":"https:\/\/portaltela.pt\/noticias\/2026\/03\/07\/lider-do-ps-exige-ao-governo-empenho-seguro-no-repatriamento-de-portugueses\/"},"author":{"name":"Telinha","@id":"https:\/\/portaltela.pt\/#\/schema\/person\/c4278d4a6028830caff9ee44b42d32ed"},"headline":"L\u00edder do PS exige ao Governo empenho seguro no repatriamento de portugueses","datePublished":"2026-03-07T19:05:58+00:00","mainEntityOfPage":{"@id":"https:\/\/portaltela.pt\/noticias\/2026\/03\/07\/lider-do-ps-exige-ao-governo-empenho-seguro-no-repatriamento-de-portugueses\/"},"wordCount":271,"image":{"@id":"https:\/\/portaltela.pt\/noticias\/2026\/03\/07\/lider-do-ps-exige-ao-governo-empenho-seguro-no-repatriamento-de-portugueses\/#primaryimage"},"thumbnailUrl":"https:\/\/portaltela.pt\/s.01k8rhncp4jt1\/2026\/03\/img_1280x721uu2026-02-26-11-01-55-2269103.jpg","keywords":["emigra\u00e7\u00e3o","emigrantes","evacua\u00e7\u00f5es","governo","Portugal","PS"],"articleSection":["Not\u00edcias","Pol\u00edtica"],"inLanguage":"pt-PT"},{"@type":"WebPage","@id":"https:\/\/portaltela.pt\/noticias\/2026\/03\/07\/lider-do-ps-exige-ao-governo-empenho-seguro-no-repatriamento-de-portugueses\/","url":"https:\/\/portaltela.pt\/noticias\/2026\/03\/07\/lider-do-ps-exige-ao-governo-empenho-seguro-no-repatriamento-de-portugueses\/","name":"L\u00edder do PS exige ao Governo empenho seguro no repatriamento de portugueses - Portal Tela Portugal","isPartOf":{"@id":"https:\/\/portaltela.pt\/#website"},"primaryImageOfPage":{"@id":"https:\/\/portaltela.pt\/noticias\/2026\/03\/07\/lider-do-ps-exige-ao-governo-empenho-seguro-no-repatriamento-de-portugueses\/#primaryimage"},"image":{"@id":"https:\/\/portaltela.pt\/noticias\/2026\/03\/07\/lider-do-ps-exige-ao-governo-empenho-seguro-no-repatriamento-de-portugueses\/#primaryimage"},"thumbnailUrl":"https:\/\/portaltela.pt\/s.01k8rhncp4jt1\/2026\/03\/img_1280x721uu2026-02-26-11-01-55-2269103.jpg","datePublished":"2026-03-07T19:05:58+00:00","author":{"@id":"https:\/\/portaltela.pt\/#\/schema\/person\/c4278d4a6028830caff9ee44b42d32ed"},"breadcrumb":{"@id":"https:\/\/portaltela.pt\/noticias\/2026\/03\/07\/lider-do-ps-exige-ao-governo-empenho-seguro-no-repatriamento-de-portugueses\/#breadcrumb"},"inLanguage":"pt-PT","potentialAction":[{"@type":"ReadAction","target":["https:\/\/portaltela.pt\/noticias\/2026\/03\/07\/lider-do-ps-exige-ao-governo-empenho-seguro-no-repatriamento-de-portugueses\/"]}]},{"@type":"ImageObject","inLanguage":"pt-PT","@id":"https:\/\/portaltela.pt\/noticias\/2026\/03\/07\/lider-do-ps-exige-ao-governo-empenho-seguro-no-repatriamento-de-portugueses\/#primaryimage","url":"https:\/\/portaltela.pt\/s.01k8rhncp4jt1\/2026\/03\/img_1280x721uu2026-02-26-11-01-55-2269103.jpg","contentUrl":"https:\/\/portaltela.pt\/s.01k8rhncp4jt1\/2026\/03\/img_1280x721uu2026-02-26-11-01-55-2269103.jpg","width":796,"height":448,"caption":"Photo"},{"@type":"BreadcrumbList","@id":"https:\/\/portaltela.pt\/noticias\/2026\/03\/07\/lider-do-ps-exige-ao-governo-empenho-seguro-no-repatriamento-de-portugueses\/#breadcrumb","itemListElement":[{"@type":"ListItem","position":1,"name":"In\u00edcio","item":"https:\/\/portaltela.pt\/"},{"@type":"ListItem","position":2,"name":"L\u00edder do PS exige ao Governo empenho seguro no repatriamento de portugueses"}]},{"@type":"WebSite","@id":"https:\/\/portaltela.pt\/#website","url":"https:\/\/portaltela.pt\/","name":"Portal Tela Portugal","description":"","potentialAction":[{"@type":"SearchAction","target":{"@type":"EntryPoint","urlTemplate":"https:\/\/portaltela.pt\/?s={search_term_string}"},"query-input":{"@type":"PropertyValueSpecification","valueRequired":true,"valueName":"search_term_string"}}],"inLanguage":"pt-PT"},{"@type":"Person","@id":"https:\/\/portaltela.pt\/#\/schema\/person\/c4278d4a6028830caff9ee44b42d32ed","name":"Telinha","image":{"@type":"ImageObject","inLanguage":"pt-PT","@id":"https:\/\/portaltela.pt\/s.01k8rhncp4jt1\/2025\/11\/talking-bot-125x125.png","url":"https:\/\/portaltela.pt\/s.01k8rhncp4jt1\/2025\/11\/talking-bot-125x125.png","contentUrl":"https:\/\/portaltela.pt\/s.01k8rhncp4jt1\/2025\/11\/talking-bot-125x125.png","caption":"Telinha"},"sameAs":["https:\/\/portaltela.pt\/"],"url":"https:\/\/portaltela.pt\/por\/367410592786\/"}]}},"_links":{"self":[{"href":"https:\/\/portaltela.pt\/api\/wp\/v2\/posts\/401680","targetHints":{"allow":["GET"]}}],"collection":[{"href":"https:\/\/portaltela.pt\/api\/wp\/v2\/posts"}],"about":[{"href":"https:\/\/portaltela.pt\/api\/wp\/v2\/types\/post"}],"author":[{"embeddable":true,"href":"https:\/\/portaltela.pt\/api\/wp\/v2\/users\/2"}],"replies":[{"embeddable":true,"href":"https:\/\/portaltela.pt\/api\/wp\/v2\/comments?post=401680"}],"version-history":[{"count":0,"href":"https:\/\/portaltela.pt\/api\/wp\/v2\/posts\/401680\/revisions"}],"wp:featuredmedia":[{"embeddable":true,"href":"https:\/\/portaltela.pt\/api\/wp\/v2\/media\/401682"}],"wp:attachment":[{"href":"https:\/\/portaltela.pt\/api\/wp\/v2\/media?parent=401680"}],"wp:term":[{"taxonomy":"category","embeddable":true,"href":"https:\/\/portaltela.pt\/api\/wp\/v2\/categories?post=401680"},{"taxonomy":"post_tag","embeddable":true,"href":"https:\/\/portaltela.pt\/api\/wp\/v2\/tags?post=401680"}],"curies":[{"name":"wp","href":"https:\/\/api.w.org\/{rel}","templated":true}]}}