{"id":401655,"date":"2026-03-07T15:55:00","date_gmt":"2026-03-07T18:55:00","guid":{"rendered":"https:\/\/portaltela.pt\/noticias\/2026\/03\/07\/moradores-aguardam-solucao-da-metro-do-porto-para-sairem-debaixo-da-ponte\/"},"modified":"2026-03-07T15:55:00","modified_gmt":"2026-03-07T18:55:00","slug":"moradores-aguardam-solucao-da-metro-do-porto-para-sairem-debaixo-da-ponte","status":"publish","type":"post","link":"https:\/\/portaltela.pt\/noticias\/2026\/03\/07\/moradores-aguardam-solucao-da-metro-do-porto-para-sairem-debaixo-da-ponte\/","title":{"rendered":"Moradores aguardam solu\u00e7\u00e3o da Metro do Porto para sa\u00edrem debaixo da ponte"},"content":{"rendered":"<p>A CDU visitou este s\u00e1bado o Bairro da Associa\u00e7\u00e3o de Moradores de Massarelos, no Porto, para perceber se as 14 fam\u00edlias que v\u00e3o ser deslocadas temporariamente com a constru\u00e7\u00e3o da ponte da linha Rubi do Metro j\u00e1 t\u00eam solu\u00e7\u00e3o. O objetivo \u00e9 aferir alternativas de realojamento e cronogramas, dadas quest\u00f5es de seguran\u00e7a associadas \u00e0 obra.<\/p>\n<p>As resid\u00eancias afetadas ficam nas entradas 16 e 28 do bairro. O deslocamento \u00e9 necess\u00e1rio para permitir o avan\u00e7o do tabuleiro da Ponte Ferreirinha, que vai ligar o Porto a Gaia, com a Arr\u00e1bida pela frente. A obra insere-se no projeto da linha Rubi do Metro.<\/p>\n<p>Entre as consequ\u00eancias previstas, destacam-se altera\u00e7\u00f5es no funcionamento di\u00e1rio das fam\u00edlias e na mobilidade local, at\u00e9 \u00e0 conclus\u00e3o de fases-chave da ponte. A Dura\u00e7\u00e3o, crit\u00e9rios de realojamento e medidas de apoio ainda est\u00e3o a ser clarificados pelas autoridades competentes.<\/p>\n","protected":false},"excerpt":{"rendered":"<ul>\n<li>A CDU visitou o Bairro da Associa\u00e7\u00e3o de Moradores de Massarelos, no Porto, para perceber se j\u00e1 existe solu\u00e7\u00e3o para os moradores deslocados temporariamente.<\/li>\n<li>S\u00e3o 14 fam\u00edlias das entradas 16 e 28 que v\u00e3o abandonar as casas por quest\u00f5es de seguran\u00e7a devido \u00e0 constru\u00e7\u00e3o da Ponte Ferreirinha da linha Rubi do Metro.<\/li>\n<li>A ponte vai ligar o Porto a Gaia, com a Arr\u00e1bida \u00e0 vista.<\/li>\n<li>Ant\u00f3nio Pereira, morador h\u00e1 mais de 40 anos, diz ser uma das maiores v\u00edtimas por viver no \u00faltimo andar.<\/li>\n<li>Ainda n\u00e3o est\u00e1 definida uma solu\u00e7\u00e3o para o reassentamento dos moradores.<\/li>\n<\/ul>\n","protected":false},"author":2,"featured_media":401657,"comment_status":"closed","ping_status":"closed","sticky":false,"template":"","format":"standard","meta":{"footnotes":""},"categories":[1],"tags":[5188,3263,5691,982,6188,192],"class_list":["post-401655","post","type-post","status-publish","format-standard","has-post-thumbnail","hentry","category-noticias","tag-deslocacao","tag-mobilidade-urbana","tag-obras","tag-porto","tag-realojamento","tag-transporte"],"yoast_head":"<!-- This site is optimized with the Yoast SEO plugin v27.2 - https:\/\/yoast.com\/product\/yoast-seo-wordpress\/ -->\n<title>Moradores aguardam solu\u00e7\u00e3o da Metro do Porto para sa\u00edrem debaixo da ponte - Portal Tela Portugal<\/title>\n<meta name=\"robots\" content=\"index, follow, max-snippet:-1, max-image-preview:large, max-video-preview:-1\" \/>\n<meta property=\"og:locale\" content=\"pt_PT\" \/>\n<meta property=\"og:type\" content=\"article\" \/>\n<meta property=\"og:title\" content=\"Moradores aguardam solu\u00e7\u00e3o da Metro do Porto para sa\u00edrem debaixo da ponte - Portal Tela Portugal\" \/>\n<meta property=\"og:description\" content=\"A CDU visitou o Bairro da Associa\u00e7\u00e3o de Moradores de Massarelos, no Porto, para perceber se j\u00e1 existe solu\u00e7\u00e3o para os moradores deslocados temporariamente. S\u00e3o 14 fam\u00edlias das entradas 16 e 28 que v\u00e3o abandonar as casas por quest\u00f5es de seguran\u00e7a devido \u00e0 constru\u00e7\u00e3o da Ponte Ferreirinha da linha Rubi do Metro. A ponte vai ligar o Porto a Gaia, com a Arr\u00e1bida \u00e0 vista. Ant\u00f3nio Pereira, morador h\u00e1 mais de 40 anos, diz ser uma das maiores v\u00edtimas por viver no \u00faltimo andar. Ainda n\u00e3o est\u00e1 definida uma solu\u00e7\u00e3o para o reassentamento dos moradores.\" \/>\n<meta property=\"og:url\" content=\"https:\/\/portaltela.pt\/noticias\/2026\/03\/07\/moradores-aguardam-solucao-da-metro-do-porto-para-sairem-debaixo-da-ponte\/\" \/>\n<meta property=\"og:site_name\" content=\"Portal Tela Portugal\" \/>\n<meta property=\"article:published_time\" content=\"2026-03-07T18:55:00+00:00\" \/>\n<meta name=\"author\" content=\"Telinha\" \/>\n<meta name=\"twitter:card\" content=\"summary_large_image\" \/>\n<meta name=\"twitter:label1\" content=\"Escrito por\" \/>\n\t<meta name=\"twitter:data1\" content=\"Telinha\" \/>\n\t<meta name=\"twitter:label2\" content=\"Tempo estimado de leitura\" \/>\n\t<meta name=\"twitter:data2\" content=\"1 minuto\" \/>\n<script type=\"application\/ld+json\" class=\"yoast-schema-graph\">{\"@context\":\"https:\/\/schema.org\",\"@graph\":[{\"@type\":\"Article\",\"@id\":\"https:\/\/portaltela.pt\/noticias\/2026\/03\/07\/moradores-aguardam-solucao-da-metro-do-porto-para-sairem-debaixo-da-ponte\/#article\",\"isPartOf\":{\"@id\":\"https:\/\/portaltela.pt\/noticias\/2026\/03\/07\/moradores-aguardam-solucao-da-metro-do-porto-para-sairem-debaixo-da-ponte\/\"},\"author\":{\"name\":\"Telinha\",\"@id\":\"https:\/\/portaltela.pt\/#\/schema\/person\/c4278d4a6028830caff9ee44b42d32ed\"},\"headline\":\"Moradores aguardam solu\u00e7\u00e3o da Metro do Porto para sa\u00edrem debaixo da ponte\",\"datePublished\":\"2026-03-07T18:55:00+00:00\",\"mainEntityOfPage\":{\"@id\":\"https:\/\/portaltela.pt\/noticias\/2026\/03\/07\/moradores-aguardam-solucao-da-metro-do-porto-para-sairem-debaixo-da-ponte\/\"},\"wordCount\":168,\"image\":{\"@id\":\"https:\/\/portaltela.pt\/noticias\/2026\/03\/07\/moradores-aguardam-solucao-da-metro-do-porto-para-sairem-debaixo-da-ponte\/#primaryimage\"},\"thumbnailUrl\":\"https:\/\/portaltela.pt\/s.01k8rhncp4jt1\/2026\/03\/image-476.jpg\",\"keywords\":[\"desloca\u00e7\u00e3o\",\"mobilidade urbana\",\"obras\",\"Porto\",\"realojamento\",\"transporte\"],\"articleSection\":[\"Not\u00edcias\"],\"inLanguage\":\"pt-PT\"},{\"@type\":\"WebPage\",\"@id\":\"https:\/\/portaltela.pt\/noticias\/2026\/03\/07\/moradores-aguardam-solucao-da-metro-do-porto-para-sairem-debaixo-da-ponte\/\",\"url\":\"https:\/\/portaltela.pt\/noticias\/2026\/03\/07\/moradores-aguardam-solucao-da-metro-do-porto-para-sairem-debaixo-da-ponte\/\",\"name\":\"Moradores aguardam solu\u00e7\u00e3o da Metro do Porto para sa\u00edrem debaixo da ponte - Portal Tela Portugal\",\"isPartOf\":{\"@id\":\"https:\/\/portaltela.pt\/#website\"},\"primaryImageOfPage\":{\"@id\":\"https:\/\/portaltela.pt\/noticias\/2026\/03\/07\/moradores-aguardam-solucao-da-metro-do-porto-para-sairem-debaixo-da-ponte\/#primaryimage\"},\"image\":{\"@id\":\"https:\/\/portaltela.pt\/noticias\/2026\/03\/07\/moradores-aguardam-solucao-da-metro-do-porto-para-sairem-debaixo-da-ponte\/#primaryimage\"},\"thumbnailUrl\":\"https:\/\/portaltela.pt\/s.01k8rhncp4jt1\/2026\/03\/image-476.jpg\",\"datePublished\":\"2026-03-07T18:55:00+00:00\",\"author\":{\"@id\":\"https:\/\/portaltela.pt\/#\/schema\/person\/c4278d4a6028830caff9ee44b42d32ed\"},\"breadcrumb\":{\"@id\":\"https:\/\/portaltela.pt\/noticias\/2026\/03\/07\/moradores-aguardam-solucao-da-metro-do-porto-para-sairem-debaixo-da-ponte\/#breadcrumb\"},\"inLanguage\":\"pt-PT\",\"potentialAction\":[{\"@type\":\"ReadAction\",\"target\":[\"https:\/\/portaltela.pt\/noticias\/2026\/03\/07\/moradores-aguardam-solucao-da-metro-do-porto-para-sairem-debaixo-da-ponte\/\"]}]},{\"@type\":\"ImageObject\",\"inLanguage\":\"pt-PT\",\"@id\":\"https:\/\/portaltela.pt\/noticias\/2026\/03\/07\/moradores-aguardam-solucao-da-metro-do-porto-para-sairem-debaixo-da-ponte\/#primaryimage\",\"url\":\"https:\/\/portaltela.pt\/s.01k8rhncp4jt1\/2026\/03\/image-476.jpg\",\"contentUrl\":\"https:\/\/portaltela.pt\/s.01k8rhncp4jt1\/2026\/03\/image-476.jpg\",\"width\":796,\"height\":448,\"caption\":\"Avan\u00e7o do tabuleiro vai obrigar 14 fam\u00edlias a sair de casa temporariamente\"},{\"@type\":\"BreadcrumbList\",\"@id\":\"https:\/\/portaltela.pt\/noticias\/2026\/03\/07\/moradores-aguardam-solucao-da-metro-do-porto-para-sairem-debaixo-da-ponte\/#breadcrumb\",\"itemListElement\":[{\"@type\":\"ListItem\",\"position\":1,\"name\":\"In\u00edcio\",\"item\":\"https:\/\/portaltela.pt\/\"},{\"@type\":\"ListItem\",\"position\":2,\"name\":\"Moradores aguardam solu\u00e7\u00e3o da Metro do Porto para sa\u00edrem debaixo da ponte\"}]},{\"@type\":\"WebSite\",\"@id\":\"https:\/\/portaltela.pt\/#website\",\"url\":\"https:\/\/portaltela.pt\/\",\"name\":\"Portal Tela Portugal\",\"description\":\"\",\"potentialAction\":[{\"@type\":\"SearchAction\",\"target\":{\"@type\":\"EntryPoint\",\"urlTemplate\":\"https:\/\/portaltela.pt\/?s={search_term_string}\"},\"query-input\":{\"@type\":\"PropertyValueSpecification\",\"valueRequired\":true,\"valueName\":\"search_term_string\"}}],\"inLanguage\":\"pt-PT\"},{\"@type\":\"Person\",\"@id\":\"https:\/\/portaltela.pt\/#\/schema\/person\/c4278d4a6028830caff9ee44b42d32ed\",\"name\":\"Telinha\",\"image\":{\"@type\":\"ImageObject\",\"inLanguage\":\"pt-PT\",\"@id\":\"https:\/\/portaltela.pt\/s.01k8rhncp4jt1\/2025\/11\/talking-bot-125x125.png\",\"url\":\"https:\/\/portaltela.pt\/s.01k8rhncp4jt1\/2025\/11\/talking-bot-125x125.png\",\"contentUrl\":\"https:\/\/portaltela.pt\/s.01k8rhncp4jt1\/2025\/11\/talking-bot-125x125.png\",\"caption\":\"Telinha\"},\"sameAs\":[\"https:\/\/portaltela.pt\/\"],\"url\":\"https:\/\/portaltela.pt\/por\/367410592786\/\"}]}<\/script>\n<!-- \/ Yoast SEO plugin. -->","yoast_head_json":{"title":"Moradores aguardam solu\u00e7\u00e3o da Metro do Porto para sa\u00edrem debaixo da ponte - Portal Tela Portugal","robots":{"index":"index","follow":"follow","max-snippet":"max-snippet:-1","max-image-preview":"max-image-preview:large","max-video-preview":"max-video-preview:-1"},"og_locale":"pt_PT","og_type":"article","og_title":"Moradores aguardam solu\u00e7\u00e3o da Metro do Porto para sa\u00edrem debaixo da ponte - Portal Tela Portugal","og_description":"A CDU visitou o Bairro da Associa\u00e7\u00e3o de Moradores de Massarelos, no Porto, para perceber se j\u00e1 existe solu\u00e7\u00e3o para os moradores deslocados temporariamente. S\u00e3o 14 fam\u00edlias das entradas 16 e 28 que v\u00e3o abandonar as casas por quest\u00f5es de seguran\u00e7a devido \u00e0 constru\u00e7\u00e3o da Ponte Ferreirinha da linha Rubi do Metro. A ponte vai ligar o Porto a Gaia, com a Arr\u00e1bida \u00e0 vista. Ant\u00f3nio Pereira, morador h\u00e1 mais de 40 anos, diz ser uma das maiores v\u00edtimas por viver no \u00faltimo andar. Ainda n\u00e3o est\u00e1 definida uma solu\u00e7\u00e3o para o reassentamento dos moradores.","og_url":"https:\/\/portaltela.pt\/noticias\/2026\/03\/07\/moradores-aguardam-solucao-da-metro-do-porto-para-sairem-debaixo-da-ponte\/","og_site_name":"Portal Tela Portugal","article_published_time":"2026-03-07T18:55:00+00:00","author":"Telinha","twitter_card":"summary_large_image","twitter_misc":{"Escrito por":"Telinha","Tempo estimado de leitura":"1 minuto"},"schema":{"@context":"https:\/\/schema.org","@graph":[{"@type":"Article","@id":"https:\/\/portaltela.pt\/noticias\/2026\/03\/07\/moradores-aguardam-solucao-da-metro-do-porto-para-sairem-debaixo-da-ponte\/#article","isPartOf":{"@id":"https:\/\/portaltela.pt\/noticias\/2026\/03\/07\/moradores-aguardam-solucao-da-metro-do-porto-para-sairem-debaixo-da-ponte\/"},"author":{"name":"Telinha","@id":"https:\/\/portaltela.pt\/#\/schema\/person\/c4278d4a6028830caff9ee44b42d32ed"},"headline":"Moradores aguardam solu\u00e7\u00e3o da Metro do Porto para sa\u00edrem debaixo da ponte","datePublished":"2026-03-07T18:55:00+00:00","mainEntityOfPage":{"@id":"https:\/\/portaltela.pt\/noticias\/2026\/03\/07\/moradores-aguardam-solucao-da-metro-do-porto-para-sairem-debaixo-da-ponte\/"},"wordCount":168,"image":{"@id":"https:\/\/portaltela.pt\/noticias\/2026\/03\/07\/moradores-aguardam-solucao-da-metro-do-porto-para-sairem-debaixo-da-ponte\/#primaryimage"},"thumbnailUrl":"https:\/\/portaltela.pt\/s.01k8rhncp4jt1\/2026\/03\/image-476.jpg","keywords":["desloca\u00e7\u00e3o","mobilidade urbana","obras","Porto","realojamento","transporte"],"articleSection":["Not\u00edcias"],"inLanguage":"pt-PT"},{"@type":"WebPage","@id":"https:\/\/portaltela.pt\/noticias\/2026\/03\/07\/moradores-aguardam-solucao-da-metro-do-porto-para-sairem-debaixo-da-ponte\/","url":"https:\/\/portaltela.pt\/noticias\/2026\/03\/07\/moradores-aguardam-solucao-da-metro-do-porto-para-sairem-debaixo-da-ponte\/","name":"Moradores aguardam solu\u00e7\u00e3o da Metro do Porto para sa\u00edrem debaixo da ponte - Portal Tela Portugal","isPartOf":{"@id":"https:\/\/portaltela.pt\/#website"},"primaryImageOfPage":{"@id":"https:\/\/portaltela.pt\/noticias\/2026\/03\/07\/moradores-aguardam-solucao-da-metro-do-porto-para-sairem-debaixo-da-ponte\/#primaryimage"},"image":{"@id":"https:\/\/portaltela.pt\/noticias\/2026\/03\/07\/moradores-aguardam-solucao-da-metro-do-porto-para-sairem-debaixo-da-ponte\/#primaryimage"},"thumbnailUrl":"https:\/\/portaltela.pt\/s.01k8rhncp4jt1\/2026\/03\/image-476.jpg","datePublished":"2026-03-07T18:55:00+00:00","author":{"@id":"https:\/\/portaltela.pt\/#\/schema\/person\/c4278d4a6028830caff9ee44b42d32ed"},"breadcrumb":{"@id":"https:\/\/portaltela.pt\/noticias\/2026\/03\/07\/moradores-aguardam-solucao-da-metro-do-porto-para-sairem-debaixo-da-ponte\/#breadcrumb"},"inLanguage":"pt-PT","potentialAction":[{"@type":"ReadAction","target":["https:\/\/portaltela.pt\/noticias\/2026\/03\/07\/moradores-aguardam-solucao-da-metro-do-porto-para-sairem-debaixo-da-ponte\/"]}]},{"@type":"ImageObject","inLanguage":"pt-PT","@id":"https:\/\/portaltela.pt\/noticias\/2026\/03\/07\/moradores-aguardam-solucao-da-metro-do-porto-para-sairem-debaixo-da-ponte\/#primaryimage","url":"https:\/\/portaltela.pt\/s.01k8rhncp4jt1\/2026\/03\/image-476.jpg","contentUrl":"https:\/\/portaltela.pt\/s.01k8rhncp4jt1\/2026\/03\/image-476.jpg","width":796,"height":448,"caption":"Avan\u00e7o do tabuleiro vai obrigar 14 fam\u00edlias a sair de casa temporariamente"},{"@type":"BreadcrumbList","@id":"https:\/\/portaltela.pt\/noticias\/2026\/03\/07\/moradores-aguardam-solucao-da-metro-do-porto-para-sairem-debaixo-da-ponte\/#breadcrumb","itemListElement":[{"@type":"ListItem","position":1,"name":"In\u00edcio","item":"https:\/\/portaltela.pt\/"},{"@type":"ListItem","position":2,"name":"Moradores aguardam solu\u00e7\u00e3o da Metro do Porto para sa\u00edrem debaixo da ponte"}]},{"@type":"WebSite","@id":"https:\/\/portaltela.pt\/#website","url":"https:\/\/portaltela.pt\/","name":"Portal Tela Portugal","description":"","potentialAction":[{"@type":"SearchAction","target":{"@type":"EntryPoint","urlTemplate":"https:\/\/portaltela.pt\/?s={search_term_string}"},"query-input":{"@type":"PropertyValueSpecification","valueRequired":true,"valueName":"search_term_string"}}],"inLanguage":"pt-PT"},{"@type":"Person","@id":"https:\/\/portaltela.pt\/#\/schema\/person\/c4278d4a6028830caff9ee44b42d32ed","name":"Telinha","image":{"@type":"ImageObject","inLanguage":"pt-PT","@id":"https:\/\/portaltela.pt\/s.01k8rhncp4jt1\/2025\/11\/talking-bot-125x125.png","url":"https:\/\/portaltela.pt\/s.01k8rhncp4jt1\/2025\/11\/talking-bot-125x125.png","contentUrl":"https:\/\/portaltela.pt\/s.01k8rhncp4jt1\/2025\/11\/talking-bot-125x125.png","caption":"Telinha"},"sameAs":["https:\/\/portaltela.pt\/"],"url":"https:\/\/portaltela.pt\/por\/367410592786\/"}]}},"_links":{"self":[{"href":"https:\/\/portaltela.pt\/api\/wp\/v2\/posts\/401655","targetHints":{"allow":["GET"]}}],"collection":[{"href":"https:\/\/portaltela.pt\/api\/wp\/v2\/posts"}],"about":[{"href":"https:\/\/portaltela.pt\/api\/wp\/v2\/types\/post"}],"author":[{"embeddable":true,"href":"https:\/\/portaltela.pt\/api\/wp\/v2\/users\/2"}],"replies":[{"embeddable":true,"href":"https:\/\/portaltela.pt\/api\/wp\/v2\/comments?post=401655"}],"version-history":[{"count":0,"href":"https:\/\/portaltela.pt\/api\/wp\/v2\/posts\/401655\/revisions"}],"wp:featuredmedia":[{"embeddable":true,"href":"https:\/\/portaltela.pt\/api\/wp\/v2\/media\/401657"}],"wp:attachment":[{"href":"https:\/\/portaltela.pt\/api\/wp\/v2\/media?parent=401655"}],"wp:term":[{"taxonomy":"category","embeddable":true,"href":"https:\/\/portaltela.pt\/api\/wp\/v2\/categories?post=401655"},{"taxonomy":"post_tag","embeddable":true,"href":"https:\/\/portaltela.pt\/api\/wp\/v2\/tags?post=401655"}],"curies":[{"name":"wp","href":"https:\/\/api.w.org\/{rel}","templated":true}]}}