{"id":401641,"date":"2026-03-07T15:41:17","date_gmt":"2026-03-07T18:41:17","guid":{"rendered":"https:\/\/portaltela.pt\/noticias\/2026\/03\/07\/lourenco-pereira-coelho-inicia-funcoes-na-federacao-portuguesa-de-futebol\/"},"modified":"2026-03-07T15:41:17","modified_gmt":"2026-03-07T18:41:17","slug":"lourenco-pereira-coelho-inicia-funcoes-na-federacao-portuguesa-de-futebol","status":"publish","type":"post","link":"https:\/\/portaltela.pt\/desporto\/futebol\/2026\/03\/07\/lourenco-pereira-coelho-inicia-funcoes-na-federacao-portuguesa-de-futebol\/","title":{"rendered":"Louren\u00e7o Pereira Coelho inicia fun\u00e7\u00f5es na Federa\u00e7\u00e3o Portuguesa de Futebol"},"content":{"rendered":"<p>Louren\u00e7o Pereira Coelho iniciou fun\u00e7\u00f5es na Federa\u00e7\u00e3o Portuguesa de Futebol, assumindo o cargo de diretor executivo com o pelouro das Sele\u00e7\u00f5es Nacionais. O objetivo \u00e9 integrar a rela\u00e7\u00e3o entre o Presidente da FPF e a estrutura das Sele\u00e7\u00f5es.<\/p>\n<p>O ex-diretor geral de futebol do Benfica ser\u00e1 o principal elo entre a presid\u00eancia e as equipas, trabalhando na reestrutura\u00e7\u00e3o do edif\u00edcio organizacional das sele\u00e7\u00f5es para a pr\u00f3xima \u00e9poca.<\/p>\n<p>Hoje, Louren\u00e7o Pereira Coelho assistiu ao Portugal-Eslov\u00e1quia, a contar para a qualifica\u00e7\u00e3o para o Campeonato do Mundo Feminino, acompanhado de Pedro Proen\u00e7a. Tamb\u00e9m estiveram presentes Toni, Domingos Paci\u00eancia e Daniel Carri\u00e7o.<\/p>\n<h3>Novo diretor executivo e reestrutura\u00e7\u00e3o<\/h3>\n<p>A dupla Pereira Coelho-Proen\u00e7a est\u00e1 a coordenar a avalia\u00e7\u00e3o de quadros, fun\u00e7\u00f5es e fluxos de trabalho, com foco na melhoria da coordena\u00e7\u00e3o entre as sele\u00e7\u00f5es nacionais e os diferentes departamentos da FPF.<\/p>\n<p>A presen\u00e7a de Pereira Coelho nos encontros envolvendo as sele\u00e7\u00f5es dever\u00e1 intensificar-se nas pr\u00f3ximas partidas, refor\u00e7ando a liga\u00e7\u00e3o entre a dire\u00e7\u00e3o e as equipas, segundo fontes oficiais da Federa\u00e7\u00e3o.<\/p>\n","protected":false},"excerpt":{"rendered":"<ul>\n<li>Louren\u00e7o Pereira Coelho iniciou fun\u00e7\u00f5es na Federa\u00e7\u00e3o Portuguesa de Futebol como diretor executivo com o pelouro das Sele\u00e7\u00f5es Nacionais.<\/li>\n<li>Vai atuar como principal elo entre o presidente da FPF e a estrutura das Sele\u00e7\u00f5es, preparando uma reestrutura\u00e7\u00e3o do edif\u00edcio organizacional para a pr\u00f3xima \u00e9poca.<\/li>\n<li>A posi\u00e7\u00e3o foi assumida ao lado de Pedro Proen\u00e7a, com ambos a trabalharem na reordena\u00e7\u00e3o da estrutura.<\/li>\n<li>Hoje esteve a assistir ao Portugal-Eslov\u00e1quia, jogo da qualifica\u00e7\u00e3o para o Campeonato do Mundo Feminino, acompanhado de Proen\u00e7a.<\/li>\n<li>A acompanharam-no na bancada os diretores Toni, Domingos Paci\u00eancia e Daniel Carri\u00e7o.<\/li>\n<\/ul>\n","protected":false},"author":2,"featured_media":401648,"comment_status":"closed","ping_status":"closed","sticky":false,"template":"","format":"standard","meta":{"footnotes":""},"categories":[21,24],"tags":[1946,2705,32,6797,1014,2057],"class_list":["post-401641","post","type-post","status-publish","format-standard","has-post-thumbnail","hentry","category-desporto","category-futebol","tag-benfica","tag-federacao-portuguesa-de-futebol","tag-futebol","tag-pedro-proenca","tag-portugal","tag-selecao-nacional"],"yoast_head":"<!-- This site is optimized with the Yoast SEO plugin v27.2 - https:\/\/yoast.com\/product\/yoast-seo-wordpress\/ -->\n<title>Louren\u00e7o Pereira Coelho inicia fun\u00e7\u00f5es na Federa\u00e7\u00e3o Portuguesa de Futebol - Portal Tela Portugal<\/title>\n<meta name=\"robots\" content=\"index, follow, max-snippet:-1, max-image-preview:large, max-video-preview:-1\" \/>\n<meta property=\"og:locale\" content=\"pt_PT\" \/>\n<meta property=\"og:type\" content=\"article\" \/>\n<meta property=\"og:title\" content=\"Louren\u00e7o Pereira Coelho inicia fun\u00e7\u00f5es na Federa\u00e7\u00e3o Portuguesa de Futebol - Portal Tela Portugal\" \/>\n<meta property=\"og:description\" content=\"Louren\u00e7o Pereira Coelho iniciou fun\u00e7\u00f5es na Federa\u00e7\u00e3o Portuguesa de Futebol como diretor executivo com o pelouro das Sele\u00e7\u00f5es Nacionais. Vai atuar como principal elo entre o presidente da FPF e a estrutura das Sele\u00e7\u00f5es, preparando uma reestrutura\u00e7\u00e3o do edif\u00edcio organizacional para a pr\u00f3xima \u00e9poca. A posi\u00e7\u00e3o foi assumida ao lado de Pedro Proen\u00e7a, com ambos a trabalharem na reordena\u00e7\u00e3o da estrutura. Hoje esteve a assistir ao Portugal-Eslov\u00e1quia, jogo da qualifica\u00e7\u00e3o para o Campeonato do Mundo Feminino, acompanhado de Proen\u00e7a. A acompanharam-no na bancada os diretores Toni, Domingos Paci\u00eancia e Daniel Carri\u00e7o.\" \/>\n<meta property=\"og:url\" content=\"https:\/\/portaltela.pt\/noticias\/2026\/03\/07\/lourenco-pereira-coelho-inicia-funcoes-na-federacao-portuguesa-de-futebol\/\" \/>\n<meta property=\"og:site_name\" content=\"Portal Tela Portugal\" \/>\n<meta property=\"article:published_time\" content=\"2026-03-07T18:41:17+00:00\" \/>\n<meta name=\"author\" content=\"Telinha\" \/>\n<meta name=\"twitter:card\" content=\"summary_large_image\" \/>\n<meta name=\"twitter:label1\" content=\"Escrito por\" \/>\n\t<meta name=\"twitter:data1\" content=\"Telinha\" \/>\n\t<meta name=\"twitter:label2\" content=\"Tempo estimado de leitura\" \/>\n\t<meta name=\"twitter:data2\" content=\"1 minuto\" \/>\n<script type=\"application\/ld+json\" class=\"yoast-schema-graph\">{\"@context\":\"https:\/\/schema.org\",\"@graph\":[{\"@type\":\"Article\",\"@id\":\"https:\/\/portaltela.pt\/noticias\/2026\/03\/07\/lourenco-pereira-coelho-inicia-funcoes-na-federacao-portuguesa-de-futebol\/#article\",\"isPartOf\":{\"@id\":\"https:\/\/portaltela.pt\/noticias\/2026\/03\/07\/lourenco-pereira-coelho-inicia-funcoes-na-federacao-portuguesa-de-futebol\/\"},\"author\":{\"name\":\"Telinha\",\"@id\":\"https:\/\/portaltela.pt\/#\/schema\/person\/c4278d4a6028830caff9ee44b42d32ed\"},\"headline\":\"Louren\u00e7o Pereira Coelho inicia fun\u00e7\u00f5es na Federa\u00e7\u00e3o Portuguesa de Futebol\",\"datePublished\":\"2026-03-07T18:41:17+00:00\",\"mainEntityOfPage\":{\"@id\":\"https:\/\/portaltela.pt\/noticias\/2026\/03\/07\/lourenco-pereira-coelho-inicia-funcoes-na-federacao-portuguesa-de-futebol\/\"},\"wordCount\":207,\"image\":{\"@id\":\"https:\/\/portaltela.pt\/noticias\/2026\/03\/07\/lourenco-pereira-coelho-inicia-funcoes-na-federacao-portuguesa-de-futebol\/#primaryimage\"},\"thumbnailUrl\":\"https:\/\/portaltela.pt\/s.01k8rhncp4jt1\/2026\/03\/img_920x518uu2026-03-07-18-40-13-2425498-im-639085056334313448.jpg\",\"keywords\":[\"Benfica\",\"Federa\u00e7\u00e3o Portuguesa de Futebol\",\"futebol\",\"Pedro Proen\u00e7a\",\"Portugal\",\"Sele\u00e7\u00e3o Nacional\"],\"articleSection\":[\"Desporto\",\"Futebol\"],\"inLanguage\":\"pt-PT\"},{\"@type\":\"WebPage\",\"@id\":\"https:\/\/portaltela.pt\/noticias\/2026\/03\/07\/lourenco-pereira-coelho-inicia-funcoes-na-federacao-portuguesa-de-futebol\/\",\"url\":\"https:\/\/portaltela.pt\/noticias\/2026\/03\/07\/lourenco-pereira-coelho-inicia-funcoes-na-federacao-portuguesa-de-futebol\/\",\"name\":\"Louren\u00e7o Pereira Coelho inicia fun\u00e7\u00f5es na Federa\u00e7\u00e3o Portuguesa de Futebol - Portal Tela Portugal\",\"isPartOf\":{\"@id\":\"https:\/\/portaltela.pt\/#website\"},\"primaryImageOfPage\":{\"@id\":\"https:\/\/portaltela.pt\/noticias\/2026\/03\/07\/lourenco-pereira-coelho-inicia-funcoes-na-federacao-portuguesa-de-futebol\/#primaryimage\"},\"image\":{\"@id\":\"https:\/\/portaltela.pt\/noticias\/2026\/03\/07\/lourenco-pereira-coelho-inicia-funcoes-na-federacao-portuguesa-de-futebol\/#primaryimage\"},\"thumbnailUrl\":\"https:\/\/portaltela.pt\/s.01k8rhncp4jt1\/2026\/03\/img_920x518uu2026-03-07-18-40-13-2425498-im-639085056334313448.jpg\",\"datePublished\":\"2026-03-07T18:41:17+00:00\",\"author\":{\"@id\":\"https:\/\/portaltela.pt\/#\/schema\/person\/c4278d4a6028830caff9ee44b42d32ed\"},\"breadcrumb\":{\"@id\":\"https:\/\/portaltela.pt\/noticias\/2026\/03\/07\/lourenco-pereira-coelho-inicia-funcoes-na-federacao-portuguesa-de-futebol\/#breadcrumb\"},\"inLanguage\":\"pt-PT\",\"potentialAction\":[{\"@type\":\"ReadAction\",\"target\":[\"https:\/\/portaltela.pt\/noticias\/2026\/03\/07\/lourenco-pereira-coelho-inicia-funcoes-na-federacao-portuguesa-de-futebol\/\"]}]},{\"@type\":\"ImageObject\",\"inLanguage\":\"pt-PT\",\"@id\":\"https:\/\/portaltela.pt\/noticias\/2026\/03\/07\/lourenco-pereira-coelho-inicia-funcoes-na-federacao-portuguesa-de-futebol\/#primaryimage\",\"url\":\"https:\/\/portaltela.pt\/s.01k8rhncp4jt1\/2026\/03\/img_920x518uu2026-03-07-18-40-13-2425498-im-639085056334313448.jpg\",\"contentUrl\":\"https:\/\/portaltela.pt\/s.01k8rhncp4jt1\/2026\/03\/img_920x518uu2026-03-07-18-40-13-2425498-im-639085056334313448.jpg\",\"width\":796,\"height\":448,\"caption\":\"Louren\u00e7o Pereira Coelho ao lado de Pedro Proen\u00e7a\"},{\"@type\":\"BreadcrumbList\",\"@id\":\"https:\/\/portaltela.pt\/noticias\/2026\/03\/07\/lourenco-pereira-coelho-inicia-funcoes-na-federacao-portuguesa-de-futebol\/#breadcrumb\",\"itemListElement\":[{\"@type\":\"ListItem\",\"position\":1,\"name\":\"In\u00edcio\",\"item\":\"https:\/\/portaltela.pt\/\"},{\"@type\":\"ListItem\",\"position\":2,\"name\":\"Louren\u00e7o Pereira Coelho inicia fun\u00e7\u00f5es na Federa\u00e7\u00e3o Portuguesa de Futebol\"}]},{\"@type\":\"WebSite\",\"@id\":\"https:\/\/portaltela.pt\/#website\",\"url\":\"https:\/\/portaltela.pt\/\",\"name\":\"Portal Tela Portugal\",\"description\":\"\",\"potentialAction\":[{\"@type\":\"SearchAction\",\"target\":{\"@type\":\"EntryPoint\",\"urlTemplate\":\"https:\/\/portaltela.pt\/?s={search_term_string}\"},\"query-input\":{\"@type\":\"PropertyValueSpecification\",\"valueRequired\":true,\"valueName\":\"search_term_string\"}}],\"inLanguage\":\"pt-PT\"},{\"@type\":\"Person\",\"@id\":\"https:\/\/portaltela.pt\/#\/schema\/person\/c4278d4a6028830caff9ee44b42d32ed\",\"name\":\"Telinha\",\"image\":{\"@type\":\"ImageObject\",\"inLanguage\":\"pt-PT\",\"@id\":\"https:\/\/portaltela.pt\/s.01k8rhncp4jt1\/2025\/11\/talking-bot-125x125.png\",\"url\":\"https:\/\/portaltela.pt\/s.01k8rhncp4jt1\/2025\/11\/talking-bot-125x125.png\",\"contentUrl\":\"https:\/\/portaltela.pt\/s.01k8rhncp4jt1\/2025\/11\/talking-bot-125x125.png\",\"caption\":\"Telinha\"},\"sameAs\":[\"https:\/\/portaltela.pt\/\"],\"url\":\"https:\/\/portaltela.pt\/por\/367410592786\/\"}]}<\/script>\n<!-- \/ Yoast SEO plugin. -->","yoast_head_json":{"title":"Louren\u00e7o Pereira Coelho inicia fun\u00e7\u00f5es na Federa\u00e7\u00e3o Portuguesa de Futebol - Portal Tela Portugal","robots":{"index":"index","follow":"follow","max-snippet":"max-snippet:-1","max-image-preview":"max-image-preview:large","max-video-preview":"max-video-preview:-1"},"og_locale":"pt_PT","og_type":"article","og_title":"Louren\u00e7o Pereira Coelho inicia fun\u00e7\u00f5es na Federa\u00e7\u00e3o Portuguesa de Futebol - Portal Tela Portugal","og_description":"Louren\u00e7o Pereira Coelho iniciou fun\u00e7\u00f5es na Federa\u00e7\u00e3o Portuguesa de Futebol como diretor executivo com o pelouro das Sele\u00e7\u00f5es Nacionais. Vai atuar como principal elo entre o presidente da FPF e a estrutura das Sele\u00e7\u00f5es, preparando uma reestrutura\u00e7\u00e3o do edif\u00edcio organizacional para a pr\u00f3xima \u00e9poca. A posi\u00e7\u00e3o foi assumida ao lado de Pedro Proen\u00e7a, com ambos a trabalharem na reordena\u00e7\u00e3o da estrutura. Hoje esteve a assistir ao Portugal-Eslov\u00e1quia, jogo da qualifica\u00e7\u00e3o para o Campeonato do Mundo Feminino, acompanhado de Proen\u00e7a. A acompanharam-no na bancada os diretores Toni, Domingos Paci\u00eancia e Daniel Carri\u00e7o.","og_url":"https:\/\/portaltela.pt\/noticias\/2026\/03\/07\/lourenco-pereira-coelho-inicia-funcoes-na-federacao-portuguesa-de-futebol\/","og_site_name":"Portal Tela Portugal","article_published_time":"2026-03-07T18:41:17+00:00","author":"Telinha","twitter_card":"summary_large_image","twitter_misc":{"Escrito por":"Telinha","Tempo estimado de leitura":"1 minuto"},"schema":{"@context":"https:\/\/schema.org","@graph":[{"@type":"Article","@id":"https:\/\/portaltela.pt\/noticias\/2026\/03\/07\/lourenco-pereira-coelho-inicia-funcoes-na-federacao-portuguesa-de-futebol\/#article","isPartOf":{"@id":"https:\/\/portaltela.pt\/noticias\/2026\/03\/07\/lourenco-pereira-coelho-inicia-funcoes-na-federacao-portuguesa-de-futebol\/"},"author":{"name":"Telinha","@id":"https:\/\/portaltela.pt\/#\/schema\/person\/c4278d4a6028830caff9ee44b42d32ed"},"headline":"Louren\u00e7o Pereira Coelho inicia fun\u00e7\u00f5es na Federa\u00e7\u00e3o Portuguesa de Futebol","datePublished":"2026-03-07T18:41:17+00:00","mainEntityOfPage":{"@id":"https:\/\/portaltela.pt\/noticias\/2026\/03\/07\/lourenco-pereira-coelho-inicia-funcoes-na-federacao-portuguesa-de-futebol\/"},"wordCount":207,"image":{"@id":"https:\/\/portaltela.pt\/noticias\/2026\/03\/07\/lourenco-pereira-coelho-inicia-funcoes-na-federacao-portuguesa-de-futebol\/#primaryimage"},"thumbnailUrl":"https:\/\/portaltela.pt\/s.01k8rhncp4jt1\/2026\/03\/img_920x518uu2026-03-07-18-40-13-2425498-im-639085056334313448.jpg","keywords":["Benfica","Federa\u00e7\u00e3o Portuguesa de Futebol","futebol","Pedro Proen\u00e7a","Portugal","Sele\u00e7\u00e3o Nacional"],"articleSection":["Desporto","Futebol"],"inLanguage":"pt-PT"},{"@type":"WebPage","@id":"https:\/\/portaltela.pt\/noticias\/2026\/03\/07\/lourenco-pereira-coelho-inicia-funcoes-na-federacao-portuguesa-de-futebol\/","url":"https:\/\/portaltela.pt\/noticias\/2026\/03\/07\/lourenco-pereira-coelho-inicia-funcoes-na-federacao-portuguesa-de-futebol\/","name":"Louren\u00e7o Pereira Coelho inicia fun\u00e7\u00f5es na Federa\u00e7\u00e3o Portuguesa de Futebol - Portal Tela Portugal","isPartOf":{"@id":"https:\/\/portaltela.pt\/#website"},"primaryImageOfPage":{"@id":"https:\/\/portaltela.pt\/noticias\/2026\/03\/07\/lourenco-pereira-coelho-inicia-funcoes-na-federacao-portuguesa-de-futebol\/#primaryimage"},"image":{"@id":"https:\/\/portaltela.pt\/noticias\/2026\/03\/07\/lourenco-pereira-coelho-inicia-funcoes-na-federacao-portuguesa-de-futebol\/#primaryimage"},"thumbnailUrl":"https:\/\/portaltela.pt\/s.01k8rhncp4jt1\/2026\/03\/img_920x518uu2026-03-07-18-40-13-2425498-im-639085056334313448.jpg","datePublished":"2026-03-07T18:41:17+00:00","author":{"@id":"https:\/\/portaltela.pt\/#\/schema\/person\/c4278d4a6028830caff9ee44b42d32ed"},"breadcrumb":{"@id":"https:\/\/portaltela.pt\/noticias\/2026\/03\/07\/lourenco-pereira-coelho-inicia-funcoes-na-federacao-portuguesa-de-futebol\/#breadcrumb"},"inLanguage":"pt-PT","potentialAction":[{"@type":"ReadAction","target":["https:\/\/portaltela.pt\/noticias\/2026\/03\/07\/lourenco-pereira-coelho-inicia-funcoes-na-federacao-portuguesa-de-futebol\/"]}]},{"@type":"ImageObject","inLanguage":"pt-PT","@id":"https:\/\/portaltela.pt\/noticias\/2026\/03\/07\/lourenco-pereira-coelho-inicia-funcoes-na-federacao-portuguesa-de-futebol\/#primaryimage","url":"https:\/\/portaltela.pt\/s.01k8rhncp4jt1\/2026\/03\/img_920x518uu2026-03-07-18-40-13-2425498-im-639085056334313448.jpg","contentUrl":"https:\/\/portaltela.pt\/s.01k8rhncp4jt1\/2026\/03\/img_920x518uu2026-03-07-18-40-13-2425498-im-639085056334313448.jpg","width":796,"height":448,"caption":"Louren\u00e7o Pereira Coelho ao lado de Pedro Proen\u00e7a"},{"@type":"BreadcrumbList","@id":"https:\/\/portaltela.pt\/noticias\/2026\/03\/07\/lourenco-pereira-coelho-inicia-funcoes-na-federacao-portuguesa-de-futebol\/#breadcrumb","itemListElement":[{"@type":"ListItem","position":1,"name":"In\u00edcio","item":"https:\/\/portaltela.pt\/"},{"@type":"ListItem","position":2,"name":"Louren\u00e7o Pereira Coelho inicia fun\u00e7\u00f5es na Federa\u00e7\u00e3o Portuguesa de Futebol"}]},{"@type":"WebSite","@id":"https:\/\/portaltela.pt\/#website","url":"https:\/\/portaltela.pt\/","name":"Portal Tela Portugal","description":"","potentialAction":[{"@type":"SearchAction","target":{"@type":"EntryPoint","urlTemplate":"https:\/\/portaltela.pt\/?s={search_term_string}"},"query-input":{"@type":"PropertyValueSpecification","valueRequired":true,"valueName":"search_term_string"}}],"inLanguage":"pt-PT"},{"@type":"Person","@id":"https:\/\/portaltela.pt\/#\/schema\/person\/c4278d4a6028830caff9ee44b42d32ed","name":"Telinha","image":{"@type":"ImageObject","inLanguage":"pt-PT","@id":"https:\/\/portaltela.pt\/s.01k8rhncp4jt1\/2025\/11\/talking-bot-125x125.png","url":"https:\/\/portaltela.pt\/s.01k8rhncp4jt1\/2025\/11\/talking-bot-125x125.png","contentUrl":"https:\/\/portaltela.pt\/s.01k8rhncp4jt1\/2025\/11\/talking-bot-125x125.png","caption":"Telinha"},"sameAs":["https:\/\/portaltela.pt\/"],"url":"https:\/\/portaltela.pt\/por\/367410592786\/"}]}},"_links":{"self":[{"href":"https:\/\/portaltela.pt\/api\/wp\/v2\/posts\/401641","targetHints":{"allow":["GET"]}}],"collection":[{"href":"https:\/\/portaltela.pt\/api\/wp\/v2\/posts"}],"about":[{"href":"https:\/\/portaltela.pt\/api\/wp\/v2\/types\/post"}],"author":[{"embeddable":true,"href":"https:\/\/portaltela.pt\/api\/wp\/v2\/users\/2"}],"replies":[{"embeddable":true,"href":"https:\/\/portaltela.pt\/api\/wp\/v2\/comments?post=401641"}],"version-history":[{"count":0,"href":"https:\/\/portaltela.pt\/api\/wp\/v2\/posts\/401641\/revisions"}],"wp:featuredmedia":[{"embeddable":true,"href":"https:\/\/portaltela.pt\/api\/wp\/v2\/media\/401648"}],"wp:attachment":[{"href":"https:\/\/portaltela.pt\/api\/wp\/v2\/media?parent=401641"}],"wp:term":[{"taxonomy":"category","embeddable":true,"href":"https:\/\/portaltela.pt\/api\/wp\/v2\/categories?post=401641"},{"taxonomy":"post_tag","embeddable":true,"href":"https:\/\/portaltela.pt\/api\/wp\/v2\/tags?post=401641"}],"curies":[{"name":"wp","href":"https:\/\/api.w.org\/{rel}","templated":true}]}}