{"id":401626,"date":"2026-03-07T15:17:00","date_gmt":"2026-03-07T18:17:00","guid":{"rendered":"https:\/\/portaltela.pt\/noticias\/2026\/03\/07\/despedida-de-lobo-antunes-junto-a-camoes-com-risos-e-lagrimas\/"},"modified":"2026-03-07T15:17:00","modified_gmt":"2026-03-07T18:17:00","slug":"despedida-de-lobo-antunes-junto-a-camoes-com-risos-e-lagrimas","status":"publish","type":"post","link":"https:\/\/portaltela.pt\/noticias\/politica\/2026\/03\/07\/despedida-de-lobo-antunes-junto-a-camoes-com-risos-e-lagrimas\/","title":{"rendered":"Despedida de Lobo Antunes junto a Cam\u00f5es com risos e l\u00e1grimas"},"content":{"rendered":"<p>Ant\u00f3nio Lobo Antunes foi lembrado este s\u00e1bado num funeral realizado no Mosteiro dos Jer\u00f3nimos, em Lisboa, cumprindo o desejo do escritor de estar pr\u00f3ximo de Cam\u00f5es, cuja tumba fica no monumento. A cerim\u00f3nia aconteceu numa manh\u00e3 soalheira e contou com uma homenagem que incluiu o hino do Benfica, clube de que o autor era adepto, e o aplauso da assist\u00eancia \u00e0 sa\u00edda da urna.<\/p>\n<p>Desde cedo, familiares, amigos e admiradores estiveram reunidos na \u00e1rea externa do Mosteiro, junto ao t\u00famulo de Lu\u00eds de Cam\u00f5es, para acompanhar a cerim\u00f3nia religiosa. Dentro da igreja, irm\u00e3os, filhas e netos recordaram Lobo Antunes, que faleceu na quinta-feira aos 83 anos, encerrando uma vida marcada pela atividade liter\u00e1ria desde o final do s\u00e9culo XX.<\/p>\n<p>Ao longo da celebra\u00e7\u00e3o, foram partilhadas mem\u00f3rias e leituras, incluindo um poema escolhido pelo escritor que refletiu sobre o descanso do cora\u00e7\u00e3o. A interven\u00e7\u00e3o do presidente da Rep\u00fablica, Marcelo Rebelo de Sousa, destacou o papel de Lobo Antunes como s\u00edmbolo de um Portugal aberto, fraterno e universal, num acto de homenagem que se prolongou para al\u00e9m da missa.<\/p>\n<h3>Cerim\u00f3nia de corpo presente e elementos da organiza\u00e7\u00e3o<\/h3>\n<p>A cerim\u00f3nia teve a dura\u00e7\u00e3o de cerca de duas horas, com a presen\u00e7a de diversas figuras pol\u00edticas, culturais e do mundo das letras. Entre os nomes citados estiveram Margarida Balseiro Lopes, ministra respons\u00e1vel pela Cultura, Juventude e Desporto, Carlos Moedas, presidente da C\u00e2mara Municipal de Lisboa, e Manuela Ramalho Eanes, ex-primeira dama. V\u00e1rias personalidades de diversos quadrantes pol\u00edticos acompanharam o vel\u00f3rio.<\/p>\n<p>O funeral prosseguiu depois para o cemit\u00e9rio de Benfica, onde a urna foi Transportada sob o calor de v\u00e1rias manifesta\u00e7\u00e3o de respeito. Ao longo do evento, foram ressaltadas as conquistas de Lobo Antunes, incluindo o Pr\u00e9mio Cam\u00f5es em 2007 e distintas condecora\u00e7\u00f5es nacionais e internacionais pela sua obra e contributos para a cultura portuguesa.<\/p>\n<h3>Legado e presen\u00e7a de fam\u00edlia<\/h3>\n<p>O patrim\u00f3nio liter\u00e1rio de Lobo Antunes foi lembrado por figuras p\u00fablicas e colegas de profiss\u00e3o, incluindo os escritores Afonso Reis Cabral, Margarida Rebelo Pinto e Rui Cardoso Martins, bem como atrizes como Maria Rueff. Entre os membros da fam\u00edlia, os netos recordaram a singularidade de cada momento passado com o av\u00f4, que passou as \u00faltimas horas rodeado pelos seus.<\/p>\n","protected":false},"excerpt":{"rendered":"<ul>\n<li>Familiares, amigos e admiradores despediram-se de Ant\u00f3nio Lobo Antunes no Mosteiro dos Jer\u00f3nimos, junto ao t\u00famulo de Cam\u00f5es, num dia soalheiro em Lisboa.<\/li>\n<li>A cerim\u00f3nia durou cerca de duas horas, com a leitura de um poema escolhido pelo escritor e lembran\u00e7as da sua rela\u00e7\u00e3o com a fam\u00edlia.<\/li>\n<li>A urna foi retirando-se do templo ao som de aplausos e do hino do Benfica, clube do qual o escritor era adepto, ap\u00f3s a interven\u00e7\u00e3o de v\u00e1rias personalidades.<\/li>\n<li>O presidente da Rep\u00fablica, Marcelo Rebelo de Sousa, elogiou o escritor como s\u00edmbolo de uma identidade de Portugal aberto e universal.<\/li>\n<li>O cortejo seguiu para o cemit\u00e9rio de Benfica, com a presen\u00e7a de v\u00e1rias figuras pol\u00edticas e do meio cultural, incluindo Margarida Balseiro Lopes e Manuela Ramalho Eanes.<\/li>\n<\/ul>\n","protected":false},"author":2,"featured_media":401627,"comment_status":"closed","ping_status":"closed","sticky":false,"template":"","format":"standard","meta":{"footnotes":""},"categories":[1,5],"tags":[2606,145,6654,148,981,6658],"class_list":["post-401626","post","type-post","status-publish","format-standard","has-post-thumbnail","hentry","category-noticias","category-politica","tag-camoes","tag-cultura","tag-escritores","tag-familias","tag-lisboa","tag-premio-camoes"],"yoast_head":"<!-- This site is optimized with the Yoast SEO plugin v27.2 - https:\/\/yoast.com\/product\/yoast-seo-wordpress\/ -->\n<title>Despedida de Lobo Antunes junto a Cam\u00f5es com risos e l\u00e1grimas - Portal Tela Portugal<\/title>\n<meta name=\"robots\" content=\"index, follow, max-snippet:-1, max-image-preview:large, max-video-preview:-1\" \/>\n<meta property=\"og:locale\" content=\"pt_PT\" \/>\n<meta property=\"og:type\" content=\"article\" \/>\n<meta property=\"og:title\" content=\"Despedida de Lobo Antunes junto a Cam\u00f5es com risos e l\u00e1grimas - Portal Tela Portugal\" \/>\n<meta property=\"og:description\" content=\"Familiares, amigos e admiradores despediram-se de Ant\u00f3nio Lobo Antunes no Mosteiro dos Jer\u00f3nimos, junto ao t\u00famulo de Cam\u00f5es, num dia soalheiro em Lisboa. A cerim\u00f3nia durou cerca de duas horas, com a leitura de um poema escolhido pelo escritor e lembran\u00e7as da sua rela\u00e7\u00e3o com a fam\u00edlia. A urna foi retirando-se do templo ao som de aplausos e do hino do Benfica, clube do qual o escritor era adepto, ap\u00f3s a interven\u00e7\u00e3o de v\u00e1rias personalidades. O presidente da Rep\u00fablica, Marcelo Rebelo de Sousa, elogiou o escritor como s\u00edmbolo de uma identidade de Portugal aberto e universal. O cortejo seguiu para o cemit\u00e9rio de Benfica, com a presen\u00e7a de v\u00e1rias figuras pol\u00edticas e do meio cultural, incluindo Margarida Balseiro Lopes e Manuela Ramalho Eanes.\" \/>\n<meta property=\"og:url\" content=\"https:\/\/portaltela.pt\/noticias\/2026\/03\/07\/despedida-de-lobo-antunes-junto-a-camoes-com-risos-e-lagrimas\/\" \/>\n<meta property=\"og:site_name\" content=\"Portal Tela Portugal\" \/>\n<meta property=\"article:published_time\" content=\"2026-03-07T18:17:00+00:00\" \/>\n<meta name=\"author\" content=\"Telinha\" \/>\n<meta name=\"twitter:card\" content=\"summary_large_image\" \/>\n<meta name=\"twitter:label1\" content=\"Escrito por\" \/>\n\t<meta name=\"twitter:data1\" content=\"Telinha\" \/>\n\t<meta name=\"twitter:label2\" content=\"Tempo estimado de leitura\" \/>\n\t<meta name=\"twitter:data2\" content=\"2 minutos\" \/>\n<script type=\"application\/ld+json\" class=\"yoast-schema-graph\">{\"@context\":\"https:\/\/schema.org\",\"@graph\":[{\"@type\":\"Article\",\"@id\":\"https:\/\/portaltela.pt\/noticias\/2026\/03\/07\/despedida-de-lobo-antunes-junto-a-camoes-com-risos-e-lagrimas\/#article\",\"isPartOf\":{\"@id\":\"https:\/\/portaltela.pt\/noticias\/2026\/03\/07\/despedida-de-lobo-antunes-junto-a-camoes-com-risos-e-lagrimas\/\"},\"author\":{\"name\":\"Telinha\",\"@id\":\"https:\/\/portaltela.pt\/#\/schema\/person\/c4278d4a6028830caff9ee44b42d32ed\"},\"headline\":\"Despedida de Lobo Antunes junto a Cam\u00f5es com risos e l\u00e1grimas\",\"datePublished\":\"2026-03-07T18:17:00+00:00\",\"mainEntityOfPage\":{\"@id\":\"https:\/\/portaltela.pt\/noticias\/2026\/03\/07\/despedida-de-lobo-antunes-junto-a-camoes-com-risos-e-lagrimas\/\"},\"wordCount\":420,\"image\":{\"@id\":\"https:\/\/portaltela.pt\/noticias\/2026\/03\/07\/despedida-de-lobo-antunes-junto-a-camoes-com-risos-e-lagrimas\/#primaryimage\"},\"thumbnailUrl\":\"https:\/\/portaltela.pt\/s.01k8rhncp4jt1\/2026\/03\/image-472.jpg\",\"keywords\":[\"Cam\u00f5es\",\"cultura\",\"escritores\",\"fam\u00edlias\",\"Lisboa\",\"Pr\u00e9mio Cam\u00f5es\"],\"articleSection\":[\"Not\u00edcias\",\"Pol\u00edtica\"],\"inLanguage\":\"pt-PT\"},{\"@type\":\"WebPage\",\"@id\":\"https:\/\/portaltela.pt\/noticias\/2026\/03\/07\/despedida-de-lobo-antunes-junto-a-camoes-com-risos-e-lagrimas\/\",\"url\":\"https:\/\/portaltela.pt\/noticias\/2026\/03\/07\/despedida-de-lobo-antunes-junto-a-camoes-com-risos-e-lagrimas\/\",\"name\":\"Despedida de Lobo Antunes junto a Cam\u00f5es com risos e l\u00e1grimas - Portal Tela Portugal\",\"isPartOf\":{\"@id\":\"https:\/\/portaltela.pt\/#website\"},\"primaryImageOfPage\":{\"@id\":\"https:\/\/portaltela.pt\/noticias\/2026\/03\/07\/despedida-de-lobo-antunes-junto-a-camoes-com-risos-e-lagrimas\/#primaryimage\"},\"image\":{\"@id\":\"https:\/\/portaltela.pt\/noticias\/2026\/03\/07\/despedida-de-lobo-antunes-junto-a-camoes-com-risos-e-lagrimas\/#primaryimage\"},\"thumbnailUrl\":\"https:\/\/portaltela.pt\/s.01k8rhncp4jt1\/2026\/03\/image-472.jpg\",\"datePublished\":\"2026-03-07T18:17:00+00:00\",\"author\":{\"@id\":\"https:\/\/portaltela.pt\/#\/schema\/person\/c4278d4a6028830caff9ee44b42d32ed\"},\"breadcrumb\":{\"@id\":\"https:\/\/portaltela.pt\/noticias\/2026\/03\/07\/despedida-de-lobo-antunes-junto-a-camoes-com-risos-e-lagrimas\/#breadcrumb\"},\"inLanguage\":\"pt-PT\",\"potentialAction\":[{\"@type\":\"ReadAction\",\"target\":[\"https:\/\/portaltela.pt\/noticias\/2026\/03\/07\/despedida-de-lobo-antunes-junto-a-camoes-com-risos-e-lagrimas\/\"]}]},{\"@type\":\"ImageObject\",\"inLanguage\":\"pt-PT\",\"@id\":\"https:\/\/portaltela.pt\/noticias\/2026\/03\/07\/despedida-de-lobo-antunes-junto-a-camoes-com-risos-e-lagrimas\/#primaryimage\",\"url\":\"https:\/\/portaltela.pt\/s.01k8rhncp4jt1\/2026\/03\/image-472.jpg\",\"contentUrl\":\"https:\/\/portaltela.pt\/s.01k8rhncp4jt1\/2026\/03\/image-472.jpg\",\"width\":796,\"height\":448,\"caption\":\"Imagem de contexto do artigo Com risos, l\u00e1grimas e Benfica, despedida de Lobo Antunes foi ao p\u00e9 de Cam\u00f5es\"},{\"@type\":\"BreadcrumbList\",\"@id\":\"https:\/\/portaltela.pt\/noticias\/2026\/03\/07\/despedida-de-lobo-antunes-junto-a-camoes-com-risos-e-lagrimas\/#breadcrumb\",\"itemListElement\":[{\"@type\":\"ListItem\",\"position\":1,\"name\":\"In\u00edcio\",\"item\":\"https:\/\/portaltela.pt\/\"},{\"@type\":\"ListItem\",\"position\":2,\"name\":\"Despedida de Lobo Antunes junto a Cam\u00f5es com risos e l\u00e1grimas\"}]},{\"@type\":\"WebSite\",\"@id\":\"https:\/\/portaltela.pt\/#website\",\"url\":\"https:\/\/portaltela.pt\/\",\"name\":\"Portal Tela Portugal\",\"description\":\"\",\"potentialAction\":[{\"@type\":\"SearchAction\",\"target\":{\"@type\":\"EntryPoint\",\"urlTemplate\":\"https:\/\/portaltela.pt\/?s={search_term_string}\"},\"query-input\":{\"@type\":\"PropertyValueSpecification\",\"valueRequired\":true,\"valueName\":\"search_term_string\"}}],\"inLanguage\":\"pt-PT\"},{\"@type\":\"Person\",\"@id\":\"https:\/\/portaltela.pt\/#\/schema\/person\/c4278d4a6028830caff9ee44b42d32ed\",\"name\":\"Telinha\",\"image\":{\"@type\":\"ImageObject\",\"inLanguage\":\"pt-PT\",\"@id\":\"https:\/\/portaltela.pt\/s.01k8rhncp4jt1\/2025\/11\/talking-bot-125x125.png\",\"url\":\"https:\/\/portaltela.pt\/s.01k8rhncp4jt1\/2025\/11\/talking-bot-125x125.png\",\"contentUrl\":\"https:\/\/portaltela.pt\/s.01k8rhncp4jt1\/2025\/11\/talking-bot-125x125.png\",\"caption\":\"Telinha\"},\"sameAs\":[\"https:\/\/portaltela.pt\/\"],\"url\":\"https:\/\/portaltela.pt\/por\/367410592786\/\"}]}<\/script>\n<!-- \/ Yoast SEO plugin. -->","yoast_head_json":{"title":"Despedida de Lobo Antunes junto a Cam\u00f5es com risos e l\u00e1grimas - Portal Tela Portugal","robots":{"index":"index","follow":"follow","max-snippet":"max-snippet:-1","max-image-preview":"max-image-preview:large","max-video-preview":"max-video-preview:-1"},"og_locale":"pt_PT","og_type":"article","og_title":"Despedida de Lobo Antunes junto a Cam\u00f5es com risos e l\u00e1grimas - Portal Tela Portugal","og_description":"Familiares, amigos e admiradores despediram-se de Ant\u00f3nio Lobo Antunes no Mosteiro dos Jer\u00f3nimos, junto ao t\u00famulo de Cam\u00f5es, num dia soalheiro em Lisboa. A cerim\u00f3nia durou cerca de duas horas, com a leitura de um poema escolhido pelo escritor e lembran\u00e7as da sua rela\u00e7\u00e3o com a fam\u00edlia. A urna foi retirando-se do templo ao som de aplausos e do hino do Benfica, clube do qual o escritor era adepto, ap\u00f3s a interven\u00e7\u00e3o de v\u00e1rias personalidades. O presidente da Rep\u00fablica, Marcelo Rebelo de Sousa, elogiou o escritor como s\u00edmbolo de uma identidade de Portugal aberto e universal. O cortejo seguiu para o cemit\u00e9rio de Benfica, com a presen\u00e7a de v\u00e1rias figuras pol\u00edticas e do meio cultural, incluindo Margarida Balseiro Lopes e Manuela Ramalho Eanes.","og_url":"https:\/\/portaltela.pt\/noticias\/2026\/03\/07\/despedida-de-lobo-antunes-junto-a-camoes-com-risos-e-lagrimas\/","og_site_name":"Portal Tela Portugal","article_published_time":"2026-03-07T18:17:00+00:00","author":"Telinha","twitter_card":"summary_large_image","twitter_misc":{"Escrito por":"Telinha","Tempo estimado de leitura":"2 minutos"},"schema":{"@context":"https:\/\/schema.org","@graph":[{"@type":"Article","@id":"https:\/\/portaltela.pt\/noticias\/2026\/03\/07\/despedida-de-lobo-antunes-junto-a-camoes-com-risos-e-lagrimas\/#article","isPartOf":{"@id":"https:\/\/portaltela.pt\/noticias\/2026\/03\/07\/despedida-de-lobo-antunes-junto-a-camoes-com-risos-e-lagrimas\/"},"author":{"name":"Telinha","@id":"https:\/\/portaltela.pt\/#\/schema\/person\/c4278d4a6028830caff9ee44b42d32ed"},"headline":"Despedida de Lobo Antunes junto a Cam\u00f5es com risos e l\u00e1grimas","datePublished":"2026-03-07T18:17:00+00:00","mainEntityOfPage":{"@id":"https:\/\/portaltela.pt\/noticias\/2026\/03\/07\/despedida-de-lobo-antunes-junto-a-camoes-com-risos-e-lagrimas\/"},"wordCount":420,"image":{"@id":"https:\/\/portaltela.pt\/noticias\/2026\/03\/07\/despedida-de-lobo-antunes-junto-a-camoes-com-risos-e-lagrimas\/#primaryimage"},"thumbnailUrl":"https:\/\/portaltela.pt\/s.01k8rhncp4jt1\/2026\/03\/image-472.jpg","keywords":["Cam\u00f5es","cultura","escritores","fam\u00edlias","Lisboa","Pr\u00e9mio Cam\u00f5es"],"articleSection":["Not\u00edcias","Pol\u00edtica"],"inLanguage":"pt-PT"},{"@type":"WebPage","@id":"https:\/\/portaltela.pt\/noticias\/2026\/03\/07\/despedida-de-lobo-antunes-junto-a-camoes-com-risos-e-lagrimas\/","url":"https:\/\/portaltela.pt\/noticias\/2026\/03\/07\/despedida-de-lobo-antunes-junto-a-camoes-com-risos-e-lagrimas\/","name":"Despedida de Lobo Antunes junto a Cam\u00f5es com risos e l\u00e1grimas - Portal Tela Portugal","isPartOf":{"@id":"https:\/\/portaltela.pt\/#website"},"primaryImageOfPage":{"@id":"https:\/\/portaltela.pt\/noticias\/2026\/03\/07\/despedida-de-lobo-antunes-junto-a-camoes-com-risos-e-lagrimas\/#primaryimage"},"image":{"@id":"https:\/\/portaltela.pt\/noticias\/2026\/03\/07\/despedida-de-lobo-antunes-junto-a-camoes-com-risos-e-lagrimas\/#primaryimage"},"thumbnailUrl":"https:\/\/portaltela.pt\/s.01k8rhncp4jt1\/2026\/03\/image-472.jpg","datePublished":"2026-03-07T18:17:00+00:00","author":{"@id":"https:\/\/portaltela.pt\/#\/schema\/person\/c4278d4a6028830caff9ee44b42d32ed"},"breadcrumb":{"@id":"https:\/\/portaltela.pt\/noticias\/2026\/03\/07\/despedida-de-lobo-antunes-junto-a-camoes-com-risos-e-lagrimas\/#breadcrumb"},"inLanguage":"pt-PT","potentialAction":[{"@type":"ReadAction","target":["https:\/\/portaltela.pt\/noticias\/2026\/03\/07\/despedida-de-lobo-antunes-junto-a-camoes-com-risos-e-lagrimas\/"]}]},{"@type":"ImageObject","inLanguage":"pt-PT","@id":"https:\/\/portaltela.pt\/noticias\/2026\/03\/07\/despedida-de-lobo-antunes-junto-a-camoes-com-risos-e-lagrimas\/#primaryimage","url":"https:\/\/portaltela.pt\/s.01k8rhncp4jt1\/2026\/03\/image-472.jpg","contentUrl":"https:\/\/portaltela.pt\/s.01k8rhncp4jt1\/2026\/03\/image-472.jpg","width":796,"height":448,"caption":"Imagem de contexto do artigo Com risos, l\u00e1grimas e Benfica, despedida de Lobo Antunes foi ao p\u00e9 de Cam\u00f5es"},{"@type":"BreadcrumbList","@id":"https:\/\/portaltela.pt\/noticias\/2026\/03\/07\/despedida-de-lobo-antunes-junto-a-camoes-com-risos-e-lagrimas\/#breadcrumb","itemListElement":[{"@type":"ListItem","position":1,"name":"In\u00edcio","item":"https:\/\/portaltela.pt\/"},{"@type":"ListItem","position":2,"name":"Despedida de Lobo Antunes junto a Cam\u00f5es com risos e l\u00e1grimas"}]},{"@type":"WebSite","@id":"https:\/\/portaltela.pt\/#website","url":"https:\/\/portaltela.pt\/","name":"Portal Tela Portugal","description":"","potentialAction":[{"@type":"SearchAction","target":{"@type":"EntryPoint","urlTemplate":"https:\/\/portaltela.pt\/?s={search_term_string}"},"query-input":{"@type":"PropertyValueSpecification","valueRequired":true,"valueName":"search_term_string"}}],"inLanguage":"pt-PT"},{"@type":"Person","@id":"https:\/\/portaltela.pt\/#\/schema\/person\/c4278d4a6028830caff9ee44b42d32ed","name":"Telinha","image":{"@type":"ImageObject","inLanguage":"pt-PT","@id":"https:\/\/portaltela.pt\/s.01k8rhncp4jt1\/2025\/11\/talking-bot-125x125.png","url":"https:\/\/portaltela.pt\/s.01k8rhncp4jt1\/2025\/11\/talking-bot-125x125.png","contentUrl":"https:\/\/portaltela.pt\/s.01k8rhncp4jt1\/2025\/11\/talking-bot-125x125.png","caption":"Telinha"},"sameAs":["https:\/\/portaltela.pt\/"],"url":"https:\/\/portaltela.pt\/por\/367410592786\/"}]}},"_links":{"self":[{"href":"https:\/\/portaltela.pt\/api\/wp\/v2\/posts\/401626","targetHints":{"allow":["GET"]}}],"collection":[{"href":"https:\/\/portaltela.pt\/api\/wp\/v2\/posts"}],"about":[{"href":"https:\/\/portaltela.pt\/api\/wp\/v2\/types\/post"}],"author":[{"embeddable":true,"href":"https:\/\/portaltela.pt\/api\/wp\/v2\/users\/2"}],"replies":[{"embeddable":true,"href":"https:\/\/portaltela.pt\/api\/wp\/v2\/comments?post=401626"}],"version-history":[{"count":0,"href":"https:\/\/portaltela.pt\/api\/wp\/v2\/posts\/401626\/revisions"}],"wp:featuredmedia":[{"embeddable":true,"href":"https:\/\/portaltela.pt\/api\/wp\/v2\/media\/401627"}],"wp:attachment":[{"href":"https:\/\/portaltela.pt\/api\/wp\/v2\/media?parent=401626"}],"wp:term":[{"taxonomy":"category","embeddable":true,"href":"https:\/\/portaltela.pt\/api\/wp\/v2\/categories?post=401626"},{"taxonomy":"post_tag","embeddable":true,"href":"https:\/\/portaltela.pt\/api\/wp\/v2\/tags?post=401626"}],"curies":[{"name":"wp","href":"https:\/\/api.w.org\/{rel}","templated":true}]}}