{"id":401623,"date":"2026-03-07T15:30:14","date_gmt":"2026-03-07T18:30:14","guid":{"rendered":"https:\/\/portaltela.pt\/noticias\/2026\/03\/07\/levante-cede-empate-com-o-girona-nos-descontos\/"},"modified":"2026-03-07T15:30:14","modified_gmt":"2026-03-07T18:30:14","slug":"levante-cede-empate-com-o-girona-nos-descontos","status":"publish","type":"post","link":"https:\/\/portaltela.pt\/desporto\/futebol\/2026\/03\/07\/levante-cede-empate-com-o-girona-nos-descontos\/","title":{"rendered":"Levante cede empate com o Girona nos descontos"},"content":{"rendered":"<p>O Levante, pen\u00faltimo classificado, cedeu um empate caseiro frente ao Girona (1-1) nos descontos, na 27.\u00aa jornada da Liga espanhola. A equipa de Lu\u00eds Castro esteve perto da segunda vit\u00f3ria consecutiva, mas acabou por se contentar com o ponto.<\/p>\n<p>Em Val\u00eancia, Carlos Esp\u00ed p\u00f4s os locais na frente aos 50 minutos, enquanto o Girona empatou com Joel Roca aos 90+4, j\u00e1 com o Levante reduzido a dez jogadores ap\u00f3s a expuls\u00e3o de Jon Olasagasti aos 59.<\/p>\n<p>O Levante mant\u00e9m-se no 19.\u00ba lugar, com 22 pontos, quatro abaixo do Elche, 17.\u00ba classificado. O Girona \u00e9 12.\u00ba, com 31 pontos.<\/p>\n<p>Outro destaque da ronda foi o Maiorca, 18.\u00ba, que empatou em Osasuna (2-2) e ficou com 25 pontos, dois abaixo da linha de perman\u00eancia. Osasuna soma 34 pontos no 10.\u00ba lugar.<\/p>\n<p>Samu Costa foi titular completo pelo Maiorca, que estreou-se sob o comando de Mart\u00edn Demichelis. A equipa segue abaixo dos lugares de salva\u00e7\u00e3o, compartilhando posi\u00e7\u00e3o com o Levante e Oviedo, com 17 pontos, por\u00e9m com mais uma partida.<\/p>\n<p>Na agenda de hoje, Atl\u00e9tico de Madrid recebe a Real Sociedad, num duelo entre equipas apuradas para a final da Ta\u00e7a do Rei. Segue-se a visita do Barcelona ao Athletic Bilbao, com Jo\u00e3o Cancelo tamb\u00e9m no plantel batavo.<\/p>\n","protected":false},"excerpt":{"rendered":"<ul>\n<li>O Levante, pen\u00faltimo classificado, empatou 1-1 com o Girona em casa, com golo de Carlos Esp\u00ed aos 50 minutos e tento de Joel Roca nos descontos (90+4); a equipa levou cart\u00e3o vermelho de Jon Olasagasti aos 59.<\/li>\n<li>O Levante mant\u00e9m-se no 19.\u00ba lugar, com 22 pontos, quatro abaixo do Elche, 17.\u00ba classificado e \u00faltima posi\u00e7\u00e3o de manuten\u00e7\u00e3o.<\/li>\n<li>O Girona permanece em 12.\u00ba, com 31 pontos, ap\u00f3s o empate.<\/li>\n<li>O Maiorca, 18.\u00ba classificado, empatou 2-2 em Osasuna, mantendo-se com 25 pontos; Samu Costa jogou todo o partido pela equipa de Mart\u00edn Demichelis, que n\u00e3o venceu.<\/li>\n<li>A 27.\u00aa jornada prossegue hoje com Atl\u00e9tico de Madrid vs Real Sociedad e Bar\u00e7a vs Athletic Bilbao.<\/li>\n<\/ul>\n","protected":false},"author":2,"featured_media":401625,"comment_status":"closed","ping_status":"closed","sticky":false,"template":"","format":"standard","meta":{"footnotes":""},"categories":[21,24],"tags":[32,2657,1789,3322,6794,6795],"class_list":["post-401623","post","type-post","status-publish","format-standard","has-post-thumbnail","hentry","category-desporto","category-futebol","tag-futebol","tag-girona","tag-la-liga","tag-levante","tag-maiorca","tag-osasuna"],"yoast_head":"<!-- This site is optimized with the Yoast SEO plugin v27.2 - https:\/\/yoast.com\/product\/yoast-seo-wordpress\/ -->\n<title>Levante cede empate com o Girona nos descontos - Portal Tela Portugal<\/title>\n<meta name=\"robots\" content=\"index, follow, max-snippet:-1, max-image-preview:large, max-video-preview:-1\" \/>\n<meta property=\"og:locale\" content=\"pt_PT\" \/>\n<meta property=\"og:type\" content=\"article\" \/>\n<meta property=\"og:title\" content=\"Levante cede empate com o Girona nos descontos - Portal Tela Portugal\" \/>\n<meta property=\"og:description\" content=\"O Levante, pen\u00faltimo classificado, empatou 1-1 com o Girona em casa, com golo de Carlos Esp\u00ed aos 50 minutos e tento de Joel Roca nos descontos (90+4); a equipa levou cart\u00e3o vermelho de Jon Olasagasti aos 59. O Levante mant\u00e9m-se no 19.\u00ba lugar, com 22 pontos, quatro abaixo do Elche, 17.\u00ba classificado e \u00faltima posi\u00e7\u00e3o de manuten\u00e7\u00e3o. O Girona permanece em 12.\u00ba, com 31 pontos, ap\u00f3s o empate. O Maiorca, 18.\u00ba classificado, empatou 2-2 em Osasuna, mantendo-se com 25 pontos; Samu Costa jogou todo o partido pela equipa de Mart\u00edn Demichelis, que n\u00e3o venceu. A 27.\u00aa jornada prossegue hoje com Atl\u00e9tico de Madrid vs Real Sociedad e Bar\u00e7a vs Athletic Bilbao.\" \/>\n<meta property=\"og:url\" content=\"https:\/\/portaltela.pt\/noticias\/2026\/03\/07\/levante-cede-empate-com-o-girona-nos-descontos\/\" \/>\n<meta property=\"og:site_name\" content=\"Portal Tela Portugal\" \/>\n<meta property=\"article:published_time\" content=\"2026-03-07T18:30:14+00:00\" \/>\n<meta name=\"author\" content=\"Telinha\" \/>\n<meta name=\"twitter:card\" content=\"summary_large_image\" \/>\n<meta name=\"twitter:label1\" content=\"Escrito por\" \/>\n\t<meta name=\"twitter:data1\" content=\"Telinha\" \/>\n\t<meta name=\"twitter:label2\" content=\"Tempo estimado de leitura\" \/>\n\t<meta name=\"twitter:data2\" content=\"1 minuto\" \/>\n<script type=\"application\/ld+json\" class=\"yoast-schema-graph\">{\"@context\":\"https:\/\/schema.org\",\"@graph\":[{\"@type\":\"Article\",\"@id\":\"https:\/\/portaltela.pt\/noticias\/2026\/03\/07\/levante-cede-empate-com-o-girona-nos-descontos\/#article\",\"isPartOf\":{\"@id\":\"https:\/\/portaltela.pt\/noticias\/2026\/03\/07\/levante-cede-empate-com-o-girona-nos-descontos\/\"},\"author\":{\"name\":\"Telinha\",\"@id\":\"https:\/\/portaltela.pt\/#\/schema\/person\/c4278d4a6028830caff9ee44b42d32ed\"},\"headline\":\"Levante cede empate com o Girona nos descontos\",\"datePublished\":\"2026-03-07T18:30:14+00:00\",\"mainEntityOfPage\":{\"@id\":\"https:\/\/portaltela.pt\/noticias\/2026\/03\/07\/levante-cede-empate-com-o-girona-nos-descontos\/\"},\"wordCount\":215,\"image\":{\"@id\":\"https:\/\/portaltela.pt\/noticias\/2026\/03\/07\/levante-cede-empate-com-o-girona-nos-descontos\/#primaryimage\"},\"thumbnailUrl\":\"https:\/\/portaltela.pt\/s.01k8rhncp4jt1\/2026\/03\/img_920x518uu2026-03-07-18-25-59-2425485.jpg\",\"keywords\":[\"futebol\",\"Girona\",\"La Liga\",\"Levante\",\"Maiorca\",\"Osasuna\"],\"articleSection\":[\"Desporto\",\"Futebol\"],\"inLanguage\":\"pt-PT\"},{\"@type\":\"WebPage\",\"@id\":\"https:\/\/portaltela.pt\/noticias\/2026\/03\/07\/levante-cede-empate-com-o-girona-nos-descontos\/\",\"url\":\"https:\/\/portaltela.pt\/noticias\/2026\/03\/07\/levante-cede-empate-com-o-girona-nos-descontos\/\",\"name\":\"Levante cede empate com o Girona nos descontos - Portal Tela Portugal\",\"isPartOf\":{\"@id\":\"https:\/\/portaltela.pt\/#website\"},\"primaryImageOfPage\":{\"@id\":\"https:\/\/portaltela.pt\/noticias\/2026\/03\/07\/levante-cede-empate-com-o-girona-nos-descontos\/#primaryimage\"},\"image\":{\"@id\":\"https:\/\/portaltela.pt\/noticias\/2026\/03\/07\/levante-cede-empate-com-o-girona-nos-descontos\/#primaryimage\"},\"thumbnailUrl\":\"https:\/\/portaltela.pt\/s.01k8rhncp4jt1\/2026\/03\/img_920x518uu2026-03-07-18-25-59-2425485.jpg\",\"datePublished\":\"2026-03-07T18:30:14+00:00\",\"author\":{\"@id\":\"https:\/\/portaltela.pt\/#\/schema\/person\/c4278d4a6028830caff9ee44b42d32ed\"},\"breadcrumb\":{\"@id\":\"https:\/\/portaltela.pt\/noticias\/2026\/03\/07\/levante-cede-empate-com-o-girona-nos-descontos\/#breadcrumb\"},\"inLanguage\":\"pt-PT\",\"potentialAction\":[{\"@type\":\"ReadAction\",\"target\":[\"https:\/\/portaltela.pt\/noticias\/2026\/03\/07\/levante-cede-empate-com-o-girona-nos-descontos\/\"]}]},{\"@type\":\"ImageObject\",\"inLanguage\":\"pt-PT\",\"@id\":\"https:\/\/portaltela.pt\/noticias\/2026\/03\/07\/levante-cede-empate-com-o-girona-nos-descontos\/#primaryimage\",\"url\":\"https:\/\/portaltela.pt\/s.01k8rhncp4jt1\/2026\/03\/img_920x518uu2026-03-07-18-25-59-2425485.jpg\",\"contentUrl\":\"https:\/\/portaltela.pt\/s.01k8rhncp4jt1\/2026\/03\/img_920x518uu2026-03-07-18-25-59-2425485.jpg\",\"width\":796,\"height\":448,\"caption\":\"Jogadores do Girona festejam golo marcado nos descontos\"},{\"@type\":\"BreadcrumbList\",\"@id\":\"https:\/\/portaltela.pt\/noticias\/2026\/03\/07\/levante-cede-empate-com-o-girona-nos-descontos\/#breadcrumb\",\"itemListElement\":[{\"@type\":\"ListItem\",\"position\":1,\"name\":\"In\u00edcio\",\"item\":\"https:\/\/portaltela.pt\/\"},{\"@type\":\"ListItem\",\"position\":2,\"name\":\"Levante cede empate com o Girona nos descontos\"}]},{\"@type\":\"WebSite\",\"@id\":\"https:\/\/portaltela.pt\/#website\",\"url\":\"https:\/\/portaltela.pt\/\",\"name\":\"Portal Tela Portugal\",\"description\":\"\",\"potentialAction\":[{\"@type\":\"SearchAction\",\"target\":{\"@type\":\"EntryPoint\",\"urlTemplate\":\"https:\/\/portaltela.pt\/?s={search_term_string}\"},\"query-input\":{\"@type\":\"PropertyValueSpecification\",\"valueRequired\":true,\"valueName\":\"search_term_string\"}}],\"inLanguage\":\"pt-PT\"},{\"@type\":\"Person\",\"@id\":\"https:\/\/portaltela.pt\/#\/schema\/person\/c4278d4a6028830caff9ee44b42d32ed\",\"name\":\"Telinha\",\"image\":{\"@type\":\"ImageObject\",\"inLanguage\":\"pt-PT\",\"@id\":\"https:\/\/portaltela.pt\/s.01k8rhncp4jt1\/2025\/11\/talking-bot-125x125.png\",\"url\":\"https:\/\/portaltela.pt\/s.01k8rhncp4jt1\/2025\/11\/talking-bot-125x125.png\",\"contentUrl\":\"https:\/\/portaltela.pt\/s.01k8rhncp4jt1\/2025\/11\/talking-bot-125x125.png\",\"caption\":\"Telinha\"},\"sameAs\":[\"https:\/\/portaltela.pt\/\"],\"url\":\"https:\/\/portaltela.pt\/por\/367410592786\/\"}]}<\/script>\n<!-- \/ Yoast SEO plugin. -->","yoast_head_json":{"title":"Levante cede empate com o Girona nos descontos - Portal Tela Portugal","robots":{"index":"index","follow":"follow","max-snippet":"max-snippet:-1","max-image-preview":"max-image-preview:large","max-video-preview":"max-video-preview:-1"},"og_locale":"pt_PT","og_type":"article","og_title":"Levante cede empate com o Girona nos descontos - Portal Tela Portugal","og_description":"O Levante, pen\u00faltimo classificado, empatou 1-1 com o Girona em casa, com golo de Carlos Esp\u00ed aos 50 minutos e tento de Joel Roca nos descontos (90+4); a equipa levou cart\u00e3o vermelho de Jon Olasagasti aos 59. O Levante mant\u00e9m-se no 19.\u00ba lugar, com 22 pontos, quatro abaixo do Elche, 17.\u00ba classificado e \u00faltima posi\u00e7\u00e3o de manuten\u00e7\u00e3o. O Girona permanece em 12.\u00ba, com 31 pontos, ap\u00f3s o empate. O Maiorca, 18.\u00ba classificado, empatou 2-2 em Osasuna, mantendo-se com 25 pontos; Samu Costa jogou todo o partido pela equipa de Mart\u00edn Demichelis, que n\u00e3o venceu. A 27.\u00aa jornada prossegue hoje com Atl\u00e9tico de Madrid vs Real Sociedad e Bar\u00e7a vs Athletic Bilbao.","og_url":"https:\/\/portaltela.pt\/noticias\/2026\/03\/07\/levante-cede-empate-com-o-girona-nos-descontos\/","og_site_name":"Portal Tela Portugal","article_published_time":"2026-03-07T18:30:14+00:00","author":"Telinha","twitter_card":"summary_large_image","twitter_misc":{"Escrito por":"Telinha","Tempo estimado de leitura":"1 minuto"},"schema":{"@context":"https:\/\/schema.org","@graph":[{"@type":"Article","@id":"https:\/\/portaltela.pt\/noticias\/2026\/03\/07\/levante-cede-empate-com-o-girona-nos-descontos\/#article","isPartOf":{"@id":"https:\/\/portaltela.pt\/noticias\/2026\/03\/07\/levante-cede-empate-com-o-girona-nos-descontos\/"},"author":{"name":"Telinha","@id":"https:\/\/portaltela.pt\/#\/schema\/person\/c4278d4a6028830caff9ee44b42d32ed"},"headline":"Levante cede empate com o Girona nos descontos","datePublished":"2026-03-07T18:30:14+00:00","mainEntityOfPage":{"@id":"https:\/\/portaltela.pt\/noticias\/2026\/03\/07\/levante-cede-empate-com-o-girona-nos-descontos\/"},"wordCount":215,"image":{"@id":"https:\/\/portaltela.pt\/noticias\/2026\/03\/07\/levante-cede-empate-com-o-girona-nos-descontos\/#primaryimage"},"thumbnailUrl":"https:\/\/portaltela.pt\/s.01k8rhncp4jt1\/2026\/03\/img_920x518uu2026-03-07-18-25-59-2425485.jpg","keywords":["futebol","Girona","La Liga","Levante","Maiorca","Osasuna"],"articleSection":["Desporto","Futebol"],"inLanguage":"pt-PT"},{"@type":"WebPage","@id":"https:\/\/portaltela.pt\/noticias\/2026\/03\/07\/levante-cede-empate-com-o-girona-nos-descontos\/","url":"https:\/\/portaltela.pt\/noticias\/2026\/03\/07\/levante-cede-empate-com-o-girona-nos-descontos\/","name":"Levante cede empate com o Girona nos descontos - Portal Tela Portugal","isPartOf":{"@id":"https:\/\/portaltela.pt\/#website"},"primaryImageOfPage":{"@id":"https:\/\/portaltela.pt\/noticias\/2026\/03\/07\/levante-cede-empate-com-o-girona-nos-descontos\/#primaryimage"},"image":{"@id":"https:\/\/portaltela.pt\/noticias\/2026\/03\/07\/levante-cede-empate-com-o-girona-nos-descontos\/#primaryimage"},"thumbnailUrl":"https:\/\/portaltela.pt\/s.01k8rhncp4jt1\/2026\/03\/img_920x518uu2026-03-07-18-25-59-2425485.jpg","datePublished":"2026-03-07T18:30:14+00:00","author":{"@id":"https:\/\/portaltela.pt\/#\/schema\/person\/c4278d4a6028830caff9ee44b42d32ed"},"breadcrumb":{"@id":"https:\/\/portaltela.pt\/noticias\/2026\/03\/07\/levante-cede-empate-com-o-girona-nos-descontos\/#breadcrumb"},"inLanguage":"pt-PT","potentialAction":[{"@type":"ReadAction","target":["https:\/\/portaltela.pt\/noticias\/2026\/03\/07\/levante-cede-empate-com-o-girona-nos-descontos\/"]}]},{"@type":"ImageObject","inLanguage":"pt-PT","@id":"https:\/\/portaltela.pt\/noticias\/2026\/03\/07\/levante-cede-empate-com-o-girona-nos-descontos\/#primaryimage","url":"https:\/\/portaltela.pt\/s.01k8rhncp4jt1\/2026\/03\/img_920x518uu2026-03-07-18-25-59-2425485.jpg","contentUrl":"https:\/\/portaltela.pt\/s.01k8rhncp4jt1\/2026\/03\/img_920x518uu2026-03-07-18-25-59-2425485.jpg","width":796,"height":448,"caption":"Jogadores do Girona festejam golo marcado nos descontos"},{"@type":"BreadcrumbList","@id":"https:\/\/portaltela.pt\/noticias\/2026\/03\/07\/levante-cede-empate-com-o-girona-nos-descontos\/#breadcrumb","itemListElement":[{"@type":"ListItem","position":1,"name":"In\u00edcio","item":"https:\/\/portaltela.pt\/"},{"@type":"ListItem","position":2,"name":"Levante cede empate com o Girona nos descontos"}]},{"@type":"WebSite","@id":"https:\/\/portaltela.pt\/#website","url":"https:\/\/portaltela.pt\/","name":"Portal Tela Portugal","description":"","potentialAction":[{"@type":"SearchAction","target":{"@type":"EntryPoint","urlTemplate":"https:\/\/portaltela.pt\/?s={search_term_string}"},"query-input":{"@type":"PropertyValueSpecification","valueRequired":true,"valueName":"search_term_string"}}],"inLanguage":"pt-PT"},{"@type":"Person","@id":"https:\/\/portaltela.pt\/#\/schema\/person\/c4278d4a6028830caff9ee44b42d32ed","name":"Telinha","image":{"@type":"ImageObject","inLanguage":"pt-PT","@id":"https:\/\/portaltela.pt\/s.01k8rhncp4jt1\/2025\/11\/talking-bot-125x125.png","url":"https:\/\/portaltela.pt\/s.01k8rhncp4jt1\/2025\/11\/talking-bot-125x125.png","contentUrl":"https:\/\/portaltela.pt\/s.01k8rhncp4jt1\/2025\/11\/talking-bot-125x125.png","caption":"Telinha"},"sameAs":["https:\/\/portaltela.pt\/"],"url":"https:\/\/portaltela.pt\/por\/367410592786\/"}]}},"_links":{"self":[{"href":"https:\/\/portaltela.pt\/api\/wp\/v2\/posts\/401623","targetHints":{"allow":["GET"]}}],"collection":[{"href":"https:\/\/portaltela.pt\/api\/wp\/v2\/posts"}],"about":[{"href":"https:\/\/portaltela.pt\/api\/wp\/v2\/types\/post"}],"author":[{"embeddable":true,"href":"https:\/\/portaltela.pt\/api\/wp\/v2\/users\/2"}],"replies":[{"embeddable":true,"href":"https:\/\/portaltela.pt\/api\/wp\/v2\/comments?post=401623"}],"version-history":[{"count":0,"href":"https:\/\/portaltela.pt\/api\/wp\/v2\/posts\/401623\/revisions"}],"wp:featuredmedia":[{"embeddable":true,"href":"https:\/\/portaltela.pt\/api\/wp\/v2\/media\/401625"}],"wp:attachment":[{"href":"https:\/\/portaltela.pt\/api\/wp\/v2\/media?parent=401623"}],"wp:term":[{"taxonomy":"category","embeddable":true,"href":"https:\/\/portaltela.pt\/api\/wp\/v2\/categories?post=401623"},{"taxonomy":"post_tag","embeddable":true,"href":"https:\/\/portaltela.pt\/api\/wp\/v2\/tags?post=401623"}],"curies":[{"name":"wp","href":"https:\/\/api.w.org\/{rel}","templated":true}]}}