{"id":401620,"date":"2026-03-06T21:30:00","date_gmt":"2026-03-07T00:30:00","guid":{"rendered":"https:\/\/portaltela.pt\/noticias\/2026\/03\/06\/a-sombra-de-passos-impacto-politico-e-controversias\/"},"modified":"2026-03-06T21:30:00","modified_gmt":"2026-03-07T00:30:00","slug":"a-sombra-de-passos-impacto-politico-e-controversias","status":"publish","type":"post","link":"https:\/\/portaltela.pt\/noticias\/politica\/2026\/03\/06\/a-sombra-de-passos-impacto-politico-e-controversias\/","title":{"rendered":"A sombra de Passos: impacto pol\u00edtico e controv\u00e9rsias"},"content":{"rendered":"<p>O texto analisa o impacto do primeiro-ministro Pedro Passos Coelho no PSD e na pol\u00edticosa portuguesa, a partir do per\u00edodo em que integrou o Governo com Paulo Portas e o apoio da troika. O artigo contextualiza a atua\u00e7\u00e3o governamental, bem como as mudan\u00e7as de percurso do partido.<\/p>\n<p>A avalia\u00e7\u00e3o aponta que, para al\u00e9m de uma gest\u00e3o recessiva durante a crise, houve uma reforma estrutural marcada pela coopera\u00e7\u00e3o com entidades internacionais. A administra\u00e7\u00e3o, conhecida pela pr\u00e1tica de medidas de austeridade, enfrentou resist\u00eancias internas e cr\u00edticas p\u00fablicas, com efeitos na perce\u00e7\u00e3o da identidade partid\u00e1ria.<\/p>\n<p>A an\u00e1lise de fundo sublinha que a passagem de Passos Coelho pelo executivo coincidiu com uma remodela\u00e7\u00e3o da estrat\u00e9gia do PSD, influenciada por factores externos e pelo desempenho do governo. O texto destaca ainda as limita\u00e7\u00f5es legais que condicionaram a execu\u00e7\u00e3o do programa governamental.<\/p>\n<h3>Contexto pol\u00edtico<\/h3>\n<p>O per\u00edodo \u00e9 marcado pela coopera\u00e7\u00e3o com a troika e por choques institucionais que moldaram a governa\u00e7\u00e3o. Cavaco Silva surge como figura de refer\u00eancia institucional nesse ciclo, enquanto o PSD enfrentou desafios internos na defini\u00e7\u00e3o de uma agenda social-democrata.<\/p>\n<p>O relat\u00f3rio tamb\u00e9m aborda as consequ\u00eancias pol\u00edticas de longo prazo para o partido, incluindo a necessidade de reconquistar a identidade social-democrata ap\u00f3s o afastamento de linhas hist\u00f3ricas. A leitura foca em dados e acontecimentos verific\u00e1veis, sem emitir julgamentos.<\/p>\n","protected":false},"excerpt":{"rendered":"<ul>\n<li>Passos Coelho deixou no PSD uma heran\u00e7a considerada maldita, ligada ao abandono da identidade social-democrata.<\/li>\n<li>O Governo Passos Coelho, com Portas e a troika, foi visto como uma experi\u00eancia de engenharia social, para ir al\u00e9m da urg\u00eancia institucional.<\/li>\n<li>Essa governa\u00e7\u00e3o encontrou limites na atua\u00e7\u00e3o do Tribunal Constitucional.<\/li>\n<li>Houve uma tentativa de mudar o programa do PSD para uma orienta\u00e7\u00e3o de direita radical que acabou por n\u00e3o ter sucesso.<\/li>\n<li>O texto sugere que o processo pol\u00edtico partiu de uma mudan\u00e7a estrutural dentro do PSD e corroeu parte da sua identidade.<\/li>\n<\/ul>\n","protected":false},"author":2,"featured_media":401624,"comment_status":"closed","ping_status":"closed","sticky":false,"template":"","format":"standard","meta":{"footnotes":""},"categories":[1,5],"tags":[6115,34,2832,5698,4341,3695],"class_list":["post-401620","post","type-post","status-publish","format-standard","has-post-thumbnail","hentry","category-noticias","category-politica","tag-_economia","tag-governo","tag-politica","tag-politica-internacional","tag-portas","tag-psd"],"yoast_head":"<!-- This site is optimized with the Yoast SEO plugin v27.2 - https:\/\/yoast.com\/product\/yoast-seo-wordpress\/ -->\n<title>A sombra de Passos: impacto pol\u00edtico e controv\u00e9rsias - Portal Tela Portugal<\/title>\n<meta name=\"robots\" content=\"index, follow, max-snippet:-1, max-image-preview:large, max-video-preview:-1\" \/>\n<meta property=\"og:locale\" content=\"pt_PT\" \/>\n<meta property=\"og:type\" content=\"article\" \/>\n<meta property=\"og:title\" content=\"A sombra de Passos: impacto pol\u00edtico e controv\u00e9rsias - Portal Tela Portugal\" \/>\n<meta property=\"og:description\" content=\"Passos Coelho deixou no PSD uma heran\u00e7a considerada maldita, ligada ao abandono da identidade social-democrata. O Governo Passos Coelho, com Portas e a troika, foi visto como uma experi\u00eancia de engenharia social, para ir al\u00e9m da urg\u00eancia institucional. Essa governa\u00e7\u00e3o encontrou limites na atua\u00e7\u00e3o do Tribunal Constitucional. Houve uma tentativa de mudar o programa do PSD para uma orienta\u00e7\u00e3o de direita radical que acabou por n\u00e3o ter sucesso. O texto sugere que o processo pol\u00edtico partiu de uma mudan\u00e7a estrutural dentro do PSD e corroeu parte da sua identidade.\" \/>\n<meta property=\"og:url\" content=\"https:\/\/portaltela.pt\/noticias\/2026\/03\/06\/a-sombra-de-passos-impacto-politico-e-controversias\/\" \/>\n<meta property=\"og:site_name\" content=\"Portal Tela Portugal\" \/>\n<meta property=\"article:published_time\" content=\"2026-03-07T00:30:00+00:00\" \/>\n<meta name=\"author\" content=\"Telinha\" \/>\n<meta name=\"twitter:card\" content=\"summary_large_image\" \/>\n<meta name=\"twitter:label1\" content=\"Escrito por\" \/>\n\t<meta name=\"twitter:data1\" content=\"Telinha\" \/>\n\t<meta name=\"twitter:label2\" content=\"Tempo estimado de leitura\" \/>\n\t<meta name=\"twitter:data2\" content=\"1 minuto\" \/>\n<script type=\"application\/ld+json\" class=\"yoast-schema-graph\">{\"@context\":\"https:\/\/schema.org\",\"@graph\":[{\"@type\":\"Article\",\"@id\":\"https:\/\/portaltela.pt\/noticias\/2026\/03\/06\/a-sombra-de-passos-impacto-politico-e-controversias\/#article\",\"isPartOf\":{\"@id\":\"https:\/\/portaltela.pt\/noticias\/2026\/03\/06\/a-sombra-de-passos-impacto-politico-e-controversias\/\"},\"author\":{\"name\":\"Telinha\",\"@id\":\"https:\/\/portaltela.pt\/#\/schema\/person\/c4278d4a6028830caff9ee44b42d32ed\"},\"headline\":\"A sombra de Passos: impacto pol\u00edtico e controv\u00e9rsias\",\"datePublished\":\"2026-03-07T00:30:00+00:00\",\"mainEntityOfPage\":{\"@id\":\"https:\/\/portaltela.pt\/noticias\/2026\/03\/06\/a-sombra-de-passos-impacto-politico-e-controversias\/\"},\"wordCount\":257,\"image\":{\"@id\":\"https:\/\/portaltela.pt\/noticias\/2026\/03\/06\/a-sombra-de-passos-impacto-politico-e-controversias\/#primaryimage\"},\"thumbnailUrl\":\"https:\/\/portaltela.pt\/s.01k8rhncp4jt1\/2026\/03\/1739369.jpg\",\"keywords\":[\"_economia\",\"governo\",\"pol\u00edtica\",\"pol\u00edtica internacional\",\"Portas\",\"PSD\"],\"articleSection\":[\"Not\u00edcias\",\"Pol\u00edtica\"],\"inLanguage\":\"pt-PT\"},{\"@type\":\"WebPage\",\"@id\":\"https:\/\/portaltela.pt\/noticias\/2026\/03\/06\/a-sombra-de-passos-impacto-politico-e-controversias\/\",\"url\":\"https:\/\/portaltela.pt\/noticias\/2026\/03\/06\/a-sombra-de-passos-impacto-politico-e-controversias\/\",\"name\":\"A sombra de Passos: impacto pol\u00edtico e controv\u00e9rsias - Portal Tela Portugal\",\"isPartOf\":{\"@id\":\"https:\/\/portaltela.pt\/#website\"},\"primaryImageOfPage\":{\"@id\":\"https:\/\/portaltela.pt\/noticias\/2026\/03\/06\/a-sombra-de-passos-impacto-politico-e-controversias\/#primaryimage\"},\"image\":{\"@id\":\"https:\/\/portaltela.pt\/noticias\/2026\/03\/06\/a-sombra-de-passos-impacto-politico-e-controversias\/#primaryimage\"},\"thumbnailUrl\":\"https:\/\/portaltela.pt\/s.01k8rhncp4jt1\/2026\/03\/1739369.jpg\",\"datePublished\":\"2026-03-07T00:30:00+00:00\",\"author\":{\"@id\":\"https:\/\/portaltela.pt\/#\/schema\/person\/c4278d4a6028830caff9ee44b42d32ed\"},\"breadcrumb\":{\"@id\":\"https:\/\/portaltela.pt\/noticias\/2026\/03\/06\/a-sombra-de-passos-impacto-politico-e-controversias\/#breadcrumb\"},\"inLanguage\":\"pt-PT\",\"potentialAction\":[{\"@type\":\"ReadAction\",\"target\":[\"https:\/\/portaltela.pt\/noticias\/2026\/03\/06\/a-sombra-de-passos-impacto-politico-e-controversias\/\"]}]},{\"@type\":\"ImageObject\",\"inLanguage\":\"pt-PT\",\"@id\":\"https:\/\/portaltela.pt\/noticias\/2026\/03\/06\/a-sombra-de-passos-impacto-politico-e-controversias\/#primaryimage\",\"url\":\"https:\/\/portaltela.pt\/s.01k8rhncp4jt1\/2026\/03\/1739369.jpg\",\"contentUrl\":\"https:\/\/portaltela.pt\/s.01k8rhncp4jt1\/2026\/03\/1739369.jpg\",\"width\":796,\"height\":448,\"caption\":\"Photo\"},{\"@type\":\"BreadcrumbList\",\"@id\":\"https:\/\/portaltela.pt\/noticias\/2026\/03\/06\/a-sombra-de-passos-impacto-politico-e-controversias\/#breadcrumb\",\"itemListElement\":[{\"@type\":\"ListItem\",\"position\":1,\"name\":\"In\u00edcio\",\"item\":\"https:\/\/portaltela.pt\/\"},{\"@type\":\"ListItem\",\"position\":2,\"name\":\"A sombra de Passos: impacto pol\u00edtico e controv\u00e9rsias\"}]},{\"@type\":\"WebSite\",\"@id\":\"https:\/\/portaltela.pt\/#website\",\"url\":\"https:\/\/portaltela.pt\/\",\"name\":\"Portal Tela Portugal\",\"description\":\"\",\"potentialAction\":[{\"@type\":\"SearchAction\",\"target\":{\"@type\":\"EntryPoint\",\"urlTemplate\":\"https:\/\/portaltela.pt\/?s={search_term_string}\"},\"query-input\":{\"@type\":\"PropertyValueSpecification\",\"valueRequired\":true,\"valueName\":\"search_term_string\"}}],\"inLanguage\":\"pt-PT\"},{\"@type\":\"Person\",\"@id\":\"https:\/\/portaltela.pt\/#\/schema\/person\/c4278d4a6028830caff9ee44b42d32ed\",\"name\":\"Telinha\",\"image\":{\"@type\":\"ImageObject\",\"inLanguage\":\"pt-PT\",\"@id\":\"https:\/\/portaltela.pt\/s.01k8rhncp4jt1\/2025\/11\/talking-bot-125x125.png\",\"url\":\"https:\/\/portaltela.pt\/s.01k8rhncp4jt1\/2025\/11\/talking-bot-125x125.png\",\"contentUrl\":\"https:\/\/portaltela.pt\/s.01k8rhncp4jt1\/2025\/11\/talking-bot-125x125.png\",\"caption\":\"Telinha\"},\"sameAs\":[\"https:\/\/portaltela.pt\/\"],\"url\":\"https:\/\/portaltela.pt\/por\/367410592786\/\"}]}<\/script>\n<!-- \/ Yoast SEO plugin. -->","yoast_head_json":{"title":"A sombra de Passos: impacto pol\u00edtico e controv\u00e9rsias - Portal Tela Portugal","robots":{"index":"index","follow":"follow","max-snippet":"max-snippet:-1","max-image-preview":"max-image-preview:large","max-video-preview":"max-video-preview:-1"},"og_locale":"pt_PT","og_type":"article","og_title":"A sombra de Passos: impacto pol\u00edtico e controv\u00e9rsias - Portal Tela Portugal","og_description":"Passos Coelho deixou no PSD uma heran\u00e7a considerada maldita, ligada ao abandono da identidade social-democrata. O Governo Passos Coelho, com Portas e a troika, foi visto como uma experi\u00eancia de engenharia social, para ir al\u00e9m da urg\u00eancia institucional. Essa governa\u00e7\u00e3o encontrou limites na atua\u00e7\u00e3o do Tribunal Constitucional. Houve uma tentativa de mudar o programa do PSD para uma orienta\u00e7\u00e3o de direita radical que acabou por n\u00e3o ter sucesso. O texto sugere que o processo pol\u00edtico partiu de uma mudan\u00e7a estrutural dentro do PSD e corroeu parte da sua identidade.","og_url":"https:\/\/portaltela.pt\/noticias\/2026\/03\/06\/a-sombra-de-passos-impacto-politico-e-controversias\/","og_site_name":"Portal Tela Portugal","article_published_time":"2026-03-07T00:30:00+00:00","author":"Telinha","twitter_card":"summary_large_image","twitter_misc":{"Escrito por":"Telinha","Tempo estimado de leitura":"1 minuto"},"schema":{"@context":"https:\/\/schema.org","@graph":[{"@type":"Article","@id":"https:\/\/portaltela.pt\/noticias\/2026\/03\/06\/a-sombra-de-passos-impacto-politico-e-controversias\/#article","isPartOf":{"@id":"https:\/\/portaltela.pt\/noticias\/2026\/03\/06\/a-sombra-de-passos-impacto-politico-e-controversias\/"},"author":{"name":"Telinha","@id":"https:\/\/portaltela.pt\/#\/schema\/person\/c4278d4a6028830caff9ee44b42d32ed"},"headline":"A sombra de Passos: impacto pol\u00edtico e controv\u00e9rsias","datePublished":"2026-03-07T00:30:00+00:00","mainEntityOfPage":{"@id":"https:\/\/portaltela.pt\/noticias\/2026\/03\/06\/a-sombra-de-passos-impacto-politico-e-controversias\/"},"wordCount":257,"image":{"@id":"https:\/\/portaltela.pt\/noticias\/2026\/03\/06\/a-sombra-de-passos-impacto-politico-e-controversias\/#primaryimage"},"thumbnailUrl":"https:\/\/portaltela.pt\/s.01k8rhncp4jt1\/2026\/03\/1739369.jpg","keywords":["_economia","governo","pol\u00edtica","pol\u00edtica internacional","Portas","PSD"],"articleSection":["Not\u00edcias","Pol\u00edtica"],"inLanguage":"pt-PT"},{"@type":"WebPage","@id":"https:\/\/portaltela.pt\/noticias\/2026\/03\/06\/a-sombra-de-passos-impacto-politico-e-controversias\/","url":"https:\/\/portaltela.pt\/noticias\/2026\/03\/06\/a-sombra-de-passos-impacto-politico-e-controversias\/","name":"A sombra de Passos: impacto pol\u00edtico e controv\u00e9rsias - Portal Tela Portugal","isPartOf":{"@id":"https:\/\/portaltela.pt\/#website"},"primaryImageOfPage":{"@id":"https:\/\/portaltela.pt\/noticias\/2026\/03\/06\/a-sombra-de-passos-impacto-politico-e-controversias\/#primaryimage"},"image":{"@id":"https:\/\/portaltela.pt\/noticias\/2026\/03\/06\/a-sombra-de-passos-impacto-politico-e-controversias\/#primaryimage"},"thumbnailUrl":"https:\/\/portaltela.pt\/s.01k8rhncp4jt1\/2026\/03\/1739369.jpg","datePublished":"2026-03-07T00:30:00+00:00","author":{"@id":"https:\/\/portaltela.pt\/#\/schema\/person\/c4278d4a6028830caff9ee44b42d32ed"},"breadcrumb":{"@id":"https:\/\/portaltela.pt\/noticias\/2026\/03\/06\/a-sombra-de-passos-impacto-politico-e-controversias\/#breadcrumb"},"inLanguage":"pt-PT","potentialAction":[{"@type":"ReadAction","target":["https:\/\/portaltela.pt\/noticias\/2026\/03\/06\/a-sombra-de-passos-impacto-politico-e-controversias\/"]}]},{"@type":"ImageObject","inLanguage":"pt-PT","@id":"https:\/\/portaltela.pt\/noticias\/2026\/03\/06\/a-sombra-de-passos-impacto-politico-e-controversias\/#primaryimage","url":"https:\/\/portaltela.pt\/s.01k8rhncp4jt1\/2026\/03\/1739369.jpg","contentUrl":"https:\/\/portaltela.pt\/s.01k8rhncp4jt1\/2026\/03\/1739369.jpg","width":796,"height":448,"caption":"Photo"},{"@type":"BreadcrumbList","@id":"https:\/\/portaltela.pt\/noticias\/2026\/03\/06\/a-sombra-de-passos-impacto-politico-e-controversias\/#breadcrumb","itemListElement":[{"@type":"ListItem","position":1,"name":"In\u00edcio","item":"https:\/\/portaltela.pt\/"},{"@type":"ListItem","position":2,"name":"A sombra de Passos: impacto pol\u00edtico e controv\u00e9rsias"}]},{"@type":"WebSite","@id":"https:\/\/portaltela.pt\/#website","url":"https:\/\/portaltela.pt\/","name":"Portal Tela Portugal","description":"","potentialAction":[{"@type":"SearchAction","target":{"@type":"EntryPoint","urlTemplate":"https:\/\/portaltela.pt\/?s={search_term_string}"},"query-input":{"@type":"PropertyValueSpecification","valueRequired":true,"valueName":"search_term_string"}}],"inLanguage":"pt-PT"},{"@type":"Person","@id":"https:\/\/portaltela.pt\/#\/schema\/person\/c4278d4a6028830caff9ee44b42d32ed","name":"Telinha","image":{"@type":"ImageObject","inLanguage":"pt-PT","@id":"https:\/\/portaltela.pt\/s.01k8rhncp4jt1\/2025\/11\/talking-bot-125x125.png","url":"https:\/\/portaltela.pt\/s.01k8rhncp4jt1\/2025\/11\/talking-bot-125x125.png","contentUrl":"https:\/\/portaltela.pt\/s.01k8rhncp4jt1\/2025\/11\/talking-bot-125x125.png","caption":"Telinha"},"sameAs":["https:\/\/portaltela.pt\/"],"url":"https:\/\/portaltela.pt\/por\/367410592786\/"}]}},"_links":{"self":[{"href":"https:\/\/portaltela.pt\/api\/wp\/v2\/posts\/401620","targetHints":{"allow":["GET"]}}],"collection":[{"href":"https:\/\/portaltela.pt\/api\/wp\/v2\/posts"}],"about":[{"href":"https:\/\/portaltela.pt\/api\/wp\/v2\/types\/post"}],"author":[{"embeddable":true,"href":"https:\/\/portaltela.pt\/api\/wp\/v2\/users\/2"}],"replies":[{"embeddable":true,"href":"https:\/\/portaltela.pt\/api\/wp\/v2\/comments?post=401620"}],"version-history":[{"count":0,"href":"https:\/\/portaltela.pt\/api\/wp\/v2\/posts\/401620\/revisions"}],"wp:featuredmedia":[{"embeddable":true,"href":"https:\/\/portaltela.pt\/api\/wp\/v2\/media\/401624"}],"wp:attachment":[{"href":"https:\/\/portaltela.pt\/api\/wp\/v2\/media?parent=401620"}],"wp:term":[{"taxonomy":"category","embeddable":true,"href":"https:\/\/portaltela.pt\/api\/wp\/v2\/categories?post=401620"},{"taxonomy":"post_tag","embeddable":true,"href":"https:\/\/portaltela.pt\/api\/wp\/v2\/tags?post=401620"}],"curies":[{"name":"wp","href":"https:\/\/api.w.org\/{rel}","templated":true}]}}