{"id":401619,"date":"2026-03-07T12:52:00","date_gmt":"2026-03-07T15:52:00","guid":{"rendered":"https:\/\/portaltela.pt\/noticias\/2026\/03\/07\/prisao-preventiva-decretada-a-sete-agentes-da-psp-detidos-na-quarta-feira\/"},"modified":"2026-03-07T12:52:00","modified_gmt":"2026-03-07T15:52:00","slug":"prisao-preventiva-decretada-a-sete-agentes-da-psp-detidos-na-quarta-feira","status":"publish","type":"post","link":"https:\/\/portaltela.pt\/policia\/2026\/03\/07\/prisao-preventiva-decretada-a-sete-agentes-da-psp-detidos-na-quarta-feira\/","title":{"rendered":"Pris\u00e3o preventiva decretada a sete agentes da PSP detidos na quarta-feira"},"content":{"rendered":"<p>Tr\u00eas agentes da PSP foram detidos na quarta-feira e permanecer\u00e3o em pris\u00e3o preventiva. A medida decorre de investiga\u00e7\u00f5es que envolvem crimes de tortura grave, viola\u00e7\u00e3o consumada e tentada, abuso de poder e deten\u00e7\u00e3o de arma proibida.<\/p>\n<p>Os respons\u00e1veis pela deten\u00e7\u00e3o n\u00e3o tiveram ainda a identifica\u00e7\u00e3o p\u00fablica oficial divulgada. As acusa\u00e7\u00f5es listadas incluem ainda ofensas \u00e0 integridade f\u00edsica graves e qualificadas, segundo as informa\u00e7\u00f5es dispon\u00edveis.<\/p>\n<p>A justi\u00e7a decide manter os sete agentes detidos at\u00e9 ao julgamento, que ainda n\u00e3o tem data anunciada. O processo segue para averiguar a extens\u00e3o das a\u00e7\u00f5es alegadas e a rela\u00e7\u00e3o entre os envolvidos.<\/p>\n<p>O caso chegou ao conhecimento p\u00fablico ap\u00f3s informa\u00e7\u00f5es preliminares das autoridades, que destacam a gravidade das acusa\u00e7\u00f5es e o compromisso de esclarecer os factos. Mais detalhes devem ser oficiais nas pr\u00f3ximas comunica\u00e7\u00f5es.<\/p>\n<p>N\u00e3o foram inclu\u00eddas declara\u00e7\u00f5es de representantes ou de advogados neste texto, mantendo-se o foco em hechos verificados e na timeline processual. As informa\u00e7\u00f5es presentes s\u00e3o atualizadas conforme o andamento judicial.<\/p>\n","protected":false},"excerpt":{"rendered":"<ul>\n<li>Sete agentes da PSP detidos na quarta-feira v\u00e3o permanecer em pris\u00e3o preventiva at\u00e9 o julgamento.<\/li>\n<li>Os crimes imputados incluem tortura grave, viola\u00e7\u00e3o consumada e tentada, abuso de poder.<\/li>\n<li>Tamb\u00e9m s\u00e3o alvo acusa\u00e7\u00f5es de deten\u00e7\u00e3o de arma proibida e ofensas \u00e0 integridade f\u00edsica graves e qualificadas.<\/li>\n<\/ul>\n","protected":false},"author":2,"featured_media":401622,"comment_status":"closed","ping_status":"closed","sticky":false,"template":"","format":"standard","meta":{"footnotes":""},"categories":[1,6781],"tags":[5704,212,3418,4343,3535,1825],"class_list":["post-401619","post","type-post","status-publish","format-standard","has-post-thumbnail","hentry","category-noticias","category-policia","tag-a-psp","tag-abuso-de-poder","tag-policia-de-seguranca-publica","tag-prisoes","tag-tortura","tag-violacao"],"yoast_head":"<!-- This site is optimized with the Yoast SEO plugin v27.2 - https:\/\/yoast.com\/product\/yoast-seo-wordpress\/ -->\n<title>Pris\u00e3o preventiva decretada a sete agentes da PSP detidos na quarta-feira - Portal Tela Portugal<\/title>\n<meta name=\"robots\" content=\"index, follow, max-snippet:-1, max-image-preview:large, max-video-preview:-1\" \/>\n<meta property=\"og:locale\" content=\"pt_PT\" \/>\n<meta property=\"og:type\" content=\"article\" \/>\n<meta property=\"og:title\" content=\"Pris\u00e3o preventiva decretada a sete agentes da PSP detidos na quarta-feira - Portal Tela Portugal\" \/>\n<meta property=\"og:description\" content=\"Sete agentes da PSP detidos na quarta-feira v\u00e3o permanecer em pris\u00e3o preventiva at\u00e9 o julgamento. Os crimes imputados incluem tortura grave, viola\u00e7\u00e3o consumada e tentada, abuso de poder. Tamb\u00e9m s\u00e3o alvo acusa\u00e7\u00f5es de deten\u00e7\u00e3o de arma proibida e ofensas \u00e0 integridade f\u00edsica graves e qualificadas.\" \/>\n<meta property=\"og:url\" content=\"https:\/\/portaltela.pt\/noticias\/2026\/03\/07\/prisao-preventiva-decretada-a-sete-agentes-da-psp-detidos-na-quarta-feira\/\" \/>\n<meta property=\"og:site_name\" content=\"Portal Tela Portugal\" \/>\n<meta property=\"article:published_time\" content=\"2026-03-07T15:52:00+00:00\" \/>\n<meta name=\"author\" content=\"Telinha\" \/>\n<meta name=\"twitter:card\" content=\"summary_large_image\" \/>\n<meta name=\"twitter:label1\" content=\"Escrito por\" \/>\n\t<meta name=\"twitter:data1\" content=\"Telinha\" \/>\n\t<meta name=\"twitter:label2\" content=\"Tempo estimado de leitura\" \/>\n\t<meta name=\"twitter:data2\" content=\"1 minuto\" \/>\n<script type=\"application\/ld+json\" class=\"yoast-schema-graph\">{\"@context\":\"https:\/\/schema.org\",\"@graph\":[{\"@type\":\"Article\",\"@id\":\"https:\/\/portaltela.pt\/noticias\/2026\/03\/07\/prisao-preventiva-decretada-a-sete-agentes-da-psp-detidos-na-quarta-feira\/#article\",\"isPartOf\":{\"@id\":\"https:\/\/portaltela.pt\/noticias\/2026\/03\/07\/prisao-preventiva-decretada-a-sete-agentes-da-psp-detidos-na-quarta-feira\/\"},\"author\":{\"name\":\"Telinha\",\"@id\":\"https:\/\/portaltela.pt\/#\/schema\/person\/c4278d4a6028830caff9ee44b42d32ed\"},\"headline\":\"Pris\u00e3o preventiva decretada a sete agentes da PSP detidos na quarta-feira\",\"datePublished\":\"2026-03-07T15:52:00+00:00\",\"mainEntityOfPage\":{\"@id\":\"https:\/\/portaltela.pt\/noticias\/2026\/03\/07\/prisao-preventiva-decretada-a-sete-agentes-da-psp-detidos-na-quarta-feira\/\"},\"wordCount\":201,\"image\":{\"@id\":\"https:\/\/portaltela.pt\/noticias\/2026\/03\/07\/prisao-preventiva-decretada-a-sete-agentes-da-psp-detidos-na-quarta-feira\/#primaryimage\"},\"thumbnailUrl\":\"https:\/\/portaltela.pt\/s.01k8rhncp4jt1\/2026\/03\/CACHE_780X1200_ANALOG_WATERMARKED_44775522_2711565_14042025111505-1.jpg\",\"keywords\":[\"A PSP\",\"abuso de poder\",\"Pol\u00edcia de Seguran\u00e7a P\u00fablica\",\"pris\u00f5es\",\"tortura\",\"viola\u00e7\u00e3o\"],\"articleSection\":[\"Not\u00edcias\",\"Pol\u00edcia\"],\"inLanguage\":\"pt-PT\"},{\"@type\":\"WebPage\",\"@id\":\"https:\/\/portaltela.pt\/noticias\/2026\/03\/07\/prisao-preventiva-decretada-a-sete-agentes-da-psp-detidos-na-quarta-feira\/\",\"url\":\"https:\/\/portaltela.pt\/noticias\/2026\/03\/07\/prisao-preventiva-decretada-a-sete-agentes-da-psp-detidos-na-quarta-feira\/\",\"name\":\"Pris\u00e3o preventiva decretada a sete agentes da PSP detidos na quarta-feira - Portal Tela Portugal\",\"isPartOf\":{\"@id\":\"https:\/\/portaltela.pt\/#website\"},\"primaryImageOfPage\":{\"@id\":\"https:\/\/portaltela.pt\/noticias\/2026\/03\/07\/prisao-preventiva-decretada-a-sete-agentes-da-psp-detidos-na-quarta-feira\/#primaryimage\"},\"image\":{\"@id\":\"https:\/\/portaltela.pt\/noticias\/2026\/03\/07\/prisao-preventiva-decretada-a-sete-agentes-da-psp-detidos-na-quarta-feira\/#primaryimage\"},\"thumbnailUrl\":\"https:\/\/portaltela.pt\/s.01k8rhncp4jt1\/2026\/03\/CACHE_780X1200_ANALOG_WATERMARKED_44775522_2711565_14042025111505-1.jpg\",\"datePublished\":\"2026-03-07T15:52:00+00:00\",\"author\":{\"@id\":\"https:\/\/portaltela.pt\/#\/schema\/person\/c4278d4a6028830caff9ee44b42d32ed\"},\"breadcrumb\":{\"@id\":\"https:\/\/portaltela.pt\/noticias\/2026\/03\/07\/prisao-preventiva-decretada-a-sete-agentes-da-psp-detidos-na-quarta-feira\/#breadcrumb\"},\"inLanguage\":\"pt-PT\",\"potentialAction\":[{\"@type\":\"ReadAction\",\"target\":[\"https:\/\/portaltela.pt\/noticias\/2026\/03\/07\/prisao-preventiva-decretada-a-sete-agentes-da-psp-detidos-na-quarta-feira\/\"]}]},{\"@type\":\"ImageObject\",\"inLanguage\":\"pt-PT\",\"@id\":\"https:\/\/portaltela.pt\/noticias\/2026\/03\/07\/prisao-preventiva-decretada-a-sete-agentes-da-psp-detidos-na-quarta-feira\/#primaryimage\",\"url\":\"https:\/\/portaltela.pt\/s.01k8rhncp4jt1\/2026\/03\/CACHE_780X1200_ANALOG_WATERMARKED_44775522_2711565_14042025111505-1.jpg\",\"contentUrl\":\"https:\/\/portaltela.pt\/s.01k8rhncp4jt1\/2026\/03\/CACHE_780X1200_ANALOG_WATERMARKED_44775522_2711565_14042025111505-1.jpg\",\"width\":796,\"height\":448,\"caption\":\"Pris\u00e3o preventiva para os sete agentes da PSP detidos na quarta-feira\"},{\"@type\":\"BreadcrumbList\",\"@id\":\"https:\/\/portaltela.pt\/noticias\/2026\/03\/07\/prisao-preventiva-decretada-a-sete-agentes-da-psp-detidos-na-quarta-feira\/#breadcrumb\",\"itemListElement\":[{\"@type\":\"ListItem\",\"position\":1,\"name\":\"In\u00edcio\",\"item\":\"https:\/\/portaltela.pt\/\"},{\"@type\":\"ListItem\",\"position\":2,\"name\":\"Pris\u00e3o preventiva decretada a sete agentes da PSP detidos na quarta-feira\"}]},{\"@type\":\"WebSite\",\"@id\":\"https:\/\/portaltela.pt\/#website\",\"url\":\"https:\/\/portaltela.pt\/\",\"name\":\"Portal Tela Portugal\",\"description\":\"\",\"potentialAction\":[{\"@type\":\"SearchAction\",\"target\":{\"@type\":\"EntryPoint\",\"urlTemplate\":\"https:\/\/portaltela.pt\/?s={search_term_string}\"},\"query-input\":{\"@type\":\"PropertyValueSpecification\",\"valueRequired\":true,\"valueName\":\"search_term_string\"}}],\"inLanguage\":\"pt-PT\"},{\"@type\":\"Person\",\"@id\":\"https:\/\/portaltela.pt\/#\/schema\/person\/c4278d4a6028830caff9ee44b42d32ed\",\"name\":\"Telinha\",\"image\":{\"@type\":\"ImageObject\",\"inLanguage\":\"pt-PT\",\"@id\":\"https:\/\/portaltela.pt\/s.01k8rhncp4jt1\/2025\/11\/talking-bot-125x125.png\",\"url\":\"https:\/\/portaltela.pt\/s.01k8rhncp4jt1\/2025\/11\/talking-bot-125x125.png\",\"contentUrl\":\"https:\/\/portaltela.pt\/s.01k8rhncp4jt1\/2025\/11\/talking-bot-125x125.png\",\"caption\":\"Telinha\"},\"sameAs\":[\"https:\/\/portaltela.pt\/\"],\"url\":\"https:\/\/portaltela.pt\/por\/367410592786\/\"}]}<\/script>\n<!-- \/ Yoast SEO plugin. -->","yoast_head_json":{"title":"Pris\u00e3o preventiva decretada a sete agentes da PSP detidos na quarta-feira - Portal Tela Portugal","robots":{"index":"index","follow":"follow","max-snippet":"max-snippet:-1","max-image-preview":"max-image-preview:large","max-video-preview":"max-video-preview:-1"},"og_locale":"pt_PT","og_type":"article","og_title":"Pris\u00e3o preventiva decretada a sete agentes da PSP detidos na quarta-feira - Portal Tela Portugal","og_description":"Sete agentes da PSP detidos na quarta-feira v\u00e3o permanecer em pris\u00e3o preventiva at\u00e9 o julgamento. Os crimes imputados incluem tortura grave, viola\u00e7\u00e3o consumada e tentada, abuso de poder. Tamb\u00e9m s\u00e3o alvo acusa\u00e7\u00f5es de deten\u00e7\u00e3o de arma proibida e ofensas \u00e0 integridade f\u00edsica graves e qualificadas.","og_url":"https:\/\/portaltela.pt\/noticias\/2026\/03\/07\/prisao-preventiva-decretada-a-sete-agentes-da-psp-detidos-na-quarta-feira\/","og_site_name":"Portal Tela Portugal","article_published_time":"2026-03-07T15:52:00+00:00","author":"Telinha","twitter_card":"summary_large_image","twitter_misc":{"Escrito por":"Telinha","Tempo estimado de leitura":"1 minuto"},"schema":{"@context":"https:\/\/schema.org","@graph":[{"@type":"Article","@id":"https:\/\/portaltela.pt\/noticias\/2026\/03\/07\/prisao-preventiva-decretada-a-sete-agentes-da-psp-detidos-na-quarta-feira\/#article","isPartOf":{"@id":"https:\/\/portaltela.pt\/noticias\/2026\/03\/07\/prisao-preventiva-decretada-a-sete-agentes-da-psp-detidos-na-quarta-feira\/"},"author":{"name":"Telinha","@id":"https:\/\/portaltela.pt\/#\/schema\/person\/c4278d4a6028830caff9ee44b42d32ed"},"headline":"Pris\u00e3o preventiva decretada a sete agentes da PSP detidos na quarta-feira","datePublished":"2026-03-07T15:52:00+00:00","mainEntityOfPage":{"@id":"https:\/\/portaltela.pt\/noticias\/2026\/03\/07\/prisao-preventiva-decretada-a-sete-agentes-da-psp-detidos-na-quarta-feira\/"},"wordCount":201,"image":{"@id":"https:\/\/portaltela.pt\/noticias\/2026\/03\/07\/prisao-preventiva-decretada-a-sete-agentes-da-psp-detidos-na-quarta-feira\/#primaryimage"},"thumbnailUrl":"https:\/\/portaltela.pt\/s.01k8rhncp4jt1\/2026\/03\/CACHE_780X1200_ANALOG_WATERMARKED_44775522_2711565_14042025111505-1.jpg","keywords":["A PSP","abuso de poder","Pol\u00edcia de Seguran\u00e7a P\u00fablica","pris\u00f5es","tortura","viola\u00e7\u00e3o"],"articleSection":["Not\u00edcias","Pol\u00edcia"],"inLanguage":"pt-PT"},{"@type":"WebPage","@id":"https:\/\/portaltela.pt\/noticias\/2026\/03\/07\/prisao-preventiva-decretada-a-sete-agentes-da-psp-detidos-na-quarta-feira\/","url":"https:\/\/portaltela.pt\/noticias\/2026\/03\/07\/prisao-preventiva-decretada-a-sete-agentes-da-psp-detidos-na-quarta-feira\/","name":"Pris\u00e3o preventiva decretada a sete agentes da PSP detidos na quarta-feira - Portal Tela Portugal","isPartOf":{"@id":"https:\/\/portaltela.pt\/#website"},"primaryImageOfPage":{"@id":"https:\/\/portaltela.pt\/noticias\/2026\/03\/07\/prisao-preventiva-decretada-a-sete-agentes-da-psp-detidos-na-quarta-feira\/#primaryimage"},"image":{"@id":"https:\/\/portaltela.pt\/noticias\/2026\/03\/07\/prisao-preventiva-decretada-a-sete-agentes-da-psp-detidos-na-quarta-feira\/#primaryimage"},"thumbnailUrl":"https:\/\/portaltela.pt\/s.01k8rhncp4jt1\/2026\/03\/CACHE_780X1200_ANALOG_WATERMARKED_44775522_2711565_14042025111505-1.jpg","datePublished":"2026-03-07T15:52:00+00:00","author":{"@id":"https:\/\/portaltela.pt\/#\/schema\/person\/c4278d4a6028830caff9ee44b42d32ed"},"breadcrumb":{"@id":"https:\/\/portaltela.pt\/noticias\/2026\/03\/07\/prisao-preventiva-decretada-a-sete-agentes-da-psp-detidos-na-quarta-feira\/#breadcrumb"},"inLanguage":"pt-PT","potentialAction":[{"@type":"ReadAction","target":["https:\/\/portaltela.pt\/noticias\/2026\/03\/07\/prisao-preventiva-decretada-a-sete-agentes-da-psp-detidos-na-quarta-feira\/"]}]},{"@type":"ImageObject","inLanguage":"pt-PT","@id":"https:\/\/portaltela.pt\/noticias\/2026\/03\/07\/prisao-preventiva-decretada-a-sete-agentes-da-psp-detidos-na-quarta-feira\/#primaryimage","url":"https:\/\/portaltela.pt\/s.01k8rhncp4jt1\/2026\/03\/CACHE_780X1200_ANALOG_WATERMARKED_44775522_2711565_14042025111505-1.jpg","contentUrl":"https:\/\/portaltela.pt\/s.01k8rhncp4jt1\/2026\/03\/CACHE_780X1200_ANALOG_WATERMARKED_44775522_2711565_14042025111505-1.jpg","width":796,"height":448,"caption":"Pris\u00e3o preventiva para os sete agentes da PSP detidos na quarta-feira"},{"@type":"BreadcrumbList","@id":"https:\/\/portaltela.pt\/noticias\/2026\/03\/07\/prisao-preventiva-decretada-a-sete-agentes-da-psp-detidos-na-quarta-feira\/#breadcrumb","itemListElement":[{"@type":"ListItem","position":1,"name":"In\u00edcio","item":"https:\/\/portaltela.pt\/"},{"@type":"ListItem","position":2,"name":"Pris\u00e3o preventiva decretada a sete agentes da PSP detidos na quarta-feira"}]},{"@type":"WebSite","@id":"https:\/\/portaltela.pt\/#website","url":"https:\/\/portaltela.pt\/","name":"Portal Tela Portugal","description":"","potentialAction":[{"@type":"SearchAction","target":{"@type":"EntryPoint","urlTemplate":"https:\/\/portaltela.pt\/?s={search_term_string}"},"query-input":{"@type":"PropertyValueSpecification","valueRequired":true,"valueName":"search_term_string"}}],"inLanguage":"pt-PT"},{"@type":"Person","@id":"https:\/\/portaltela.pt\/#\/schema\/person\/c4278d4a6028830caff9ee44b42d32ed","name":"Telinha","image":{"@type":"ImageObject","inLanguage":"pt-PT","@id":"https:\/\/portaltela.pt\/s.01k8rhncp4jt1\/2025\/11\/talking-bot-125x125.png","url":"https:\/\/portaltela.pt\/s.01k8rhncp4jt1\/2025\/11\/talking-bot-125x125.png","contentUrl":"https:\/\/portaltela.pt\/s.01k8rhncp4jt1\/2025\/11\/talking-bot-125x125.png","caption":"Telinha"},"sameAs":["https:\/\/portaltela.pt\/"],"url":"https:\/\/portaltela.pt\/por\/367410592786\/"}]}},"_links":{"self":[{"href":"https:\/\/portaltela.pt\/api\/wp\/v2\/posts\/401619","targetHints":{"allow":["GET"]}}],"collection":[{"href":"https:\/\/portaltela.pt\/api\/wp\/v2\/posts"}],"about":[{"href":"https:\/\/portaltela.pt\/api\/wp\/v2\/types\/post"}],"author":[{"embeddable":true,"href":"https:\/\/portaltela.pt\/api\/wp\/v2\/users\/2"}],"replies":[{"embeddable":true,"href":"https:\/\/portaltela.pt\/api\/wp\/v2\/comments?post=401619"}],"version-history":[{"count":0,"href":"https:\/\/portaltela.pt\/api\/wp\/v2\/posts\/401619\/revisions"}],"wp:featuredmedia":[{"embeddable":true,"href":"https:\/\/portaltela.pt\/api\/wp\/v2\/media\/401622"}],"wp:attachment":[{"href":"https:\/\/portaltela.pt\/api\/wp\/v2\/media?parent=401619"}],"wp:term":[{"taxonomy":"category","embeddable":true,"href":"https:\/\/portaltela.pt\/api\/wp\/v2\/categories?post=401619"},{"taxonomy":"post_tag","embeddable":true,"href":"https:\/\/portaltela.pt\/api\/wp\/v2\/tags?post=401619"}],"curies":[{"name":"wp","href":"https:\/\/api.w.org\/{rel}","templated":true}]}}