{"id":401576,"date":"2026-03-07T14:40:34","date_gmt":"2026-03-07T17:40:34","guid":{"rendered":"https:\/\/portaltela.pt\/noticias\/2026\/03\/07\/tais-pina-conquista-bronze-no-grand-prix-de-upper\/"},"modified":"2026-03-07T14:40:34","modified_gmt":"2026-03-07T17:40:34","slug":"tais-pina-conquista-bronze-no-grand-prix-de-upper","status":"publish","type":"post","link":"https:\/\/portaltela.pt\/desporto\/futebol\/2026\/03\/07\/tais-pina-conquista-bronze-no-grand-prix-de-upper\/","title":{"rendered":"Ta\u00eds Pina conquista bronze no Grand Prix de Upper"},"content":{"rendered":"<p>Ta\u00eds Pina conquistou a medalha de bronze no Grand Prix Upper, em Linz, \u00c1ustria, na categoria de -70 kg. A judoca portuguesa, 13.\u00aa no ranking mundial, derrotou na finais a turca Sinem Oruc para assegurar o terceiro lugar no p\u00f3dio. O ouro ficou com Michaela Polleres, da \u00c1ustria, que venceu Apryl Lynn Fohouo na final.<\/p>\n<p>Na fase de grupos, Ta\u00eds somou vit\u00f3rias frente a Lisa Tretnjak (\u00c1ustria), Lien Meeuwseen (B\u00e9lgica) e Dena Pohl (Alemanha). A judoca portuguesa foi surpreendida na meia-final por April Lynn Fohouo, da Su\u00ed\u00e7a, num combate decidido por ippon nos segundos iniciais.<\/p>\n<p>Entre os resultados do dia em -70 kg, B\u00e1rbara Timo foi a atleta portuguesa mais longe, alcan\u00e7ando os quartos de final ap\u00f3s eliminar Melissa Myers, dos EUA, na ronda de abertura; perdeu depois para Michaela Pollers, da \u00c1ustria.<\/p>\n<p>Na categoria -63 kg, Margarida Br\u00e1s ficou pela ronda inicial, caindo com Kerem Primo, de Israel, na ronda inaugural. Otari Kvantidze, no -73 kg, permaneceu com folga na ronda inicial, mas caiu na ronda seguinte frente a Valtteri Olin, da Finl\u00e2ndia.<\/p>\n<p>Portugal encerra a participa\u00e7\u00e3o neste Grand Prix Upper neste domingo, com o regresso competitivo de Rochele Nunes (+78 kg) e Jorge Fonseca (-100 kg), al\u00e9m de Diogo Brites em +100 kg.<\/p>\n","protected":false},"excerpt":{"rendered":"<ul>\n<li>Ta\u00eds Pina conquistou bronze no Grand Prix Upper, em Linz, \u00c1ustria, na categoria de -70 kg, ao vencer a turca Sinem Oruc no combate pela medalha.<\/li>\n<li>A portuguesa avan\u00e7ou vencendo Lisa Tretnjak, Lien Meeuwseen e Dena Pohl na fase de grupos, mas perdeu a meia-final frente a April Lynn Fohouo (ippon).<\/li>\n<li>O ouro ficou com a austr\u00edaca Michaela Polleres, que derrotou Apryl Lynn Fohouo na final; a outra medalha de bronze foi para Dena Pohl.<\/li>\n<li>B\u00e1rbara Timo foi a atleta portuguesa que chegou mais longe no dia, ao passar a ronda de abertura frente a Melissa Myers e ser eliminada na ronda de 16 pela austr\u00edaca Michaela Polleres.<\/li>\n<li>Margarida Br\u00e1s perdeu na ronda inicial (-63 kg) diante de Kerem Primo; Otari Kvantidze ficou isento na ronda inaugural (-73 kg) e caiu na seguinte frente a Valtteri Olin; Portugal fecha a participa\u00e7\u00e3o com Rochele Nunes, Jorge Fonseca e Diogo Brites ainda por competir.<\/li>\n<\/ul>\n","protected":false},"author":2,"featured_media":401579,"comment_status":"closed","ping_status":"closed","sticky":false,"template":"","format":"standard","meta":{"footnotes":""},"categories":[21,24],"tags":[2872,2463,152,81,1862,1014],"class_list":["post-401576","post","type-post","status-publish","format-standard","has-post-thumbnail","hentry","category-desporto","category-futebol","tag-austria","tag-competicao-internacional","tag-desporto","tag-internacionais","tag-judo","tag-portugal"],"yoast_head":"<!-- This site is optimized with the Yoast SEO plugin v27.2 - https:\/\/yoast.com\/product\/yoast-seo-wordpress\/ -->\n<title>Ta\u00eds Pina conquista bronze no Grand Prix de Upper - Portal Tela Portugal<\/title>\n<meta name=\"robots\" content=\"index, follow, max-snippet:-1, max-image-preview:large, max-video-preview:-1\" \/>\n<meta property=\"og:locale\" content=\"pt_PT\" \/>\n<meta property=\"og:type\" content=\"article\" \/>\n<meta property=\"og:title\" content=\"Ta\u00eds Pina conquista bronze no Grand Prix de Upper - Portal Tela Portugal\" \/>\n<meta property=\"og:description\" content=\"Ta\u00eds Pina conquistou bronze no Grand Prix Upper, em Linz, \u00c1ustria, na categoria de -70 kg, ao vencer a turca Sinem Oruc no combate pela medalha. A portuguesa avan\u00e7ou vencendo Lisa Tretnjak, Lien Meeuwseen e Dena Pohl na fase de grupos, mas perdeu a meia-final frente a April Lynn Fohouo (ippon). O ouro ficou com a austr\u00edaca Michaela Polleres, que derrotou Apryl Lynn Fohouo na final; a outra medalha de bronze foi para Dena Pohl. B\u00e1rbara Timo foi a atleta portuguesa que chegou mais longe no dia, ao passar a ronda de abertura frente a Melissa Myers e ser eliminada na ronda de 16 pela austr\u00edaca Michaela Polleres. Margarida Br\u00e1s perdeu na ronda inicial (-63 kg) diante de Kerem Primo; Otari Kvantidze ficou isento na ronda inaugural (-73 kg) e caiu na seguinte frente a Valtteri Olin; Portugal fecha a participa\u00e7\u00e3o com Rochele Nunes, Jorge Fonseca e Diogo Brites ainda por competir.\" \/>\n<meta property=\"og:url\" content=\"https:\/\/portaltela.pt\/noticias\/2026\/03\/07\/tais-pina-conquista-bronze-no-grand-prix-de-upper\/\" \/>\n<meta property=\"og:site_name\" content=\"Portal Tela Portugal\" \/>\n<meta property=\"article:published_time\" content=\"2026-03-07T17:40:34+00:00\" \/>\n<meta name=\"author\" content=\"Telinha\" \/>\n<meta name=\"twitter:card\" content=\"summary_large_image\" \/>\n<meta name=\"twitter:label1\" content=\"Escrito por\" \/>\n\t<meta name=\"twitter:data1\" content=\"Telinha\" \/>\n\t<meta name=\"twitter:label2\" content=\"Tempo estimado de leitura\" \/>\n\t<meta name=\"twitter:data2\" content=\"1 minuto\" \/>\n<script type=\"application\/ld+json\" class=\"yoast-schema-graph\">{\"@context\":\"https:\/\/schema.org\",\"@graph\":[{\"@type\":\"Article\",\"@id\":\"https:\/\/portaltela.pt\/noticias\/2026\/03\/07\/tais-pina-conquista-bronze-no-grand-prix-de-upper\/#article\",\"isPartOf\":{\"@id\":\"https:\/\/portaltela.pt\/noticias\/2026\/03\/07\/tais-pina-conquista-bronze-no-grand-prix-de-upper\/\"},\"author\":{\"name\":\"Telinha\",\"@id\":\"https:\/\/portaltela.pt\/#\/schema\/person\/c4278d4a6028830caff9ee44b42d32ed\"},\"headline\":\"Ta\u00eds Pina conquista bronze no Grand Prix de Upper\",\"datePublished\":\"2026-03-07T17:40:34+00:00\",\"mainEntityOfPage\":{\"@id\":\"https:\/\/portaltela.pt\/noticias\/2026\/03\/07\/tais-pina-conquista-bronze-no-grand-prix-de-upper\/\"},\"wordCount\":225,\"image\":{\"@id\":\"https:\/\/portaltela.pt\/noticias\/2026\/03\/07\/tais-pina-conquista-bronze-no-grand-prix-de-upper\/#primaryimage\"},\"thumbnailUrl\":\"https:\/\/portaltela.pt\/s.01k8rhncp4jt1\/2026\/03\/img_920x518uu2026-03-07-17-34-32-2425474.jpg\",\"keywords\":[\"\u00c1ustria\",\"competi\u00e7\u00e3o internacional\",\"desporto\",\"internacionais\",\"judo\",\"Portugal\"],\"articleSection\":[\"Desporto\",\"Futebol\"],\"inLanguage\":\"pt-PT\"},{\"@type\":\"WebPage\",\"@id\":\"https:\/\/portaltela.pt\/noticias\/2026\/03\/07\/tais-pina-conquista-bronze-no-grand-prix-de-upper\/\",\"url\":\"https:\/\/portaltela.pt\/noticias\/2026\/03\/07\/tais-pina-conquista-bronze-no-grand-prix-de-upper\/\",\"name\":\"Ta\u00eds Pina conquista bronze no Grand Prix de Upper - Portal Tela Portugal\",\"isPartOf\":{\"@id\":\"https:\/\/portaltela.pt\/#website\"},\"primaryImageOfPage\":{\"@id\":\"https:\/\/portaltela.pt\/noticias\/2026\/03\/07\/tais-pina-conquista-bronze-no-grand-prix-de-upper\/#primaryimage\"},\"image\":{\"@id\":\"https:\/\/portaltela.pt\/noticias\/2026\/03\/07\/tais-pina-conquista-bronze-no-grand-prix-de-upper\/#primaryimage\"},\"thumbnailUrl\":\"https:\/\/portaltela.pt\/s.01k8rhncp4jt1\/2026\/03\/img_920x518uu2026-03-07-17-34-32-2425474.jpg\",\"datePublished\":\"2026-03-07T17:40:34+00:00\",\"author\":{\"@id\":\"https:\/\/portaltela.pt\/#\/schema\/person\/c4278d4a6028830caff9ee44b42d32ed\"},\"breadcrumb\":{\"@id\":\"https:\/\/portaltela.pt\/noticias\/2026\/03\/07\/tais-pina-conquista-bronze-no-grand-prix-de-upper\/#breadcrumb\"},\"inLanguage\":\"pt-PT\",\"potentialAction\":[{\"@type\":\"ReadAction\",\"target\":[\"https:\/\/portaltela.pt\/noticias\/2026\/03\/07\/tais-pina-conquista-bronze-no-grand-prix-de-upper\/\"]}]},{\"@type\":\"ImageObject\",\"inLanguage\":\"pt-PT\",\"@id\":\"https:\/\/portaltela.pt\/noticias\/2026\/03\/07\/tais-pina-conquista-bronze-no-grand-prix-de-upper\/#primaryimage\",\"url\":\"https:\/\/portaltela.pt\/s.01k8rhncp4jt1\/2026\/03\/img_920x518uu2026-03-07-17-34-32-2425474.jpg\",\"contentUrl\":\"https:\/\/portaltela.pt\/s.01k8rhncp4jt1\/2026\/03\/img_920x518uu2026-03-07-17-34-32-2425474.jpg\",\"width\":796,\"height\":448,\"caption\":\"Tais Pina\"},{\"@type\":\"BreadcrumbList\",\"@id\":\"https:\/\/portaltela.pt\/noticias\/2026\/03\/07\/tais-pina-conquista-bronze-no-grand-prix-de-upper\/#breadcrumb\",\"itemListElement\":[{\"@type\":\"ListItem\",\"position\":1,\"name\":\"In\u00edcio\",\"item\":\"https:\/\/portaltela.pt\/\"},{\"@type\":\"ListItem\",\"position\":2,\"name\":\"Ta\u00eds Pina conquista bronze no Grand Prix de Upper\"}]},{\"@type\":\"WebSite\",\"@id\":\"https:\/\/portaltela.pt\/#website\",\"url\":\"https:\/\/portaltela.pt\/\",\"name\":\"Portal Tela Portugal\",\"description\":\"\",\"potentialAction\":[{\"@type\":\"SearchAction\",\"target\":{\"@type\":\"EntryPoint\",\"urlTemplate\":\"https:\/\/portaltela.pt\/?s={search_term_string}\"},\"query-input\":{\"@type\":\"PropertyValueSpecification\",\"valueRequired\":true,\"valueName\":\"search_term_string\"}}],\"inLanguage\":\"pt-PT\"},{\"@type\":\"Person\",\"@id\":\"https:\/\/portaltela.pt\/#\/schema\/person\/c4278d4a6028830caff9ee44b42d32ed\",\"name\":\"Telinha\",\"image\":{\"@type\":\"ImageObject\",\"inLanguage\":\"pt-PT\",\"@id\":\"https:\/\/portaltela.pt\/s.01k8rhncp4jt1\/2025\/11\/talking-bot-125x125.png\",\"url\":\"https:\/\/portaltela.pt\/s.01k8rhncp4jt1\/2025\/11\/talking-bot-125x125.png\",\"contentUrl\":\"https:\/\/portaltela.pt\/s.01k8rhncp4jt1\/2025\/11\/talking-bot-125x125.png\",\"caption\":\"Telinha\"},\"sameAs\":[\"https:\/\/portaltela.pt\/\"],\"url\":\"https:\/\/portaltela.pt\/por\/367410592786\/\"}]}<\/script>\n<!-- \/ Yoast SEO plugin. -->","yoast_head_json":{"title":"Ta\u00eds Pina conquista bronze no Grand Prix de Upper - Portal Tela Portugal","robots":{"index":"index","follow":"follow","max-snippet":"max-snippet:-1","max-image-preview":"max-image-preview:large","max-video-preview":"max-video-preview:-1"},"og_locale":"pt_PT","og_type":"article","og_title":"Ta\u00eds Pina conquista bronze no Grand Prix de Upper - Portal Tela Portugal","og_description":"Ta\u00eds Pina conquistou bronze no Grand Prix Upper, em Linz, \u00c1ustria, na categoria de -70 kg, ao vencer a turca Sinem Oruc no combate pela medalha. A portuguesa avan\u00e7ou vencendo Lisa Tretnjak, Lien Meeuwseen e Dena Pohl na fase de grupos, mas perdeu a meia-final frente a April Lynn Fohouo (ippon). O ouro ficou com a austr\u00edaca Michaela Polleres, que derrotou Apryl Lynn Fohouo na final; a outra medalha de bronze foi para Dena Pohl. B\u00e1rbara Timo foi a atleta portuguesa que chegou mais longe no dia, ao passar a ronda de abertura frente a Melissa Myers e ser eliminada na ronda de 16 pela austr\u00edaca Michaela Polleres. Margarida Br\u00e1s perdeu na ronda inicial (-63 kg) diante de Kerem Primo; Otari Kvantidze ficou isento na ronda inaugural (-73 kg) e caiu na seguinte frente a Valtteri Olin; Portugal fecha a participa\u00e7\u00e3o com Rochele Nunes, Jorge Fonseca e Diogo Brites ainda por competir.","og_url":"https:\/\/portaltela.pt\/noticias\/2026\/03\/07\/tais-pina-conquista-bronze-no-grand-prix-de-upper\/","og_site_name":"Portal Tela Portugal","article_published_time":"2026-03-07T17:40:34+00:00","author":"Telinha","twitter_card":"summary_large_image","twitter_misc":{"Escrito por":"Telinha","Tempo estimado de leitura":"1 minuto"},"schema":{"@context":"https:\/\/schema.org","@graph":[{"@type":"Article","@id":"https:\/\/portaltela.pt\/noticias\/2026\/03\/07\/tais-pina-conquista-bronze-no-grand-prix-de-upper\/#article","isPartOf":{"@id":"https:\/\/portaltela.pt\/noticias\/2026\/03\/07\/tais-pina-conquista-bronze-no-grand-prix-de-upper\/"},"author":{"name":"Telinha","@id":"https:\/\/portaltela.pt\/#\/schema\/person\/c4278d4a6028830caff9ee44b42d32ed"},"headline":"Ta\u00eds Pina conquista bronze no Grand Prix de Upper","datePublished":"2026-03-07T17:40:34+00:00","mainEntityOfPage":{"@id":"https:\/\/portaltela.pt\/noticias\/2026\/03\/07\/tais-pina-conquista-bronze-no-grand-prix-de-upper\/"},"wordCount":225,"image":{"@id":"https:\/\/portaltela.pt\/noticias\/2026\/03\/07\/tais-pina-conquista-bronze-no-grand-prix-de-upper\/#primaryimage"},"thumbnailUrl":"https:\/\/portaltela.pt\/s.01k8rhncp4jt1\/2026\/03\/img_920x518uu2026-03-07-17-34-32-2425474.jpg","keywords":["\u00c1ustria","competi\u00e7\u00e3o internacional","desporto","internacionais","judo","Portugal"],"articleSection":["Desporto","Futebol"],"inLanguage":"pt-PT"},{"@type":"WebPage","@id":"https:\/\/portaltela.pt\/noticias\/2026\/03\/07\/tais-pina-conquista-bronze-no-grand-prix-de-upper\/","url":"https:\/\/portaltela.pt\/noticias\/2026\/03\/07\/tais-pina-conquista-bronze-no-grand-prix-de-upper\/","name":"Ta\u00eds Pina conquista bronze no Grand Prix de Upper - Portal Tela Portugal","isPartOf":{"@id":"https:\/\/portaltela.pt\/#website"},"primaryImageOfPage":{"@id":"https:\/\/portaltela.pt\/noticias\/2026\/03\/07\/tais-pina-conquista-bronze-no-grand-prix-de-upper\/#primaryimage"},"image":{"@id":"https:\/\/portaltela.pt\/noticias\/2026\/03\/07\/tais-pina-conquista-bronze-no-grand-prix-de-upper\/#primaryimage"},"thumbnailUrl":"https:\/\/portaltela.pt\/s.01k8rhncp4jt1\/2026\/03\/img_920x518uu2026-03-07-17-34-32-2425474.jpg","datePublished":"2026-03-07T17:40:34+00:00","author":{"@id":"https:\/\/portaltela.pt\/#\/schema\/person\/c4278d4a6028830caff9ee44b42d32ed"},"breadcrumb":{"@id":"https:\/\/portaltela.pt\/noticias\/2026\/03\/07\/tais-pina-conquista-bronze-no-grand-prix-de-upper\/#breadcrumb"},"inLanguage":"pt-PT","potentialAction":[{"@type":"ReadAction","target":["https:\/\/portaltela.pt\/noticias\/2026\/03\/07\/tais-pina-conquista-bronze-no-grand-prix-de-upper\/"]}]},{"@type":"ImageObject","inLanguage":"pt-PT","@id":"https:\/\/portaltela.pt\/noticias\/2026\/03\/07\/tais-pina-conquista-bronze-no-grand-prix-de-upper\/#primaryimage","url":"https:\/\/portaltela.pt\/s.01k8rhncp4jt1\/2026\/03\/img_920x518uu2026-03-07-17-34-32-2425474.jpg","contentUrl":"https:\/\/portaltela.pt\/s.01k8rhncp4jt1\/2026\/03\/img_920x518uu2026-03-07-17-34-32-2425474.jpg","width":796,"height":448,"caption":"Tais Pina"},{"@type":"BreadcrumbList","@id":"https:\/\/portaltela.pt\/noticias\/2026\/03\/07\/tais-pina-conquista-bronze-no-grand-prix-de-upper\/#breadcrumb","itemListElement":[{"@type":"ListItem","position":1,"name":"In\u00edcio","item":"https:\/\/portaltela.pt\/"},{"@type":"ListItem","position":2,"name":"Ta\u00eds Pina conquista bronze no Grand Prix de Upper"}]},{"@type":"WebSite","@id":"https:\/\/portaltela.pt\/#website","url":"https:\/\/portaltela.pt\/","name":"Portal Tela Portugal","description":"","potentialAction":[{"@type":"SearchAction","target":{"@type":"EntryPoint","urlTemplate":"https:\/\/portaltela.pt\/?s={search_term_string}"},"query-input":{"@type":"PropertyValueSpecification","valueRequired":true,"valueName":"search_term_string"}}],"inLanguage":"pt-PT"},{"@type":"Person","@id":"https:\/\/portaltela.pt\/#\/schema\/person\/c4278d4a6028830caff9ee44b42d32ed","name":"Telinha","image":{"@type":"ImageObject","inLanguage":"pt-PT","@id":"https:\/\/portaltela.pt\/s.01k8rhncp4jt1\/2025\/11\/talking-bot-125x125.png","url":"https:\/\/portaltela.pt\/s.01k8rhncp4jt1\/2025\/11\/talking-bot-125x125.png","contentUrl":"https:\/\/portaltela.pt\/s.01k8rhncp4jt1\/2025\/11\/talking-bot-125x125.png","caption":"Telinha"},"sameAs":["https:\/\/portaltela.pt\/"],"url":"https:\/\/portaltela.pt\/por\/367410592786\/"}]}},"_links":{"self":[{"href":"https:\/\/portaltela.pt\/api\/wp\/v2\/posts\/401576","targetHints":{"allow":["GET"]}}],"collection":[{"href":"https:\/\/portaltela.pt\/api\/wp\/v2\/posts"}],"about":[{"href":"https:\/\/portaltela.pt\/api\/wp\/v2\/types\/post"}],"author":[{"embeddable":true,"href":"https:\/\/portaltela.pt\/api\/wp\/v2\/users\/2"}],"replies":[{"embeddable":true,"href":"https:\/\/portaltela.pt\/api\/wp\/v2\/comments?post=401576"}],"version-history":[{"count":0,"href":"https:\/\/portaltela.pt\/api\/wp\/v2\/posts\/401576\/revisions"}],"wp:featuredmedia":[{"embeddable":true,"href":"https:\/\/portaltela.pt\/api\/wp\/v2\/media\/401579"}],"wp:attachment":[{"href":"https:\/\/portaltela.pt\/api\/wp\/v2\/media?parent=401576"}],"wp:term":[{"taxonomy":"category","embeddable":true,"href":"https:\/\/portaltela.pt\/api\/wp\/v2\/categories?post=401576"},{"taxonomy":"post_tag","embeddable":true,"href":"https:\/\/portaltela.pt\/api\/wp\/v2\/tags?post=401576"}],"curies":[{"name":"wp","href":"https:\/\/api.w.org\/{rel}","templated":true}]}}