{"id":401523,"date":"2026-03-07T13:38:06","date_gmt":"2026-03-07T16:38:06","guid":{"rendered":"https:\/\/portaltela.pt\/noticias\/2026\/03\/07\/benfica-assina-protocolo-para-reflorestacao-de-50-mil-arvores\/"},"modified":"2026-03-07T13:38:06","modified_gmt":"2026-03-07T16:38:06","slug":"benfica-assina-protocolo-para-reflorestacao-de-50-mil-arvores","status":"publish","type":"post","link":"https:\/\/portaltela.pt\/meio-ambiente\/2026\/03\/07\/benfica-assina-protocolo-para-reflorestacao-de-50-mil-arvores\/","title":{"rendered":"Benfica assina protocolo para refloresta\u00e7\u00e3o de 50 mil \u00e1rvores"},"content":{"rendered":"<p>O Benfica anunciou este s\u00e1bado a assinatura de um protocolo de coopera\u00e7\u00e3o estrat\u00e9gica com o munic\u00edpio de Oliveira do Hospital, integrado na Festa do Queijo de Portugal. O acordo prev\u00ea a refloresta\u00e7\u00e3o de 50 mil \u00e1rvores aut\u00f3ctones ao longo de cinco anos e a dinamiza\u00e7\u00e3o de sess\u00f5es pedag\u00f3gicas de educa\u00e7\u00e3o ambiental.<\/p>\n<p>A iniciativa visa promover pr\u00e1ticas sustent\u00e1veis e refor\u00e7ar a\u00e7\u00f5es de preserva\u00e7\u00e3o ambiental promovidas pelo clube. O protocolo inclui ainda a mobiliza\u00e7\u00e3o de volunt\u00e1rios para reduzir a pegada de carbono do Grupo Benfica.<\/p>\n<p>Entre os presentes na cerim\u00f3nia estiveram Manuel de Brito e Domingos Almeida Lima, conforme o clube. As a\u00e7\u00f5es contempladas incluem a\u00e7\u00f5es de refloresta\u00e7\u00e3o cont\u00ednuas e a promo\u00e7\u00e3o de atividades educativas junto da comunidade local.<\/p>\n","protected":false},"excerpt":{"rendered":"<ul>\n<li>O Benfica assinou, com o munic\u00edpio de Oliveira do Hospital, um protocolo de coopera\u00e7\u00e3o estrat\u00e9gica integrado na Festa do Queijo de Portugal.<\/li>\n<li>O acordo prev\u00ea a refloresta\u00e7\u00e3o de cinquenta mil \u00e1rvores aut\u00f3ctones ao longo de cinco anos.<\/li>\n<li>Est\u00e3o previstas sess\u00f5es pedag\u00f3gicas de educa\u00e7\u00e3o ambiental para promover pr\u00e1ticas sustent\u00e1veis.<\/li>\n<li>Durante a cerim\u00f3nia marcaram presen\u00e7a Manuel de Brito e Domingos Almeida Lima.<\/li>\n<li>O protocolo tamb\u00e9m prev\u00ea a mobiliza\u00e7\u00e3o de volunt\u00e1rios para mitigar a pegada de carbono do Grupo Benfica.<\/li>\n<\/ul>\n","protected":false},"author":2,"featured_media":401526,"comment_status":"closed","ping_status":"closed","sticky":false,"template":"","format":"standard","meta":{"footnotes":""},"categories":[6725],"tags":[167,1946,1958,6694,3444,3266],"class_list":["post-401523","post","type-post","status-publish","format-standard","has-post-thumbnail","hentry","category-meio-ambiente","tag-ambiente","tag-benfica","tag-educacao-ambiental","tag-reflorestacao","tag-sustentabilidade","tag-voluntariado-apoiado"],"yoast_head":"<!-- This site is optimized with the Yoast SEO plugin v27.2 - https:\/\/yoast.com\/product\/yoast-seo-wordpress\/ -->\n<title>Benfica assina protocolo para refloresta\u00e7\u00e3o de 50 mil \u00e1rvores - Portal Tela Portugal<\/title>\n<meta name=\"robots\" content=\"index, follow, max-snippet:-1, max-image-preview:large, max-video-preview:-1\" \/>\n<meta property=\"og:locale\" content=\"pt_PT\" \/>\n<meta property=\"og:type\" content=\"article\" \/>\n<meta property=\"og:title\" content=\"Benfica assina protocolo para refloresta\u00e7\u00e3o de 50 mil \u00e1rvores - Portal Tela Portugal\" \/>\n<meta property=\"og:description\" content=\"O Benfica assinou, com o munic\u00edpio de Oliveira do Hospital, um protocolo de coopera\u00e7\u00e3o estrat\u00e9gica integrado na Festa do Queijo de Portugal. O acordo prev\u00ea a refloresta\u00e7\u00e3o de cinquenta mil \u00e1rvores aut\u00f3ctones ao longo de cinco anos. Est\u00e3o previstas sess\u00f5es pedag\u00f3gicas de educa\u00e7\u00e3o ambiental para promover pr\u00e1ticas sustent\u00e1veis. Durante a cerim\u00f3nia marcaram presen\u00e7a Manuel de Brito e Domingos Almeida Lima. O protocolo tamb\u00e9m prev\u00ea a mobiliza\u00e7\u00e3o de volunt\u00e1rios para mitigar a pegada de carbono do Grupo Benfica.\" \/>\n<meta property=\"og:url\" content=\"https:\/\/portaltela.pt\/noticias\/2026\/03\/07\/benfica-assina-protocolo-para-reflorestacao-de-50-mil-arvores\/\" \/>\n<meta property=\"og:site_name\" content=\"Portal Tela Portugal\" \/>\n<meta property=\"article:published_time\" content=\"2026-03-07T16:38:06+00:00\" \/>\n<meta name=\"author\" content=\"Telinha\" \/>\n<meta name=\"twitter:card\" content=\"summary_large_image\" \/>\n<meta name=\"twitter:label1\" content=\"Escrito por\" \/>\n\t<meta name=\"twitter:data1\" content=\"Telinha\" \/>\n\t<meta name=\"twitter:label2\" content=\"Tempo estimado de leitura\" \/>\n\t<meta name=\"twitter:data2\" content=\"1 minuto\" \/>\n<script type=\"application\/ld+json\" class=\"yoast-schema-graph\">{\"@context\":\"https:\/\/schema.org\",\"@graph\":[{\"@type\":\"Article\",\"@id\":\"https:\/\/portaltela.pt\/noticias\/2026\/03\/07\/benfica-assina-protocolo-para-reflorestacao-de-50-mil-arvores\/#article\",\"isPartOf\":{\"@id\":\"https:\/\/portaltela.pt\/noticias\/2026\/03\/07\/benfica-assina-protocolo-para-reflorestacao-de-50-mil-arvores\/\"},\"author\":{\"name\":\"Telinha\",\"@id\":\"https:\/\/portaltela.pt\/#\/schema\/person\/c4278d4a6028830caff9ee44b42d32ed\"},\"headline\":\"Benfica assina protocolo para refloresta\u00e7\u00e3o de 50 mil \u00e1rvores\",\"datePublished\":\"2026-03-07T16:38:06+00:00\",\"mainEntityOfPage\":{\"@id\":\"https:\/\/portaltela.pt\/noticias\/2026\/03\/07\/benfica-assina-protocolo-para-reflorestacao-de-50-mil-arvores\/\"},\"wordCount\":148,\"image\":{\"@id\":\"https:\/\/portaltela.pt\/noticias\/2026\/03\/07\/benfica-assina-protocolo-para-reflorestacao-de-50-mil-arvores\/#primaryimage\"},\"thumbnailUrl\":\"https:\/\/portaltela.pt\/s.01k8rhncp4jt1\/2026\/03\/img_920x518uu2026-03-07-16-37-59-2425461.jpg\",\"keywords\":[\"ambiente\",\"Benfica\",\"educa\u00e7\u00e3o ambiental\",\"refloresta\u00e7\u00e3o\",\"Sustentabilidade\",\"Voluntariado Apoiado\"],\"articleSection\":[\"Meio Ambiente\"],\"inLanguage\":\"pt-PT\"},{\"@type\":\"WebPage\",\"@id\":\"https:\/\/portaltela.pt\/noticias\/2026\/03\/07\/benfica-assina-protocolo-para-reflorestacao-de-50-mil-arvores\/\",\"url\":\"https:\/\/portaltela.pt\/noticias\/2026\/03\/07\/benfica-assina-protocolo-para-reflorestacao-de-50-mil-arvores\/\",\"name\":\"Benfica assina protocolo para refloresta\u00e7\u00e3o de 50 mil \u00e1rvores - Portal Tela Portugal\",\"isPartOf\":{\"@id\":\"https:\/\/portaltela.pt\/#website\"},\"primaryImageOfPage\":{\"@id\":\"https:\/\/portaltela.pt\/noticias\/2026\/03\/07\/benfica-assina-protocolo-para-reflorestacao-de-50-mil-arvores\/#primaryimage\"},\"image\":{\"@id\":\"https:\/\/portaltela.pt\/noticias\/2026\/03\/07\/benfica-assina-protocolo-para-reflorestacao-de-50-mil-arvores\/#primaryimage\"},\"thumbnailUrl\":\"https:\/\/portaltela.pt\/s.01k8rhncp4jt1\/2026\/03\/img_920x518uu2026-03-07-16-37-59-2425461.jpg\",\"datePublished\":\"2026-03-07T16:38:06+00:00\",\"author\":{\"@id\":\"https:\/\/portaltela.pt\/#\/schema\/person\/c4278d4a6028830caff9ee44b42d32ed\"},\"breadcrumb\":{\"@id\":\"https:\/\/portaltela.pt\/noticias\/2026\/03\/07\/benfica-assina-protocolo-para-reflorestacao-de-50-mil-arvores\/#breadcrumb\"},\"inLanguage\":\"pt-PT\",\"potentialAction\":[{\"@type\":\"ReadAction\",\"target\":[\"https:\/\/portaltela.pt\/noticias\/2026\/03\/07\/benfica-assina-protocolo-para-reflorestacao-de-50-mil-arvores\/\"]}]},{\"@type\":\"ImageObject\",\"inLanguage\":\"pt-PT\",\"@id\":\"https:\/\/portaltela.pt\/noticias\/2026\/03\/07\/benfica-assina-protocolo-para-reflorestacao-de-50-mil-arvores\/#primaryimage\",\"url\":\"https:\/\/portaltela.pt\/s.01k8rhncp4jt1\/2026\/03\/img_920x518uu2026-03-07-16-37-59-2425461.jpg\",\"contentUrl\":\"https:\/\/portaltela.pt\/s.01k8rhncp4jt1\/2026\/03\/img_920x518uu2026-03-07-16-37-59-2425461.jpg\",\"width\":796,\"height\":448,\"caption\":\"Benfica assina protocolo que prev\u00ea a refloresta\u00e7\u00e3o de 50 mil \u00e1rvores em Oliveira do Hospital\"},{\"@type\":\"BreadcrumbList\",\"@id\":\"https:\/\/portaltela.pt\/noticias\/2026\/03\/07\/benfica-assina-protocolo-para-reflorestacao-de-50-mil-arvores\/#breadcrumb\",\"itemListElement\":[{\"@type\":\"ListItem\",\"position\":1,\"name\":\"In\u00edcio\",\"item\":\"https:\/\/portaltela.pt\/\"},{\"@type\":\"ListItem\",\"position\":2,\"name\":\"Benfica assina protocolo para refloresta\u00e7\u00e3o de 50 mil \u00e1rvores\"}]},{\"@type\":\"WebSite\",\"@id\":\"https:\/\/portaltela.pt\/#website\",\"url\":\"https:\/\/portaltela.pt\/\",\"name\":\"Portal Tela Portugal\",\"description\":\"\",\"potentialAction\":[{\"@type\":\"SearchAction\",\"target\":{\"@type\":\"EntryPoint\",\"urlTemplate\":\"https:\/\/portaltela.pt\/?s={search_term_string}\"},\"query-input\":{\"@type\":\"PropertyValueSpecification\",\"valueRequired\":true,\"valueName\":\"search_term_string\"}}],\"inLanguage\":\"pt-PT\"},{\"@type\":\"Person\",\"@id\":\"https:\/\/portaltela.pt\/#\/schema\/person\/c4278d4a6028830caff9ee44b42d32ed\",\"name\":\"Telinha\",\"image\":{\"@type\":\"ImageObject\",\"inLanguage\":\"pt-PT\",\"@id\":\"https:\/\/portaltela.pt\/s.01k8rhncp4jt1\/2025\/11\/talking-bot-125x125.png\",\"url\":\"https:\/\/portaltela.pt\/s.01k8rhncp4jt1\/2025\/11\/talking-bot-125x125.png\",\"contentUrl\":\"https:\/\/portaltela.pt\/s.01k8rhncp4jt1\/2025\/11\/talking-bot-125x125.png\",\"caption\":\"Telinha\"},\"sameAs\":[\"https:\/\/portaltela.pt\/\"],\"url\":\"https:\/\/portaltela.pt\/por\/367410592786\/\"}]}<\/script>\n<!-- \/ Yoast SEO plugin. -->","yoast_head_json":{"title":"Benfica assina protocolo para refloresta\u00e7\u00e3o de 50 mil \u00e1rvores - Portal Tela Portugal","robots":{"index":"index","follow":"follow","max-snippet":"max-snippet:-1","max-image-preview":"max-image-preview:large","max-video-preview":"max-video-preview:-1"},"og_locale":"pt_PT","og_type":"article","og_title":"Benfica assina protocolo para refloresta\u00e7\u00e3o de 50 mil \u00e1rvores - Portal Tela Portugal","og_description":"O Benfica assinou, com o munic\u00edpio de Oliveira do Hospital, um protocolo de coopera\u00e7\u00e3o estrat\u00e9gica integrado na Festa do Queijo de Portugal. O acordo prev\u00ea a refloresta\u00e7\u00e3o de cinquenta mil \u00e1rvores aut\u00f3ctones ao longo de cinco anos. Est\u00e3o previstas sess\u00f5es pedag\u00f3gicas de educa\u00e7\u00e3o ambiental para promover pr\u00e1ticas sustent\u00e1veis. Durante a cerim\u00f3nia marcaram presen\u00e7a Manuel de Brito e Domingos Almeida Lima. O protocolo tamb\u00e9m prev\u00ea a mobiliza\u00e7\u00e3o de volunt\u00e1rios para mitigar a pegada de carbono do Grupo Benfica.","og_url":"https:\/\/portaltela.pt\/noticias\/2026\/03\/07\/benfica-assina-protocolo-para-reflorestacao-de-50-mil-arvores\/","og_site_name":"Portal Tela Portugal","article_published_time":"2026-03-07T16:38:06+00:00","author":"Telinha","twitter_card":"summary_large_image","twitter_misc":{"Escrito por":"Telinha","Tempo estimado de leitura":"1 minuto"},"schema":{"@context":"https:\/\/schema.org","@graph":[{"@type":"Article","@id":"https:\/\/portaltela.pt\/noticias\/2026\/03\/07\/benfica-assina-protocolo-para-reflorestacao-de-50-mil-arvores\/#article","isPartOf":{"@id":"https:\/\/portaltela.pt\/noticias\/2026\/03\/07\/benfica-assina-protocolo-para-reflorestacao-de-50-mil-arvores\/"},"author":{"name":"Telinha","@id":"https:\/\/portaltela.pt\/#\/schema\/person\/c4278d4a6028830caff9ee44b42d32ed"},"headline":"Benfica assina protocolo para refloresta\u00e7\u00e3o de 50 mil \u00e1rvores","datePublished":"2026-03-07T16:38:06+00:00","mainEntityOfPage":{"@id":"https:\/\/portaltela.pt\/noticias\/2026\/03\/07\/benfica-assina-protocolo-para-reflorestacao-de-50-mil-arvores\/"},"wordCount":148,"image":{"@id":"https:\/\/portaltela.pt\/noticias\/2026\/03\/07\/benfica-assina-protocolo-para-reflorestacao-de-50-mil-arvores\/#primaryimage"},"thumbnailUrl":"https:\/\/portaltela.pt\/s.01k8rhncp4jt1\/2026\/03\/img_920x518uu2026-03-07-16-37-59-2425461.jpg","keywords":["ambiente","Benfica","educa\u00e7\u00e3o ambiental","refloresta\u00e7\u00e3o","Sustentabilidade","Voluntariado Apoiado"],"articleSection":["Meio Ambiente"],"inLanguage":"pt-PT"},{"@type":"WebPage","@id":"https:\/\/portaltela.pt\/noticias\/2026\/03\/07\/benfica-assina-protocolo-para-reflorestacao-de-50-mil-arvores\/","url":"https:\/\/portaltela.pt\/noticias\/2026\/03\/07\/benfica-assina-protocolo-para-reflorestacao-de-50-mil-arvores\/","name":"Benfica assina protocolo para refloresta\u00e7\u00e3o de 50 mil \u00e1rvores - Portal Tela Portugal","isPartOf":{"@id":"https:\/\/portaltela.pt\/#website"},"primaryImageOfPage":{"@id":"https:\/\/portaltela.pt\/noticias\/2026\/03\/07\/benfica-assina-protocolo-para-reflorestacao-de-50-mil-arvores\/#primaryimage"},"image":{"@id":"https:\/\/portaltela.pt\/noticias\/2026\/03\/07\/benfica-assina-protocolo-para-reflorestacao-de-50-mil-arvores\/#primaryimage"},"thumbnailUrl":"https:\/\/portaltela.pt\/s.01k8rhncp4jt1\/2026\/03\/img_920x518uu2026-03-07-16-37-59-2425461.jpg","datePublished":"2026-03-07T16:38:06+00:00","author":{"@id":"https:\/\/portaltela.pt\/#\/schema\/person\/c4278d4a6028830caff9ee44b42d32ed"},"breadcrumb":{"@id":"https:\/\/portaltela.pt\/noticias\/2026\/03\/07\/benfica-assina-protocolo-para-reflorestacao-de-50-mil-arvores\/#breadcrumb"},"inLanguage":"pt-PT","potentialAction":[{"@type":"ReadAction","target":["https:\/\/portaltela.pt\/noticias\/2026\/03\/07\/benfica-assina-protocolo-para-reflorestacao-de-50-mil-arvores\/"]}]},{"@type":"ImageObject","inLanguage":"pt-PT","@id":"https:\/\/portaltela.pt\/noticias\/2026\/03\/07\/benfica-assina-protocolo-para-reflorestacao-de-50-mil-arvores\/#primaryimage","url":"https:\/\/portaltela.pt\/s.01k8rhncp4jt1\/2026\/03\/img_920x518uu2026-03-07-16-37-59-2425461.jpg","contentUrl":"https:\/\/portaltela.pt\/s.01k8rhncp4jt1\/2026\/03\/img_920x518uu2026-03-07-16-37-59-2425461.jpg","width":796,"height":448,"caption":"Benfica assina protocolo que prev\u00ea a refloresta\u00e7\u00e3o de 50 mil \u00e1rvores em Oliveira do Hospital"},{"@type":"BreadcrumbList","@id":"https:\/\/portaltela.pt\/noticias\/2026\/03\/07\/benfica-assina-protocolo-para-reflorestacao-de-50-mil-arvores\/#breadcrumb","itemListElement":[{"@type":"ListItem","position":1,"name":"In\u00edcio","item":"https:\/\/portaltela.pt\/"},{"@type":"ListItem","position":2,"name":"Benfica assina protocolo para refloresta\u00e7\u00e3o de 50 mil \u00e1rvores"}]},{"@type":"WebSite","@id":"https:\/\/portaltela.pt\/#website","url":"https:\/\/portaltela.pt\/","name":"Portal Tela Portugal","description":"","potentialAction":[{"@type":"SearchAction","target":{"@type":"EntryPoint","urlTemplate":"https:\/\/portaltela.pt\/?s={search_term_string}"},"query-input":{"@type":"PropertyValueSpecification","valueRequired":true,"valueName":"search_term_string"}}],"inLanguage":"pt-PT"},{"@type":"Person","@id":"https:\/\/portaltela.pt\/#\/schema\/person\/c4278d4a6028830caff9ee44b42d32ed","name":"Telinha","image":{"@type":"ImageObject","inLanguage":"pt-PT","@id":"https:\/\/portaltela.pt\/s.01k8rhncp4jt1\/2025\/11\/talking-bot-125x125.png","url":"https:\/\/portaltela.pt\/s.01k8rhncp4jt1\/2025\/11\/talking-bot-125x125.png","contentUrl":"https:\/\/portaltela.pt\/s.01k8rhncp4jt1\/2025\/11\/talking-bot-125x125.png","caption":"Telinha"},"sameAs":["https:\/\/portaltela.pt\/"],"url":"https:\/\/portaltela.pt\/por\/367410592786\/"}]}},"_links":{"self":[{"href":"https:\/\/portaltela.pt\/api\/wp\/v2\/posts\/401523","targetHints":{"allow":["GET"]}}],"collection":[{"href":"https:\/\/portaltela.pt\/api\/wp\/v2\/posts"}],"about":[{"href":"https:\/\/portaltela.pt\/api\/wp\/v2\/types\/post"}],"author":[{"embeddable":true,"href":"https:\/\/portaltela.pt\/api\/wp\/v2\/users\/2"}],"replies":[{"embeddable":true,"href":"https:\/\/portaltela.pt\/api\/wp\/v2\/comments?post=401523"}],"version-history":[{"count":0,"href":"https:\/\/portaltela.pt\/api\/wp\/v2\/posts\/401523\/revisions"}],"wp:featuredmedia":[{"embeddable":true,"href":"https:\/\/portaltela.pt\/api\/wp\/v2\/media\/401526"}],"wp:attachment":[{"href":"https:\/\/portaltela.pt\/api\/wp\/v2\/media?parent=401523"}],"wp:term":[{"taxonomy":"category","embeddable":true,"href":"https:\/\/portaltela.pt\/api\/wp\/v2\/categories?post=401523"},{"taxonomy":"post_tag","embeddable":true,"href":"https:\/\/portaltela.pt\/api\/wp\/v2\/tags?post=401523"}],"curies":[{"name":"wp","href":"https:\/\/api.w.org\/{rel}","templated":true}]}}