{"id":401520,"date":"2026-03-07T13:03:00","date_gmt":"2026-03-07T16:03:00","guid":{"rendered":"https:\/\/portaltela.pt\/noticias\/2026\/03\/07\/eleicoes-em-baden-wurttemberg-marcam-primeiro-teste-do-ano-para-merz\/"},"modified":"2026-03-07T13:03:00","modified_gmt":"2026-03-07T16:03:00","slug":"eleicoes-em-baden-wurttemberg-marcam-primeiro-teste-do-ano-para-merz","status":"publish","type":"post","link":"https:\/\/portaltela.pt\/noticias\/politica\/2026\/03\/07\/eleicoes-em-baden-wurttemberg-marcam-primeiro-teste-do-ano-para-merz\/","title":{"rendered":"Elei\u00e7\u00f5es em Baden-W\u00fcrttemberg marcam primeiro teste do ano para Merz"},"content":{"rendered":"<p>O chanceler alem\u00e3o Friedrich Merz encara neste domingo o primeiro teste eleitoral desde a tomada de posse, com as urnas a abrir em Baden-W\u00fcrttemberg, no Sudoeste, nas primeiras de quatro elei\u00e7\u00f5es estaduais este ano. O resultado poder\u00e1 influenciar a gest\u00e3o do Governo federal e o alinhamento pol\u00edtico no Bundesrat.<\/p>\n<p>Baden-W\u00fcrttemberg, ber\u00e7o da ind\u00fastria autom\u00f3vel alem\u00e3, j\u00e1 foi basti\u00e3o conservador. Na \u00faltima d\u00e9cada, a CDU tem feito parte de uma coliga\u00e7\u00e3o minorit\u00e1ria liderada pelos Verdes, que governam desde 2011 com Winfried Kretschmann \u00e0 frente.<\/p>\n<p>As sondagens indicam continuidade de uma parceria CDU-Verdes, embora ainda n\u00e3o haja claro o vencedor entre o novato Manuel Hagel (CDU) e Cem \u00d6zdemir (Verdes). A margem aponta para 28% em ambos os lados, segundo a \u00faltima sondagem da ZDF.<\/p>\n<h3>O Contexto Pol\u00edtico<\/h3>\n<p>Caso os Verdes triunfem, o resultado poder\u00e1 contornar a lideran\u00e7a de Merz, cuja popularidade atingiu n\u00edveis baixos. Mesmo que haja mudan\u00e7a de governo, a presid\u00eancia no Bundesrat pode permanecer relativamente est\u00e1vel, limitando impactos diretos nas regras dos L\u00e4nder.<\/p>\n<p>A AfD surge como parte central da atualiza\u00e7\u00e3o eleitoral, com vota\u00e7\u00e3o prevista na casa de cerca de 20% no conjunto de sondagens. Merz j\u00e1 afastou a ideia de coopera\u00e7\u00e3o com o partido, citando diferen\u00e7as program\u00e1ticas.<\/p>\n<h3>Desdobramentos e Perspectivas<\/h3>\n<p>Outro elemento relevante \u00e9 a poss\u00edvel entrada da Die Linke no parlamento regional, ao passo que o apoio aos social-democratas de centro-esquerda tem registado queda. A elei\u00e7\u00e3o em Baden-W\u00fcrttemberg acontece num contexto de volatilidade do eleitorado.<\/p>\n<p>Questionado sobre o impacto nacional, Manfred G\u00fcllner, diretor da Forsa, afirmou que os eleitores locais valorizam quest\u00f5es estaduais acima de tem\u00e1ticas nacionais. A vota\u00e7\u00e3o em Baden-W\u00fcrttemberg abre caminho a elei\u00e7\u00f5es no pr\u00f3ximo estado, Ren\u00e2nia-Palatinado, em 22 de mar\u00e7o, seguidas de outros em setembro.<\/p>\n","protected":false},"excerpt":{"rendered":"<ul>\n<li>O estado de Baden-W\u00fcrttemberg realiza elei\u00e7\u00f5es neste domingo, o primeiro teste eleitoral de Merz desde que assumiu a chanceleria em maio, no quadro de quatro elei\u00e7\u00f5es estaduais este ano.<\/li>\n<li>A CDU, que j\u00e1 governou com os Verdes desde 2011, est\u00e1 empatada com estes \u00faltimos, com 28% de ambas as forma\u00e7\u00f5es segundo a \u00faltima sondagem.<\/li>\n<li>O candidato da CDU \u00e9 Manuel Hagel, 37 anos, j\u00e1 contra Cem \u00d6zdemir dos Verdes; uma vit\u00f3ria de qualquer um pode manter a coliga\u00e7\u00e3o e o governo atual.<\/li>\n<li>O partido Alternativa para a Alemanha (AfD) surge com cerca de 20% de inten\u00e7\u00f5es de voto nas sondagens, enquanto Merz disse que n\u00e3o coopera com a AfD.<\/li>\n<li>Observa-se ainda um poss\u00edvel avan\u00e7o da Die Linke no parlamento estadual e uma quebra de apoio aos social-democratas; ap\u00f3s Baden-W\u00fcrttemberg seguem-se Ren\u00e2nia-Palatinado, Berlim, Sax\u00f3nia-Anhalt e Mecklemburgo-Pomer\u00e2nia Ocidental em setembro.<\/li>\n<\/ul>\n","protected":false},"author":2,"featured_media":401524,"comment_status":"closed","ping_status":"closed","sticky":false,"template":"","format":"standard","meta":{"footnotes":""},"categories":[1,5],"tags":[1603,1338,68,3228,1732,5698],"class_list":["post-401520","post","type-post","status-publish","format-standard","has-post-thumbnail","hentry","category-noticias","category-politica","tag-alemanha","tag-coalizao-internacional","tag-eleicoes","tag-eleicoes-internacionais","tag-partidos","tag-politica-internacional"],"yoast_head":"<!-- This site is optimized with the Yoast SEO plugin v27.2 - https:\/\/yoast.com\/product\/yoast-seo-wordpress\/ -->\n<title>Elei\u00e7\u00f5es em Baden-W\u00fcrttemberg marcam primeiro teste do ano para Merz - Portal Tela Portugal<\/title>\n<meta name=\"robots\" content=\"index, follow, max-snippet:-1, max-image-preview:large, max-video-preview:-1\" \/>\n<meta property=\"og:locale\" content=\"pt_PT\" \/>\n<meta property=\"og:type\" content=\"article\" \/>\n<meta property=\"og:title\" content=\"Elei\u00e7\u00f5es em Baden-W\u00fcrttemberg marcam primeiro teste do ano para Merz - Portal Tela Portugal\" \/>\n<meta property=\"og:description\" content=\"O estado de Baden-W\u00fcrttemberg realiza elei\u00e7\u00f5es neste domingo, o primeiro teste eleitoral de Merz desde que assumiu a chanceleria em maio, no quadro de quatro elei\u00e7\u00f5es estaduais este ano. A CDU, que j\u00e1 governou com os Verdes desde 2011, est\u00e1 empatada com estes \u00faltimos, com 28% de ambas as forma\u00e7\u00f5es segundo a \u00faltima sondagem. O candidato da CDU \u00e9 Manuel Hagel, 37 anos, j\u00e1 contra Cem \u00d6zdemir dos Verdes; uma vit\u00f3ria de qualquer um pode manter a coliga\u00e7\u00e3o e o governo atual. O partido Alternativa para a Alemanha (AfD) surge com cerca de 20% de inten\u00e7\u00f5es de voto nas sondagens, enquanto Merz disse que n\u00e3o coopera com a AfD. Observa-se ainda um poss\u00edvel avan\u00e7o da Die Linke no parlamento estadual e uma quebra de apoio aos social-democratas; ap\u00f3s Baden-W\u00fcrttemberg seguem-se Ren\u00e2nia-Palatinado, Berlim, Sax\u00f3nia-Anhalt e Mecklemburgo-Pomer\u00e2nia Ocidental em setembro.\" \/>\n<meta property=\"og:url\" content=\"https:\/\/portaltela.pt\/noticias\/2026\/03\/07\/eleicoes-em-baden-wurttemberg-marcam-primeiro-teste-do-ano-para-merz\/\" \/>\n<meta property=\"og:site_name\" content=\"Portal Tela Portugal\" \/>\n<meta property=\"article:published_time\" content=\"2026-03-07T16:03:00+00:00\" \/>\n<meta name=\"author\" content=\"Telinha\" \/>\n<meta name=\"twitter:card\" content=\"summary_large_image\" \/>\n<meta name=\"twitter:label1\" content=\"Escrito por\" \/>\n\t<meta name=\"twitter:data1\" content=\"Telinha\" \/>\n\t<meta name=\"twitter:label2\" content=\"Tempo estimado de leitura\" \/>\n\t<meta name=\"twitter:data2\" content=\"2 minutos\" \/>\n<script type=\"application\/ld+json\" class=\"yoast-schema-graph\">{\"@context\":\"https:\/\/schema.org\",\"@graph\":[{\"@type\":\"Article\",\"@id\":\"https:\/\/portaltela.pt\/noticias\/2026\/03\/07\/eleicoes-em-baden-wurttemberg-marcam-primeiro-teste-do-ano-para-merz\/#article\",\"isPartOf\":{\"@id\":\"https:\/\/portaltela.pt\/noticias\/2026\/03\/07\/eleicoes-em-baden-wurttemberg-marcam-primeiro-teste-do-ano-para-merz\/\"},\"author\":{\"name\":\"Telinha\",\"@id\":\"https:\/\/portaltela.pt\/#\/schema\/person\/c4278d4a6028830caff9ee44b42d32ed\"},\"headline\":\"Elei\u00e7\u00f5es em Baden-W\u00fcrttemberg marcam primeiro teste do ano para Merz\",\"datePublished\":\"2026-03-07T16:03:00+00:00\",\"mainEntityOfPage\":{\"@id\":\"https:\/\/portaltela.pt\/noticias\/2026\/03\/07\/eleicoes-em-baden-wurttemberg-marcam-primeiro-teste-do-ano-para-merz\/\"},\"wordCount\":325,\"image\":{\"@id\":\"https:\/\/portaltela.pt\/noticias\/2026\/03\/07\/eleicoes-em-baden-wurttemberg-marcam-primeiro-teste-do-ano-para-merz\/#primaryimage\"},\"thumbnailUrl\":\"https:\/\/portaltela.pt\/s.01k8rhncp4jt1\/2026\/03\/2072320.jpg\",\"keywords\":[\"Alemanha\",\"coaliz\u00e3o internacional\",\"elei\u00e7\u00f5es\",\"elei\u00e7\u00f5es internacionais\",\"partidos\",\"pol\u00edtica internacional\"],\"articleSection\":[\"Not\u00edcias\",\"Pol\u00edtica\"],\"inLanguage\":\"pt-PT\"},{\"@type\":\"WebPage\",\"@id\":\"https:\/\/portaltela.pt\/noticias\/2026\/03\/07\/eleicoes-em-baden-wurttemberg-marcam-primeiro-teste-do-ano-para-merz\/\",\"url\":\"https:\/\/portaltela.pt\/noticias\/2026\/03\/07\/eleicoes-em-baden-wurttemberg-marcam-primeiro-teste-do-ano-para-merz\/\",\"name\":\"Elei\u00e7\u00f5es em Baden-W\u00fcrttemberg marcam primeiro teste do ano para Merz - Portal Tela Portugal\",\"isPartOf\":{\"@id\":\"https:\/\/portaltela.pt\/#website\"},\"primaryImageOfPage\":{\"@id\":\"https:\/\/portaltela.pt\/noticias\/2026\/03\/07\/eleicoes-em-baden-wurttemberg-marcam-primeiro-teste-do-ano-para-merz\/#primaryimage\"},\"image\":{\"@id\":\"https:\/\/portaltela.pt\/noticias\/2026\/03\/07\/eleicoes-em-baden-wurttemberg-marcam-primeiro-teste-do-ano-para-merz\/#primaryimage\"},\"thumbnailUrl\":\"https:\/\/portaltela.pt\/s.01k8rhncp4jt1\/2026\/03\/2072320.jpg\",\"datePublished\":\"2026-03-07T16:03:00+00:00\",\"author\":{\"@id\":\"https:\/\/portaltela.pt\/#\/schema\/person\/c4278d4a6028830caff9ee44b42d32ed\"},\"breadcrumb\":{\"@id\":\"https:\/\/portaltela.pt\/noticias\/2026\/03\/07\/eleicoes-em-baden-wurttemberg-marcam-primeiro-teste-do-ano-para-merz\/#breadcrumb\"},\"inLanguage\":\"pt-PT\",\"potentialAction\":[{\"@type\":\"ReadAction\",\"target\":[\"https:\/\/portaltela.pt\/noticias\/2026\/03\/07\/eleicoes-em-baden-wurttemberg-marcam-primeiro-teste-do-ano-para-merz\/\"]}]},{\"@type\":\"ImageObject\",\"inLanguage\":\"pt-PT\",\"@id\":\"https:\/\/portaltela.pt\/noticias\/2026\/03\/07\/eleicoes-em-baden-wurttemberg-marcam-primeiro-teste-do-ano-para-merz\/#primaryimage\",\"url\":\"https:\/\/portaltela.pt\/s.01k8rhncp4jt1\/2026\/03\/2072320.jpg\",\"contentUrl\":\"https:\/\/portaltela.pt\/s.01k8rhncp4jt1\/2026\/03\/2072320.jpg\",\"width\":796,\"height\":448,\"caption\":\"Friedrich Merz e o candidato da CDU, Manuel Hagel, numa ac\u00e7\u00e3o de campanha\"},{\"@type\":\"BreadcrumbList\",\"@id\":\"https:\/\/portaltela.pt\/noticias\/2026\/03\/07\/eleicoes-em-baden-wurttemberg-marcam-primeiro-teste-do-ano-para-merz\/#breadcrumb\",\"itemListElement\":[{\"@type\":\"ListItem\",\"position\":1,\"name\":\"In\u00edcio\",\"item\":\"https:\/\/portaltela.pt\/\"},{\"@type\":\"ListItem\",\"position\":2,\"name\":\"Elei\u00e7\u00f5es em Baden-W\u00fcrttemberg marcam primeiro teste do ano para Merz\"}]},{\"@type\":\"WebSite\",\"@id\":\"https:\/\/portaltela.pt\/#website\",\"url\":\"https:\/\/portaltela.pt\/\",\"name\":\"Portal Tela Portugal\",\"description\":\"\",\"potentialAction\":[{\"@type\":\"SearchAction\",\"target\":{\"@type\":\"EntryPoint\",\"urlTemplate\":\"https:\/\/portaltela.pt\/?s={search_term_string}\"},\"query-input\":{\"@type\":\"PropertyValueSpecification\",\"valueRequired\":true,\"valueName\":\"search_term_string\"}}],\"inLanguage\":\"pt-PT\"},{\"@type\":\"Person\",\"@id\":\"https:\/\/portaltela.pt\/#\/schema\/person\/c4278d4a6028830caff9ee44b42d32ed\",\"name\":\"Telinha\",\"image\":{\"@type\":\"ImageObject\",\"inLanguage\":\"pt-PT\",\"@id\":\"https:\/\/portaltela.pt\/s.01k8rhncp4jt1\/2025\/11\/talking-bot-125x125.png\",\"url\":\"https:\/\/portaltela.pt\/s.01k8rhncp4jt1\/2025\/11\/talking-bot-125x125.png\",\"contentUrl\":\"https:\/\/portaltela.pt\/s.01k8rhncp4jt1\/2025\/11\/talking-bot-125x125.png\",\"caption\":\"Telinha\"},\"sameAs\":[\"https:\/\/portaltela.pt\/\"],\"url\":\"https:\/\/portaltela.pt\/por\/367410592786\/\"}]}<\/script>\n<!-- \/ Yoast SEO plugin. -->","yoast_head_json":{"title":"Elei\u00e7\u00f5es em Baden-W\u00fcrttemberg marcam primeiro teste do ano para Merz - Portal Tela Portugal","robots":{"index":"index","follow":"follow","max-snippet":"max-snippet:-1","max-image-preview":"max-image-preview:large","max-video-preview":"max-video-preview:-1"},"og_locale":"pt_PT","og_type":"article","og_title":"Elei\u00e7\u00f5es em Baden-W\u00fcrttemberg marcam primeiro teste do ano para Merz - Portal Tela Portugal","og_description":"O estado de Baden-W\u00fcrttemberg realiza elei\u00e7\u00f5es neste domingo, o primeiro teste eleitoral de Merz desde que assumiu a chanceleria em maio, no quadro de quatro elei\u00e7\u00f5es estaduais este ano. A CDU, que j\u00e1 governou com os Verdes desde 2011, est\u00e1 empatada com estes \u00faltimos, com 28% de ambas as forma\u00e7\u00f5es segundo a \u00faltima sondagem. O candidato da CDU \u00e9 Manuel Hagel, 37 anos, j\u00e1 contra Cem \u00d6zdemir dos Verdes; uma vit\u00f3ria de qualquer um pode manter a coliga\u00e7\u00e3o e o governo atual. O partido Alternativa para a Alemanha (AfD) surge com cerca de 20% de inten\u00e7\u00f5es de voto nas sondagens, enquanto Merz disse que n\u00e3o coopera com a AfD. Observa-se ainda um poss\u00edvel avan\u00e7o da Die Linke no parlamento estadual e uma quebra de apoio aos social-democratas; ap\u00f3s Baden-W\u00fcrttemberg seguem-se Ren\u00e2nia-Palatinado, Berlim, Sax\u00f3nia-Anhalt e Mecklemburgo-Pomer\u00e2nia Ocidental em setembro.","og_url":"https:\/\/portaltela.pt\/noticias\/2026\/03\/07\/eleicoes-em-baden-wurttemberg-marcam-primeiro-teste-do-ano-para-merz\/","og_site_name":"Portal Tela Portugal","article_published_time":"2026-03-07T16:03:00+00:00","author":"Telinha","twitter_card":"summary_large_image","twitter_misc":{"Escrito por":"Telinha","Tempo estimado de leitura":"2 minutos"},"schema":{"@context":"https:\/\/schema.org","@graph":[{"@type":"Article","@id":"https:\/\/portaltela.pt\/noticias\/2026\/03\/07\/eleicoes-em-baden-wurttemberg-marcam-primeiro-teste-do-ano-para-merz\/#article","isPartOf":{"@id":"https:\/\/portaltela.pt\/noticias\/2026\/03\/07\/eleicoes-em-baden-wurttemberg-marcam-primeiro-teste-do-ano-para-merz\/"},"author":{"name":"Telinha","@id":"https:\/\/portaltela.pt\/#\/schema\/person\/c4278d4a6028830caff9ee44b42d32ed"},"headline":"Elei\u00e7\u00f5es em Baden-W\u00fcrttemberg marcam primeiro teste do ano para Merz","datePublished":"2026-03-07T16:03:00+00:00","mainEntityOfPage":{"@id":"https:\/\/portaltela.pt\/noticias\/2026\/03\/07\/eleicoes-em-baden-wurttemberg-marcam-primeiro-teste-do-ano-para-merz\/"},"wordCount":325,"image":{"@id":"https:\/\/portaltela.pt\/noticias\/2026\/03\/07\/eleicoes-em-baden-wurttemberg-marcam-primeiro-teste-do-ano-para-merz\/#primaryimage"},"thumbnailUrl":"https:\/\/portaltela.pt\/s.01k8rhncp4jt1\/2026\/03\/2072320.jpg","keywords":["Alemanha","coaliz\u00e3o internacional","elei\u00e7\u00f5es","elei\u00e7\u00f5es internacionais","partidos","pol\u00edtica internacional"],"articleSection":["Not\u00edcias","Pol\u00edtica"],"inLanguage":"pt-PT"},{"@type":"WebPage","@id":"https:\/\/portaltela.pt\/noticias\/2026\/03\/07\/eleicoes-em-baden-wurttemberg-marcam-primeiro-teste-do-ano-para-merz\/","url":"https:\/\/portaltela.pt\/noticias\/2026\/03\/07\/eleicoes-em-baden-wurttemberg-marcam-primeiro-teste-do-ano-para-merz\/","name":"Elei\u00e7\u00f5es em Baden-W\u00fcrttemberg marcam primeiro teste do ano para Merz - Portal Tela Portugal","isPartOf":{"@id":"https:\/\/portaltela.pt\/#website"},"primaryImageOfPage":{"@id":"https:\/\/portaltela.pt\/noticias\/2026\/03\/07\/eleicoes-em-baden-wurttemberg-marcam-primeiro-teste-do-ano-para-merz\/#primaryimage"},"image":{"@id":"https:\/\/portaltela.pt\/noticias\/2026\/03\/07\/eleicoes-em-baden-wurttemberg-marcam-primeiro-teste-do-ano-para-merz\/#primaryimage"},"thumbnailUrl":"https:\/\/portaltela.pt\/s.01k8rhncp4jt1\/2026\/03\/2072320.jpg","datePublished":"2026-03-07T16:03:00+00:00","author":{"@id":"https:\/\/portaltela.pt\/#\/schema\/person\/c4278d4a6028830caff9ee44b42d32ed"},"breadcrumb":{"@id":"https:\/\/portaltela.pt\/noticias\/2026\/03\/07\/eleicoes-em-baden-wurttemberg-marcam-primeiro-teste-do-ano-para-merz\/#breadcrumb"},"inLanguage":"pt-PT","potentialAction":[{"@type":"ReadAction","target":["https:\/\/portaltela.pt\/noticias\/2026\/03\/07\/eleicoes-em-baden-wurttemberg-marcam-primeiro-teste-do-ano-para-merz\/"]}]},{"@type":"ImageObject","inLanguage":"pt-PT","@id":"https:\/\/portaltela.pt\/noticias\/2026\/03\/07\/eleicoes-em-baden-wurttemberg-marcam-primeiro-teste-do-ano-para-merz\/#primaryimage","url":"https:\/\/portaltela.pt\/s.01k8rhncp4jt1\/2026\/03\/2072320.jpg","contentUrl":"https:\/\/portaltela.pt\/s.01k8rhncp4jt1\/2026\/03\/2072320.jpg","width":796,"height":448,"caption":"Friedrich Merz e o candidato da CDU, Manuel Hagel, numa ac\u00e7\u00e3o de campanha"},{"@type":"BreadcrumbList","@id":"https:\/\/portaltela.pt\/noticias\/2026\/03\/07\/eleicoes-em-baden-wurttemberg-marcam-primeiro-teste-do-ano-para-merz\/#breadcrumb","itemListElement":[{"@type":"ListItem","position":1,"name":"In\u00edcio","item":"https:\/\/portaltela.pt\/"},{"@type":"ListItem","position":2,"name":"Elei\u00e7\u00f5es em Baden-W\u00fcrttemberg marcam primeiro teste do ano para Merz"}]},{"@type":"WebSite","@id":"https:\/\/portaltela.pt\/#website","url":"https:\/\/portaltela.pt\/","name":"Portal Tela Portugal","description":"","potentialAction":[{"@type":"SearchAction","target":{"@type":"EntryPoint","urlTemplate":"https:\/\/portaltela.pt\/?s={search_term_string}"},"query-input":{"@type":"PropertyValueSpecification","valueRequired":true,"valueName":"search_term_string"}}],"inLanguage":"pt-PT"},{"@type":"Person","@id":"https:\/\/portaltela.pt\/#\/schema\/person\/c4278d4a6028830caff9ee44b42d32ed","name":"Telinha","image":{"@type":"ImageObject","inLanguage":"pt-PT","@id":"https:\/\/portaltela.pt\/s.01k8rhncp4jt1\/2025\/11\/talking-bot-125x125.png","url":"https:\/\/portaltela.pt\/s.01k8rhncp4jt1\/2025\/11\/talking-bot-125x125.png","contentUrl":"https:\/\/portaltela.pt\/s.01k8rhncp4jt1\/2025\/11\/talking-bot-125x125.png","caption":"Telinha"},"sameAs":["https:\/\/portaltela.pt\/"],"url":"https:\/\/portaltela.pt\/por\/367410592786\/"}]}},"_links":{"self":[{"href":"https:\/\/portaltela.pt\/api\/wp\/v2\/posts\/401520","targetHints":{"allow":["GET"]}}],"collection":[{"href":"https:\/\/portaltela.pt\/api\/wp\/v2\/posts"}],"about":[{"href":"https:\/\/portaltela.pt\/api\/wp\/v2\/types\/post"}],"author":[{"embeddable":true,"href":"https:\/\/portaltela.pt\/api\/wp\/v2\/users\/2"}],"replies":[{"embeddable":true,"href":"https:\/\/portaltela.pt\/api\/wp\/v2\/comments?post=401520"}],"version-history":[{"count":0,"href":"https:\/\/portaltela.pt\/api\/wp\/v2\/posts\/401520\/revisions"}],"wp:featuredmedia":[{"embeddable":true,"href":"https:\/\/portaltela.pt\/api\/wp\/v2\/media\/401524"}],"wp:attachment":[{"href":"https:\/\/portaltela.pt\/api\/wp\/v2\/media?parent=401520"}],"wp:term":[{"taxonomy":"category","embeddable":true,"href":"https:\/\/portaltela.pt\/api\/wp\/v2\/categories?post=401520"},{"taxonomy":"post_tag","embeddable":true,"href":"https:\/\/portaltela.pt\/api\/wp\/v2\/tags?post=401520"}],"curies":[{"name":"wp","href":"https:\/\/api.w.org\/{rel}","templated":true}]}}