{"id":401505,"date":"2026-03-07T13:28:08","date_gmt":"2026-03-07T16:28:08","guid":{"rendered":"https:\/\/portaltela.pt\/noticias\/2026\/03\/07\/suspeitas-de-crime-na-morte-de-homem-em-torres-novas\/"},"modified":"2026-03-07T13:28:08","modified_gmt":"2026-03-07T16:28:08","slug":"suspeitas-de-crime-na-morte-de-homem-em-torres-novas","status":"publish","type":"post","link":"https:\/\/portaltela.pt\/policia\/2026\/03\/07\/suspeitas-de-crime-na-morte-de-homem-em-torres-novas\/","title":{"rendered":"Suspeitas de crime na morte de homem em Torres Novas"},"content":{"rendered":"<p>O caso envolve uma morte em Torres Novas, j\u00e1 com suspeitas de crime. A v\u00edtima \u00e9 um homem de 67 anos que faleceu na sexta-feira.<\/p>\n<p>Segundo informa\u00e7\u00f5es preliminares, o \u00f3bito ocorreu enquanto a v\u00edtima passeava o c\u00e3o no munic\u00edpio de Torres Novas. N\u00e3o existem detalhes oficiais sobre as circunst\u00e2ncias do sucedido.<\/p>\n<p>As autoridades encontram-se a investigar o que ocorreu, avaliando as v\u00e1rias hip\u00f3teses que possam explicar a morte. O caso est\u00e1 a ser acompanhado pelas autoridades competentes, sem divulga\u00e7\u00e3o de mais dados no momento.<\/p>\n","protected":false},"excerpt":{"rendered":"<ul>\n<li>Um homem de 67 anos morreu na sexta-feira enquanto passeava o c\u00e3o, em Torres Novas.<\/li>\n<li>A morte est\u00e1 a ser tratada pela autoridade como poss\u00edvel crime, com investiga\u00e7\u00e3o em curso.<\/li>\n<li>N\u00e3o foram divulgados detalhes sobre as causas da morte ou poss\u00edveis suspeitos.<\/li>\n<li>As informa\u00e7\u00f5es dispon\u00edveis n\u00e3o permitem concluir sobre responsabilidades ou motiva\u00e7\u00f5es.<\/li>\n<li>A investiga\u00e7\u00e3o permanece aberta e n\u00e3o h\u00e1 mais informa\u00e7\u00f5es oficiais no momento.<\/li>\n<\/ul>\n","protected":false},"author":2,"featured_media":401506,"comment_status":"closed","ping_status":"closed","sticky":false,"template":"","format":"standard","meta":{"footnotes":""},"categories":[1,6781],"tags":[147,5249,1345,217,6429,1741],"class_list":["post-401505","post","type-post","status-publish","format-standard","has-post-thumbnail","hentry","category-noticias","category-policia","tag-crime","tag-crime-de-homicidio","tag-homicidio","tag-investigacao-criminal","tag-mortes","tag-torres-novas"],"yoast_head":"<!-- This site is optimized with the Yoast SEO plugin v27.2 - https:\/\/yoast.com\/product\/yoast-seo-wordpress\/ -->\n<title>Suspeitas de crime na morte de homem em Torres Novas - Portal Tela Portugal<\/title>\n<meta name=\"robots\" content=\"index, follow, max-snippet:-1, max-image-preview:large, max-video-preview:-1\" \/>\n<meta property=\"og:locale\" content=\"pt_PT\" \/>\n<meta property=\"og:type\" content=\"article\" \/>\n<meta property=\"og:title\" content=\"Suspeitas de crime na morte de homem em Torres Novas - Portal Tela Portugal\" \/>\n<meta property=\"og:description\" content=\"Um homem de 67 anos morreu na sexta-feira enquanto passeava o c\u00e3o, em Torres Novas. A morte est\u00e1 a ser tratada pela autoridade como poss\u00edvel crime, com investiga\u00e7\u00e3o em curso. N\u00e3o foram divulgados detalhes sobre as causas da morte ou poss\u00edveis suspeitos. As informa\u00e7\u00f5es dispon\u00edveis n\u00e3o permitem concluir sobre responsabilidades ou motiva\u00e7\u00f5es. A investiga\u00e7\u00e3o permanece aberta e n\u00e3o h\u00e1 mais informa\u00e7\u00f5es oficiais no momento.\" \/>\n<meta property=\"og:url\" content=\"https:\/\/portaltela.pt\/noticias\/2026\/03\/07\/suspeitas-de-crime-na-morte-de-homem-em-torres-novas\/\" \/>\n<meta property=\"og:site_name\" content=\"Portal Tela Portugal\" \/>\n<meta property=\"article:published_time\" content=\"2026-03-07T16:28:08+00:00\" \/>\n<meta name=\"author\" content=\"Telinha\" \/>\n<meta name=\"twitter:card\" content=\"summary_large_image\" \/>\n<meta name=\"twitter:label1\" content=\"Escrito por\" \/>\n\t<meta name=\"twitter:data1\" content=\"Telinha\" \/>\n<script type=\"application\/ld+json\" class=\"yoast-schema-graph\">{\"@context\":\"https:\/\/schema.org\",\"@graph\":[{\"@type\":\"Article\",\"@id\":\"https:\/\/portaltela.pt\/noticias\/2026\/03\/07\/suspeitas-de-crime-na-morte-de-homem-em-torres-novas\/#article\",\"isPartOf\":{\"@id\":\"https:\/\/portaltela.pt\/noticias\/2026\/03\/07\/suspeitas-de-crime-na-morte-de-homem-em-torres-novas\/\"},\"author\":{\"name\":\"Telinha\",\"@id\":\"https:\/\/portaltela.pt\/#\/schema\/person\/c4278d4a6028830caff9ee44b42d32ed\"},\"headline\":\"Suspeitas de crime na morte de homem em Torres Novas\",\"datePublished\":\"2026-03-07T16:28:08+00:00\",\"mainEntityOfPage\":{\"@id\":\"https:\/\/portaltela.pt\/noticias\/2026\/03\/07\/suspeitas-de-crime-na-morte-de-homem-em-torres-novas\/\"},\"wordCount\":102,\"image\":{\"@id\":\"https:\/\/portaltela.pt\/noticias\/2026\/03\/07\/suspeitas-de-crime-na-morte-de-homem-em-torres-novas\/#primaryimage\"},\"thumbnailUrl\":\"https:\/\/portaltela.pt\/s.01k8rhncp4jt1\/2026\/03\/img_1280x722uu2026-03-07-16-27-00-2270961.jpg\",\"keywords\":[\"crime\",\"crime de homic\u00eddio\",\"homic\u00eddio\",\"investiga\u00e7\u00e3o criminal\",\"mortes\",\"Torres Novas\"],\"articleSection\":[\"Not\u00edcias\",\"Pol\u00edcia\"],\"inLanguage\":\"pt-PT\"},{\"@type\":\"WebPage\",\"@id\":\"https:\/\/portaltela.pt\/noticias\/2026\/03\/07\/suspeitas-de-crime-na-morte-de-homem-em-torres-novas\/\",\"url\":\"https:\/\/portaltela.pt\/noticias\/2026\/03\/07\/suspeitas-de-crime-na-morte-de-homem-em-torres-novas\/\",\"name\":\"Suspeitas de crime na morte de homem em Torres Novas - Portal Tela Portugal\",\"isPartOf\":{\"@id\":\"https:\/\/portaltela.pt\/#website\"},\"primaryImageOfPage\":{\"@id\":\"https:\/\/portaltela.pt\/noticias\/2026\/03\/07\/suspeitas-de-crime-na-morte-de-homem-em-torres-novas\/#primaryimage\"},\"image\":{\"@id\":\"https:\/\/portaltela.pt\/noticias\/2026\/03\/07\/suspeitas-de-crime-na-morte-de-homem-em-torres-novas\/#primaryimage\"},\"thumbnailUrl\":\"https:\/\/portaltela.pt\/s.01k8rhncp4jt1\/2026\/03\/img_1280x722uu2026-03-07-16-27-00-2270961.jpg\",\"datePublished\":\"2026-03-07T16:28:08+00:00\",\"author\":{\"@id\":\"https:\/\/portaltela.pt\/#\/schema\/person\/c4278d4a6028830caff9ee44b42d32ed\"},\"breadcrumb\":{\"@id\":\"https:\/\/portaltela.pt\/noticias\/2026\/03\/07\/suspeitas-de-crime-na-morte-de-homem-em-torres-novas\/#breadcrumb\"},\"inLanguage\":\"pt-PT\",\"potentialAction\":[{\"@type\":\"ReadAction\",\"target\":[\"https:\/\/portaltela.pt\/noticias\/2026\/03\/07\/suspeitas-de-crime-na-morte-de-homem-em-torres-novas\/\"]}]},{\"@type\":\"ImageObject\",\"inLanguage\":\"pt-PT\",\"@id\":\"https:\/\/portaltela.pt\/noticias\/2026\/03\/07\/suspeitas-de-crime-na-morte-de-homem-em-torres-novas\/#primaryimage\",\"url\":\"https:\/\/portaltela.pt\/s.01k8rhncp4jt1\/2026\/03\/img_1280x722uu2026-03-07-16-27-00-2270961.jpg\",\"contentUrl\":\"https:\/\/portaltela.pt\/s.01k8rhncp4jt1\/2026\/03\/img_1280x722uu2026-03-07-16-27-00-2270961.jpg\",\"width\":796,\"height\":448,\"caption\":\"Photo\"},{\"@type\":\"BreadcrumbList\",\"@id\":\"https:\/\/portaltela.pt\/noticias\/2026\/03\/07\/suspeitas-de-crime-na-morte-de-homem-em-torres-novas\/#breadcrumb\",\"itemListElement\":[{\"@type\":\"ListItem\",\"position\":1,\"name\":\"In\u00edcio\",\"item\":\"https:\/\/portaltela.pt\/\"},{\"@type\":\"ListItem\",\"position\":2,\"name\":\"Suspeitas de crime na morte de homem em Torres Novas\"}]},{\"@type\":\"WebSite\",\"@id\":\"https:\/\/portaltela.pt\/#website\",\"url\":\"https:\/\/portaltela.pt\/\",\"name\":\"Portal Tela Portugal\",\"description\":\"\",\"potentialAction\":[{\"@type\":\"SearchAction\",\"target\":{\"@type\":\"EntryPoint\",\"urlTemplate\":\"https:\/\/portaltela.pt\/?s={search_term_string}\"},\"query-input\":{\"@type\":\"PropertyValueSpecification\",\"valueRequired\":true,\"valueName\":\"search_term_string\"}}],\"inLanguage\":\"pt-PT\"},{\"@type\":\"Person\",\"@id\":\"https:\/\/portaltela.pt\/#\/schema\/person\/c4278d4a6028830caff9ee44b42d32ed\",\"name\":\"Telinha\",\"image\":{\"@type\":\"ImageObject\",\"inLanguage\":\"pt-PT\",\"@id\":\"https:\/\/portaltela.pt\/s.01k8rhncp4jt1\/2025\/11\/talking-bot-125x125.png\",\"url\":\"https:\/\/portaltela.pt\/s.01k8rhncp4jt1\/2025\/11\/talking-bot-125x125.png\",\"contentUrl\":\"https:\/\/portaltela.pt\/s.01k8rhncp4jt1\/2025\/11\/talking-bot-125x125.png\",\"caption\":\"Telinha\"},\"sameAs\":[\"https:\/\/portaltela.pt\/\"],\"url\":\"https:\/\/portaltela.pt\/por\/367410592786\/\"}]}<\/script>\n<!-- \/ Yoast SEO plugin. -->","yoast_head_json":{"title":"Suspeitas de crime na morte de homem em Torres Novas - Portal Tela Portugal","robots":{"index":"index","follow":"follow","max-snippet":"max-snippet:-1","max-image-preview":"max-image-preview:large","max-video-preview":"max-video-preview:-1"},"og_locale":"pt_PT","og_type":"article","og_title":"Suspeitas de crime na morte de homem em Torres Novas - Portal Tela Portugal","og_description":"Um homem de 67 anos morreu na sexta-feira enquanto passeava o c\u00e3o, em Torres Novas. A morte est\u00e1 a ser tratada pela autoridade como poss\u00edvel crime, com investiga\u00e7\u00e3o em curso. N\u00e3o foram divulgados detalhes sobre as causas da morte ou poss\u00edveis suspeitos. As informa\u00e7\u00f5es dispon\u00edveis n\u00e3o permitem concluir sobre responsabilidades ou motiva\u00e7\u00f5es. A investiga\u00e7\u00e3o permanece aberta e n\u00e3o h\u00e1 mais informa\u00e7\u00f5es oficiais no momento.","og_url":"https:\/\/portaltela.pt\/noticias\/2026\/03\/07\/suspeitas-de-crime-na-morte-de-homem-em-torres-novas\/","og_site_name":"Portal Tela Portugal","article_published_time":"2026-03-07T16:28:08+00:00","author":"Telinha","twitter_card":"summary_large_image","twitter_misc":{"Escrito por":"Telinha"},"schema":{"@context":"https:\/\/schema.org","@graph":[{"@type":"Article","@id":"https:\/\/portaltela.pt\/noticias\/2026\/03\/07\/suspeitas-de-crime-na-morte-de-homem-em-torres-novas\/#article","isPartOf":{"@id":"https:\/\/portaltela.pt\/noticias\/2026\/03\/07\/suspeitas-de-crime-na-morte-de-homem-em-torres-novas\/"},"author":{"name":"Telinha","@id":"https:\/\/portaltela.pt\/#\/schema\/person\/c4278d4a6028830caff9ee44b42d32ed"},"headline":"Suspeitas de crime na morte de homem em Torres Novas","datePublished":"2026-03-07T16:28:08+00:00","mainEntityOfPage":{"@id":"https:\/\/portaltela.pt\/noticias\/2026\/03\/07\/suspeitas-de-crime-na-morte-de-homem-em-torres-novas\/"},"wordCount":102,"image":{"@id":"https:\/\/portaltela.pt\/noticias\/2026\/03\/07\/suspeitas-de-crime-na-morte-de-homem-em-torres-novas\/#primaryimage"},"thumbnailUrl":"https:\/\/portaltela.pt\/s.01k8rhncp4jt1\/2026\/03\/img_1280x722uu2026-03-07-16-27-00-2270961.jpg","keywords":["crime","crime de homic\u00eddio","homic\u00eddio","investiga\u00e7\u00e3o criminal","mortes","Torres Novas"],"articleSection":["Not\u00edcias","Pol\u00edcia"],"inLanguage":"pt-PT"},{"@type":"WebPage","@id":"https:\/\/portaltela.pt\/noticias\/2026\/03\/07\/suspeitas-de-crime-na-morte-de-homem-em-torres-novas\/","url":"https:\/\/portaltela.pt\/noticias\/2026\/03\/07\/suspeitas-de-crime-na-morte-de-homem-em-torres-novas\/","name":"Suspeitas de crime na morte de homem em Torres Novas - Portal Tela Portugal","isPartOf":{"@id":"https:\/\/portaltela.pt\/#website"},"primaryImageOfPage":{"@id":"https:\/\/portaltela.pt\/noticias\/2026\/03\/07\/suspeitas-de-crime-na-morte-de-homem-em-torres-novas\/#primaryimage"},"image":{"@id":"https:\/\/portaltela.pt\/noticias\/2026\/03\/07\/suspeitas-de-crime-na-morte-de-homem-em-torres-novas\/#primaryimage"},"thumbnailUrl":"https:\/\/portaltela.pt\/s.01k8rhncp4jt1\/2026\/03\/img_1280x722uu2026-03-07-16-27-00-2270961.jpg","datePublished":"2026-03-07T16:28:08+00:00","author":{"@id":"https:\/\/portaltela.pt\/#\/schema\/person\/c4278d4a6028830caff9ee44b42d32ed"},"breadcrumb":{"@id":"https:\/\/portaltela.pt\/noticias\/2026\/03\/07\/suspeitas-de-crime-na-morte-de-homem-em-torres-novas\/#breadcrumb"},"inLanguage":"pt-PT","potentialAction":[{"@type":"ReadAction","target":["https:\/\/portaltela.pt\/noticias\/2026\/03\/07\/suspeitas-de-crime-na-morte-de-homem-em-torres-novas\/"]}]},{"@type":"ImageObject","inLanguage":"pt-PT","@id":"https:\/\/portaltela.pt\/noticias\/2026\/03\/07\/suspeitas-de-crime-na-morte-de-homem-em-torres-novas\/#primaryimage","url":"https:\/\/portaltela.pt\/s.01k8rhncp4jt1\/2026\/03\/img_1280x722uu2026-03-07-16-27-00-2270961.jpg","contentUrl":"https:\/\/portaltela.pt\/s.01k8rhncp4jt1\/2026\/03\/img_1280x722uu2026-03-07-16-27-00-2270961.jpg","width":796,"height":448,"caption":"Photo"},{"@type":"BreadcrumbList","@id":"https:\/\/portaltela.pt\/noticias\/2026\/03\/07\/suspeitas-de-crime-na-morte-de-homem-em-torres-novas\/#breadcrumb","itemListElement":[{"@type":"ListItem","position":1,"name":"In\u00edcio","item":"https:\/\/portaltela.pt\/"},{"@type":"ListItem","position":2,"name":"Suspeitas de crime na morte de homem em Torres Novas"}]},{"@type":"WebSite","@id":"https:\/\/portaltela.pt\/#website","url":"https:\/\/portaltela.pt\/","name":"Portal Tela Portugal","description":"","potentialAction":[{"@type":"SearchAction","target":{"@type":"EntryPoint","urlTemplate":"https:\/\/portaltela.pt\/?s={search_term_string}"},"query-input":{"@type":"PropertyValueSpecification","valueRequired":true,"valueName":"search_term_string"}}],"inLanguage":"pt-PT"},{"@type":"Person","@id":"https:\/\/portaltela.pt\/#\/schema\/person\/c4278d4a6028830caff9ee44b42d32ed","name":"Telinha","image":{"@type":"ImageObject","inLanguage":"pt-PT","@id":"https:\/\/portaltela.pt\/s.01k8rhncp4jt1\/2025\/11\/talking-bot-125x125.png","url":"https:\/\/portaltela.pt\/s.01k8rhncp4jt1\/2025\/11\/talking-bot-125x125.png","contentUrl":"https:\/\/portaltela.pt\/s.01k8rhncp4jt1\/2025\/11\/talking-bot-125x125.png","caption":"Telinha"},"sameAs":["https:\/\/portaltela.pt\/"],"url":"https:\/\/portaltela.pt\/por\/367410592786\/"}]}},"_links":{"self":[{"href":"https:\/\/portaltela.pt\/api\/wp\/v2\/posts\/401505","targetHints":{"allow":["GET"]}}],"collection":[{"href":"https:\/\/portaltela.pt\/api\/wp\/v2\/posts"}],"about":[{"href":"https:\/\/portaltela.pt\/api\/wp\/v2\/types\/post"}],"author":[{"embeddable":true,"href":"https:\/\/portaltela.pt\/api\/wp\/v2\/users\/2"}],"replies":[{"embeddable":true,"href":"https:\/\/portaltela.pt\/api\/wp\/v2\/comments?post=401505"}],"version-history":[{"count":0,"href":"https:\/\/portaltela.pt\/api\/wp\/v2\/posts\/401505\/revisions"}],"wp:featuredmedia":[{"embeddable":true,"href":"https:\/\/portaltela.pt\/api\/wp\/v2\/media\/401506"}],"wp:attachment":[{"href":"https:\/\/portaltela.pt\/api\/wp\/v2\/media?parent=401505"}],"wp:term":[{"taxonomy":"category","embeddable":true,"href":"https:\/\/portaltela.pt\/api\/wp\/v2\/categories?post=401505"},{"taxonomy":"post_tag","embeddable":true,"href":"https:\/\/portaltela.pt\/api\/wp\/v2\/tags?post=401505"}],"curies":[{"name":"wp","href":"https:\/\/api.w.org\/{rel}","templated":true}]}}