{"id":401485,"date":"2026-03-07T12:53:00","date_gmt":"2026-03-07T15:53:00","guid":{"rendered":"https:\/\/portaltela.pt\/noticias\/2026\/03\/07\/petit-garante-santa-clara-pronto-para-responder-a-vitoria-de-guimaraes\/"},"modified":"2026-03-07T12:53:00","modified_gmt":"2026-03-07T15:53:00","slug":"petit-garante-santa-clara-pronto-para-responder-a-vitoria-de-guimaraes","status":"publish","type":"post","link":"https:\/\/portaltela.pt\/desporto\/futebol\/2026\/03\/07\/petit-garante-santa-clara-pronto-para-responder-a-vitoria-de-guimaraes\/","title":{"rendered":"Petit garante Santa Clara pronto para responder a Vit\u00f3ria de Guimar\u00e3es"},"content":{"rendered":"<p>O treinador Petit afirmou hoje que o Santa Clara est\u00e1 mais perto de voltar \u00e0s vit\u00f3rias na I Liga e garantiu que a equipa est\u00e1 pronta para dar uma resposta frente ao Vit\u00f3ria de Guimar\u00e3es, na pr\u00f3xima jornada. O objetivo \u00e9 volta a somar pontos e manter a equipa competitiva na luta pela defini\u00e7\u00e3o da posi\u00e7\u00e3o na tabela.<\/p>\n<p>Petit destacou a import\u00e2ncia de manter o ritmo de trabalho e de encaixar o modelo de jogo aplicado ao longo da \u00e9poca, preparando-se para um advers\u00e1rio com forte presen\u00e7a no campeonato. O t\u00e9cnico falou em confian\u00e7a na recupera\u00e7\u00e3o recente do conjunto a\u00e7oriano.<\/p>\n<p>O Santa Clara e o Vit\u00f3ria de Guimar\u00e3es devem medir for\u00e7as pela I Liga numa partida que se antecipa decisiva para o calend\u00e1rio do clube insular. A imprensa local tem acompanhado a evolu\u00e7\u00e3o do plantel e as mensagens da equipa t\u00e9cnica sobre o momento atual e as expectativas para o duelo.<\/p>\n","protected":false},"excerpt":{"rendered":"<ul>\n<li>O treinador Petit afirmou que o Santa Clara est\u00e1 mais perto de voltar \u00e0s vit\u00f3rias na I Liga.<\/li>\n<li>Garantiu que a equipa est\u00e1 pronta para dar uma boa resposta frente ao Vit\u00f3ria de Guimar\u00e3es.<\/li>\n<li>A declara\u00e7\u00e3o foi feita na esteira da prepara\u00e7\u00e3o para a pr\u00f3xima jornada da I Liga.<\/li>\n<li>O conte\u00fado completo da not\u00edcia est\u00e1 dispon\u00edvel apenas para subscritores.<\/li>\n<li>O objetivo \u00e9 alcan\u00e7ar pontos e manter o ritmo competitivo na competi\u00e7\u00e3o.<\/li>\n<\/ul>\n","protected":false},"author":2,"featured_media":401486,"comment_status":"closed","ping_status":"closed","sticky":false,"template":"","format":"standard","meta":{"footnotes":""},"categories":[21,24],"tags":[152,32,1684,998,5393,2229],"class_list":["post-401485","post","type-post","status-publish","format-standard","has-post-thumbnail","hentry","category-desporto","category-futebol","tag-desporto","tag-futebol","tag-i-liga","tag-santa-clara","tag-v-guimaraes","tag-vitoria-sc"],"yoast_head":"<!-- This site is optimized with the Yoast SEO plugin v27.2 - https:\/\/yoast.com\/product\/yoast-seo-wordpress\/ -->\n<title>Petit garante Santa Clara pronto para responder a Vit\u00f3ria de Guimar\u00e3es - Portal Tela Portugal<\/title>\n<meta name=\"robots\" content=\"index, follow, max-snippet:-1, max-image-preview:large, max-video-preview:-1\" \/>\n<meta property=\"og:locale\" content=\"pt_PT\" \/>\n<meta property=\"og:type\" content=\"article\" \/>\n<meta property=\"og:title\" content=\"Petit garante Santa Clara pronto para responder a Vit\u00f3ria de Guimar\u00e3es - Portal Tela Portugal\" \/>\n<meta property=\"og:description\" content=\"O treinador Petit afirmou que o Santa Clara est\u00e1 mais perto de voltar \u00e0s vit\u00f3rias na I Liga. Garantiu que a equipa est\u00e1 pronta para dar uma boa resposta frente ao Vit\u00f3ria de Guimar\u00e3es. A declara\u00e7\u00e3o foi feita na esteira da prepara\u00e7\u00e3o para a pr\u00f3xima jornada da I Liga. O conte\u00fado completo da not\u00edcia est\u00e1 dispon\u00edvel apenas para subscritores. O objetivo \u00e9 alcan\u00e7ar pontos e manter o ritmo competitivo na competi\u00e7\u00e3o.\" \/>\n<meta property=\"og:url\" content=\"https:\/\/portaltela.pt\/noticias\/2026\/03\/07\/petit-garante-santa-clara-pronto-para-responder-a-vitoria-de-guimaraes\/\" \/>\n<meta property=\"og:site_name\" content=\"Portal Tela Portugal\" \/>\n<meta property=\"article:published_time\" content=\"2026-03-07T15:53:00+00:00\" \/>\n<meta name=\"author\" content=\"Telinha\" \/>\n<meta name=\"twitter:card\" content=\"summary_large_image\" \/>\n<meta name=\"twitter:label1\" content=\"Escrito por\" \/>\n\t<meta name=\"twitter:data1\" content=\"Telinha\" \/>\n\t<meta name=\"twitter:label2\" content=\"Tempo estimado de leitura\" \/>\n\t<meta name=\"twitter:data2\" content=\"1 minuto\" \/>\n<script type=\"application\/ld+json\" class=\"yoast-schema-graph\">{\"@context\":\"https:\/\/schema.org\",\"@graph\":[{\"@type\":\"Article\",\"@id\":\"https:\/\/portaltela.pt\/noticias\/2026\/03\/07\/petit-garante-santa-clara-pronto-para-responder-a-vitoria-de-guimaraes\/#article\",\"isPartOf\":{\"@id\":\"https:\/\/portaltela.pt\/noticias\/2026\/03\/07\/petit-garante-santa-clara-pronto-para-responder-a-vitoria-de-guimaraes\/\"},\"author\":{\"name\":\"Telinha\",\"@id\":\"https:\/\/portaltela.pt\/#\/schema\/person\/c4278d4a6028830caff9ee44b42d32ed\"},\"headline\":\"Petit garante Santa Clara pronto para responder a Vit\u00f3ria de Guimar\u00e3es\",\"datePublished\":\"2026-03-07T15:53:00+00:00\",\"mainEntityOfPage\":{\"@id\":\"https:\/\/portaltela.pt\/noticias\/2026\/03\/07\/petit-garante-santa-clara-pronto-para-responder-a-vitoria-de-guimaraes\/\"},\"wordCount\":182,\"image\":{\"@id\":\"https:\/\/portaltela.pt\/noticias\/2026\/03\/07\/petit-garante-santa-clara-pronto-para-responder-a-vitoria-de-guimaraes\/#primaryimage\"},\"thumbnailUrl\":\"https:\/\/portaltela.pt\/s.01k8rhncp4jt1\/2026\/03\/CACHE_780X1200_ANALOG_WATERMARKED_46511099_4303002_07022026050930.jpg\",\"keywords\":[\"desporto\",\"futebol\",\"I Liga\",\"Santa Clara\",\"V. Guimar\u00e3es\",\"Vit\u00f3ria SC\"],\"articleSection\":[\"Desporto\",\"Futebol\"],\"inLanguage\":\"pt-PT\"},{\"@type\":\"WebPage\",\"@id\":\"https:\/\/portaltela.pt\/noticias\/2026\/03\/07\/petit-garante-santa-clara-pronto-para-responder-a-vitoria-de-guimaraes\/\",\"url\":\"https:\/\/portaltela.pt\/noticias\/2026\/03\/07\/petit-garante-santa-clara-pronto-para-responder-a-vitoria-de-guimaraes\/\",\"name\":\"Petit garante Santa Clara pronto para responder a Vit\u00f3ria de Guimar\u00e3es - Portal Tela Portugal\",\"isPartOf\":{\"@id\":\"https:\/\/portaltela.pt\/#website\"},\"primaryImageOfPage\":{\"@id\":\"https:\/\/portaltela.pt\/noticias\/2026\/03\/07\/petit-garante-santa-clara-pronto-para-responder-a-vitoria-de-guimaraes\/#primaryimage\"},\"image\":{\"@id\":\"https:\/\/portaltela.pt\/noticias\/2026\/03\/07\/petit-garante-santa-clara-pronto-para-responder-a-vitoria-de-guimaraes\/#primaryimage\"},\"thumbnailUrl\":\"https:\/\/portaltela.pt\/s.01k8rhncp4jt1\/2026\/03\/CACHE_780X1200_ANALOG_WATERMARKED_46511099_4303002_07022026050930.jpg\",\"datePublished\":\"2026-03-07T15:53:00+00:00\",\"author\":{\"@id\":\"https:\/\/portaltela.pt\/#\/schema\/person\/c4278d4a6028830caff9ee44b42d32ed\"},\"breadcrumb\":{\"@id\":\"https:\/\/portaltela.pt\/noticias\/2026\/03\/07\/petit-garante-santa-clara-pronto-para-responder-a-vitoria-de-guimaraes\/#breadcrumb\"},\"inLanguage\":\"pt-PT\",\"potentialAction\":[{\"@type\":\"ReadAction\",\"target\":[\"https:\/\/portaltela.pt\/noticias\/2026\/03\/07\/petit-garante-santa-clara-pronto-para-responder-a-vitoria-de-guimaraes\/\"]}]},{\"@type\":\"ImageObject\",\"inLanguage\":\"pt-PT\",\"@id\":\"https:\/\/portaltela.pt\/noticias\/2026\/03\/07\/petit-garante-santa-clara-pronto-para-responder-a-vitoria-de-guimaraes\/#primaryimage\",\"url\":\"https:\/\/portaltela.pt\/s.01k8rhncp4jt1\/2026\/03\/CACHE_780X1200_ANALOG_WATERMARKED_46511099_4303002_07022026050930.jpg\",\"contentUrl\":\"https:\/\/portaltela.pt\/s.01k8rhncp4jt1\/2026\/03\/CACHE_780X1200_ANALOG_WATERMARKED_46511099_4303002_07022026050930.jpg\",\"width\":768,\"height\":512,\"caption\":\"Petit garante Santa Clara pronto para dar \u201cresposta\u201d frente ao Vit\u00f3ria de Guimar\u00e3es\"},{\"@type\":\"BreadcrumbList\",\"@id\":\"https:\/\/portaltela.pt\/noticias\/2026\/03\/07\/petit-garante-santa-clara-pronto-para-responder-a-vitoria-de-guimaraes\/#breadcrumb\",\"itemListElement\":[{\"@type\":\"ListItem\",\"position\":1,\"name\":\"In\u00edcio\",\"item\":\"https:\/\/portaltela.pt\/\"},{\"@type\":\"ListItem\",\"position\":2,\"name\":\"Petit garante Santa Clara pronto para responder a Vit\u00f3ria de Guimar\u00e3es\"}]},{\"@type\":\"WebSite\",\"@id\":\"https:\/\/portaltela.pt\/#website\",\"url\":\"https:\/\/portaltela.pt\/\",\"name\":\"Portal Tela Portugal\",\"description\":\"\",\"potentialAction\":[{\"@type\":\"SearchAction\",\"target\":{\"@type\":\"EntryPoint\",\"urlTemplate\":\"https:\/\/portaltela.pt\/?s={search_term_string}\"},\"query-input\":{\"@type\":\"PropertyValueSpecification\",\"valueRequired\":true,\"valueName\":\"search_term_string\"}}],\"inLanguage\":\"pt-PT\"},{\"@type\":\"Person\",\"@id\":\"https:\/\/portaltela.pt\/#\/schema\/person\/c4278d4a6028830caff9ee44b42d32ed\",\"name\":\"Telinha\",\"image\":{\"@type\":\"ImageObject\",\"inLanguage\":\"pt-PT\",\"@id\":\"https:\/\/portaltela.pt\/s.01k8rhncp4jt1\/2025\/11\/talking-bot-125x125.png\",\"url\":\"https:\/\/portaltela.pt\/s.01k8rhncp4jt1\/2025\/11\/talking-bot-125x125.png\",\"contentUrl\":\"https:\/\/portaltela.pt\/s.01k8rhncp4jt1\/2025\/11\/talking-bot-125x125.png\",\"caption\":\"Telinha\"},\"sameAs\":[\"https:\/\/portaltela.pt\/\"],\"url\":\"https:\/\/portaltela.pt\/por\/367410592786\/\"}]}<\/script>\n<!-- \/ Yoast SEO plugin. -->","yoast_head_json":{"title":"Petit garante Santa Clara pronto para responder a Vit\u00f3ria de Guimar\u00e3es - Portal Tela Portugal","robots":{"index":"index","follow":"follow","max-snippet":"max-snippet:-1","max-image-preview":"max-image-preview:large","max-video-preview":"max-video-preview:-1"},"og_locale":"pt_PT","og_type":"article","og_title":"Petit garante Santa Clara pronto para responder a Vit\u00f3ria de Guimar\u00e3es - Portal Tela Portugal","og_description":"O treinador Petit afirmou que o Santa Clara est\u00e1 mais perto de voltar \u00e0s vit\u00f3rias na I Liga. Garantiu que a equipa est\u00e1 pronta para dar uma boa resposta frente ao Vit\u00f3ria de Guimar\u00e3es. A declara\u00e7\u00e3o foi feita na esteira da prepara\u00e7\u00e3o para a pr\u00f3xima jornada da I Liga. O conte\u00fado completo da not\u00edcia est\u00e1 dispon\u00edvel apenas para subscritores. O objetivo \u00e9 alcan\u00e7ar pontos e manter o ritmo competitivo na competi\u00e7\u00e3o.","og_url":"https:\/\/portaltela.pt\/noticias\/2026\/03\/07\/petit-garante-santa-clara-pronto-para-responder-a-vitoria-de-guimaraes\/","og_site_name":"Portal Tela Portugal","article_published_time":"2026-03-07T15:53:00+00:00","author":"Telinha","twitter_card":"summary_large_image","twitter_misc":{"Escrito por":"Telinha","Tempo estimado de leitura":"1 minuto"},"schema":{"@context":"https:\/\/schema.org","@graph":[{"@type":"Article","@id":"https:\/\/portaltela.pt\/noticias\/2026\/03\/07\/petit-garante-santa-clara-pronto-para-responder-a-vitoria-de-guimaraes\/#article","isPartOf":{"@id":"https:\/\/portaltela.pt\/noticias\/2026\/03\/07\/petit-garante-santa-clara-pronto-para-responder-a-vitoria-de-guimaraes\/"},"author":{"name":"Telinha","@id":"https:\/\/portaltela.pt\/#\/schema\/person\/c4278d4a6028830caff9ee44b42d32ed"},"headline":"Petit garante Santa Clara pronto para responder a Vit\u00f3ria de Guimar\u00e3es","datePublished":"2026-03-07T15:53:00+00:00","mainEntityOfPage":{"@id":"https:\/\/portaltela.pt\/noticias\/2026\/03\/07\/petit-garante-santa-clara-pronto-para-responder-a-vitoria-de-guimaraes\/"},"wordCount":182,"image":{"@id":"https:\/\/portaltela.pt\/noticias\/2026\/03\/07\/petit-garante-santa-clara-pronto-para-responder-a-vitoria-de-guimaraes\/#primaryimage"},"thumbnailUrl":"https:\/\/portaltela.pt\/s.01k8rhncp4jt1\/2026\/03\/CACHE_780X1200_ANALOG_WATERMARKED_46511099_4303002_07022026050930.jpg","keywords":["desporto","futebol","I Liga","Santa Clara","V. Guimar\u00e3es","Vit\u00f3ria SC"],"articleSection":["Desporto","Futebol"],"inLanguage":"pt-PT"},{"@type":"WebPage","@id":"https:\/\/portaltela.pt\/noticias\/2026\/03\/07\/petit-garante-santa-clara-pronto-para-responder-a-vitoria-de-guimaraes\/","url":"https:\/\/portaltela.pt\/noticias\/2026\/03\/07\/petit-garante-santa-clara-pronto-para-responder-a-vitoria-de-guimaraes\/","name":"Petit garante Santa Clara pronto para responder a Vit\u00f3ria de Guimar\u00e3es - Portal Tela Portugal","isPartOf":{"@id":"https:\/\/portaltela.pt\/#website"},"primaryImageOfPage":{"@id":"https:\/\/portaltela.pt\/noticias\/2026\/03\/07\/petit-garante-santa-clara-pronto-para-responder-a-vitoria-de-guimaraes\/#primaryimage"},"image":{"@id":"https:\/\/portaltela.pt\/noticias\/2026\/03\/07\/petit-garante-santa-clara-pronto-para-responder-a-vitoria-de-guimaraes\/#primaryimage"},"thumbnailUrl":"https:\/\/portaltela.pt\/s.01k8rhncp4jt1\/2026\/03\/CACHE_780X1200_ANALOG_WATERMARKED_46511099_4303002_07022026050930.jpg","datePublished":"2026-03-07T15:53:00+00:00","author":{"@id":"https:\/\/portaltela.pt\/#\/schema\/person\/c4278d4a6028830caff9ee44b42d32ed"},"breadcrumb":{"@id":"https:\/\/portaltela.pt\/noticias\/2026\/03\/07\/petit-garante-santa-clara-pronto-para-responder-a-vitoria-de-guimaraes\/#breadcrumb"},"inLanguage":"pt-PT","potentialAction":[{"@type":"ReadAction","target":["https:\/\/portaltela.pt\/noticias\/2026\/03\/07\/petit-garante-santa-clara-pronto-para-responder-a-vitoria-de-guimaraes\/"]}]},{"@type":"ImageObject","inLanguage":"pt-PT","@id":"https:\/\/portaltela.pt\/noticias\/2026\/03\/07\/petit-garante-santa-clara-pronto-para-responder-a-vitoria-de-guimaraes\/#primaryimage","url":"https:\/\/portaltela.pt\/s.01k8rhncp4jt1\/2026\/03\/CACHE_780X1200_ANALOG_WATERMARKED_46511099_4303002_07022026050930.jpg","contentUrl":"https:\/\/portaltela.pt\/s.01k8rhncp4jt1\/2026\/03\/CACHE_780X1200_ANALOG_WATERMARKED_46511099_4303002_07022026050930.jpg","width":768,"height":512,"caption":"Petit garante Santa Clara pronto para dar \u201cresposta\u201d frente ao Vit\u00f3ria de Guimar\u00e3es"},{"@type":"BreadcrumbList","@id":"https:\/\/portaltela.pt\/noticias\/2026\/03\/07\/petit-garante-santa-clara-pronto-para-responder-a-vitoria-de-guimaraes\/#breadcrumb","itemListElement":[{"@type":"ListItem","position":1,"name":"In\u00edcio","item":"https:\/\/portaltela.pt\/"},{"@type":"ListItem","position":2,"name":"Petit garante Santa Clara pronto para responder a Vit\u00f3ria de Guimar\u00e3es"}]},{"@type":"WebSite","@id":"https:\/\/portaltela.pt\/#website","url":"https:\/\/portaltela.pt\/","name":"Portal Tela Portugal","description":"","potentialAction":[{"@type":"SearchAction","target":{"@type":"EntryPoint","urlTemplate":"https:\/\/portaltela.pt\/?s={search_term_string}"},"query-input":{"@type":"PropertyValueSpecification","valueRequired":true,"valueName":"search_term_string"}}],"inLanguage":"pt-PT"},{"@type":"Person","@id":"https:\/\/portaltela.pt\/#\/schema\/person\/c4278d4a6028830caff9ee44b42d32ed","name":"Telinha","image":{"@type":"ImageObject","inLanguage":"pt-PT","@id":"https:\/\/portaltela.pt\/s.01k8rhncp4jt1\/2025\/11\/talking-bot-125x125.png","url":"https:\/\/portaltela.pt\/s.01k8rhncp4jt1\/2025\/11\/talking-bot-125x125.png","contentUrl":"https:\/\/portaltela.pt\/s.01k8rhncp4jt1\/2025\/11\/talking-bot-125x125.png","caption":"Telinha"},"sameAs":["https:\/\/portaltela.pt\/"],"url":"https:\/\/portaltela.pt\/por\/367410592786\/"}]}},"_links":{"self":[{"href":"https:\/\/portaltela.pt\/api\/wp\/v2\/posts\/401485","targetHints":{"allow":["GET"]}}],"collection":[{"href":"https:\/\/portaltela.pt\/api\/wp\/v2\/posts"}],"about":[{"href":"https:\/\/portaltela.pt\/api\/wp\/v2\/types\/post"}],"author":[{"embeddable":true,"href":"https:\/\/portaltela.pt\/api\/wp\/v2\/users\/2"}],"replies":[{"embeddable":true,"href":"https:\/\/portaltela.pt\/api\/wp\/v2\/comments?post=401485"}],"version-history":[{"count":0,"href":"https:\/\/portaltela.pt\/api\/wp\/v2\/posts\/401485\/revisions"}],"wp:featuredmedia":[{"embeddable":true,"href":"https:\/\/portaltela.pt\/api\/wp\/v2\/media\/401486"}],"wp:attachment":[{"href":"https:\/\/portaltela.pt\/api\/wp\/v2\/media?parent=401485"}],"wp:term":[{"taxonomy":"category","embeddable":true,"href":"https:\/\/portaltela.pt\/api\/wp\/v2\/categories?post=401485"},{"taxonomy":"post_tag","embeddable":true,"href":"https:\/\/portaltela.pt\/api\/wp\/v2\/tags?post=401485"}],"curies":[{"name":"wp","href":"https:\/\/api.w.org\/{rel}","templated":true}]}}