{"id":401427,"date":"2026-03-07T11:59:00","date_gmt":"2026-03-07T14:59:00","guid":{"rendered":"https:\/\/portaltela.pt\/noticias\/2026\/03\/07\/transmissao-em-direto-fc-porto-sporting-de-hoquei-em-patins\/"},"modified":"2026-03-07T11:59:00","modified_gmt":"2026-03-07T14:59:00","slug":"transmissao-em-direto-fc-porto-sporting-de-hoquei-em-patins","status":"publish","type":"post","link":"https:\/\/portaltela.pt\/desporto\/futebol\/2026\/03\/07\/transmissao-em-direto-fc-porto-sporting-de-hoquei-em-patins\/","title":{"rendered":"Transmiss\u00e3o em direto FC Porto-Sporting de h\u00f3quei em patins"},"content":{"rendered":"<p>A not\u00edcia centra-se na transmiss\u00e3o em direto do jogo FC Porto versus Sporting, correspondente \u00e0 20.\u00aa jornada do Campeonato Placard de h\u00f3quei em patins. O objetivo \u00e9 informar sobre a realiza\u00e7\u00e3o da partida e a sua transmiss\u00e3o para o p\u00fablico.<\/p>\n<p>Envolvidos: as duas equipas em disputa, FC Porto e Sporting, e a respetiva cobertura medi\u00e1tica do encontro. A pe\u00e7a destaca que se trata de um jogo importante da calendariza\u00e7\u00e3o da prova.<\/p>\n<p>Quando e onde: o duelo integra a 20.\u00aa jornada do campeonato, com transmiss\u00e3o em direto anunciada pela organiza\u00e7\u00e3o da cobertura desportiva. N\u00e3o s\u00e3o divulgados detalhes adicionais sobre o local exato do encontro.<\/p>\n<p>Por que importa: a partida integra a fase central do campeonato, com impacto na classifica\u00e7\u00e3o das duas equipas. A not\u00edcia mant\u00e9m o foco na disponibilidade de acompanhar o jogo em direto.<\/p>\n<p>Fonte: a informa\u00e7\u00e3o foi veiculada pelo ve\u00edculo Record, que divulga a transmiss\u00e3o do encontro entre FC Porto e Sporting.<\/p>\n","protected":false},"excerpt":{"rendered":"<ul>\n<li>Jogo da 20.\u00aa jornada do Campeonato Placard de h\u00f3quei em patins FC Porto vs Sporting.<\/li>\n<li>A not\u00edcia foca-se na transmiss\u00e3o em direto do encontro.<\/li>\n<li>Encontro entre FC Porto e Sporting na modalidade de h\u00f3quei em patins.<\/li>\n<li>Campeonato Placard \u00e9 o contexto competitivo do duelo.<\/li>\n<li>A pe\u00e7a integra a sec\u00e7\u00e3o \u00daltimas Not\u00edcias do Record.<\/li>\n<\/ul>\n","protected":false},"author":2,"featured_media":401429,"comment_status":"closed","ping_status":"closed","sticky":false,"template":"","format":"standard","meta":{"footnotes":""},"categories":[21,24],"tags":[2028,273,982,1652,5799,2780],"class_list":["post-401427","post","type-post","status-publish","format-standard","has-post-thumbnail","hentry","category-desporto","category-futebol","tag-fc-porto","tag-hoquei","tag-porto","tag-sporting","tag-transmissoes","tag-transmissoes-televisivas"],"yoast_head":"<!-- This site is optimized with the Yoast SEO plugin v27.2 - https:\/\/yoast.com\/product\/yoast-seo-wordpress\/ -->\n<title>Transmiss\u00e3o em direto FC Porto-Sporting de h\u00f3quei em patins - Portal Tela Portugal<\/title>\n<meta name=\"robots\" content=\"index, follow, max-snippet:-1, max-image-preview:large, max-video-preview:-1\" \/>\n<meta property=\"og:locale\" content=\"pt_PT\" \/>\n<meta property=\"og:type\" content=\"article\" \/>\n<meta property=\"og:title\" content=\"Transmiss\u00e3o em direto FC Porto-Sporting de h\u00f3quei em patins - Portal Tela Portugal\" \/>\n<meta property=\"og:description\" content=\"Jogo da 20.\u00aa jornada do Campeonato Placard de h\u00f3quei em patins FC Porto vs Sporting. A not\u00edcia foca-se na transmiss\u00e3o em direto do encontro. Encontro entre FC Porto e Sporting na modalidade de h\u00f3quei em patins. Campeonato Placard \u00e9 o contexto competitivo do duelo. A pe\u00e7a integra a sec\u00e7\u00e3o \u00daltimas Not\u00edcias do Record.\" \/>\n<meta property=\"og:url\" content=\"https:\/\/portaltela.pt\/noticias\/2026\/03\/07\/transmissao-em-direto-fc-porto-sporting-de-hoquei-em-patins\/\" \/>\n<meta property=\"og:site_name\" content=\"Portal Tela Portugal\" \/>\n<meta property=\"article:published_time\" content=\"2026-03-07T14:59:00+00:00\" \/>\n<meta name=\"author\" content=\"Telinha\" \/>\n<meta name=\"twitter:card\" content=\"summary_large_image\" \/>\n<meta name=\"twitter:label1\" content=\"Escrito por\" \/>\n\t<meta name=\"twitter:data1\" content=\"Telinha\" \/>\n\t<meta name=\"twitter:label2\" content=\"Tempo estimado de leitura\" \/>\n\t<meta name=\"twitter:data2\" content=\"1 minuto\" \/>\n<script type=\"application\/ld+json\" class=\"yoast-schema-graph\">{\"@context\":\"https:\/\/schema.org\",\"@graph\":[{\"@type\":\"Article\",\"@id\":\"https:\/\/portaltela.pt\/noticias\/2026\/03\/07\/transmissao-em-direto-fc-porto-sporting-de-hoquei-em-patins\/#article\",\"isPartOf\":{\"@id\":\"https:\/\/portaltela.pt\/noticias\/2026\/03\/07\/transmissao-em-direto-fc-porto-sporting-de-hoquei-em-patins\/\"},\"author\":{\"name\":\"Telinha\",\"@id\":\"https:\/\/portaltela.pt\/#\/schema\/person\/c4278d4a6028830caff9ee44b42d32ed\"},\"headline\":\"Transmiss\u00e3o em direto FC Porto-Sporting de h\u00f3quei em patins\",\"datePublished\":\"2026-03-07T14:59:00+00:00\",\"mainEntityOfPage\":{\"@id\":\"https:\/\/portaltela.pt\/noticias\/2026\/03\/07\/transmissao-em-direto-fc-porto-sporting-de-hoquei-em-patins\/\"},\"wordCount\":179,\"image\":{\"@id\":\"https:\/\/portaltela.pt\/noticias\/2026\/03\/07\/transmissao-em-direto-fc-porto-sporting-de-hoquei-em-patins\/#primaryimage\"},\"thumbnailUrl\":\"https:\/\/portaltela.pt\/s.01k8rhncp4jt1\/2026\/03\/img_1200x721uu2026-03-07-14-58-50-2425444.jpg\",\"keywords\":[\"FC Porto\",\"h\u00f3quei\",\"Porto\",\"Sporting\",\"transmiss\u00f5es\",\"transmiss\u00f5es televisivas\"],\"articleSection\":[\"Desporto\",\"Futebol\"],\"inLanguage\":\"pt-PT\"},{\"@type\":\"WebPage\",\"@id\":\"https:\/\/portaltela.pt\/noticias\/2026\/03\/07\/transmissao-em-direto-fc-porto-sporting-de-hoquei-em-patins\/\",\"url\":\"https:\/\/portaltela.pt\/noticias\/2026\/03\/07\/transmissao-em-direto-fc-porto-sporting-de-hoquei-em-patins\/\",\"name\":\"Transmiss\u00e3o em direto FC Porto-Sporting de h\u00f3quei em patins - Portal Tela Portugal\",\"isPartOf\":{\"@id\":\"https:\/\/portaltela.pt\/#website\"},\"primaryImageOfPage\":{\"@id\":\"https:\/\/portaltela.pt\/noticias\/2026\/03\/07\/transmissao-em-direto-fc-porto-sporting-de-hoquei-em-patins\/#primaryimage\"},\"image\":{\"@id\":\"https:\/\/portaltela.pt\/noticias\/2026\/03\/07\/transmissao-em-direto-fc-porto-sporting-de-hoquei-em-patins\/#primaryimage\"},\"thumbnailUrl\":\"https:\/\/portaltela.pt\/s.01k8rhncp4jt1\/2026\/03\/img_1200x721uu2026-03-07-14-58-50-2425444.jpg\",\"datePublished\":\"2026-03-07T14:59:00+00:00\",\"author\":{\"@id\":\"https:\/\/portaltela.pt\/#\/schema\/person\/c4278d4a6028830caff9ee44b42d32ed\"},\"breadcrumb\":{\"@id\":\"https:\/\/portaltela.pt\/noticias\/2026\/03\/07\/transmissao-em-direto-fc-porto-sporting-de-hoquei-em-patins\/#breadcrumb\"},\"inLanguage\":\"pt-PT\",\"potentialAction\":[{\"@type\":\"ReadAction\",\"target\":[\"https:\/\/portaltela.pt\/noticias\/2026\/03\/07\/transmissao-em-direto-fc-porto-sporting-de-hoquei-em-patins\/\"]}]},{\"@type\":\"ImageObject\",\"inLanguage\":\"pt-PT\",\"@id\":\"https:\/\/portaltela.pt\/noticias\/2026\/03\/07\/transmissao-em-direto-fc-porto-sporting-de-hoquei-em-patins\/#primaryimage\",\"url\":\"https:\/\/portaltela.pt\/s.01k8rhncp4jt1\/2026\/03\/img_1200x721uu2026-03-07-14-58-50-2425444.jpg\",\"contentUrl\":\"https:\/\/portaltela.pt\/s.01k8rhncp4jt1\/2026\/03\/img_1200x721uu2026-03-07-14-58-50-2425444.jpg\",\"width\":796,\"height\":448,\"caption\":\"Photo\"},{\"@type\":\"BreadcrumbList\",\"@id\":\"https:\/\/portaltela.pt\/noticias\/2026\/03\/07\/transmissao-em-direto-fc-porto-sporting-de-hoquei-em-patins\/#breadcrumb\",\"itemListElement\":[{\"@type\":\"ListItem\",\"position\":1,\"name\":\"In\u00edcio\",\"item\":\"https:\/\/portaltela.pt\/\"},{\"@type\":\"ListItem\",\"position\":2,\"name\":\"Transmiss\u00e3o em direto FC Porto-Sporting de h\u00f3quei em patins\"}]},{\"@type\":\"WebSite\",\"@id\":\"https:\/\/portaltela.pt\/#website\",\"url\":\"https:\/\/portaltela.pt\/\",\"name\":\"Portal Tela Portugal\",\"description\":\"\",\"potentialAction\":[{\"@type\":\"SearchAction\",\"target\":{\"@type\":\"EntryPoint\",\"urlTemplate\":\"https:\/\/portaltela.pt\/?s={search_term_string}\"},\"query-input\":{\"@type\":\"PropertyValueSpecification\",\"valueRequired\":true,\"valueName\":\"search_term_string\"}}],\"inLanguage\":\"pt-PT\"},{\"@type\":\"Person\",\"@id\":\"https:\/\/portaltela.pt\/#\/schema\/person\/c4278d4a6028830caff9ee44b42d32ed\",\"name\":\"Telinha\",\"image\":{\"@type\":\"ImageObject\",\"inLanguage\":\"pt-PT\",\"@id\":\"https:\/\/portaltela.pt\/s.01k8rhncp4jt1\/2025\/11\/talking-bot-125x125.png\",\"url\":\"https:\/\/portaltela.pt\/s.01k8rhncp4jt1\/2025\/11\/talking-bot-125x125.png\",\"contentUrl\":\"https:\/\/portaltela.pt\/s.01k8rhncp4jt1\/2025\/11\/talking-bot-125x125.png\",\"caption\":\"Telinha\"},\"sameAs\":[\"https:\/\/portaltela.pt\/\"],\"url\":\"https:\/\/portaltela.pt\/por\/367410592786\/\"}]}<\/script>\n<!-- \/ Yoast SEO plugin. -->","yoast_head_json":{"title":"Transmiss\u00e3o em direto FC Porto-Sporting de h\u00f3quei em patins - Portal Tela Portugal","robots":{"index":"index","follow":"follow","max-snippet":"max-snippet:-1","max-image-preview":"max-image-preview:large","max-video-preview":"max-video-preview:-1"},"og_locale":"pt_PT","og_type":"article","og_title":"Transmiss\u00e3o em direto FC Porto-Sporting de h\u00f3quei em patins - Portal Tela Portugal","og_description":"Jogo da 20.\u00aa jornada do Campeonato Placard de h\u00f3quei em patins FC Porto vs Sporting. A not\u00edcia foca-se na transmiss\u00e3o em direto do encontro. Encontro entre FC Porto e Sporting na modalidade de h\u00f3quei em patins. Campeonato Placard \u00e9 o contexto competitivo do duelo. A pe\u00e7a integra a sec\u00e7\u00e3o \u00daltimas Not\u00edcias do Record.","og_url":"https:\/\/portaltela.pt\/noticias\/2026\/03\/07\/transmissao-em-direto-fc-porto-sporting-de-hoquei-em-patins\/","og_site_name":"Portal Tela Portugal","article_published_time":"2026-03-07T14:59:00+00:00","author":"Telinha","twitter_card":"summary_large_image","twitter_misc":{"Escrito por":"Telinha","Tempo estimado de leitura":"1 minuto"},"schema":{"@context":"https:\/\/schema.org","@graph":[{"@type":"Article","@id":"https:\/\/portaltela.pt\/noticias\/2026\/03\/07\/transmissao-em-direto-fc-porto-sporting-de-hoquei-em-patins\/#article","isPartOf":{"@id":"https:\/\/portaltela.pt\/noticias\/2026\/03\/07\/transmissao-em-direto-fc-porto-sporting-de-hoquei-em-patins\/"},"author":{"name":"Telinha","@id":"https:\/\/portaltela.pt\/#\/schema\/person\/c4278d4a6028830caff9ee44b42d32ed"},"headline":"Transmiss\u00e3o em direto FC Porto-Sporting de h\u00f3quei em patins","datePublished":"2026-03-07T14:59:00+00:00","mainEntityOfPage":{"@id":"https:\/\/portaltela.pt\/noticias\/2026\/03\/07\/transmissao-em-direto-fc-porto-sporting-de-hoquei-em-patins\/"},"wordCount":179,"image":{"@id":"https:\/\/portaltela.pt\/noticias\/2026\/03\/07\/transmissao-em-direto-fc-porto-sporting-de-hoquei-em-patins\/#primaryimage"},"thumbnailUrl":"https:\/\/portaltela.pt\/s.01k8rhncp4jt1\/2026\/03\/img_1200x721uu2026-03-07-14-58-50-2425444.jpg","keywords":["FC Porto","h\u00f3quei","Porto","Sporting","transmiss\u00f5es","transmiss\u00f5es televisivas"],"articleSection":["Desporto","Futebol"],"inLanguage":"pt-PT"},{"@type":"WebPage","@id":"https:\/\/portaltela.pt\/noticias\/2026\/03\/07\/transmissao-em-direto-fc-porto-sporting-de-hoquei-em-patins\/","url":"https:\/\/portaltela.pt\/noticias\/2026\/03\/07\/transmissao-em-direto-fc-porto-sporting-de-hoquei-em-patins\/","name":"Transmiss\u00e3o em direto FC Porto-Sporting de h\u00f3quei em patins - Portal Tela Portugal","isPartOf":{"@id":"https:\/\/portaltela.pt\/#website"},"primaryImageOfPage":{"@id":"https:\/\/portaltela.pt\/noticias\/2026\/03\/07\/transmissao-em-direto-fc-porto-sporting-de-hoquei-em-patins\/#primaryimage"},"image":{"@id":"https:\/\/portaltela.pt\/noticias\/2026\/03\/07\/transmissao-em-direto-fc-porto-sporting-de-hoquei-em-patins\/#primaryimage"},"thumbnailUrl":"https:\/\/portaltela.pt\/s.01k8rhncp4jt1\/2026\/03\/img_1200x721uu2026-03-07-14-58-50-2425444.jpg","datePublished":"2026-03-07T14:59:00+00:00","author":{"@id":"https:\/\/portaltela.pt\/#\/schema\/person\/c4278d4a6028830caff9ee44b42d32ed"},"breadcrumb":{"@id":"https:\/\/portaltela.pt\/noticias\/2026\/03\/07\/transmissao-em-direto-fc-porto-sporting-de-hoquei-em-patins\/#breadcrumb"},"inLanguage":"pt-PT","potentialAction":[{"@type":"ReadAction","target":["https:\/\/portaltela.pt\/noticias\/2026\/03\/07\/transmissao-em-direto-fc-porto-sporting-de-hoquei-em-patins\/"]}]},{"@type":"ImageObject","inLanguage":"pt-PT","@id":"https:\/\/portaltela.pt\/noticias\/2026\/03\/07\/transmissao-em-direto-fc-porto-sporting-de-hoquei-em-patins\/#primaryimage","url":"https:\/\/portaltela.pt\/s.01k8rhncp4jt1\/2026\/03\/img_1200x721uu2026-03-07-14-58-50-2425444.jpg","contentUrl":"https:\/\/portaltela.pt\/s.01k8rhncp4jt1\/2026\/03\/img_1200x721uu2026-03-07-14-58-50-2425444.jpg","width":796,"height":448,"caption":"Photo"},{"@type":"BreadcrumbList","@id":"https:\/\/portaltela.pt\/noticias\/2026\/03\/07\/transmissao-em-direto-fc-porto-sporting-de-hoquei-em-patins\/#breadcrumb","itemListElement":[{"@type":"ListItem","position":1,"name":"In\u00edcio","item":"https:\/\/portaltela.pt\/"},{"@type":"ListItem","position":2,"name":"Transmiss\u00e3o em direto FC Porto-Sporting de h\u00f3quei em patins"}]},{"@type":"WebSite","@id":"https:\/\/portaltela.pt\/#website","url":"https:\/\/portaltela.pt\/","name":"Portal Tela Portugal","description":"","potentialAction":[{"@type":"SearchAction","target":{"@type":"EntryPoint","urlTemplate":"https:\/\/portaltela.pt\/?s={search_term_string}"},"query-input":{"@type":"PropertyValueSpecification","valueRequired":true,"valueName":"search_term_string"}}],"inLanguage":"pt-PT"},{"@type":"Person","@id":"https:\/\/portaltela.pt\/#\/schema\/person\/c4278d4a6028830caff9ee44b42d32ed","name":"Telinha","image":{"@type":"ImageObject","inLanguage":"pt-PT","@id":"https:\/\/portaltela.pt\/s.01k8rhncp4jt1\/2025\/11\/talking-bot-125x125.png","url":"https:\/\/portaltela.pt\/s.01k8rhncp4jt1\/2025\/11\/talking-bot-125x125.png","contentUrl":"https:\/\/portaltela.pt\/s.01k8rhncp4jt1\/2025\/11\/talking-bot-125x125.png","caption":"Telinha"},"sameAs":["https:\/\/portaltela.pt\/"],"url":"https:\/\/portaltela.pt\/por\/367410592786\/"}]}},"_links":{"self":[{"href":"https:\/\/portaltela.pt\/api\/wp\/v2\/posts\/401427","targetHints":{"allow":["GET"]}}],"collection":[{"href":"https:\/\/portaltela.pt\/api\/wp\/v2\/posts"}],"about":[{"href":"https:\/\/portaltela.pt\/api\/wp\/v2\/types\/post"}],"author":[{"embeddable":true,"href":"https:\/\/portaltela.pt\/api\/wp\/v2\/users\/2"}],"replies":[{"embeddable":true,"href":"https:\/\/portaltela.pt\/api\/wp\/v2\/comments?post=401427"}],"version-history":[{"count":0,"href":"https:\/\/portaltela.pt\/api\/wp\/v2\/posts\/401427\/revisions"}],"wp:featuredmedia":[{"embeddable":true,"href":"https:\/\/portaltela.pt\/api\/wp\/v2\/media\/401429"}],"wp:attachment":[{"href":"https:\/\/portaltela.pt\/api\/wp\/v2\/media?parent=401427"}],"wp:term":[{"taxonomy":"category","embeddable":true,"href":"https:\/\/portaltela.pt\/api\/wp\/v2\/categories?post=401427"},{"taxonomy":"post_tag","embeddable":true,"href":"https:\/\/portaltela.pt\/api\/wp\/v2\/tags?post=401427"}],"curies":[{"name":"wp","href":"https:\/\/api.w.org\/{rel}","templated":true}]}}