{"id":401422,"date":"2026-03-07T11:41:00","date_gmt":"2026-03-07T14:41:00","guid":{"rendered":"https:\/\/portaltela.pt\/noticias\/2026\/03\/07\/torreense-vence-oliveirense-por-0-3-e-regressa-as-vitorias\/"},"modified":"2026-03-07T11:41:00","modified_gmt":"2026-03-07T14:41:00","slug":"torreense-vence-oliveirense-por-0-3-e-regressa-as-vitorias","status":"publish","type":"post","link":"https:\/\/portaltela.pt\/desporto\/futebol\/2026\/03\/07\/torreense-vence-oliveirense-por-0-3-e-regressa-as-vitorias\/","title":{"rendered":"Torreense vence Oliveirense por 0-3 e regressa \u00e0s vit\u00f3rias"},"content":{"rendered":"<p>O Torreense venceu a Oliveirense por 3-0, em Oliveira de Azem\u00e9is, na 25.\u00aa jornada da II Liga, disputada no Est\u00e1dio Carlos Os\u00f3rio. A equipa de Torres Vedras regressou \u00e0s vit\u00f3rias com um triunfo esclarecedor, mantendo a luta pela subida.<\/p>\n<p>Os golos surgiram na primeira parte: L\u00e9o abriu o marcador aos 19 minutos, e Manuel Pozo dilatou a vantagem aos 27, atrav\u00e9s de uma grande penalidade cometida na \u00e1rea sobre Liberato. No minutos finais, Drammeh fechou o resultado aos 89.<\/p>\n<p>Ao intervalo, o Torreense j\u00e1 vencia por 0-2. A Oliveirense procurou reagir na segunda parte, mas o marcador n\u00e3o mudou. L\u00e9o evitou o golo da Oliveirense aos 71 minutos com um corte na linha de baliza.<\/p>\n<h3>Marcadores e formato da equipa<\/h3>\n<p>O Torreense subiu ao 3.\u00ba lugar da II Liga, com 39 pontos, a cinco do segundo classificado Acad\u00e9mico de Viseu e a oito do l\u00edder Mar\u00edtimo, que tem menos uma partida por disputar. A Oliveirense mant\u00e9m-se no 16.\u00ba posto, com 26 pontos.<\/p>\n<p>A jornada contou com cerca de 1.000 espectadores no Est\u00e1dio Carlos Os\u00f3rio. O \u00e1rbitro foi Pedro Ramalho (AF \u00c9vora). Cart\u00f5es amarelos mostrados a L\u00e9o, Lucas Apes, Jo\u00e3o Silva, Diogo Pereira e Bura.<\/p>\n","protected":false},"excerpt":{"rendered":"<ul>\n<li>O Torreense venceu a Oliveirense por tr\u00eas a zero, em Oliveira de Azem\u00e9is, na 25.\u00aa jornada da II Liga.<\/li>\n<li>Os golos foram de L\u00e9o aos 19 minutos, Manuel Pozo aos 27 (pen\u00e1lti) e Drammeh aos 89 minutos, garantindo o triunfo visitante.<\/li>\n<li>Com o resultado, o Torreense sobe, \u00e0 condi\u00e7\u00e3o, ao terceiro lugar da II Liga, com 39 pontos, a cinco do segundo e a oito do l\u00edder, que tem menos uma partida.<\/li>\n<li>A Oliveirense continua no 16.\u00ba lugar, com 26 pontos.<\/li>\n<li>O jogo decorreu no Est\u00e1dio Carlos Os\u00f3rio, diante de cerca de 1.000 espetadores.<\/li>\n<\/ul>\n","protected":false},"author":2,"featured_media":401424,"comment_status":"closed","ping_status":"closed","sticky":false,"template":"","format":"standard","meta":{"footnotes":""},"categories":[21,24],"tags":[152,32,1539,3894,3226],"class_list":["post-401422","post","type-post","status-publish","format-standard","has-post-thumbnail","hentry","category-desporto","category-futebol","tag-desporto","tag-futebol","tag-ii-liga","tag-oliveirense","tag-torreense"],"yoast_head":"<!-- This site is optimized with the Yoast SEO plugin v27.2 - https:\/\/yoast.com\/product\/yoast-seo-wordpress\/ -->\n<title>Torreense vence Oliveirense por 0-3 e regressa \u00e0s vit\u00f3rias - Portal Tela Portugal<\/title>\n<meta name=\"robots\" content=\"index, follow, max-snippet:-1, max-image-preview:large, max-video-preview:-1\" \/>\n<meta property=\"og:locale\" content=\"pt_PT\" \/>\n<meta property=\"og:type\" content=\"article\" \/>\n<meta property=\"og:title\" content=\"Torreense vence Oliveirense por 0-3 e regressa \u00e0s vit\u00f3rias - Portal Tela Portugal\" \/>\n<meta property=\"og:description\" content=\"O Torreense venceu a Oliveirense por tr\u00eas a zero, em Oliveira de Azem\u00e9is, na 25.\u00aa jornada da II Liga. Os golos foram de L\u00e9o aos 19 minutos, Manuel Pozo aos 27 (pen\u00e1lti) e Drammeh aos 89 minutos, garantindo o triunfo visitante. Com o resultado, o Torreense sobe, \u00e0 condi\u00e7\u00e3o, ao terceiro lugar da II Liga, com 39 pontos, a cinco do segundo e a oito do l\u00edder, que tem menos uma partida. A Oliveirense continua no 16.\u00ba lugar, com 26 pontos. O jogo decorreu no Est\u00e1dio Carlos Os\u00f3rio, diante de cerca de 1.000 espetadores.\" \/>\n<meta property=\"og:url\" content=\"https:\/\/portaltela.pt\/noticias\/2026\/03\/07\/torreense-vence-oliveirense-por-0-3-e-regressa-as-vitorias\/\" \/>\n<meta property=\"og:site_name\" content=\"Portal Tela Portugal\" \/>\n<meta property=\"article:published_time\" content=\"2026-03-07T14:41:00+00:00\" \/>\n<meta name=\"author\" content=\"Telinha\" \/>\n<meta name=\"twitter:card\" content=\"summary_large_image\" \/>\n<meta name=\"twitter:label1\" content=\"Escrito por\" \/>\n\t<meta name=\"twitter:data1\" content=\"Telinha\" \/>\n\t<meta name=\"twitter:label2\" content=\"Tempo estimado de leitura\" \/>\n\t<meta name=\"twitter:data2\" content=\"1 minuto\" \/>\n<script type=\"application\/ld+json\" class=\"yoast-schema-graph\">{\"@context\":\"https:\/\/schema.org\",\"@graph\":[{\"@type\":\"Article\",\"@id\":\"https:\/\/portaltela.pt\/noticias\/2026\/03\/07\/torreense-vence-oliveirense-por-0-3-e-regressa-as-vitorias\/#article\",\"isPartOf\":{\"@id\":\"https:\/\/portaltela.pt\/noticias\/2026\/03\/07\/torreense-vence-oliveirense-por-0-3-e-regressa-as-vitorias\/\"},\"author\":{\"name\":\"Telinha\",\"@id\":\"https:\/\/portaltela.pt\/#\/schema\/person\/c4278d4a6028830caff9ee44b42d32ed\"},\"headline\":\"Torreense vence Oliveirense por 0-3 e regressa \u00e0s vit\u00f3rias\",\"datePublished\":\"2026-03-07T14:41:00+00:00\",\"mainEntityOfPage\":{\"@id\":\"https:\/\/portaltela.pt\/noticias\/2026\/03\/07\/torreense-vence-oliveirense-por-0-3-e-regressa-as-vitorias\/\"},\"wordCount\":211,\"image\":{\"@id\":\"https:\/\/portaltela.pt\/noticias\/2026\/03\/07\/torreense-vence-oliveirense-por-0-3-e-regressa-as-vitorias\/#primaryimage\"},\"thumbnailUrl\":\"https:\/\/portaltela.pt\/s.01k8rhncp4jt1\/2026\/03\/img_920x518uu2026-03-07-13-38-00-2425436.jpg\",\"keywords\":[\"desporto\",\"futebol\",\"II Liga\",\"Oliveirense\",\"Torreense\"],\"articleSection\":[\"Desporto\",\"Futebol\"],\"inLanguage\":\"pt-PT\"},{\"@type\":\"WebPage\",\"@id\":\"https:\/\/portaltela.pt\/noticias\/2026\/03\/07\/torreense-vence-oliveirense-por-0-3-e-regressa-as-vitorias\/\",\"url\":\"https:\/\/portaltela.pt\/noticias\/2026\/03\/07\/torreense-vence-oliveirense-por-0-3-e-regressa-as-vitorias\/\",\"name\":\"Torreense vence Oliveirense por 0-3 e regressa \u00e0s vit\u00f3rias - Portal Tela Portugal\",\"isPartOf\":{\"@id\":\"https:\/\/portaltela.pt\/#website\"},\"primaryImageOfPage\":{\"@id\":\"https:\/\/portaltela.pt\/noticias\/2026\/03\/07\/torreense-vence-oliveirense-por-0-3-e-regressa-as-vitorias\/#primaryimage\"},\"image\":{\"@id\":\"https:\/\/portaltela.pt\/noticias\/2026\/03\/07\/torreense-vence-oliveirense-por-0-3-e-regressa-as-vitorias\/#primaryimage\"},\"thumbnailUrl\":\"https:\/\/portaltela.pt\/s.01k8rhncp4jt1\/2026\/03\/img_920x518uu2026-03-07-13-38-00-2425436.jpg\",\"datePublished\":\"2026-03-07T14:41:00+00:00\",\"author\":{\"@id\":\"https:\/\/portaltela.pt\/#\/schema\/person\/c4278d4a6028830caff9ee44b42d32ed\"},\"breadcrumb\":{\"@id\":\"https:\/\/portaltela.pt\/noticias\/2026\/03\/07\/torreense-vence-oliveirense-por-0-3-e-regressa-as-vitorias\/#breadcrumb\"},\"inLanguage\":\"pt-PT\",\"potentialAction\":[{\"@type\":\"ReadAction\",\"target\":[\"https:\/\/portaltela.pt\/noticias\/2026\/03\/07\/torreense-vence-oliveirense-por-0-3-e-regressa-as-vitorias\/\"]}]},{\"@type\":\"ImageObject\",\"inLanguage\":\"pt-PT\",\"@id\":\"https:\/\/portaltela.pt\/noticias\/2026\/03\/07\/torreense-vence-oliveirense-por-0-3-e-regressa-as-vitorias\/#primaryimage\",\"url\":\"https:\/\/portaltela.pt\/s.01k8rhncp4jt1\/2026\/03\/img_920x518uu2026-03-07-13-38-00-2425436.jpg\",\"contentUrl\":\"https:\/\/portaltela.pt\/s.01k8rhncp4jt1\/2026\/03\/img_920x518uu2026-03-07-13-38-00-2425436.jpg\",\"width\":796,\"height\":448,\"caption\":\"Torreense venceu o Oliveirense fora de casa\"},{\"@type\":\"BreadcrumbList\",\"@id\":\"https:\/\/portaltela.pt\/noticias\/2026\/03\/07\/torreense-vence-oliveirense-por-0-3-e-regressa-as-vitorias\/#breadcrumb\",\"itemListElement\":[{\"@type\":\"ListItem\",\"position\":1,\"name\":\"In\u00edcio\",\"item\":\"https:\/\/portaltela.pt\/\"},{\"@type\":\"ListItem\",\"position\":2,\"name\":\"Torreense vence Oliveirense por 0-3 e regressa \u00e0s vit\u00f3rias\"}]},{\"@type\":\"WebSite\",\"@id\":\"https:\/\/portaltela.pt\/#website\",\"url\":\"https:\/\/portaltela.pt\/\",\"name\":\"Portal Tela Portugal\",\"description\":\"\",\"potentialAction\":[{\"@type\":\"SearchAction\",\"target\":{\"@type\":\"EntryPoint\",\"urlTemplate\":\"https:\/\/portaltela.pt\/?s={search_term_string}\"},\"query-input\":{\"@type\":\"PropertyValueSpecification\",\"valueRequired\":true,\"valueName\":\"search_term_string\"}}],\"inLanguage\":\"pt-PT\"},{\"@type\":\"Person\",\"@id\":\"https:\/\/portaltela.pt\/#\/schema\/person\/c4278d4a6028830caff9ee44b42d32ed\",\"name\":\"Telinha\",\"image\":{\"@type\":\"ImageObject\",\"inLanguage\":\"pt-PT\",\"@id\":\"https:\/\/portaltela.pt\/s.01k8rhncp4jt1\/2025\/11\/talking-bot-125x125.png\",\"url\":\"https:\/\/portaltela.pt\/s.01k8rhncp4jt1\/2025\/11\/talking-bot-125x125.png\",\"contentUrl\":\"https:\/\/portaltela.pt\/s.01k8rhncp4jt1\/2025\/11\/talking-bot-125x125.png\",\"caption\":\"Telinha\"},\"sameAs\":[\"https:\/\/portaltela.pt\/\"],\"url\":\"https:\/\/portaltela.pt\/por\/367410592786\/\"}]}<\/script>\n<!-- \/ Yoast SEO plugin. -->","yoast_head_json":{"title":"Torreense vence Oliveirense por 0-3 e regressa \u00e0s vit\u00f3rias - Portal Tela Portugal","robots":{"index":"index","follow":"follow","max-snippet":"max-snippet:-1","max-image-preview":"max-image-preview:large","max-video-preview":"max-video-preview:-1"},"og_locale":"pt_PT","og_type":"article","og_title":"Torreense vence Oliveirense por 0-3 e regressa \u00e0s vit\u00f3rias - Portal Tela Portugal","og_description":"O Torreense venceu a Oliveirense por tr\u00eas a zero, em Oliveira de Azem\u00e9is, na 25.\u00aa jornada da II Liga. Os golos foram de L\u00e9o aos 19 minutos, Manuel Pozo aos 27 (pen\u00e1lti) e Drammeh aos 89 minutos, garantindo o triunfo visitante. Com o resultado, o Torreense sobe, \u00e0 condi\u00e7\u00e3o, ao terceiro lugar da II Liga, com 39 pontos, a cinco do segundo e a oito do l\u00edder, que tem menos uma partida. A Oliveirense continua no 16.\u00ba lugar, com 26 pontos. O jogo decorreu no Est\u00e1dio Carlos Os\u00f3rio, diante de cerca de 1.000 espetadores.","og_url":"https:\/\/portaltela.pt\/noticias\/2026\/03\/07\/torreense-vence-oliveirense-por-0-3-e-regressa-as-vitorias\/","og_site_name":"Portal Tela Portugal","article_published_time":"2026-03-07T14:41:00+00:00","author":"Telinha","twitter_card":"summary_large_image","twitter_misc":{"Escrito por":"Telinha","Tempo estimado de leitura":"1 minuto"},"schema":{"@context":"https:\/\/schema.org","@graph":[{"@type":"Article","@id":"https:\/\/portaltela.pt\/noticias\/2026\/03\/07\/torreense-vence-oliveirense-por-0-3-e-regressa-as-vitorias\/#article","isPartOf":{"@id":"https:\/\/portaltela.pt\/noticias\/2026\/03\/07\/torreense-vence-oliveirense-por-0-3-e-regressa-as-vitorias\/"},"author":{"name":"Telinha","@id":"https:\/\/portaltela.pt\/#\/schema\/person\/c4278d4a6028830caff9ee44b42d32ed"},"headline":"Torreense vence Oliveirense por 0-3 e regressa \u00e0s vit\u00f3rias","datePublished":"2026-03-07T14:41:00+00:00","mainEntityOfPage":{"@id":"https:\/\/portaltela.pt\/noticias\/2026\/03\/07\/torreense-vence-oliveirense-por-0-3-e-regressa-as-vitorias\/"},"wordCount":211,"image":{"@id":"https:\/\/portaltela.pt\/noticias\/2026\/03\/07\/torreense-vence-oliveirense-por-0-3-e-regressa-as-vitorias\/#primaryimage"},"thumbnailUrl":"https:\/\/portaltela.pt\/s.01k8rhncp4jt1\/2026\/03\/img_920x518uu2026-03-07-13-38-00-2425436.jpg","keywords":["desporto","futebol","II Liga","Oliveirense","Torreense"],"articleSection":["Desporto","Futebol"],"inLanguage":"pt-PT"},{"@type":"WebPage","@id":"https:\/\/portaltela.pt\/noticias\/2026\/03\/07\/torreense-vence-oliveirense-por-0-3-e-regressa-as-vitorias\/","url":"https:\/\/portaltela.pt\/noticias\/2026\/03\/07\/torreense-vence-oliveirense-por-0-3-e-regressa-as-vitorias\/","name":"Torreense vence Oliveirense por 0-3 e regressa \u00e0s vit\u00f3rias - Portal Tela Portugal","isPartOf":{"@id":"https:\/\/portaltela.pt\/#website"},"primaryImageOfPage":{"@id":"https:\/\/portaltela.pt\/noticias\/2026\/03\/07\/torreense-vence-oliveirense-por-0-3-e-regressa-as-vitorias\/#primaryimage"},"image":{"@id":"https:\/\/portaltela.pt\/noticias\/2026\/03\/07\/torreense-vence-oliveirense-por-0-3-e-regressa-as-vitorias\/#primaryimage"},"thumbnailUrl":"https:\/\/portaltela.pt\/s.01k8rhncp4jt1\/2026\/03\/img_920x518uu2026-03-07-13-38-00-2425436.jpg","datePublished":"2026-03-07T14:41:00+00:00","author":{"@id":"https:\/\/portaltela.pt\/#\/schema\/person\/c4278d4a6028830caff9ee44b42d32ed"},"breadcrumb":{"@id":"https:\/\/portaltela.pt\/noticias\/2026\/03\/07\/torreense-vence-oliveirense-por-0-3-e-regressa-as-vitorias\/#breadcrumb"},"inLanguage":"pt-PT","potentialAction":[{"@type":"ReadAction","target":["https:\/\/portaltela.pt\/noticias\/2026\/03\/07\/torreense-vence-oliveirense-por-0-3-e-regressa-as-vitorias\/"]}]},{"@type":"ImageObject","inLanguage":"pt-PT","@id":"https:\/\/portaltela.pt\/noticias\/2026\/03\/07\/torreense-vence-oliveirense-por-0-3-e-regressa-as-vitorias\/#primaryimage","url":"https:\/\/portaltela.pt\/s.01k8rhncp4jt1\/2026\/03\/img_920x518uu2026-03-07-13-38-00-2425436.jpg","contentUrl":"https:\/\/portaltela.pt\/s.01k8rhncp4jt1\/2026\/03\/img_920x518uu2026-03-07-13-38-00-2425436.jpg","width":796,"height":448,"caption":"Torreense venceu o Oliveirense fora de casa"},{"@type":"BreadcrumbList","@id":"https:\/\/portaltela.pt\/noticias\/2026\/03\/07\/torreense-vence-oliveirense-por-0-3-e-regressa-as-vitorias\/#breadcrumb","itemListElement":[{"@type":"ListItem","position":1,"name":"In\u00edcio","item":"https:\/\/portaltela.pt\/"},{"@type":"ListItem","position":2,"name":"Torreense vence Oliveirense por 0-3 e regressa \u00e0s vit\u00f3rias"}]},{"@type":"WebSite","@id":"https:\/\/portaltela.pt\/#website","url":"https:\/\/portaltela.pt\/","name":"Portal Tela Portugal","description":"","potentialAction":[{"@type":"SearchAction","target":{"@type":"EntryPoint","urlTemplate":"https:\/\/portaltela.pt\/?s={search_term_string}"},"query-input":{"@type":"PropertyValueSpecification","valueRequired":true,"valueName":"search_term_string"}}],"inLanguage":"pt-PT"},{"@type":"Person","@id":"https:\/\/portaltela.pt\/#\/schema\/person\/c4278d4a6028830caff9ee44b42d32ed","name":"Telinha","image":{"@type":"ImageObject","inLanguage":"pt-PT","@id":"https:\/\/portaltela.pt\/s.01k8rhncp4jt1\/2025\/11\/talking-bot-125x125.png","url":"https:\/\/portaltela.pt\/s.01k8rhncp4jt1\/2025\/11\/talking-bot-125x125.png","contentUrl":"https:\/\/portaltela.pt\/s.01k8rhncp4jt1\/2025\/11\/talking-bot-125x125.png","caption":"Telinha"},"sameAs":["https:\/\/portaltela.pt\/"],"url":"https:\/\/portaltela.pt\/por\/367410592786\/"}]}},"_links":{"self":[{"href":"https:\/\/portaltela.pt\/api\/wp\/v2\/posts\/401422","targetHints":{"allow":["GET"]}}],"collection":[{"href":"https:\/\/portaltela.pt\/api\/wp\/v2\/posts"}],"about":[{"href":"https:\/\/portaltela.pt\/api\/wp\/v2\/types\/post"}],"author":[{"embeddable":true,"href":"https:\/\/portaltela.pt\/api\/wp\/v2\/users\/2"}],"replies":[{"embeddable":true,"href":"https:\/\/portaltela.pt\/api\/wp\/v2\/comments?post=401422"}],"version-history":[{"count":0,"href":"https:\/\/portaltela.pt\/api\/wp\/v2\/posts\/401422\/revisions"}],"wp:featuredmedia":[{"embeddable":true,"href":"https:\/\/portaltela.pt\/api\/wp\/v2\/media\/401424"}],"wp:attachment":[{"href":"https:\/\/portaltela.pt\/api\/wp\/v2\/media?parent=401422"}],"wp:term":[{"taxonomy":"category","embeddable":true,"href":"https:\/\/portaltela.pt\/api\/wp\/v2\/categories?post=401422"},{"taxonomy":"post_tag","embeddable":true,"href":"https:\/\/portaltela.pt\/api\/wp\/v2\/tags?post=401422"}],"curies":[{"name":"wp","href":"https:\/\/api.w.org\/{rel}","templated":true}]}}