{"id":401401,"date":"2026-03-07T11:12:00","date_gmt":"2026-03-07T14:12:00","guid":{"rendered":"https:\/\/portaltela.pt\/noticias\/2026\/03\/07\/biblioteca-antonio-lobo-antunes-abre-este-ano-em-lisboa-diz-moedas\/"},"modified":"2026-03-07T11:12:00","modified_gmt":"2026-03-07T14:12:00","slug":"biblioteca-antonio-lobo-antunes-abre-este-ano-em-lisboa-diz-moedas","status":"publish","type":"post","link":"https:\/\/portaltela.pt\/noticias\/politica\/2026\/03\/07\/biblioteca-antonio-lobo-antunes-abre-este-ano-em-lisboa-diz-moedas\/","title":{"rendered":"Biblioteca Ant\u00f3nio Lobo Antunes abre este ano em Lisboa, diz Moedas"},"content":{"rendered":"<p>A Biblioteca Ant\u00f3nio Lobo Antunes, criada em homenagem ao escritor lisboeta falecido na quinta-feira aos 83 anos, vai abrir at\u00e9 ao final deste ano, garantiu o presidente da C\u00e2mara Municipal de Lisboa, Carlos Moedas.<\/p>\n<p>Moedas confirmou a data durante uma declara\u00e7\u00e3o feita hoje em Lisboa, sem adiantar o dia exacto da abertura. A autarquia pretende preservar o legado de Lobo Antunes atrav\u00e9s de este espa\u00e7o cultural.<\/p>\n<p>O equipamento, localizado em Lisboa, enquadra-se numa homenagem ao escritor e tem como objetivo fomentar a leitura e o debate cultural entre a popula\u00e7\u00e3o. A gest\u00e3o cabe \u00e0 C\u00e2mara Municipal de Lisboa.<\/p>\n<p>O an\u00fancio surge num momento de reconhecimento p\u00fablico ao autor, cuja obra \u00e9 amplamente reconhecida pela contribui\u00e7\u00e3o \u00e0 literatura portuguesa. N\u00e3o foram divulgadas mais informa\u00e7\u00f5es sobre o investimento necess\u00e1rio ou o calend\u00e1rio de inaugura\u00e7\u00e3o.<\/p>\n","protected":false},"excerpt":{"rendered":"<ul>\n<li>A Biblioteca Ant\u00f3nio Lobo Antunes, em Lisboa, vai abrir at\u00e9 ao fim deste ano, disse hoje o presidente da C\u00e2mara Municipal de Lisboa, Carlos Moedas.<\/li>\n<li>A obra serve de homenagem ao escritor Ant\u00f3nio Lobo Antunes, que faleceu na quinta-feira aos 83 anos.<\/li>\n<li>Carlos Moedas garantiu que a abertura da biblioteca est\u00e1 prevista para este ano.<\/li>\n<li>A not\u00edcia confirma a continuidade do projeto como reconhecimento \u00e0 trajet\u00f3ria liter\u00e1ria do escritor.<\/li>\n<\/ul>\n","protected":false},"author":2,"featured_media":401402,"comment_status":"closed","ping_status":"closed","sticky":false,"template":"","format":"standard","meta":{"footnotes":""},"categories":[1,5],"tags":[1078,145,6654,2719,981,106],"class_list":["post-401401","post","type-post","status-publish","format-standard","has-post-thumbnail","hentry","category-noticias","category-politica","tag-bibliotecas-arquivos","tag-cultura","tag-escritores","tag-leitura","tag-lisboa","tag-literatura"],"yoast_head":"<!-- This site is optimized with the Yoast SEO plugin v27.2 - https:\/\/yoast.com\/product\/yoast-seo-wordpress\/ -->\n<title>Biblioteca Ant\u00f3nio Lobo Antunes abre este ano em Lisboa, diz Moedas - Portal Tela Portugal<\/title>\n<meta name=\"robots\" content=\"index, follow, max-snippet:-1, max-image-preview:large, max-video-preview:-1\" \/>\n<meta property=\"og:locale\" content=\"pt_PT\" \/>\n<meta property=\"og:type\" content=\"article\" \/>\n<meta property=\"og:title\" content=\"Biblioteca Ant\u00f3nio Lobo Antunes abre este ano em Lisboa, diz Moedas - Portal Tela Portugal\" \/>\n<meta property=\"og:description\" content=\"A Biblioteca Ant\u00f3nio Lobo Antunes, em Lisboa, vai abrir at\u00e9 ao fim deste ano, disse hoje o presidente da C\u00e2mara Municipal de Lisboa, Carlos Moedas. A obra serve de homenagem ao escritor Ant\u00f3nio Lobo Antunes, que faleceu na quinta-feira aos 83 anos. Carlos Moedas garantiu que a abertura da biblioteca est\u00e1 prevista para este ano. A not\u00edcia confirma a continuidade do projeto como reconhecimento \u00e0 trajet\u00f3ria liter\u00e1ria do escritor.\" \/>\n<meta property=\"og:url\" content=\"https:\/\/portaltela.pt\/noticias\/2026\/03\/07\/biblioteca-antonio-lobo-antunes-abre-este-ano-em-lisboa-diz-moedas\/\" \/>\n<meta property=\"og:site_name\" content=\"Portal Tela Portugal\" \/>\n<meta property=\"article:published_time\" content=\"2026-03-07T14:12:00+00:00\" \/>\n<meta name=\"author\" content=\"Telinha\" \/>\n<meta name=\"twitter:card\" content=\"summary_large_image\" \/>\n<meta name=\"twitter:label1\" content=\"Escrito por\" \/>\n\t<meta name=\"twitter:data1\" content=\"Telinha\" \/>\n\t<meta name=\"twitter:label2\" content=\"Tempo estimado de leitura\" \/>\n\t<meta name=\"twitter:data2\" content=\"1 minuto\" \/>\n<script type=\"application\/ld+json\" class=\"yoast-schema-graph\">{\"@context\":\"https:\/\/schema.org\",\"@graph\":[{\"@type\":\"Article\",\"@id\":\"https:\/\/portaltela.pt\/noticias\/2026\/03\/07\/biblioteca-antonio-lobo-antunes-abre-este-ano-em-lisboa-diz-moedas\/#article\",\"isPartOf\":{\"@id\":\"https:\/\/portaltela.pt\/noticias\/2026\/03\/07\/biblioteca-antonio-lobo-antunes-abre-este-ano-em-lisboa-diz-moedas\/\"},\"author\":{\"name\":\"Telinha\",\"@id\":\"https:\/\/portaltela.pt\/#\/schema\/person\/c4278d4a6028830caff9ee44b42d32ed\"},\"headline\":\"Biblioteca Ant\u00f3nio Lobo Antunes abre este ano em Lisboa, diz Moedas\",\"datePublished\":\"2026-03-07T14:12:00+00:00\",\"mainEntityOfPage\":{\"@id\":\"https:\/\/portaltela.pt\/noticias\/2026\/03\/07\/biblioteca-antonio-lobo-antunes-abre-este-ano-em-lisboa-diz-moedas\/\"},\"wordCount\":156,\"image\":{\"@id\":\"https:\/\/portaltela.pt\/noticias\/2026\/03\/07\/biblioteca-antonio-lobo-antunes-abre-este-ano-em-lisboa-diz-moedas\/#primaryimage\"},\"thumbnailUrl\":\"https:\/\/portaltela.pt\/s.01k8rhncp4jt1\/2026\/03\/CACHE_780X1200_ANALOG_WATERMARKED_46705096_5005386_07032026125328.jpg\",\"keywords\":[\"bibliotecas\/arquivos\",\"cultura\",\"escritores\",\"leitura\",\"Lisboa\",\"literatura\"],\"articleSection\":[\"Not\u00edcias\",\"Pol\u00edtica\"],\"inLanguage\":\"pt-PT\"},{\"@type\":\"WebPage\",\"@id\":\"https:\/\/portaltela.pt\/noticias\/2026\/03\/07\/biblioteca-antonio-lobo-antunes-abre-este-ano-em-lisboa-diz-moedas\/\",\"url\":\"https:\/\/portaltela.pt\/noticias\/2026\/03\/07\/biblioteca-antonio-lobo-antunes-abre-este-ano-em-lisboa-diz-moedas\/\",\"name\":\"Biblioteca Ant\u00f3nio Lobo Antunes abre este ano em Lisboa, diz Moedas - Portal Tela Portugal\",\"isPartOf\":{\"@id\":\"https:\/\/portaltela.pt\/#website\"},\"primaryImageOfPage\":{\"@id\":\"https:\/\/portaltela.pt\/noticias\/2026\/03\/07\/biblioteca-antonio-lobo-antunes-abre-este-ano-em-lisboa-diz-moedas\/#primaryimage\"},\"image\":{\"@id\":\"https:\/\/portaltela.pt\/noticias\/2026\/03\/07\/biblioteca-antonio-lobo-antunes-abre-este-ano-em-lisboa-diz-moedas\/#primaryimage\"},\"thumbnailUrl\":\"https:\/\/portaltela.pt\/s.01k8rhncp4jt1\/2026\/03\/CACHE_780X1200_ANALOG_WATERMARKED_46705096_5005386_07032026125328.jpg\",\"datePublished\":\"2026-03-07T14:12:00+00:00\",\"author\":{\"@id\":\"https:\/\/portaltela.pt\/#\/schema\/person\/c4278d4a6028830caff9ee44b42d32ed\"},\"breadcrumb\":{\"@id\":\"https:\/\/portaltela.pt\/noticias\/2026\/03\/07\/biblioteca-antonio-lobo-antunes-abre-este-ano-em-lisboa-diz-moedas\/#breadcrumb\"},\"inLanguage\":\"pt-PT\",\"potentialAction\":[{\"@type\":\"ReadAction\",\"target\":[\"https:\/\/portaltela.pt\/noticias\/2026\/03\/07\/biblioteca-antonio-lobo-antunes-abre-este-ano-em-lisboa-diz-moedas\/\"]}]},{\"@type\":\"ImageObject\",\"inLanguage\":\"pt-PT\",\"@id\":\"https:\/\/portaltela.pt\/noticias\/2026\/03\/07\/biblioteca-antonio-lobo-antunes-abre-este-ano-em-lisboa-diz-moedas\/#primaryimage\",\"url\":\"https:\/\/portaltela.pt\/s.01k8rhncp4jt1\/2026\/03\/CACHE_780X1200_ANALOG_WATERMARKED_46705096_5005386_07032026125328.jpg\",\"contentUrl\":\"https:\/\/portaltela.pt\/s.01k8rhncp4jt1\/2026\/03\/CACHE_780X1200_ANALOG_WATERMARKED_46705096_5005386_07032026125328.jpg\",\"width\":768,\"height\":512,\"caption\":\"Moedas diz que Biblioteca Ant\u00f3nio Lobo Antunes vai abrir este ano em Lisboa\"},{\"@type\":\"BreadcrumbList\",\"@id\":\"https:\/\/portaltela.pt\/noticias\/2026\/03\/07\/biblioteca-antonio-lobo-antunes-abre-este-ano-em-lisboa-diz-moedas\/#breadcrumb\",\"itemListElement\":[{\"@type\":\"ListItem\",\"position\":1,\"name\":\"In\u00edcio\",\"item\":\"https:\/\/portaltela.pt\/\"},{\"@type\":\"ListItem\",\"position\":2,\"name\":\"Biblioteca Ant\u00f3nio Lobo Antunes abre este ano em Lisboa, diz Moedas\"}]},{\"@type\":\"WebSite\",\"@id\":\"https:\/\/portaltela.pt\/#website\",\"url\":\"https:\/\/portaltela.pt\/\",\"name\":\"Portal Tela Portugal\",\"description\":\"\",\"potentialAction\":[{\"@type\":\"SearchAction\",\"target\":{\"@type\":\"EntryPoint\",\"urlTemplate\":\"https:\/\/portaltela.pt\/?s={search_term_string}\"},\"query-input\":{\"@type\":\"PropertyValueSpecification\",\"valueRequired\":true,\"valueName\":\"search_term_string\"}}],\"inLanguage\":\"pt-PT\"},{\"@type\":\"Person\",\"@id\":\"https:\/\/portaltela.pt\/#\/schema\/person\/c4278d4a6028830caff9ee44b42d32ed\",\"name\":\"Telinha\",\"image\":{\"@type\":\"ImageObject\",\"inLanguage\":\"pt-PT\",\"@id\":\"https:\/\/portaltela.pt\/s.01k8rhncp4jt1\/2025\/11\/talking-bot-125x125.png\",\"url\":\"https:\/\/portaltela.pt\/s.01k8rhncp4jt1\/2025\/11\/talking-bot-125x125.png\",\"contentUrl\":\"https:\/\/portaltela.pt\/s.01k8rhncp4jt1\/2025\/11\/talking-bot-125x125.png\",\"caption\":\"Telinha\"},\"sameAs\":[\"https:\/\/portaltela.pt\/\"],\"url\":\"https:\/\/portaltela.pt\/por\/367410592786\/\"}]}<\/script>\n<!-- \/ Yoast SEO plugin. -->","yoast_head_json":{"title":"Biblioteca Ant\u00f3nio Lobo Antunes abre este ano em Lisboa, diz Moedas - Portal Tela Portugal","robots":{"index":"index","follow":"follow","max-snippet":"max-snippet:-1","max-image-preview":"max-image-preview:large","max-video-preview":"max-video-preview:-1"},"og_locale":"pt_PT","og_type":"article","og_title":"Biblioteca Ant\u00f3nio Lobo Antunes abre este ano em Lisboa, diz Moedas - Portal Tela Portugal","og_description":"A Biblioteca Ant\u00f3nio Lobo Antunes, em Lisboa, vai abrir at\u00e9 ao fim deste ano, disse hoje o presidente da C\u00e2mara Municipal de Lisboa, Carlos Moedas. A obra serve de homenagem ao escritor Ant\u00f3nio Lobo Antunes, que faleceu na quinta-feira aos 83 anos. Carlos Moedas garantiu que a abertura da biblioteca est\u00e1 prevista para este ano. A not\u00edcia confirma a continuidade do projeto como reconhecimento \u00e0 trajet\u00f3ria liter\u00e1ria do escritor.","og_url":"https:\/\/portaltela.pt\/noticias\/2026\/03\/07\/biblioteca-antonio-lobo-antunes-abre-este-ano-em-lisboa-diz-moedas\/","og_site_name":"Portal Tela Portugal","article_published_time":"2026-03-07T14:12:00+00:00","author":"Telinha","twitter_card":"summary_large_image","twitter_misc":{"Escrito por":"Telinha","Tempo estimado de leitura":"1 minuto"},"schema":{"@context":"https:\/\/schema.org","@graph":[{"@type":"Article","@id":"https:\/\/portaltela.pt\/noticias\/2026\/03\/07\/biblioteca-antonio-lobo-antunes-abre-este-ano-em-lisboa-diz-moedas\/#article","isPartOf":{"@id":"https:\/\/portaltela.pt\/noticias\/2026\/03\/07\/biblioteca-antonio-lobo-antunes-abre-este-ano-em-lisboa-diz-moedas\/"},"author":{"name":"Telinha","@id":"https:\/\/portaltela.pt\/#\/schema\/person\/c4278d4a6028830caff9ee44b42d32ed"},"headline":"Biblioteca Ant\u00f3nio Lobo Antunes abre este ano em Lisboa, diz Moedas","datePublished":"2026-03-07T14:12:00+00:00","mainEntityOfPage":{"@id":"https:\/\/portaltela.pt\/noticias\/2026\/03\/07\/biblioteca-antonio-lobo-antunes-abre-este-ano-em-lisboa-diz-moedas\/"},"wordCount":156,"image":{"@id":"https:\/\/portaltela.pt\/noticias\/2026\/03\/07\/biblioteca-antonio-lobo-antunes-abre-este-ano-em-lisboa-diz-moedas\/#primaryimage"},"thumbnailUrl":"https:\/\/portaltela.pt\/s.01k8rhncp4jt1\/2026\/03\/CACHE_780X1200_ANALOG_WATERMARKED_46705096_5005386_07032026125328.jpg","keywords":["bibliotecas\/arquivos","cultura","escritores","leitura","Lisboa","literatura"],"articleSection":["Not\u00edcias","Pol\u00edtica"],"inLanguage":"pt-PT"},{"@type":"WebPage","@id":"https:\/\/portaltela.pt\/noticias\/2026\/03\/07\/biblioteca-antonio-lobo-antunes-abre-este-ano-em-lisboa-diz-moedas\/","url":"https:\/\/portaltela.pt\/noticias\/2026\/03\/07\/biblioteca-antonio-lobo-antunes-abre-este-ano-em-lisboa-diz-moedas\/","name":"Biblioteca Ant\u00f3nio Lobo Antunes abre este ano em Lisboa, diz Moedas - Portal Tela Portugal","isPartOf":{"@id":"https:\/\/portaltela.pt\/#website"},"primaryImageOfPage":{"@id":"https:\/\/portaltela.pt\/noticias\/2026\/03\/07\/biblioteca-antonio-lobo-antunes-abre-este-ano-em-lisboa-diz-moedas\/#primaryimage"},"image":{"@id":"https:\/\/portaltela.pt\/noticias\/2026\/03\/07\/biblioteca-antonio-lobo-antunes-abre-este-ano-em-lisboa-diz-moedas\/#primaryimage"},"thumbnailUrl":"https:\/\/portaltela.pt\/s.01k8rhncp4jt1\/2026\/03\/CACHE_780X1200_ANALOG_WATERMARKED_46705096_5005386_07032026125328.jpg","datePublished":"2026-03-07T14:12:00+00:00","author":{"@id":"https:\/\/portaltela.pt\/#\/schema\/person\/c4278d4a6028830caff9ee44b42d32ed"},"breadcrumb":{"@id":"https:\/\/portaltela.pt\/noticias\/2026\/03\/07\/biblioteca-antonio-lobo-antunes-abre-este-ano-em-lisboa-diz-moedas\/#breadcrumb"},"inLanguage":"pt-PT","potentialAction":[{"@type":"ReadAction","target":["https:\/\/portaltela.pt\/noticias\/2026\/03\/07\/biblioteca-antonio-lobo-antunes-abre-este-ano-em-lisboa-diz-moedas\/"]}]},{"@type":"ImageObject","inLanguage":"pt-PT","@id":"https:\/\/portaltela.pt\/noticias\/2026\/03\/07\/biblioteca-antonio-lobo-antunes-abre-este-ano-em-lisboa-diz-moedas\/#primaryimage","url":"https:\/\/portaltela.pt\/s.01k8rhncp4jt1\/2026\/03\/CACHE_780X1200_ANALOG_WATERMARKED_46705096_5005386_07032026125328.jpg","contentUrl":"https:\/\/portaltela.pt\/s.01k8rhncp4jt1\/2026\/03\/CACHE_780X1200_ANALOG_WATERMARKED_46705096_5005386_07032026125328.jpg","width":768,"height":512,"caption":"Moedas diz que Biblioteca Ant\u00f3nio Lobo Antunes vai abrir este ano em Lisboa"},{"@type":"BreadcrumbList","@id":"https:\/\/portaltela.pt\/noticias\/2026\/03\/07\/biblioteca-antonio-lobo-antunes-abre-este-ano-em-lisboa-diz-moedas\/#breadcrumb","itemListElement":[{"@type":"ListItem","position":1,"name":"In\u00edcio","item":"https:\/\/portaltela.pt\/"},{"@type":"ListItem","position":2,"name":"Biblioteca Ant\u00f3nio Lobo Antunes abre este ano em Lisboa, diz Moedas"}]},{"@type":"WebSite","@id":"https:\/\/portaltela.pt\/#website","url":"https:\/\/portaltela.pt\/","name":"Portal Tela Portugal","description":"","potentialAction":[{"@type":"SearchAction","target":{"@type":"EntryPoint","urlTemplate":"https:\/\/portaltela.pt\/?s={search_term_string}"},"query-input":{"@type":"PropertyValueSpecification","valueRequired":true,"valueName":"search_term_string"}}],"inLanguage":"pt-PT"},{"@type":"Person","@id":"https:\/\/portaltela.pt\/#\/schema\/person\/c4278d4a6028830caff9ee44b42d32ed","name":"Telinha","image":{"@type":"ImageObject","inLanguage":"pt-PT","@id":"https:\/\/portaltela.pt\/s.01k8rhncp4jt1\/2025\/11\/talking-bot-125x125.png","url":"https:\/\/portaltela.pt\/s.01k8rhncp4jt1\/2025\/11\/talking-bot-125x125.png","contentUrl":"https:\/\/portaltela.pt\/s.01k8rhncp4jt1\/2025\/11\/talking-bot-125x125.png","caption":"Telinha"},"sameAs":["https:\/\/portaltela.pt\/"],"url":"https:\/\/portaltela.pt\/por\/367410592786\/"}]}},"_links":{"self":[{"href":"https:\/\/portaltela.pt\/api\/wp\/v2\/posts\/401401","targetHints":{"allow":["GET"]}}],"collection":[{"href":"https:\/\/portaltela.pt\/api\/wp\/v2\/posts"}],"about":[{"href":"https:\/\/portaltela.pt\/api\/wp\/v2\/types\/post"}],"author":[{"embeddable":true,"href":"https:\/\/portaltela.pt\/api\/wp\/v2\/users\/2"}],"replies":[{"embeddable":true,"href":"https:\/\/portaltela.pt\/api\/wp\/v2\/comments?post=401401"}],"version-history":[{"count":0,"href":"https:\/\/portaltela.pt\/api\/wp\/v2\/posts\/401401\/revisions"}],"wp:featuredmedia":[{"embeddable":true,"href":"https:\/\/portaltela.pt\/api\/wp\/v2\/media\/401402"}],"wp:attachment":[{"href":"https:\/\/portaltela.pt\/api\/wp\/v2\/media?parent=401401"}],"wp:term":[{"taxonomy":"category","embeddable":true,"href":"https:\/\/portaltela.pt\/api\/wp\/v2\/categories?post=401401"},{"taxonomy":"post_tag","embeddable":true,"href":"https:\/\/portaltela.pt\/api\/wp\/v2\/tags?post=401401"}],"curies":[{"name":"wp","href":"https:\/\/api.w.org\/{rel}","templated":true}]}}