{"id":401396,"date":"2026-03-07T11:10:35","date_gmt":"2026-03-07T14:10:35","guid":{"rendered":"https:\/\/portaltela.pt\/noticias\/2026\/03\/07\/milhares-protestam-bagda-apos-morte-de-lider-iraniano-e-solidariedade-ao-irao\/"},"modified":"2026-03-07T11:10:35","modified_gmt":"2026-03-07T14:10:35","slug":"milhares-protestam-bagda-apos-morte-de-lider-iraniano-e-solidariedade-ao-irao","status":"publish","type":"post","link":"https:\/\/portaltela.pt\/noticias\/internacional\/2026\/03\/07\/milhares-protestam-bagda-apos-morte-de-lider-iraniano-e-solidariedade-ao-irao\/","title":{"rendered":"Milhares protestam Bagd\u00e1 ap\u00f3s morte de l\u00edder iraniano e solidariedade ao Ir\u00e3o"},"content":{"rendered":"<p>Milhares de iraquianos reuniram-se nesta sexta-feira em Bagdade para condenar a morte do l\u00edder supremo do Ir\u00e3o, Ali Khamenei, e prestar apoio \u00e0 Rep\u00fablica Isl\u00e2mica, manifestando-se contra as a\u00e7\u00f5es dos Estados Unidos e de Israel. O protesto ocorreu no centro da capital iraquiana, envolvendo multid\u00f5es que expressaram solidariedade com Teer\u00e3o.<\/p>\n<p>Os manifestantes pediram ao mundo que acompanhe a situa\u00e7\u00e3o no Ir\u00e3o e reiteraram cr\u00edticas a interven\u00e7\u00f5es ocidentais que, segundo eles, afectam a regi\u00e3o. A mobiliza\u00e7\u00e3o ocorre num momento de tens\u00e3o regional e de debates sobre pol\u00edticas exteriores entre o Ir\u00e3o e pa\u00edses ocidentais.<\/p>\n<p>A cobertura inicial indica que as presentes declara\u00e7\u00f5es visam destacar a import\u00e2ncia da solidariedade regional e denunciar formas de coopera\u00e7\u00e3o entre pot\u00eancias ocidentais e aliados regionais. A reportagem prosseguir\u00e1 com informa\u00e7\u00f5es adicionais \u00e0 medida que forem confirmadas pelas autoridades.<\/p>\n<p>Fonte: AP<\/p>\n","protected":false},"excerpt":{"rendered":"<ul>\n<li>Milhares de iraquianos reuniram-se em Bagdade para condenar a morte do l\u00edder supremo iraniano Ali Khamenei.<\/li>\n<li>Os manifestantes mostraram solidariedade com o Ir\u00e3o e criticaram as a\u00e7\u00f5es dos Estados Unidos e de Israel.<\/li>\n<li>O protesto ocorreu na sexta-feira na capital do Iraque, com apelos \u00e0 solidariedade com o Ir\u00e3o.<\/li>\n<li>A reportagem aponta que os participantes reiteraram oposi\u00e7\u00e3o a interven\u00e7\u00f5es estrangeiras na regi\u00e3o.<\/li>\n<li>Informa\u00e7\u00e3o publicada pela Associated Press (AP) acompanha os acontecimentos.<\/li>\n<\/ul>\n","protected":false},"author":2,"featured_media":401400,"comment_status":"closed","ping_status":"closed","sticky":false,"template":"","format":"standard","meta":{"footnotes":""},"categories":[4,1],"tags":[1600,5291,3153,3708,5698,2857],"class_list":["post-401396","post","type-post","status-publish","format-standard","has-post-thumbnail","hentry","category-internacional","category-noticias","tag-estados-unidos","tag-intervencoes-internacionais","tag-ira","tag-israel","tag-politica-internacional","tag-protestos"],"yoast_head":"<!-- This site is optimized with the Yoast SEO plugin v27.2 - https:\/\/yoast.com\/product\/yoast-seo-wordpress\/ -->\n<title>Milhares protestam Bagd\u00e1 ap\u00f3s morte de l\u00edder iraniano e solidariedade ao Ir\u00e3o - Portal Tela Portugal<\/title>\n<meta name=\"robots\" content=\"index, follow, max-snippet:-1, max-image-preview:large, max-video-preview:-1\" \/>\n<meta property=\"og:locale\" content=\"pt_PT\" \/>\n<meta property=\"og:type\" content=\"article\" \/>\n<meta property=\"og:title\" content=\"Milhares protestam Bagd\u00e1 ap\u00f3s morte de l\u00edder iraniano e solidariedade ao Ir\u00e3o - Portal Tela Portugal\" \/>\n<meta property=\"og:description\" content=\"Milhares de iraquianos reuniram-se em Bagdade para condenar a morte do l\u00edder supremo iraniano Ali Khamenei. Os manifestantes mostraram solidariedade com o Ir\u00e3o e criticaram as a\u00e7\u00f5es dos Estados Unidos e de Israel. O protesto ocorreu na sexta-feira na capital do Iraque, com apelos \u00e0 solidariedade com o Ir\u00e3o. A reportagem aponta que os participantes reiteraram oposi\u00e7\u00e3o a interven\u00e7\u00f5es estrangeiras na regi\u00e3o. Informa\u00e7\u00e3o publicada pela Associated Press (AP) acompanha os acontecimentos.\" \/>\n<meta property=\"og:url\" content=\"https:\/\/portaltela.pt\/noticias\/2026\/03\/07\/milhares-protestam-bagda-apos-morte-de-lider-iraniano-e-solidariedade-ao-irao\/\" \/>\n<meta property=\"og:site_name\" content=\"Portal Tela Portugal\" \/>\n<meta property=\"article:published_time\" content=\"2026-03-07T14:10:35+00:00\" \/>\n<meta name=\"author\" content=\"Telinha\" \/>\n<meta name=\"twitter:card\" content=\"summary_large_image\" \/>\n<meta name=\"twitter:label1\" content=\"Escrito por\" \/>\n\t<meta name=\"twitter:data1\" content=\"Telinha\" \/>\n\t<meta name=\"twitter:label2\" content=\"Tempo estimado de leitura\" \/>\n\t<meta name=\"twitter:data2\" content=\"1 minuto\" \/>\n<script type=\"application\/ld+json\" class=\"yoast-schema-graph\">{\"@context\":\"https:\/\/schema.org\",\"@graph\":[{\"@type\":\"Article\",\"@id\":\"https:\/\/portaltela.pt\/noticias\/2026\/03\/07\/milhares-protestam-bagda-apos-morte-de-lider-iraniano-e-solidariedade-ao-irao\/#article\",\"isPartOf\":{\"@id\":\"https:\/\/portaltela.pt\/noticias\/2026\/03\/07\/milhares-protestam-bagda-apos-morte-de-lider-iraniano-e-solidariedade-ao-irao\/\"},\"author\":{\"name\":\"Telinha\",\"@id\":\"https:\/\/portaltela.pt\/#\/schema\/person\/c4278d4a6028830caff9ee44b42d32ed\"},\"headline\":\"Milhares protestam Bagd\u00e1 ap\u00f3s morte de l\u00edder iraniano e solidariedade ao Ir\u00e3o\",\"datePublished\":\"2026-03-07T14:10:35+00:00\",\"mainEntityOfPage\":{\"@id\":\"https:\/\/portaltela.pt\/noticias\/2026\/03\/07\/milhares-protestam-bagda-apos-morte-de-lider-iraniano-e-solidariedade-ao-irao\/\"},\"wordCount\":169,\"image\":{\"@id\":\"https:\/\/portaltela.pt\/noticias\/2026\/03\/07\/milhares-protestam-bagda-apos-morte-de-lider-iraniano-e-solidariedade-ao-irao\/#primaryimage\"},\"thumbnailUrl\":\"https:\/\/portaltela.pt\/s.01k8rhncp4jt1\/2026\/03\/img_1280x722uu2026-03-07-14-06-07-2270954.jpg\",\"keywords\":[\"Estados Unidos\",\"interven\u00e7\u00f5es internacionais\",\"Ir\u00e3\",\"Israel\",\"pol\u00edtica internacional\",\"protestos\"],\"articleSection\":[\"Internacional\",\"Not\u00edcias\"],\"inLanguage\":\"pt-PT\"},{\"@type\":\"WebPage\",\"@id\":\"https:\/\/portaltela.pt\/noticias\/2026\/03\/07\/milhares-protestam-bagda-apos-morte-de-lider-iraniano-e-solidariedade-ao-irao\/\",\"url\":\"https:\/\/portaltela.pt\/noticias\/2026\/03\/07\/milhares-protestam-bagda-apos-morte-de-lider-iraniano-e-solidariedade-ao-irao\/\",\"name\":\"Milhares protestam Bagd\u00e1 ap\u00f3s morte de l\u00edder iraniano e solidariedade ao Ir\u00e3o - Portal Tela Portugal\",\"isPartOf\":{\"@id\":\"https:\/\/portaltela.pt\/#website\"},\"primaryImageOfPage\":{\"@id\":\"https:\/\/portaltela.pt\/noticias\/2026\/03\/07\/milhares-protestam-bagda-apos-morte-de-lider-iraniano-e-solidariedade-ao-irao\/#primaryimage\"},\"image\":{\"@id\":\"https:\/\/portaltela.pt\/noticias\/2026\/03\/07\/milhares-protestam-bagda-apos-morte-de-lider-iraniano-e-solidariedade-ao-irao\/#primaryimage\"},\"thumbnailUrl\":\"https:\/\/portaltela.pt\/s.01k8rhncp4jt1\/2026\/03\/img_1280x722uu2026-03-07-14-06-07-2270954.jpg\",\"datePublished\":\"2026-03-07T14:10:35+00:00\",\"author\":{\"@id\":\"https:\/\/portaltela.pt\/#\/schema\/person\/c4278d4a6028830caff9ee44b42d32ed\"},\"breadcrumb\":{\"@id\":\"https:\/\/portaltela.pt\/noticias\/2026\/03\/07\/milhares-protestam-bagda-apos-morte-de-lider-iraniano-e-solidariedade-ao-irao\/#breadcrumb\"},\"inLanguage\":\"pt-PT\",\"potentialAction\":[{\"@type\":\"ReadAction\",\"target\":[\"https:\/\/portaltela.pt\/noticias\/2026\/03\/07\/milhares-protestam-bagda-apos-morte-de-lider-iraniano-e-solidariedade-ao-irao\/\"]}]},{\"@type\":\"ImageObject\",\"inLanguage\":\"pt-PT\",\"@id\":\"https:\/\/portaltela.pt\/noticias\/2026\/03\/07\/milhares-protestam-bagda-apos-morte-de-lider-iraniano-e-solidariedade-ao-irao\/#primaryimage\",\"url\":\"https:\/\/portaltela.pt\/s.01k8rhncp4jt1\/2026\/03\/img_1280x722uu2026-03-07-14-06-07-2270954.jpg\",\"contentUrl\":\"https:\/\/portaltela.pt\/s.01k8rhncp4jt1\/2026\/03\/img_1280x722uu2026-03-07-14-06-07-2270954.jpg\",\"width\":796,\"height\":448,\"caption\":\"Milhares de pessoas protestam em Bagdade ap\u00f3s morte de l\u00edder iraniano e apelam \u00e0 solidariedade com o Ir\u00e3o\"},{\"@type\":\"BreadcrumbList\",\"@id\":\"https:\/\/portaltela.pt\/noticias\/2026\/03\/07\/milhares-protestam-bagda-apos-morte-de-lider-iraniano-e-solidariedade-ao-irao\/#breadcrumb\",\"itemListElement\":[{\"@type\":\"ListItem\",\"position\":1,\"name\":\"In\u00edcio\",\"item\":\"https:\/\/portaltela.pt\/\"},{\"@type\":\"ListItem\",\"position\":2,\"name\":\"Milhares protestam Bagd\u00e1 ap\u00f3s morte de l\u00edder iraniano e solidariedade ao Ir\u00e3o\"}]},{\"@type\":\"WebSite\",\"@id\":\"https:\/\/portaltela.pt\/#website\",\"url\":\"https:\/\/portaltela.pt\/\",\"name\":\"Portal Tela Portugal\",\"description\":\"\",\"potentialAction\":[{\"@type\":\"SearchAction\",\"target\":{\"@type\":\"EntryPoint\",\"urlTemplate\":\"https:\/\/portaltela.pt\/?s={search_term_string}\"},\"query-input\":{\"@type\":\"PropertyValueSpecification\",\"valueRequired\":true,\"valueName\":\"search_term_string\"}}],\"inLanguage\":\"pt-PT\"},{\"@type\":\"Person\",\"@id\":\"https:\/\/portaltela.pt\/#\/schema\/person\/c4278d4a6028830caff9ee44b42d32ed\",\"name\":\"Telinha\",\"image\":{\"@type\":\"ImageObject\",\"inLanguage\":\"pt-PT\",\"@id\":\"https:\/\/portaltela.pt\/s.01k8rhncp4jt1\/2025\/11\/talking-bot-125x125.png\",\"url\":\"https:\/\/portaltela.pt\/s.01k8rhncp4jt1\/2025\/11\/talking-bot-125x125.png\",\"contentUrl\":\"https:\/\/portaltela.pt\/s.01k8rhncp4jt1\/2025\/11\/talking-bot-125x125.png\",\"caption\":\"Telinha\"},\"sameAs\":[\"https:\/\/portaltela.pt\/\"],\"url\":\"https:\/\/portaltela.pt\/por\/367410592786\/\"}]}<\/script>\n<!-- \/ Yoast SEO plugin. -->","yoast_head_json":{"title":"Milhares protestam Bagd\u00e1 ap\u00f3s morte de l\u00edder iraniano e solidariedade ao Ir\u00e3o - Portal Tela Portugal","robots":{"index":"index","follow":"follow","max-snippet":"max-snippet:-1","max-image-preview":"max-image-preview:large","max-video-preview":"max-video-preview:-1"},"og_locale":"pt_PT","og_type":"article","og_title":"Milhares protestam Bagd\u00e1 ap\u00f3s morte de l\u00edder iraniano e solidariedade ao Ir\u00e3o - Portal Tela Portugal","og_description":"Milhares de iraquianos reuniram-se em Bagdade para condenar a morte do l\u00edder supremo iraniano Ali Khamenei. Os manifestantes mostraram solidariedade com o Ir\u00e3o e criticaram as a\u00e7\u00f5es dos Estados Unidos e de Israel. O protesto ocorreu na sexta-feira na capital do Iraque, com apelos \u00e0 solidariedade com o Ir\u00e3o. A reportagem aponta que os participantes reiteraram oposi\u00e7\u00e3o a interven\u00e7\u00f5es estrangeiras na regi\u00e3o. Informa\u00e7\u00e3o publicada pela Associated Press (AP) acompanha os acontecimentos.","og_url":"https:\/\/portaltela.pt\/noticias\/2026\/03\/07\/milhares-protestam-bagda-apos-morte-de-lider-iraniano-e-solidariedade-ao-irao\/","og_site_name":"Portal Tela Portugal","article_published_time":"2026-03-07T14:10:35+00:00","author":"Telinha","twitter_card":"summary_large_image","twitter_misc":{"Escrito por":"Telinha","Tempo estimado de leitura":"1 minuto"},"schema":{"@context":"https:\/\/schema.org","@graph":[{"@type":"Article","@id":"https:\/\/portaltela.pt\/noticias\/2026\/03\/07\/milhares-protestam-bagda-apos-morte-de-lider-iraniano-e-solidariedade-ao-irao\/#article","isPartOf":{"@id":"https:\/\/portaltela.pt\/noticias\/2026\/03\/07\/milhares-protestam-bagda-apos-morte-de-lider-iraniano-e-solidariedade-ao-irao\/"},"author":{"name":"Telinha","@id":"https:\/\/portaltela.pt\/#\/schema\/person\/c4278d4a6028830caff9ee44b42d32ed"},"headline":"Milhares protestam Bagd\u00e1 ap\u00f3s morte de l\u00edder iraniano e solidariedade ao Ir\u00e3o","datePublished":"2026-03-07T14:10:35+00:00","mainEntityOfPage":{"@id":"https:\/\/portaltela.pt\/noticias\/2026\/03\/07\/milhares-protestam-bagda-apos-morte-de-lider-iraniano-e-solidariedade-ao-irao\/"},"wordCount":169,"image":{"@id":"https:\/\/portaltela.pt\/noticias\/2026\/03\/07\/milhares-protestam-bagda-apos-morte-de-lider-iraniano-e-solidariedade-ao-irao\/#primaryimage"},"thumbnailUrl":"https:\/\/portaltela.pt\/s.01k8rhncp4jt1\/2026\/03\/img_1280x722uu2026-03-07-14-06-07-2270954.jpg","keywords":["Estados Unidos","interven\u00e7\u00f5es internacionais","Ir\u00e3","Israel","pol\u00edtica internacional","protestos"],"articleSection":["Internacional","Not\u00edcias"],"inLanguage":"pt-PT"},{"@type":"WebPage","@id":"https:\/\/portaltela.pt\/noticias\/2026\/03\/07\/milhares-protestam-bagda-apos-morte-de-lider-iraniano-e-solidariedade-ao-irao\/","url":"https:\/\/portaltela.pt\/noticias\/2026\/03\/07\/milhares-protestam-bagda-apos-morte-de-lider-iraniano-e-solidariedade-ao-irao\/","name":"Milhares protestam Bagd\u00e1 ap\u00f3s morte de l\u00edder iraniano e solidariedade ao Ir\u00e3o - Portal Tela Portugal","isPartOf":{"@id":"https:\/\/portaltela.pt\/#website"},"primaryImageOfPage":{"@id":"https:\/\/portaltela.pt\/noticias\/2026\/03\/07\/milhares-protestam-bagda-apos-morte-de-lider-iraniano-e-solidariedade-ao-irao\/#primaryimage"},"image":{"@id":"https:\/\/portaltela.pt\/noticias\/2026\/03\/07\/milhares-protestam-bagda-apos-morte-de-lider-iraniano-e-solidariedade-ao-irao\/#primaryimage"},"thumbnailUrl":"https:\/\/portaltela.pt\/s.01k8rhncp4jt1\/2026\/03\/img_1280x722uu2026-03-07-14-06-07-2270954.jpg","datePublished":"2026-03-07T14:10:35+00:00","author":{"@id":"https:\/\/portaltela.pt\/#\/schema\/person\/c4278d4a6028830caff9ee44b42d32ed"},"breadcrumb":{"@id":"https:\/\/portaltela.pt\/noticias\/2026\/03\/07\/milhares-protestam-bagda-apos-morte-de-lider-iraniano-e-solidariedade-ao-irao\/#breadcrumb"},"inLanguage":"pt-PT","potentialAction":[{"@type":"ReadAction","target":["https:\/\/portaltela.pt\/noticias\/2026\/03\/07\/milhares-protestam-bagda-apos-morte-de-lider-iraniano-e-solidariedade-ao-irao\/"]}]},{"@type":"ImageObject","inLanguage":"pt-PT","@id":"https:\/\/portaltela.pt\/noticias\/2026\/03\/07\/milhares-protestam-bagda-apos-morte-de-lider-iraniano-e-solidariedade-ao-irao\/#primaryimage","url":"https:\/\/portaltela.pt\/s.01k8rhncp4jt1\/2026\/03\/img_1280x722uu2026-03-07-14-06-07-2270954.jpg","contentUrl":"https:\/\/portaltela.pt\/s.01k8rhncp4jt1\/2026\/03\/img_1280x722uu2026-03-07-14-06-07-2270954.jpg","width":796,"height":448,"caption":"Milhares de pessoas protestam em Bagdade ap\u00f3s morte de l\u00edder iraniano e apelam \u00e0 solidariedade com o Ir\u00e3o"},{"@type":"BreadcrumbList","@id":"https:\/\/portaltela.pt\/noticias\/2026\/03\/07\/milhares-protestam-bagda-apos-morte-de-lider-iraniano-e-solidariedade-ao-irao\/#breadcrumb","itemListElement":[{"@type":"ListItem","position":1,"name":"In\u00edcio","item":"https:\/\/portaltela.pt\/"},{"@type":"ListItem","position":2,"name":"Milhares protestam Bagd\u00e1 ap\u00f3s morte de l\u00edder iraniano e solidariedade ao Ir\u00e3o"}]},{"@type":"WebSite","@id":"https:\/\/portaltela.pt\/#website","url":"https:\/\/portaltela.pt\/","name":"Portal Tela Portugal","description":"","potentialAction":[{"@type":"SearchAction","target":{"@type":"EntryPoint","urlTemplate":"https:\/\/portaltela.pt\/?s={search_term_string}"},"query-input":{"@type":"PropertyValueSpecification","valueRequired":true,"valueName":"search_term_string"}}],"inLanguage":"pt-PT"},{"@type":"Person","@id":"https:\/\/portaltela.pt\/#\/schema\/person\/c4278d4a6028830caff9ee44b42d32ed","name":"Telinha","image":{"@type":"ImageObject","inLanguage":"pt-PT","@id":"https:\/\/portaltela.pt\/s.01k8rhncp4jt1\/2025\/11\/talking-bot-125x125.png","url":"https:\/\/portaltela.pt\/s.01k8rhncp4jt1\/2025\/11\/talking-bot-125x125.png","contentUrl":"https:\/\/portaltela.pt\/s.01k8rhncp4jt1\/2025\/11\/talking-bot-125x125.png","caption":"Telinha"},"sameAs":["https:\/\/portaltela.pt\/"],"url":"https:\/\/portaltela.pt\/por\/367410592786\/"}]}},"_links":{"self":[{"href":"https:\/\/portaltela.pt\/api\/wp\/v2\/posts\/401396","targetHints":{"allow":["GET"]}}],"collection":[{"href":"https:\/\/portaltela.pt\/api\/wp\/v2\/posts"}],"about":[{"href":"https:\/\/portaltela.pt\/api\/wp\/v2\/types\/post"}],"author":[{"embeddable":true,"href":"https:\/\/portaltela.pt\/api\/wp\/v2\/users\/2"}],"replies":[{"embeddable":true,"href":"https:\/\/portaltela.pt\/api\/wp\/v2\/comments?post=401396"}],"version-history":[{"count":0,"href":"https:\/\/portaltela.pt\/api\/wp\/v2\/posts\/401396\/revisions"}],"wp:featuredmedia":[{"embeddable":true,"href":"https:\/\/portaltela.pt\/api\/wp\/v2\/media\/401400"}],"wp:attachment":[{"href":"https:\/\/portaltela.pt\/api\/wp\/v2\/media?parent=401396"}],"wp:term":[{"taxonomy":"category","embeddable":true,"href":"https:\/\/portaltela.pt\/api\/wp\/v2\/categories?post=401396"},{"taxonomy":"post_tag","embeddable":true,"href":"https:\/\/portaltela.pt\/api\/wp\/v2\/tags?post=401396"}],"curies":[{"name":"wp","href":"https:\/\/api.w.org\/{rel}","templated":true}]}}