{"id":401390,"date":"2026-03-07T11:10:55","date_gmt":"2026-03-07T14:10:55","guid":{"rendered":"https:\/\/portaltela.pt\/noticias\/2026\/03\/07\/chuvas-intensas-e-inundacoes-no-quenia-deixam-pelo-menos-23-mortos\/"},"modified":"2026-03-07T11:10:55","modified_gmt":"2026-03-07T14:10:55","slug":"chuvas-intensas-e-inundacoes-no-quenia-deixam-pelo-menos-23-mortos","status":"publish","type":"post","link":"https:\/\/portaltela.pt\/noticias\/2026\/03\/07\/chuvas-intensas-e-inundacoes-no-quenia-deixam-pelo-menos-23-mortos\/","title":{"rendered":"Chuvas intensas e inunda\u00e7\u00f5es no Qu\u00e9nia deixam pelo menos 23 mortos"},"content":{"rendered":"<p>Pelo menos 23 mortos deixaram as chuvas intensas que provocaram inunda\u00e7\u00f5es em v\u00e1rias estradas de Nairobi, este s\u00e1bado, no Qu\u00e9nia. As autoridades confirmaram os \u00f3bitos ocorridos em diferentes locais da cidade, atribu\u00eddos a afogamento e eletrocuss\u00e3o.<\/p>\n<p>Prote\u00e7\u00e3o civil, pol\u00edcia e equipas de emerg\u00eancia est\u00e3o no terreno a confirmar casos e a realizar buscas. As opera\u00e7\u00f5es visam localizar poss\u00edveis sobreviventes e recuperar corpos, onde ainda houver trilhos de \u00e1gua.<\/p>\n<p>A chuva forte caiu ao longo do dia, levando ao alagamento de vias centrais e \u00e0 interrup\u00e7\u00e3o de servi\u00e7os. Vias importantes ficaram intransit\u00e1veis, com estradas parcialmente bloqueadas e acessos dificultados.<\/p>\n<p>As autoridades continuam a monitorizar a situa\u00e7\u00e3o e a coordenar o socorro, pedindo \u00e0s pessoas que evitem zonas alagadas e sigam as instru\u00e7\u00f5es oficiais.<\/p>\n","protected":false},"excerpt":{"rendered":"<ul>\n<li>Pelo menos 23 pessoas morreram em Nairobi devido a chuvas fortes que provocaram inunda\u00e7\u00f5es em v\u00e1rias estradas da cidade.<\/li>\n<li>As autoridades confirmaram afogamentos e casos de eletrocuss\u00e3o entre as v\u00edtimas.<\/li>\n<li>As opera\u00e7\u00f5es de busca e resgate est\u00e3o em curso para localizar pessoas desaparecidas.<\/li>\n<li>O facto ocorreu num fim de semana marcado por chuvas intensas e inunda\u00e7\u00f5es em v\u00e1rias zonas da capital queniana.<\/li>\n<\/ul>\n","protected":false},"author":2,"featured_media":401393,"comment_status":"closed","ping_status":"closed","sticky":false,"template":"","format":"standard","meta":{"footnotes":""},"categories":[1],"tags":[5227,3931,2051,6429,320,2831],"class_list":["post-401390","post","type-post","status-publish","format-standard","has-post-thumbnail","hentry","category-noticias","tag-africa","tag-chuva-forte","tag-inundacao","tag-mortes","tag-protecao-civil","tag-quenia"],"yoast_head":"<!-- This site is optimized with the Yoast SEO plugin v27.2 - https:\/\/yoast.com\/product\/yoast-seo-wordpress\/ -->\n<title>Chuvas intensas e inunda\u00e7\u00f5es no Qu\u00e9nia deixam pelo menos 23 mortos - Portal Tela Portugal<\/title>\n<meta name=\"robots\" content=\"index, follow, max-snippet:-1, max-image-preview:large, max-video-preview:-1\" \/>\n<meta property=\"og:locale\" content=\"pt_PT\" \/>\n<meta property=\"og:type\" content=\"article\" \/>\n<meta property=\"og:title\" content=\"Chuvas intensas e inunda\u00e7\u00f5es no Qu\u00e9nia deixam pelo menos 23 mortos - Portal Tela Portugal\" \/>\n<meta property=\"og:description\" content=\"Pelo menos 23 pessoas morreram em Nairobi devido a chuvas fortes que provocaram inunda\u00e7\u00f5es em v\u00e1rias estradas da cidade. As autoridades confirmaram afogamentos e casos de eletrocuss\u00e3o entre as v\u00edtimas. As opera\u00e7\u00f5es de busca e resgate est\u00e3o em curso para localizar pessoas desaparecidas. O facto ocorreu num fim de semana marcado por chuvas intensas e inunda\u00e7\u00f5es em v\u00e1rias zonas da capital queniana.\" \/>\n<meta property=\"og:url\" content=\"https:\/\/portaltela.pt\/noticias\/2026\/03\/07\/chuvas-intensas-e-inundacoes-no-quenia-deixam-pelo-menos-23-mortos\/\" \/>\n<meta property=\"og:site_name\" content=\"Portal Tela Portugal\" \/>\n<meta property=\"article:published_time\" content=\"2026-03-07T14:10:55+00:00\" \/>\n<meta name=\"author\" content=\"Telinha\" \/>\n<meta name=\"twitter:card\" content=\"summary_large_image\" \/>\n<meta name=\"twitter:label1\" content=\"Escrito por\" \/>\n\t<meta name=\"twitter:data1\" content=\"Telinha\" \/>\n\t<meta name=\"twitter:label2\" content=\"Tempo estimado de leitura\" \/>\n\t<meta name=\"twitter:data2\" content=\"1 minuto\" \/>\n<script type=\"application\/ld+json\" class=\"yoast-schema-graph\">{\"@context\":\"https:\/\/schema.org\",\"@graph\":[{\"@type\":\"Article\",\"@id\":\"https:\/\/portaltela.pt\/noticias\/2026\/03\/07\/chuvas-intensas-e-inundacoes-no-quenia-deixam-pelo-menos-23-mortos\/#article\",\"isPartOf\":{\"@id\":\"https:\/\/portaltela.pt\/noticias\/2026\/03\/07\/chuvas-intensas-e-inundacoes-no-quenia-deixam-pelo-menos-23-mortos\/\"},\"author\":{\"name\":\"Telinha\",\"@id\":\"https:\/\/portaltela.pt\/#\/schema\/person\/c4278d4a6028830caff9ee44b42d32ed\"},\"headline\":\"Chuvas intensas e inunda\u00e7\u00f5es no Qu\u00e9nia deixam pelo menos 23 mortos\",\"datePublished\":\"2026-03-07T14:10:55+00:00\",\"mainEntityOfPage\":{\"@id\":\"https:\/\/portaltela.pt\/noticias\/2026\/03\/07\/chuvas-intensas-e-inundacoes-no-quenia-deixam-pelo-menos-23-mortos\/\"},\"wordCount\":149,\"image\":{\"@id\":\"https:\/\/portaltela.pt\/noticias\/2026\/03\/07\/chuvas-intensas-e-inundacoes-no-quenia-deixam-pelo-menos-23-mortos\/#primaryimage\"},\"thumbnailUrl\":\"https:\/\/portaltela.pt\/s.01k8rhncp4jt1\/2026\/03\/img_1280x722uu2026-03-07-14-07-11-2270955.jpg\",\"keywords\":[\"\u00c1frica\",\"chuva forte\",\"inunda\u00e7\u00e3o\",\"mortes\",\"prote\u00e7\u00e3o civil\",\"Qu\u00e9nia\"],\"articleSection\":[\"Not\u00edcias\"],\"inLanguage\":\"pt-PT\"},{\"@type\":\"WebPage\",\"@id\":\"https:\/\/portaltela.pt\/noticias\/2026\/03\/07\/chuvas-intensas-e-inundacoes-no-quenia-deixam-pelo-menos-23-mortos\/\",\"url\":\"https:\/\/portaltela.pt\/noticias\/2026\/03\/07\/chuvas-intensas-e-inundacoes-no-quenia-deixam-pelo-menos-23-mortos\/\",\"name\":\"Chuvas intensas e inunda\u00e7\u00f5es no Qu\u00e9nia deixam pelo menos 23 mortos - Portal Tela Portugal\",\"isPartOf\":{\"@id\":\"https:\/\/portaltela.pt\/#website\"},\"primaryImageOfPage\":{\"@id\":\"https:\/\/portaltela.pt\/noticias\/2026\/03\/07\/chuvas-intensas-e-inundacoes-no-quenia-deixam-pelo-menos-23-mortos\/#primaryimage\"},\"image\":{\"@id\":\"https:\/\/portaltela.pt\/noticias\/2026\/03\/07\/chuvas-intensas-e-inundacoes-no-quenia-deixam-pelo-menos-23-mortos\/#primaryimage\"},\"thumbnailUrl\":\"https:\/\/portaltela.pt\/s.01k8rhncp4jt1\/2026\/03\/img_1280x722uu2026-03-07-14-07-11-2270955.jpg\",\"datePublished\":\"2026-03-07T14:10:55+00:00\",\"author\":{\"@id\":\"https:\/\/portaltela.pt\/#\/schema\/person\/c4278d4a6028830caff9ee44b42d32ed\"},\"breadcrumb\":{\"@id\":\"https:\/\/portaltela.pt\/noticias\/2026\/03\/07\/chuvas-intensas-e-inundacoes-no-quenia-deixam-pelo-menos-23-mortos\/#breadcrumb\"},\"inLanguage\":\"pt-PT\",\"potentialAction\":[{\"@type\":\"ReadAction\",\"target\":[\"https:\/\/portaltela.pt\/noticias\/2026\/03\/07\/chuvas-intensas-e-inundacoes-no-quenia-deixam-pelo-menos-23-mortos\/\"]}]},{\"@type\":\"ImageObject\",\"inLanguage\":\"pt-PT\",\"@id\":\"https:\/\/portaltela.pt\/noticias\/2026\/03\/07\/chuvas-intensas-e-inundacoes-no-quenia-deixam-pelo-menos-23-mortos\/#primaryimage\",\"url\":\"https:\/\/portaltela.pt\/s.01k8rhncp4jt1\/2026\/03\/img_1280x722uu2026-03-07-14-07-11-2270955.jpg\",\"contentUrl\":\"https:\/\/portaltela.pt\/s.01k8rhncp4jt1\/2026\/03\/img_1280x722uu2026-03-07-14-07-11-2270955.jpg\",\"width\":796,\"height\":448,\"caption\":\"Photo\"},{\"@type\":\"BreadcrumbList\",\"@id\":\"https:\/\/portaltela.pt\/noticias\/2026\/03\/07\/chuvas-intensas-e-inundacoes-no-quenia-deixam-pelo-menos-23-mortos\/#breadcrumb\",\"itemListElement\":[{\"@type\":\"ListItem\",\"position\":1,\"name\":\"In\u00edcio\",\"item\":\"https:\/\/portaltela.pt\/\"},{\"@type\":\"ListItem\",\"position\":2,\"name\":\"Chuvas intensas e inunda\u00e7\u00f5es no Qu\u00e9nia deixam pelo menos 23 mortos\"}]},{\"@type\":\"WebSite\",\"@id\":\"https:\/\/portaltela.pt\/#website\",\"url\":\"https:\/\/portaltela.pt\/\",\"name\":\"Portal Tela Portugal\",\"description\":\"\",\"potentialAction\":[{\"@type\":\"SearchAction\",\"target\":{\"@type\":\"EntryPoint\",\"urlTemplate\":\"https:\/\/portaltela.pt\/?s={search_term_string}\"},\"query-input\":{\"@type\":\"PropertyValueSpecification\",\"valueRequired\":true,\"valueName\":\"search_term_string\"}}],\"inLanguage\":\"pt-PT\"},{\"@type\":\"Person\",\"@id\":\"https:\/\/portaltela.pt\/#\/schema\/person\/c4278d4a6028830caff9ee44b42d32ed\",\"name\":\"Telinha\",\"image\":{\"@type\":\"ImageObject\",\"inLanguage\":\"pt-PT\",\"@id\":\"https:\/\/portaltela.pt\/s.01k8rhncp4jt1\/2025\/11\/talking-bot-125x125.png\",\"url\":\"https:\/\/portaltela.pt\/s.01k8rhncp4jt1\/2025\/11\/talking-bot-125x125.png\",\"contentUrl\":\"https:\/\/portaltela.pt\/s.01k8rhncp4jt1\/2025\/11\/talking-bot-125x125.png\",\"caption\":\"Telinha\"},\"sameAs\":[\"https:\/\/portaltela.pt\/\"],\"url\":\"https:\/\/portaltela.pt\/por\/367410592786\/\"}]}<\/script>\n<!-- \/ Yoast SEO plugin. -->","yoast_head_json":{"title":"Chuvas intensas e inunda\u00e7\u00f5es no Qu\u00e9nia deixam pelo menos 23 mortos - Portal Tela Portugal","robots":{"index":"index","follow":"follow","max-snippet":"max-snippet:-1","max-image-preview":"max-image-preview:large","max-video-preview":"max-video-preview:-1"},"og_locale":"pt_PT","og_type":"article","og_title":"Chuvas intensas e inunda\u00e7\u00f5es no Qu\u00e9nia deixam pelo menos 23 mortos - Portal Tela Portugal","og_description":"Pelo menos 23 pessoas morreram em Nairobi devido a chuvas fortes que provocaram inunda\u00e7\u00f5es em v\u00e1rias estradas da cidade. As autoridades confirmaram afogamentos e casos de eletrocuss\u00e3o entre as v\u00edtimas. As opera\u00e7\u00f5es de busca e resgate est\u00e3o em curso para localizar pessoas desaparecidas. O facto ocorreu num fim de semana marcado por chuvas intensas e inunda\u00e7\u00f5es em v\u00e1rias zonas da capital queniana.","og_url":"https:\/\/portaltela.pt\/noticias\/2026\/03\/07\/chuvas-intensas-e-inundacoes-no-quenia-deixam-pelo-menos-23-mortos\/","og_site_name":"Portal Tela Portugal","article_published_time":"2026-03-07T14:10:55+00:00","author":"Telinha","twitter_card":"summary_large_image","twitter_misc":{"Escrito por":"Telinha","Tempo estimado de leitura":"1 minuto"},"schema":{"@context":"https:\/\/schema.org","@graph":[{"@type":"Article","@id":"https:\/\/portaltela.pt\/noticias\/2026\/03\/07\/chuvas-intensas-e-inundacoes-no-quenia-deixam-pelo-menos-23-mortos\/#article","isPartOf":{"@id":"https:\/\/portaltela.pt\/noticias\/2026\/03\/07\/chuvas-intensas-e-inundacoes-no-quenia-deixam-pelo-menos-23-mortos\/"},"author":{"name":"Telinha","@id":"https:\/\/portaltela.pt\/#\/schema\/person\/c4278d4a6028830caff9ee44b42d32ed"},"headline":"Chuvas intensas e inunda\u00e7\u00f5es no Qu\u00e9nia deixam pelo menos 23 mortos","datePublished":"2026-03-07T14:10:55+00:00","mainEntityOfPage":{"@id":"https:\/\/portaltela.pt\/noticias\/2026\/03\/07\/chuvas-intensas-e-inundacoes-no-quenia-deixam-pelo-menos-23-mortos\/"},"wordCount":149,"image":{"@id":"https:\/\/portaltela.pt\/noticias\/2026\/03\/07\/chuvas-intensas-e-inundacoes-no-quenia-deixam-pelo-menos-23-mortos\/#primaryimage"},"thumbnailUrl":"https:\/\/portaltela.pt\/s.01k8rhncp4jt1\/2026\/03\/img_1280x722uu2026-03-07-14-07-11-2270955.jpg","keywords":["\u00c1frica","chuva forte","inunda\u00e7\u00e3o","mortes","prote\u00e7\u00e3o civil","Qu\u00e9nia"],"articleSection":["Not\u00edcias"],"inLanguage":"pt-PT"},{"@type":"WebPage","@id":"https:\/\/portaltela.pt\/noticias\/2026\/03\/07\/chuvas-intensas-e-inundacoes-no-quenia-deixam-pelo-menos-23-mortos\/","url":"https:\/\/portaltela.pt\/noticias\/2026\/03\/07\/chuvas-intensas-e-inundacoes-no-quenia-deixam-pelo-menos-23-mortos\/","name":"Chuvas intensas e inunda\u00e7\u00f5es no Qu\u00e9nia deixam pelo menos 23 mortos - Portal Tela Portugal","isPartOf":{"@id":"https:\/\/portaltela.pt\/#website"},"primaryImageOfPage":{"@id":"https:\/\/portaltela.pt\/noticias\/2026\/03\/07\/chuvas-intensas-e-inundacoes-no-quenia-deixam-pelo-menos-23-mortos\/#primaryimage"},"image":{"@id":"https:\/\/portaltela.pt\/noticias\/2026\/03\/07\/chuvas-intensas-e-inundacoes-no-quenia-deixam-pelo-menos-23-mortos\/#primaryimage"},"thumbnailUrl":"https:\/\/portaltela.pt\/s.01k8rhncp4jt1\/2026\/03\/img_1280x722uu2026-03-07-14-07-11-2270955.jpg","datePublished":"2026-03-07T14:10:55+00:00","author":{"@id":"https:\/\/portaltela.pt\/#\/schema\/person\/c4278d4a6028830caff9ee44b42d32ed"},"breadcrumb":{"@id":"https:\/\/portaltela.pt\/noticias\/2026\/03\/07\/chuvas-intensas-e-inundacoes-no-quenia-deixam-pelo-menos-23-mortos\/#breadcrumb"},"inLanguage":"pt-PT","potentialAction":[{"@type":"ReadAction","target":["https:\/\/portaltela.pt\/noticias\/2026\/03\/07\/chuvas-intensas-e-inundacoes-no-quenia-deixam-pelo-menos-23-mortos\/"]}]},{"@type":"ImageObject","inLanguage":"pt-PT","@id":"https:\/\/portaltela.pt\/noticias\/2026\/03\/07\/chuvas-intensas-e-inundacoes-no-quenia-deixam-pelo-menos-23-mortos\/#primaryimage","url":"https:\/\/portaltela.pt\/s.01k8rhncp4jt1\/2026\/03\/img_1280x722uu2026-03-07-14-07-11-2270955.jpg","contentUrl":"https:\/\/portaltela.pt\/s.01k8rhncp4jt1\/2026\/03\/img_1280x722uu2026-03-07-14-07-11-2270955.jpg","width":796,"height":448,"caption":"Photo"},{"@type":"BreadcrumbList","@id":"https:\/\/portaltela.pt\/noticias\/2026\/03\/07\/chuvas-intensas-e-inundacoes-no-quenia-deixam-pelo-menos-23-mortos\/#breadcrumb","itemListElement":[{"@type":"ListItem","position":1,"name":"In\u00edcio","item":"https:\/\/portaltela.pt\/"},{"@type":"ListItem","position":2,"name":"Chuvas intensas e inunda\u00e7\u00f5es no Qu\u00e9nia deixam pelo menos 23 mortos"}]},{"@type":"WebSite","@id":"https:\/\/portaltela.pt\/#website","url":"https:\/\/portaltela.pt\/","name":"Portal Tela Portugal","description":"","potentialAction":[{"@type":"SearchAction","target":{"@type":"EntryPoint","urlTemplate":"https:\/\/portaltela.pt\/?s={search_term_string}"},"query-input":{"@type":"PropertyValueSpecification","valueRequired":true,"valueName":"search_term_string"}}],"inLanguage":"pt-PT"},{"@type":"Person","@id":"https:\/\/portaltela.pt\/#\/schema\/person\/c4278d4a6028830caff9ee44b42d32ed","name":"Telinha","image":{"@type":"ImageObject","inLanguage":"pt-PT","@id":"https:\/\/portaltela.pt\/s.01k8rhncp4jt1\/2025\/11\/talking-bot-125x125.png","url":"https:\/\/portaltela.pt\/s.01k8rhncp4jt1\/2025\/11\/talking-bot-125x125.png","contentUrl":"https:\/\/portaltela.pt\/s.01k8rhncp4jt1\/2025\/11\/talking-bot-125x125.png","caption":"Telinha"},"sameAs":["https:\/\/portaltela.pt\/"],"url":"https:\/\/portaltela.pt\/por\/367410592786\/"}]}},"_links":{"self":[{"href":"https:\/\/portaltela.pt\/api\/wp\/v2\/posts\/401390","targetHints":{"allow":["GET"]}}],"collection":[{"href":"https:\/\/portaltela.pt\/api\/wp\/v2\/posts"}],"about":[{"href":"https:\/\/portaltela.pt\/api\/wp\/v2\/types\/post"}],"author":[{"embeddable":true,"href":"https:\/\/portaltela.pt\/api\/wp\/v2\/users\/2"}],"replies":[{"embeddable":true,"href":"https:\/\/portaltela.pt\/api\/wp\/v2\/comments?post=401390"}],"version-history":[{"count":0,"href":"https:\/\/portaltela.pt\/api\/wp\/v2\/posts\/401390\/revisions"}],"wp:featuredmedia":[{"embeddable":true,"href":"https:\/\/portaltela.pt\/api\/wp\/v2\/media\/401393"}],"wp:attachment":[{"href":"https:\/\/portaltela.pt\/api\/wp\/v2\/media?parent=401390"}],"wp:term":[{"taxonomy":"category","embeddable":true,"href":"https:\/\/portaltela.pt\/api\/wp\/v2\/categories?post=401390"},{"taxonomy":"post_tag","embeddable":true,"href":"https:\/\/portaltela.pt\/api\/wp\/v2\/tags?post=401390"}],"curies":[{"name":"wp","href":"https:\/\/api.w.org\/{rel}","templated":true}]}}