{"id":401389,"date":"2026-03-07T11:11:17","date_gmt":"2026-03-07T14:11:17","guid":{"rendered":"https:\/\/portaltela.pt\/noticias\/2026\/03\/07\/pelo-menos-10-mortos-em-ataque-russo-contra-edificio-residencial-em-kharkiv\/"},"modified":"2026-03-07T11:11:17","modified_gmt":"2026-03-07T14:11:17","slug":"pelo-menos-10-mortos-em-ataque-russo-contra-edificio-residencial-em-kharkiv","status":"publish","type":"post","link":"https:\/\/portaltela.pt\/noticias\/internacional\/2026\/03\/07\/pelo-menos-10-mortos-em-ataque-russo-contra-edificio-residencial-em-kharkiv\/","title":{"rendered":"Pelo menos 10 mortos em ataque russo contra edif\u00edcio residencial em Kharkiv"},"content":{"rendered":"<p>Pelo menos 10 pessoas morreram e mais de dez ficaram feridas ap\u00f3s um m\u00edssil russo atingir um edif\u00edcio residencial de cinco andares em Kharkiv, no nordeste da Ucr\u00e2nia. Entre as v\u00edtimas est\u00e3o duas crian\u00e7as, segundo informa\u00e7\u00f5es preliminares.<\/p>\n<p>O ataque ocorreu na manh\u00e3 de 7 de mar\u00e7o de 2026, na cidade de Kharkiv, ainda sem confirma\u00e7\u00e3o oficial sobre o momento exato ou o tipo de m\u00edssil utilizado. Autoridades locais est\u00e3o a recolher dados de v\u00edtimas e danos.<\/p>\n<p>Fontes associadas ao servi\u00e7o de emerg\u00eancia descrevem o edif\u00edcio atingido como particularmente atingido, com v\u00e1rios apartamentos danificados e trechos da infraestrutura comprometidos, dificultando o resgate no local.<\/p>\n<h3>Balan\u00e7o e contexto<\/h3>\n<p>As autoridades ucranianas ressaltaram que o incidente eleva o n\u00famero de ataques contra \u00e1reas civis na regi\u00e3o, sem atribui\u00e7\u00f5es formais immediatas sobre responsabilidades. A comunidade internacional pediu conten\u00e7\u00e3o e investiga\u00e7\u00e3o independente.<\/p>\n","protected":false},"excerpt":{"rendered":"<ul>\n<li>Pelo menos dez pessoas morreram, entre elas duas crian\u00e7as, e mais de dez ficaram feridas ap\u00f3s um m\u00edssil russo atingir um edif\u00edcio residencial de cinco andares em Kharkiv, no nordeste da Ucr\u00e2nia.<\/li>\n<li>O ataque ocorreu num edif\u00edcio residencial na cidade de Kharkiv.<\/li>\n<li>O incidente \u00e9 atribu\u00eddo a um m\u00edssil lan\u00e7ado pela R\u00fassia, segundo as informa\u00e7\u00f5es dispon\u00edveis.<\/li>\n<li>N\u00e3o foram divulgados detalhes adicionais sobre v\u00edtimas ou danos ao momento.<\/li>\n<\/ul>\n","protected":false},"author":2,"featured_media":401392,"comment_status":"closed","ping_status":"closed","sticky":false,"template":"","format":"standard","meta":{"footnotes":""},"categories":[4,1],"tags":[5267,2819,6063,62,40,2134],"class_list":["post-401389","post","type-post","status-publish","format-standard","has-post-thumbnail","hentry","category-internacional","category-noticias","tag-ataques","tag-crimes-de-guerra","tag-desastres","tag-guerra","tag-pessoas","tag-ucrania"],"yoast_head":"<!-- This site is optimized with the Yoast SEO plugin v27.2 - https:\/\/yoast.com\/product\/yoast-seo-wordpress\/ -->\n<title>Pelo menos 10 mortos em ataque russo contra edif\u00edcio residencial em Kharkiv - Portal Tela Portugal<\/title>\n<meta name=\"robots\" content=\"index, follow, max-snippet:-1, max-image-preview:large, max-video-preview:-1\" \/>\n<meta property=\"og:locale\" content=\"pt_PT\" \/>\n<meta property=\"og:type\" content=\"article\" \/>\n<meta property=\"og:title\" content=\"Pelo menos 10 mortos em ataque russo contra edif\u00edcio residencial em Kharkiv - Portal Tela Portugal\" \/>\n<meta property=\"og:description\" content=\"Pelo menos dez pessoas morreram, entre elas duas crian\u00e7as, e mais de dez ficaram feridas ap\u00f3s um m\u00edssil russo atingir um edif\u00edcio residencial de cinco andares em Kharkiv, no nordeste da Ucr\u00e2nia. O ataque ocorreu num edif\u00edcio residencial na cidade de Kharkiv. O incidente \u00e9 atribu\u00eddo a um m\u00edssil lan\u00e7ado pela R\u00fassia, segundo as informa\u00e7\u00f5es dispon\u00edveis. N\u00e3o foram divulgados detalhes adicionais sobre v\u00edtimas ou danos ao momento.\" \/>\n<meta property=\"og:url\" content=\"https:\/\/portaltela.pt\/noticias\/2026\/03\/07\/pelo-menos-10-mortos-em-ataque-russo-contra-edificio-residencial-em-kharkiv\/\" \/>\n<meta property=\"og:site_name\" content=\"Portal Tela Portugal\" \/>\n<meta property=\"article:published_time\" content=\"2026-03-07T14:11:17+00:00\" \/>\n<meta name=\"author\" content=\"Telinha\" \/>\n<meta name=\"twitter:card\" content=\"summary_large_image\" \/>\n<meta name=\"twitter:label1\" content=\"Escrito por\" \/>\n\t<meta name=\"twitter:data1\" content=\"Telinha\" \/>\n\t<meta name=\"twitter:label2\" content=\"Tempo estimado de leitura\" \/>\n\t<meta name=\"twitter:data2\" content=\"1 minuto\" \/>\n<script type=\"application\/ld+json\" class=\"yoast-schema-graph\">{\"@context\":\"https:\/\/schema.org\",\"@graph\":[{\"@type\":\"Article\",\"@id\":\"https:\/\/portaltela.pt\/noticias\/2026\/03\/07\/pelo-menos-10-mortos-em-ataque-russo-contra-edificio-residencial-em-kharkiv\/#article\",\"isPartOf\":{\"@id\":\"https:\/\/portaltela.pt\/noticias\/2026\/03\/07\/pelo-menos-10-mortos-em-ataque-russo-contra-edificio-residencial-em-kharkiv\/\"},\"author\":{\"name\":\"Telinha\",\"@id\":\"https:\/\/portaltela.pt\/#\/schema\/person\/c4278d4a6028830caff9ee44b42d32ed\"},\"headline\":\"Pelo menos 10 mortos em ataque russo contra edif\u00edcio residencial em Kharkiv\",\"datePublished\":\"2026-03-07T14:11:17+00:00\",\"mainEntityOfPage\":{\"@id\":\"https:\/\/portaltela.pt\/noticias\/2026\/03\/07\/pelo-menos-10-mortos-em-ataque-russo-contra-edificio-residencial-em-kharkiv\/\"},\"wordCount\":169,\"image\":{\"@id\":\"https:\/\/portaltela.pt\/noticias\/2026\/03\/07\/pelo-menos-10-mortos-em-ataque-russo-contra-edificio-residencial-em-kharkiv\/#primaryimage\"},\"thumbnailUrl\":\"https:\/\/portaltela.pt\/s.01k8rhncp4jt1\/2026\/03\/img_1280x722uu2026-03-07-14-08-39-2270956.jpg\",\"keywords\":[\"ataques\",\"crimes de guerra\",\"desastres\",\"guerra\",\"pessoas\",\"Ucr\u00e2nia\"],\"articleSection\":[\"Internacional\",\"Not\u00edcias\"],\"inLanguage\":\"pt-PT\"},{\"@type\":\"WebPage\",\"@id\":\"https:\/\/portaltela.pt\/noticias\/2026\/03\/07\/pelo-menos-10-mortos-em-ataque-russo-contra-edificio-residencial-em-kharkiv\/\",\"url\":\"https:\/\/portaltela.pt\/noticias\/2026\/03\/07\/pelo-menos-10-mortos-em-ataque-russo-contra-edificio-residencial-em-kharkiv\/\",\"name\":\"Pelo menos 10 mortos em ataque russo contra edif\u00edcio residencial em Kharkiv - Portal Tela Portugal\",\"isPartOf\":{\"@id\":\"https:\/\/portaltela.pt\/#website\"},\"primaryImageOfPage\":{\"@id\":\"https:\/\/portaltela.pt\/noticias\/2026\/03\/07\/pelo-menos-10-mortos-em-ataque-russo-contra-edificio-residencial-em-kharkiv\/#primaryimage\"},\"image\":{\"@id\":\"https:\/\/portaltela.pt\/noticias\/2026\/03\/07\/pelo-menos-10-mortos-em-ataque-russo-contra-edificio-residencial-em-kharkiv\/#primaryimage\"},\"thumbnailUrl\":\"https:\/\/portaltela.pt\/s.01k8rhncp4jt1\/2026\/03\/img_1280x722uu2026-03-07-14-08-39-2270956.jpg\",\"datePublished\":\"2026-03-07T14:11:17+00:00\",\"author\":{\"@id\":\"https:\/\/portaltela.pt\/#\/schema\/person\/c4278d4a6028830caff9ee44b42d32ed\"},\"breadcrumb\":{\"@id\":\"https:\/\/portaltela.pt\/noticias\/2026\/03\/07\/pelo-menos-10-mortos-em-ataque-russo-contra-edificio-residencial-em-kharkiv\/#breadcrumb\"},\"inLanguage\":\"pt-PT\",\"potentialAction\":[{\"@type\":\"ReadAction\",\"target\":[\"https:\/\/portaltela.pt\/noticias\/2026\/03\/07\/pelo-menos-10-mortos-em-ataque-russo-contra-edificio-residencial-em-kharkiv\/\"]}]},{\"@type\":\"ImageObject\",\"inLanguage\":\"pt-PT\",\"@id\":\"https:\/\/portaltela.pt\/noticias\/2026\/03\/07\/pelo-menos-10-mortos-em-ataque-russo-contra-edificio-residencial-em-kharkiv\/#primaryimage\",\"url\":\"https:\/\/portaltela.pt\/s.01k8rhncp4jt1\/2026\/03\/img_1280x722uu2026-03-07-14-08-39-2270956.jpg\",\"contentUrl\":\"https:\/\/portaltela.pt\/s.01k8rhncp4jt1\/2026\/03\/img_1280x722uu2026-03-07-14-08-39-2270956.jpg\",\"width\":796,\"height\":448,\"caption\":\"Pelo menos 10 mortos em ataque russo contra edif\u00edcio residencial em Kharkiv\"},{\"@type\":\"BreadcrumbList\",\"@id\":\"https:\/\/portaltela.pt\/noticias\/2026\/03\/07\/pelo-menos-10-mortos-em-ataque-russo-contra-edificio-residencial-em-kharkiv\/#breadcrumb\",\"itemListElement\":[{\"@type\":\"ListItem\",\"position\":1,\"name\":\"In\u00edcio\",\"item\":\"https:\/\/portaltela.pt\/\"},{\"@type\":\"ListItem\",\"position\":2,\"name\":\"Pelo menos 10 mortos em ataque russo contra edif\u00edcio residencial em Kharkiv\"}]},{\"@type\":\"WebSite\",\"@id\":\"https:\/\/portaltela.pt\/#website\",\"url\":\"https:\/\/portaltela.pt\/\",\"name\":\"Portal Tela Portugal\",\"description\":\"\",\"potentialAction\":[{\"@type\":\"SearchAction\",\"target\":{\"@type\":\"EntryPoint\",\"urlTemplate\":\"https:\/\/portaltela.pt\/?s={search_term_string}\"},\"query-input\":{\"@type\":\"PropertyValueSpecification\",\"valueRequired\":true,\"valueName\":\"search_term_string\"}}],\"inLanguage\":\"pt-PT\"},{\"@type\":\"Person\",\"@id\":\"https:\/\/portaltela.pt\/#\/schema\/person\/c4278d4a6028830caff9ee44b42d32ed\",\"name\":\"Telinha\",\"image\":{\"@type\":\"ImageObject\",\"inLanguage\":\"pt-PT\",\"@id\":\"https:\/\/portaltela.pt\/s.01k8rhncp4jt1\/2025\/11\/talking-bot-125x125.png\",\"url\":\"https:\/\/portaltela.pt\/s.01k8rhncp4jt1\/2025\/11\/talking-bot-125x125.png\",\"contentUrl\":\"https:\/\/portaltela.pt\/s.01k8rhncp4jt1\/2025\/11\/talking-bot-125x125.png\",\"caption\":\"Telinha\"},\"sameAs\":[\"https:\/\/portaltela.pt\/\"],\"url\":\"https:\/\/portaltela.pt\/por\/367410592786\/\"}]}<\/script>\n<!-- \/ Yoast SEO plugin. -->","yoast_head_json":{"title":"Pelo menos 10 mortos em ataque russo contra edif\u00edcio residencial em Kharkiv - Portal Tela Portugal","robots":{"index":"index","follow":"follow","max-snippet":"max-snippet:-1","max-image-preview":"max-image-preview:large","max-video-preview":"max-video-preview:-1"},"og_locale":"pt_PT","og_type":"article","og_title":"Pelo menos 10 mortos em ataque russo contra edif\u00edcio residencial em Kharkiv - Portal Tela Portugal","og_description":"Pelo menos dez pessoas morreram, entre elas duas crian\u00e7as, e mais de dez ficaram feridas ap\u00f3s um m\u00edssil russo atingir um edif\u00edcio residencial de cinco andares em Kharkiv, no nordeste da Ucr\u00e2nia. O ataque ocorreu num edif\u00edcio residencial na cidade de Kharkiv. O incidente \u00e9 atribu\u00eddo a um m\u00edssil lan\u00e7ado pela R\u00fassia, segundo as informa\u00e7\u00f5es dispon\u00edveis. N\u00e3o foram divulgados detalhes adicionais sobre v\u00edtimas ou danos ao momento.","og_url":"https:\/\/portaltela.pt\/noticias\/2026\/03\/07\/pelo-menos-10-mortos-em-ataque-russo-contra-edificio-residencial-em-kharkiv\/","og_site_name":"Portal Tela Portugal","article_published_time":"2026-03-07T14:11:17+00:00","author":"Telinha","twitter_card":"summary_large_image","twitter_misc":{"Escrito por":"Telinha","Tempo estimado de leitura":"1 minuto"},"schema":{"@context":"https:\/\/schema.org","@graph":[{"@type":"Article","@id":"https:\/\/portaltela.pt\/noticias\/2026\/03\/07\/pelo-menos-10-mortos-em-ataque-russo-contra-edificio-residencial-em-kharkiv\/#article","isPartOf":{"@id":"https:\/\/portaltela.pt\/noticias\/2026\/03\/07\/pelo-menos-10-mortos-em-ataque-russo-contra-edificio-residencial-em-kharkiv\/"},"author":{"name":"Telinha","@id":"https:\/\/portaltela.pt\/#\/schema\/person\/c4278d4a6028830caff9ee44b42d32ed"},"headline":"Pelo menos 10 mortos em ataque russo contra edif\u00edcio residencial em Kharkiv","datePublished":"2026-03-07T14:11:17+00:00","mainEntityOfPage":{"@id":"https:\/\/portaltela.pt\/noticias\/2026\/03\/07\/pelo-menos-10-mortos-em-ataque-russo-contra-edificio-residencial-em-kharkiv\/"},"wordCount":169,"image":{"@id":"https:\/\/portaltela.pt\/noticias\/2026\/03\/07\/pelo-menos-10-mortos-em-ataque-russo-contra-edificio-residencial-em-kharkiv\/#primaryimage"},"thumbnailUrl":"https:\/\/portaltela.pt\/s.01k8rhncp4jt1\/2026\/03\/img_1280x722uu2026-03-07-14-08-39-2270956.jpg","keywords":["ataques","crimes de guerra","desastres","guerra","pessoas","Ucr\u00e2nia"],"articleSection":["Internacional","Not\u00edcias"],"inLanguage":"pt-PT"},{"@type":"WebPage","@id":"https:\/\/portaltela.pt\/noticias\/2026\/03\/07\/pelo-menos-10-mortos-em-ataque-russo-contra-edificio-residencial-em-kharkiv\/","url":"https:\/\/portaltela.pt\/noticias\/2026\/03\/07\/pelo-menos-10-mortos-em-ataque-russo-contra-edificio-residencial-em-kharkiv\/","name":"Pelo menos 10 mortos em ataque russo contra edif\u00edcio residencial em Kharkiv - Portal Tela Portugal","isPartOf":{"@id":"https:\/\/portaltela.pt\/#website"},"primaryImageOfPage":{"@id":"https:\/\/portaltela.pt\/noticias\/2026\/03\/07\/pelo-menos-10-mortos-em-ataque-russo-contra-edificio-residencial-em-kharkiv\/#primaryimage"},"image":{"@id":"https:\/\/portaltela.pt\/noticias\/2026\/03\/07\/pelo-menos-10-mortos-em-ataque-russo-contra-edificio-residencial-em-kharkiv\/#primaryimage"},"thumbnailUrl":"https:\/\/portaltela.pt\/s.01k8rhncp4jt1\/2026\/03\/img_1280x722uu2026-03-07-14-08-39-2270956.jpg","datePublished":"2026-03-07T14:11:17+00:00","author":{"@id":"https:\/\/portaltela.pt\/#\/schema\/person\/c4278d4a6028830caff9ee44b42d32ed"},"breadcrumb":{"@id":"https:\/\/portaltela.pt\/noticias\/2026\/03\/07\/pelo-menos-10-mortos-em-ataque-russo-contra-edificio-residencial-em-kharkiv\/#breadcrumb"},"inLanguage":"pt-PT","potentialAction":[{"@type":"ReadAction","target":["https:\/\/portaltela.pt\/noticias\/2026\/03\/07\/pelo-menos-10-mortos-em-ataque-russo-contra-edificio-residencial-em-kharkiv\/"]}]},{"@type":"ImageObject","inLanguage":"pt-PT","@id":"https:\/\/portaltela.pt\/noticias\/2026\/03\/07\/pelo-menos-10-mortos-em-ataque-russo-contra-edificio-residencial-em-kharkiv\/#primaryimage","url":"https:\/\/portaltela.pt\/s.01k8rhncp4jt1\/2026\/03\/img_1280x722uu2026-03-07-14-08-39-2270956.jpg","contentUrl":"https:\/\/portaltela.pt\/s.01k8rhncp4jt1\/2026\/03\/img_1280x722uu2026-03-07-14-08-39-2270956.jpg","width":796,"height":448,"caption":"Pelo menos 10 mortos em ataque russo contra edif\u00edcio residencial em Kharkiv"},{"@type":"BreadcrumbList","@id":"https:\/\/portaltela.pt\/noticias\/2026\/03\/07\/pelo-menos-10-mortos-em-ataque-russo-contra-edificio-residencial-em-kharkiv\/#breadcrumb","itemListElement":[{"@type":"ListItem","position":1,"name":"In\u00edcio","item":"https:\/\/portaltela.pt\/"},{"@type":"ListItem","position":2,"name":"Pelo menos 10 mortos em ataque russo contra edif\u00edcio residencial em Kharkiv"}]},{"@type":"WebSite","@id":"https:\/\/portaltela.pt\/#website","url":"https:\/\/portaltela.pt\/","name":"Portal Tela Portugal","description":"","potentialAction":[{"@type":"SearchAction","target":{"@type":"EntryPoint","urlTemplate":"https:\/\/portaltela.pt\/?s={search_term_string}"},"query-input":{"@type":"PropertyValueSpecification","valueRequired":true,"valueName":"search_term_string"}}],"inLanguage":"pt-PT"},{"@type":"Person","@id":"https:\/\/portaltela.pt\/#\/schema\/person\/c4278d4a6028830caff9ee44b42d32ed","name":"Telinha","image":{"@type":"ImageObject","inLanguage":"pt-PT","@id":"https:\/\/portaltela.pt\/s.01k8rhncp4jt1\/2025\/11\/talking-bot-125x125.png","url":"https:\/\/portaltela.pt\/s.01k8rhncp4jt1\/2025\/11\/talking-bot-125x125.png","contentUrl":"https:\/\/portaltela.pt\/s.01k8rhncp4jt1\/2025\/11\/talking-bot-125x125.png","caption":"Telinha"},"sameAs":["https:\/\/portaltela.pt\/"],"url":"https:\/\/portaltela.pt\/por\/367410592786\/"}]}},"_links":{"self":[{"href":"https:\/\/portaltela.pt\/api\/wp\/v2\/posts\/401389","targetHints":{"allow":["GET"]}}],"collection":[{"href":"https:\/\/portaltela.pt\/api\/wp\/v2\/posts"}],"about":[{"href":"https:\/\/portaltela.pt\/api\/wp\/v2\/types\/post"}],"author":[{"embeddable":true,"href":"https:\/\/portaltela.pt\/api\/wp\/v2\/users\/2"}],"replies":[{"embeddable":true,"href":"https:\/\/portaltela.pt\/api\/wp\/v2\/comments?post=401389"}],"version-history":[{"count":0,"href":"https:\/\/portaltela.pt\/api\/wp\/v2\/posts\/401389\/revisions"}],"wp:featuredmedia":[{"embeddable":true,"href":"https:\/\/portaltela.pt\/api\/wp\/v2\/media\/401392"}],"wp:attachment":[{"href":"https:\/\/portaltela.pt\/api\/wp\/v2\/media?parent=401389"}],"wp:term":[{"taxonomy":"category","embeddable":true,"href":"https:\/\/portaltela.pt\/api\/wp\/v2\/categories?post=401389"},{"taxonomy":"post_tag","embeddable":true,"href":"https:\/\/portaltela.pt\/api\/wp\/v2\/tags?post=401389"}],"curies":[{"name":"wp","href":"https:\/\/api.w.org\/{rel}","templated":true}]}}