{"id":401372,"date":"2026-03-07T10:39:00","date_gmt":"2026-03-07T13:39:00","guid":{"rendered":"https:\/\/portaltela.pt\/noticias\/2026\/03\/07\/sete-agentes-da-esquadra-do-rato-ficam-em-prisao-preventiva\/"},"modified":"2026-03-07T10:39:00","modified_gmt":"2026-03-07T13:39:00","slug":"sete-agentes-da-esquadra-do-rato-ficam-em-prisao-preventiva","status":"publish","type":"post","link":"https:\/\/portaltela.pt\/policia\/2026\/03\/07\/sete-agentes-da-esquadra-do-rato-ficam-em-prisao-preventiva\/","title":{"rendered":"Sete agentes da esquadra do Rato ficam em pris\u00e3o preventiva"},"content":{"rendered":"<p>Sete agentes da esquadra do Rato continuar\u00e3o detidos em pris\u00e3o preventiva, ap\u00f3s a decis\u00e3o da Ju\u00edza de Instru\u00e7\u00e3o Criminal (JIC) proferida neste s\u00e1bado. Est\u00e3o acusados de tortura grave, viola\u00e7\u00e3o consumada e tentada, abuso de poder, deten\u00e7\u00e3o de arma proibida e ofensas \u00e0 integridade f\u00edsica graves, no \u00e2mbito de um segundo inqu\u00e9rito sobre esses acontecimentos em Lisboa.<\/p>\n<p>A decis\u00e3o junta-se a dois arguidos j\u00e1 acusados pelo Minist\u00e9rio P\u00fablico, ligados aos mesmos factos ocorridos na esquadra do Rato. Os sete agentes detidos na quarta-feira integram um conjunto de 9 arguidos na investiga\u00e7\u00e3o atual. A investiga\u00e7\u00e3o envolve tamb\u00e9m um grupo de participantes do WhatsApp que difundiam v\u00eddeos das agress\u00f5es.<\/p>\n<p>Al\u00e9m dos factos do Rato, o MP j\u00e1 tinha apresentado acusa\u00e7\u00e3o em janeiro contra dois agentes por tortura, viola\u00e7\u00e3o e humilha\u00e7\u00e3o de pessoas vulner\u00e1veis. O inqu\u00e9rito j\u00e1 envolveu uma rede de v\u00eddeos partilhados entre cerca de 70 pessoas, segundo apuramento policial anterior.<\/p>\n<h3>Casos e investiga\u00e7\u00f5es em curso<\/h3>\n<p>Uma nova investiga\u00e7\u00e3o foi aberta para apurar a participa\u00e7\u00e3o de outros agentes no grupo online do WhatsApp. O inqu\u00e9rito permanece em segredo de justi\u00e7a e segue a an\u00e1lise de documentos, v\u00eddeos e testemunhos recolhidos durante as dilig\u00eancias policiais.<\/p>\n<p>As autoridades indicam que a atua\u00e7\u00e3o envolve condu\u00e7\u00f5es de cidad\u00e3os vulner\u00e1veis, como toxicodependentes, imigrantes e pessoas sem abrigo, com relatos de protagonismo de alguns em atividades de tortura. Os v\u00eddeos eram partilhados entre os membros do grupo.<\/p>\n<p>As autoridades continuam a recolher provas e a ouvir testemunhos para esclarecer o papel de cada arguido. N\u00e3o est\u00e3o anunciadas novas medidas de coa\u00e7\u00e3o neste momento, al\u00e9m da pris\u00e3o preventiva j\u00e1 decretada.<\/p>\n","protected":false},"excerpt":{"rendered":"<ul>\n<li>Sete agentes da esquadra do Rato ficaram em pris\u00e3o preventiva, depois de deten\u00e7\u00f5es esta semana, segundo a direc\u00e7\u00e3o nacional da PSP.<\/li>\n<li>JIC aplicou as medidas de coac\u00e7\u00e3o neste s\u00e1bado, juntando-se a dois arguidos j\u00e1 acusados pelo MP de viola\u00e7\u00e3o e tortura de pessoas levadas \u00e0quela esquadra.<\/li>\n<li>O MP acusa estes sete agentes de tortura grave, viola\u00e7\u00e3o consumada e tentada, abuso de poder, deten\u00e7\u00e3o de arma proibida e ofensas f\u00edsicas graves no \u00e2mbito de um segundo inqu\u00e9rito.<\/li>\n<li>Al\u00e9m dos sete, existem tr\u00eas agentes constitu\u00eddos arguidos, dois j\u00e1 acusados em janeiro e em pris\u00e3o preventiva desde julho do ano passado; h\u00e1 tamb\u00e9m uma nova investiga\u00e7\u00e3o dirigida a outros participantes de um grupo online no WhatsApp.<\/li>\n<li>O caso envolve v\u00eddeos de abusos gravados durante as deten\u00e7\u00f5es e partilhados num grupo de WhatsApp com cerca de setenta pessoas; o inqu\u00e9rito permanece em segredo de justi\u00e7a.<\/li>\n<\/ul>\n","protected":false},"author":2,"featured_media":401373,"comment_status":"closed","ping_status":"closed","sticky":false,"template":"","format":"standard","meta":{"footnotes":""},"categories":[1,6781],"tags":[212,2660,3418,3152,3535,1825],"class_list":["post-401372","post","type-post","status-publish","format-standard","has-post-thumbnail","hentry","category-noticias","category-policia","tag-abuso-de-poder","tag-arma-proibida","tag-policia-de-seguranca-publica","tag-sem-abrigo","tag-tortura","tag-violacao"],"yoast_head":"<!-- This site is optimized with the Yoast SEO plugin v27.2 - https:\/\/yoast.com\/product\/yoast-seo-wordpress\/ -->\n<title>Sete agentes da esquadra do Rato ficam em pris\u00e3o preventiva - Portal Tela Portugal<\/title>\n<meta name=\"robots\" content=\"index, follow, max-snippet:-1, max-image-preview:large, max-video-preview:-1\" \/>\n<meta property=\"og:locale\" content=\"pt_PT\" \/>\n<meta property=\"og:type\" content=\"article\" \/>\n<meta property=\"og:title\" content=\"Sete agentes da esquadra do Rato ficam em pris\u00e3o preventiva - Portal Tela Portugal\" \/>\n<meta property=\"og:description\" content=\"Sete agentes da esquadra do Rato ficaram em pris\u00e3o preventiva, depois de deten\u00e7\u00f5es esta semana, segundo a direc\u00e7\u00e3o nacional da PSP. JIC aplicou as medidas de coac\u00e7\u00e3o neste s\u00e1bado, juntando-se a dois arguidos j\u00e1 acusados pelo MP de viola\u00e7\u00e3o e tortura de pessoas levadas \u00e0quela esquadra. O MP acusa estes sete agentes de tortura grave, viola\u00e7\u00e3o consumada e tentada, abuso de poder, deten\u00e7\u00e3o de arma proibida e ofensas f\u00edsicas graves no \u00e2mbito de um segundo inqu\u00e9rito. Al\u00e9m dos sete, existem tr\u00eas agentes constitu\u00eddos arguidos, dois j\u00e1 acusados em janeiro e em pris\u00e3o preventiva desde julho do ano passado; h\u00e1 tamb\u00e9m uma nova investiga\u00e7\u00e3o dirigida a outros participantes de um grupo online no WhatsApp. O caso envolve v\u00eddeos de abusos gravados durante as deten\u00e7\u00f5es e partilhados num grupo de WhatsApp com cerca de setenta pessoas; o inqu\u00e9rito permanece em segredo de justi\u00e7a.\" \/>\n<meta property=\"og:url\" content=\"https:\/\/portaltela.pt\/noticias\/2026\/03\/07\/sete-agentes-da-esquadra-do-rato-ficam-em-prisao-preventiva\/\" \/>\n<meta property=\"og:site_name\" content=\"Portal Tela Portugal\" \/>\n<meta property=\"article:published_time\" content=\"2026-03-07T13:39:00+00:00\" \/>\n<meta name=\"author\" content=\"Telinha\" \/>\n<meta name=\"twitter:card\" content=\"summary_large_image\" \/>\n<meta name=\"twitter:label1\" content=\"Escrito por\" \/>\n\t<meta name=\"twitter:data1\" content=\"Telinha\" \/>\n\t<meta name=\"twitter:label2\" content=\"Tempo estimado de leitura\" \/>\n\t<meta name=\"twitter:data2\" content=\"2 minutos\" \/>\n<script type=\"application\/ld+json\" class=\"yoast-schema-graph\">{\"@context\":\"https:\/\/schema.org\",\"@graph\":[{\"@type\":\"Article\",\"@id\":\"https:\/\/portaltela.pt\/noticias\/2026\/03\/07\/sete-agentes-da-esquadra-do-rato-ficam-em-prisao-preventiva\/#article\",\"isPartOf\":{\"@id\":\"https:\/\/portaltela.pt\/noticias\/2026\/03\/07\/sete-agentes-da-esquadra-do-rato-ficam-em-prisao-preventiva\/\"},\"author\":{\"name\":\"Telinha\",\"@id\":\"https:\/\/portaltela.pt\/#\/schema\/person\/c4278d4a6028830caff9ee44b42d32ed\"},\"headline\":\"Sete agentes da esquadra do Rato ficam em pris\u00e3o preventiva\",\"datePublished\":\"2026-03-07T13:39:00+00:00\",\"mainEntityOfPage\":{\"@id\":\"https:\/\/portaltela.pt\/noticias\/2026\/03\/07\/sete-agentes-da-esquadra-do-rato-ficam-em-prisao-preventiva\/\"},\"wordCount\":313,\"image\":{\"@id\":\"https:\/\/portaltela.pt\/noticias\/2026\/03\/07\/sete-agentes-da-esquadra-do-rato-ficam-em-prisao-preventiva\/#primaryimage\"},\"thumbnailUrl\":\"https:\/\/portaltela.pt\/s.01k8rhncp4jt1\/2026\/03\/2072448.jpg\",\"keywords\":[\"abuso de poder\",\"arma proibida\",\"Pol\u00edcia de Seguran\u00e7a P\u00fablica\",\"sem-abrigo\",\"tortura\",\"viola\u00e7\u00e3o\"],\"articleSection\":[\"Not\u00edcias\",\"Pol\u00edcia\"],\"inLanguage\":\"pt-PT\"},{\"@type\":\"WebPage\",\"@id\":\"https:\/\/portaltela.pt\/noticias\/2026\/03\/07\/sete-agentes-da-esquadra-do-rato-ficam-em-prisao-preventiva\/\",\"url\":\"https:\/\/portaltela.pt\/noticias\/2026\/03\/07\/sete-agentes-da-esquadra-do-rato-ficam-em-prisao-preventiva\/\",\"name\":\"Sete agentes da esquadra do Rato ficam em pris\u00e3o preventiva - Portal Tela Portugal\",\"isPartOf\":{\"@id\":\"https:\/\/portaltela.pt\/#website\"},\"primaryImageOfPage\":{\"@id\":\"https:\/\/portaltela.pt\/noticias\/2026\/03\/07\/sete-agentes-da-esquadra-do-rato-ficam-em-prisao-preventiva\/#primaryimage\"},\"image\":{\"@id\":\"https:\/\/portaltela.pt\/noticias\/2026\/03\/07\/sete-agentes-da-esquadra-do-rato-ficam-em-prisao-preventiva\/#primaryimage\"},\"thumbnailUrl\":\"https:\/\/portaltela.pt\/s.01k8rhncp4jt1\/2026\/03\/2072448.jpg\",\"datePublished\":\"2026-03-07T13:39:00+00:00\",\"author\":{\"@id\":\"https:\/\/portaltela.pt\/#\/schema\/person\/c4278d4a6028830caff9ee44b42d32ed\"},\"breadcrumb\":{\"@id\":\"https:\/\/portaltela.pt\/noticias\/2026\/03\/07\/sete-agentes-da-esquadra-do-rato-ficam-em-prisao-preventiva\/#breadcrumb\"},\"inLanguage\":\"pt-PT\",\"potentialAction\":[{\"@type\":\"ReadAction\",\"target\":[\"https:\/\/portaltela.pt\/noticias\/2026\/03\/07\/sete-agentes-da-esquadra-do-rato-ficam-em-prisao-preventiva\/\"]}]},{\"@type\":\"ImageObject\",\"inLanguage\":\"pt-PT\",\"@id\":\"https:\/\/portaltela.pt\/noticias\/2026\/03\/07\/sete-agentes-da-esquadra-do-rato-ficam-em-prisao-preventiva\/#primaryimage\",\"url\":\"https:\/\/portaltela.pt\/s.01k8rhncp4jt1\/2026\/03\/2072448.jpg\",\"contentUrl\":\"https:\/\/portaltela.pt\/s.01k8rhncp4jt1\/2026\/03\/2072448.jpg\",\"width\":796,\"height\":448,\"caption\":\"Os nove agentes detidos at\u00e9 agora s\u00e3o todos da esquadra do Largo do Rato, em Lisboa\"},{\"@type\":\"BreadcrumbList\",\"@id\":\"https:\/\/portaltela.pt\/noticias\/2026\/03\/07\/sete-agentes-da-esquadra-do-rato-ficam-em-prisao-preventiva\/#breadcrumb\",\"itemListElement\":[{\"@type\":\"ListItem\",\"position\":1,\"name\":\"In\u00edcio\",\"item\":\"https:\/\/portaltela.pt\/\"},{\"@type\":\"ListItem\",\"position\":2,\"name\":\"Sete agentes da esquadra do Rato ficam em pris\u00e3o preventiva\"}]},{\"@type\":\"WebSite\",\"@id\":\"https:\/\/portaltela.pt\/#website\",\"url\":\"https:\/\/portaltela.pt\/\",\"name\":\"Portal Tela Portugal\",\"description\":\"\",\"potentialAction\":[{\"@type\":\"SearchAction\",\"target\":{\"@type\":\"EntryPoint\",\"urlTemplate\":\"https:\/\/portaltela.pt\/?s={search_term_string}\"},\"query-input\":{\"@type\":\"PropertyValueSpecification\",\"valueRequired\":true,\"valueName\":\"search_term_string\"}}],\"inLanguage\":\"pt-PT\"},{\"@type\":\"Person\",\"@id\":\"https:\/\/portaltela.pt\/#\/schema\/person\/c4278d4a6028830caff9ee44b42d32ed\",\"name\":\"Telinha\",\"image\":{\"@type\":\"ImageObject\",\"inLanguage\":\"pt-PT\",\"@id\":\"https:\/\/portaltela.pt\/s.01k8rhncp4jt1\/2025\/11\/talking-bot-125x125.png\",\"url\":\"https:\/\/portaltela.pt\/s.01k8rhncp4jt1\/2025\/11\/talking-bot-125x125.png\",\"contentUrl\":\"https:\/\/portaltela.pt\/s.01k8rhncp4jt1\/2025\/11\/talking-bot-125x125.png\",\"caption\":\"Telinha\"},\"sameAs\":[\"https:\/\/portaltela.pt\/\"],\"url\":\"https:\/\/portaltela.pt\/por\/367410592786\/\"}]}<\/script>\n<!-- \/ Yoast SEO plugin. -->","yoast_head_json":{"title":"Sete agentes da esquadra do Rato ficam em pris\u00e3o preventiva - Portal Tela Portugal","robots":{"index":"index","follow":"follow","max-snippet":"max-snippet:-1","max-image-preview":"max-image-preview:large","max-video-preview":"max-video-preview:-1"},"og_locale":"pt_PT","og_type":"article","og_title":"Sete agentes da esquadra do Rato ficam em pris\u00e3o preventiva - Portal Tela Portugal","og_description":"Sete agentes da esquadra do Rato ficaram em pris\u00e3o preventiva, depois de deten\u00e7\u00f5es esta semana, segundo a direc\u00e7\u00e3o nacional da PSP. JIC aplicou as medidas de coac\u00e7\u00e3o neste s\u00e1bado, juntando-se a dois arguidos j\u00e1 acusados pelo MP de viola\u00e7\u00e3o e tortura de pessoas levadas \u00e0quela esquadra. O MP acusa estes sete agentes de tortura grave, viola\u00e7\u00e3o consumada e tentada, abuso de poder, deten\u00e7\u00e3o de arma proibida e ofensas f\u00edsicas graves no \u00e2mbito de um segundo inqu\u00e9rito. Al\u00e9m dos sete, existem tr\u00eas agentes constitu\u00eddos arguidos, dois j\u00e1 acusados em janeiro e em pris\u00e3o preventiva desde julho do ano passado; h\u00e1 tamb\u00e9m uma nova investiga\u00e7\u00e3o dirigida a outros participantes de um grupo online no WhatsApp. O caso envolve v\u00eddeos de abusos gravados durante as deten\u00e7\u00f5es e partilhados num grupo de WhatsApp com cerca de setenta pessoas; o inqu\u00e9rito permanece em segredo de justi\u00e7a.","og_url":"https:\/\/portaltela.pt\/noticias\/2026\/03\/07\/sete-agentes-da-esquadra-do-rato-ficam-em-prisao-preventiva\/","og_site_name":"Portal Tela Portugal","article_published_time":"2026-03-07T13:39:00+00:00","author":"Telinha","twitter_card":"summary_large_image","twitter_misc":{"Escrito por":"Telinha","Tempo estimado de leitura":"2 minutos"},"schema":{"@context":"https:\/\/schema.org","@graph":[{"@type":"Article","@id":"https:\/\/portaltela.pt\/noticias\/2026\/03\/07\/sete-agentes-da-esquadra-do-rato-ficam-em-prisao-preventiva\/#article","isPartOf":{"@id":"https:\/\/portaltela.pt\/noticias\/2026\/03\/07\/sete-agentes-da-esquadra-do-rato-ficam-em-prisao-preventiva\/"},"author":{"name":"Telinha","@id":"https:\/\/portaltela.pt\/#\/schema\/person\/c4278d4a6028830caff9ee44b42d32ed"},"headline":"Sete agentes da esquadra do Rato ficam em pris\u00e3o preventiva","datePublished":"2026-03-07T13:39:00+00:00","mainEntityOfPage":{"@id":"https:\/\/portaltela.pt\/noticias\/2026\/03\/07\/sete-agentes-da-esquadra-do-rato-ficam-em-prisao-preventiva\/"},"wordCount":313,"image":{"@id":"https:\/\/portaltela.pt\/noticias\/2026\/03\/07\/sete-agentes-da-esquadra-do-rato-ficam-em-prisao-preventiva\/#primaryimage"},"thumbnailUrl":"https:\/\/portaltela.pt\/s.01k8rhncp4jt1\/2026\/03\/2072448.jpg","keywords":["abuso de poder","arma proibida","Pol\u00edcia de Seguran\u00e7a P\u00fablica","sem-abrigo","tortura","viola\u00e7\u00e3o"],"articleSection":["Not\u00edcias","Pol\u00edcia"],"inLanguage":"pt-PT"},{"@type":"WebPage","@id":"https:\/\/portaltela.pt\/noticias\/2026\/03\/07\/sete-agentes-da-esquadra-do-rato-ficam-em-prisao-preventiva\/","url":"https:\/\/portaltela.pt\/noticias\/2026\/03\/07\/sete-agentes-da-esquadra-do-rato-ficam-em-prisao-preventiva\/","name":"Sete agentes da esquadra do Rato ficam em pris\u00e3o preventiva - Portal Tela Portugal","isPartOf":{"@id":"https:\/\/portaltela.pt\/#website"},"primaryImageOfPage":{"@id":"https:\/\/portaltela.pt\/noticias\/2026\/03\/07\/sete-agentes-da-esquadra-do-rato-ficam-em-prisao-preventiva\/#primaryimage"},"image":{"@id":"https:\/\/portaltela.pt\/noticias\/2026\/03\/07\/sete-agentes-da-esquadra-do-rato-ficam-em-prisao-preventiva\/#primaryimage"},"thumbnailUrl":"https:\/\/portaltela.pt\/s.01k8rhncp4jt1\/2026\/03\/2072448.jpg","datePublished":"2026-03-07T13:39:00+00:00","author":{"@id":"https:\/\/portaltela.pt\/#\/schema\/person\/c4278d4a6028830caff9ee44b42d32ed"},"breadcrumb":{"@id":"https:\/\/portaltela.pt\/noticias\/2026\/03\/07\/sete-agentes-da-esquadra-do-rato-ficam-em-prisao-preventiva\/#breadcrumb"},"inLanguage":"pt-PT","potentialAction":[{"@type":"ReadAction","target":["https:\/\/portaltela.pt\/noticias\/2026\/03\/07\/sete-agentes-da-esquadra-do-rato-ficam-em-prisao-preventiva\/"]}]},{"@type":"ImageObject","inLanguage":"pt-PT","@id":"https:\/\/portaltela.pt\/noticias\/2026\/03\/07\/sete-agentes-da-esquadra-do-rato-ficam-em-prisao-preventiva\/#primaryimage","url":"https:\/\/portaltela.pt\/s.01k8rhncp4jt1\/2026\/03\/2072448.jpg","contentUrl":"https:\/\/portaltela.pt\/s.01k8rhncp4jt1\/2026\/03\/2072448.jpg","width":796,"height":448,"caption":"Os nove agentes detidos at\u00e9 agora s\u00e3o todos da esquadra do Largo do Rato, em Lisboa"},{"@type":"BreadcrumbList","@id":"https:\/\/portaltela.pt\/noticias\/2026\/03\/07\/sete-agentes-da-esquadra-do-rato-ficam-em-prisao-preventiva\/#breadcrumb","itemListElement":[{"@type":"ListItem","position":1,"name":"In\u00edcio","item":"https:\/\/portaltela.pt\/"},{"@type":"ListItem","position":2,"name":"Sete agentes da esquadra do Rato ficam em pris\u00e3o preventiva"}]},{"@type":"WebSite","@id":"https:\/\/portaltela.pt\/#website","url":"https:\/\/portaltela.pt\/","name":"Portal Tela Portugal","description":"","potentialAction":[{"@type":"SearchAction","target":{"@type":"EntryPoint","urlTemplate":"https:\/\/portaltela.pt\/?s={search_term_string}"},"query-input":{"@type":"PropertyValueSpecification","valueRequired":true,"valueName":"search_term_string"}}],"inLanguage":"pt-PT"},{"@type":"Person","@id":"https:\/\/portaltela.pt\/#\/schema\/person\/c4278d4a6028830caff9ee44b42d32ed","name":"Telinha","image":{"@type":"ImageObject","inLanguage":"pt-PT","@id":"https:\/\/portaltela.pt\/s.01k8rhncp4jt1\/2025\/11\/talking-bot-125x125.png","url":"https:\/\/portaltela.pt\/s.01k8rhncp4jt1\/2025\/11\/talking-bot-125x125.png","contentUrl":"https:\/\/portaltela.pt\/s.01k8rhncp4jt1\/2025\/11\/talking-bot-125x125.png","caption":"Telinha"},"sameAs":["https:\/\/portaltela.pt\/"],"url":"https:\/\/portaltela.pt\/por\/367410592786\/"}]}},"_links":{"self":[{"href":"https:\/\/portaltela.pt\/api\/wp\/v2\/posts\/401372","targetHints":{"allow":["GET"]}}],"collection":[{"href":"https:\/\/portaltela.pt\/api\/wp\/v2\/posts"}],"about":[{"href":"https:\/\/portaltela.pt\/api\/wp\/v2\/types\/post"}],"author":[{"embeddable":true,"href":"https:\/\/portaltela.pt\/api\/wp\/v2\/users\/2"}],"replies":[{"embeddable":true,"href":"https:\/\/portaltela.pt\/api\/wp\/v2\/comments?post=401372"}],"version-history":[{"count":0,"href":"https:\/\/portaltela.pt\/api\/wp\/v2\/posts\/401372\/revisions"}],"wp:featuredmedia":[{"embeddable":true,"href":"https:\/\/portaltela.pt\/api\/wp\/v2\/media\/401373"}],"wp:attachment":[{"href":"https:\/\/portaltela.pt\/api\/wp\/v2\/media?parent=401372"}],"wp:term":[{"taxonomy":"category","embeddable":true,"href":"https:\/\/portaltela.pt\/api\/wp\/v2\/categories?post=401372"},{"taxonomy":"post_tag","embeddable":true,"href":"https:\/\/portaltela.pt\/api\/wp\/v2\/tags?post=401372"}],"curies":[{"name":"wp","href":"https:\/\/api.w.org\/{rel}","templated":true}]}}