{"id":401363,"date":"2026-03-07T10:19:00","date_gmt":"2026-03-07T13:19:00","guid":{"rendered":"https:\/\/portaltela.pt\/noticias\/2026\/03\/07\/morreu-o-ex-chefe-do-exercito-general-martins-barrento\/"},"modified":"2026-03-07T10:19:00","modified_gmt":"2026-03-07T13:19:00","slug":"morreu-o-ex-chefe-do-exercito-general-martins-barrento","status":"publish","type":"post","link":"https:\/\/portaltela.pt\/noticias\/politica\/2026\/03\/07\/morreu-o-ex-chefe-do-exercito-general-martins-barrento\/","title":{"rendered":"Morreu o ex-chefe do Ex\u00e9rcito, general Martins Barrento"},"content":{"rendered":"<p>O ex-chefe do Estado-Major do Ex\u00e9rcito general Ant\u00f3nio Martins Barrento morreu este s\u00e1bado, aos 87 anos, confirmou \u00e0 Lusa uma fonte militar. O Presidente da Rep\u00fablica lamentou o falecimento e destacou a sua elevada compet\u00eancia e lideran\u00e7a.<\/p>\n<p>Numa nota publicada pela Presid\u00eancia, Marcelo Rebelo de Sousa relembra a carreira do general no Ultramar, na NATO e na \u00e1rea da Hist\u00f3ria e do pensamento militar. O texto sublinha 45 anos de servi\u00e7o e a contribui\u00e7\u00e3o para a moderniza\u00e7\u00e3o do Ex\u00e9rcito e o desbloqueio de carreiras.<\/p>\n<p>Ant\u00f3nio Eduardo Queiroz Martins Barrento nasceu em Estremoz, em 1938. Licenciado em Ci\u00eancias Militares, completou o Curso de Estado Maior (1970\/73), o Curso Superior de Guerra (Paris, 1978\/80) e o Curso Superior de Comando e Dire\u00e7\u00e3o.<\/p>\n<p>Foi professor do Instituto de Altos Estudos Militares durante dez anos e catedr\u00e1tico convidado do Instituto Superior de Ci\u00eancias Sociais e Pol\u00edticas (ISCSP) da Universidade T\u00e9cnica de Lisboa. Serviu no Ultramar, em Mo\u00e7ambique, Angola e Timor, e atuou na NATO, em Mons, B\u00e9lgica.<\/p>\n<p>Como oficial general, Barrento desempenhou fun\u00e7\u00f5es na NATO e foi chefe do Estado-Maior do Ex\u00e9rcito de mar\u00e7o de 1998 a mar\u00e7o de 2001. A nota biogr\u00e1fica da Tribuna da Hist\u00f3ria confirma o conjunto de cargos e a passagem pela lideran\u00e7a militar nacional.<\/p>\n","protected":false},"excerpt":{"rendered":"<ul>\n<li>Morreu este s\u00e1bado o ex-chefe do Estado-Maior do Ex\u00e9rcito, general Ant\u00f3nio Martins Barrento, aos 87 anos.<\/li>\n<li>O Presidente da Rep\u00fablica lamentou a sua morte e destacou a elevada compet\u00eancia e lideran\u00e7a do militar na moderniza\u00e7\u00e3o do Ex\u00e9rcito.<\/li>\n<li>Marcelo Rebelo de Sousa recorda a carreira do general ao servi\u00e7o operacional do Ultramar, na NATO e na \u00e1rea da Hist\u00f3ria e do pensamento militar.<\/li>\n<li>Ao longo de 45 anos de servi\u00e7o, Barrento foi elogiado pela forma como acelerou a moderniza\u00e7\u00e3o do Ex\u00e9rcito e desbloqueou carreiras militares.<\/li>\n<li>Nascido em Estremoz em 1938, Barrento foi professor em institutos militares e lecionou Hist\u00f3ria Militar, tendo servido no Ultramar e na NATO, onde Chefe do Estado-M Maior do Ex\u00e9rcito entre 1998 e 2001.<\/li>\n<\/ul>\n","protected":false},"author":2,"featured_media":401365,"comment_status":"closed","ping_status":"closed","sticky":false,"template":"","format":"standard","meta":{"footnotes":""},"categories":[1,5],"tags":[6574,1098,1779,62,299,1014],"class_list":["post-401363","post","type-post","status-publish","format-standard","has-post-thumbnail","hentry","category-noticias","category-politica","tag-defesa","tag-estremoz","tag-forcas-armadas","tag-guerra","tag-historia","tag-portugal"],"yoast_head":"<!-- This site is optimized with the Yoast SEO plugin v27.2 - https:\/\/yoast.com\/product\/yoast-seo-wordpress\/ -->\n<title>Morreu o ex-chefe do Ex\u00e9rcito, general Martins Barrento - Portal Tela Portugal<\/title>\n<meta name=\"robots\" content=\"index, follow, max-snippet:-1, max-image-preview:large, max-video-preview:-1\" \/>\n<meta property=\"og:locale\" content=\"pt_PT\" \/>\n<meta property=\"og:type\" content=\"article\" \/>\n<meta property=\"og:title\" content=\"Morreu o ex-chefe do Ex\u00e9rcito, general Martins Barrento - Portal Tela Portugal\" \/>\n<meta property=\"og:description\" content=\"Morreu este s\u00e1bado o ex-chefe do Estado-Maior do Ex\u00e9rcito, general Ant\u00f3nio Martins Barrento, aos 87 anos. O Presidente da Rep\u00fablica lamentou a sua morte e destacou a elevada compet\u00eancia e lideran\u00e7a do militar na moderniza\u00e7\u00e3o do Ex\u00e9rcito. Marcelo Rebelo de Sousa recorda a carreira do general ao servi\u00e7o operacional do Ultramar, na NATO e na \u00e1rea da Hist\u00f3ria e do pensamento militar. Ao longo de 45 anos de servi\u00e7o, Barrento foi elogiado pela forma como acelerou a moderniza\u00e7\u00e3o do Ex\u00e9rcito e desbloqueou carreiras militares. Nascido em Estremoz em 1938, Barrento foi professor em institutos militares e lecionou Hist\u00f3ria Militar, tendo servido no Ultramar e na NATO, onde Chefe do Estado-M Maior do Ex\u00e9rcito entre 1998 e 2001.\" \/>\n<meta property=\"og:url\" content=\"https:\/\/portaltela.pt\/noticias\/2026\/03\/07\/morreu-o-ex-chefe-do-exercito-general-martins-barrento\/\" \/>\n<meta property=\"og:site_name\" content=\"Portal Tela Portugal\" \/>\n<meta property=\"article:published_time\" content=\"2026-03-07T13:19:00+00:00\" \/>\n<meta name=\"author\" content=\"Telinha\" \/>\n<meta name=\"twitter:card\" content=\"summary_large_image\" \/>\n<meta name=\"twitter:label1\" content=\"Escrito por\" \/>\n\t<meta name=\"twitter:data1\" content=\"Telinha\" \/>\n\t<meta name=\"twitter:label2\" content=\"Tempo estimado de leitura\" \/>\n\t<meta name=\"twitter:data2\" content=\"1 minuto\" \/>\n<script type=\"application\/ld+json\" class=\"yoast-schema-graph\">{\"@context\":\"https:\/\/schema.org\",\"@graph\":[{\"@type\":\"Article\",\"@id\":\"https:\/\/portaltela.pt\/noticias\/2026\/03\/07\/morreu-o-ex-chefe-do-exercito-general-martins-barrento\/#article\",\"isPartOf\":{\"@id\":\"https:\/\/portaltela.pt\/noticias\/2026\/03\/07\/morreu-o-ex-chefe-do-exercito-general-martins-barrento\/\"},\"author\":{\"name\":\"Telinha\",\"@id\":\"https:\/\/portaltela.pt\/#\/schema\/person\/c4278d4a6028830caff9ee44b42d32ed\"},\"headline\":\"Morreu o ex-chefe do Ex\u00e9rcito, general Martins Barrento\",\"datePublished\":\"2026-03-07T13:19:00+00:00\",\"mainEntityOfPage\":{\"@id\":\"https:\/\/portaltela.pt\/noticias\/2026\/03\/07\/morreu-o-ex-chefe-do-exercito-general-martins-barrento\/\"},\"wordCount\":234,\"image\":{\"@id\":\"https:\/\/portaltela.pt\/noticias\/2026\/03\/07\/morreu-o-ex-chefe-do-exercito-general-martins-barrento\/#primaryimage\"},\"thumbnailUrl\":\"https:\/\/portaltela.pt\/s.01k8rhncp4jt1\/2026\/03\/2072447.jpg\",\"keywords\":[\"defesa\",\"Estremoz\",\"For\u00e7as Armadas\",\"guerra\",\"hist\u00f3ria\",\"Portugal\"],\"articleSection\":[\"Not\u00edcias\",\"Pol\u00edtica\"],\"inLanguage\":\"pt-PT\"},{\"@type\":\"WebPage\",\"@id\":\"https:\/\/portaltela.pt\/noticias\/2026\/03\/07\/morreu-o-ex-chefe-do-exercito-general-martins-barrento\/\",\"url\":\"https:\/\/portaltela.pt\/noticias\/2026\/03\/07\/morreu-o-ex-chefe-do-exercito-general-martins-barrento\/\",\"name\":\"Morreu o ex-chefe do Ex\u00e9rcito, general Martins Barrento - Portal Tela Portugal\",\"isPartOf\":{\"@id\":\"https:\/\/portaltela.pt\/#website\"},\"primaryImageOfPage\":{\"@id\":\"https:\/\/portaltela.pt\/noticias\/2026\/03\/07\/morreu-o-ex-chefe-do-exercito-general-martins-barrento\/#primaryimage\"},\"image\":{\"@id\":\"https:\/\/portaltela.pt\/noticias\/2026\/03\/07\/morreu-o-ex-chefe-do-exercito-general-martins-barrento\/#primaryimage\"},\"thumbnailUrl\":\"https:\/\/portaltela.pt\/s.01k8rhncp4jt1\/2026\/03\/2072447.jpg\",\"datePublished\":\"2026-03-07T13:19:00+00:00\",\"author\":{\"@id\":\"https:\/\/portaltela.pt\/#\/schema\/person\/c4278d4a6028830caff9ee44b42d32ed\"},\"breadcrumb\":{\"@id\":\"https:\/\/portaltela.pt\/noticias\/2026\/03\/07\/morreu-o-ex-chefe-do-exercito-general-martins-barrento\/#breadcrumb\"},\"inLanguage\":\"pt-PT\",\"potentialAction\":[{\"@type\":\"ReadAction\",\"target\":[\"https:\/\/portaltela.pt\/noticias\/2026\/03\/07\/morreu-o-ex-chefe-do-exercito-general-martins-barrento\/\"]}]},{\"@type\":\"ImageObject\",\"inLanguage\":\"pt-PT\",\"@id\":\"https:\/\/portaltela.pt\/noticias\/2026\/03\/07\/morreu-o-ex-chefe-do-exercito-general-martins-barrento\/#primaryimage\",\"url\":\"https:\/\/portaltela.pt\/s.01k8rhncp4jt1\/2026\/03\/2072447.jpg\",\"contentUrl\":\"https:\/\/portaltela.pt\/s.01k8rhncp4jt1\/2026\/03\/2072447.jpg\",\"width\":796,\"height\":448,\"caption\":\"General Martins Barreto tinha 87 anos\"},{\"@type\":\"BreadcrumbList\",\"@id\":\"https:\/\/portaltela.pt\/noticias\/2026\/03\/07\/morreu-o-ex-chefe-do-exercito-general-martins-barrento\/#breadcrumb\",\"itemListElement\":[{\"@type\":\"ListItem\",\"position\":1,\"name\":\"In\u00edcio\",\"item\":\"https:\/\/portaltela.pt\/\"},{\"@type\":\"ListItem\",\"position\":2,\"name\":\"Morreu o ex-chefe do Ex\u00e9rcito, general Martins Barrento\"}]},{\"@type\":\"WebSite\",\"@id\":\"https:\/\/portaltela.pt\/#website\",\"url\":\"https:\/\/portaltela.pt\/\",\"name\":\"Portal Tela Portugal\",\"description\":\"\",\"potentialAction\":[{\"@type\":\"SearchAction\",\"target\":{\"@type\":\"EntryPoint\",\"urlTemplate\":\"https:\/\/portaltela.pt\/?s={search_term_string}\"},\"query-input\":{\"@type\":\"PropertyValueSpecification\",\"valueRequired\":true,\"valueName\":\"search_term_string\"}}],\"inLanguage\":\"pt-PT\"},{\"@type\":\"Person\",\"@id\":\"https:\/\/portaltela.pt\/#\/schema\/person\/c4278d4a6028830caff9ee44b42d32ed\",\"name\":\"Telinha\",\"image\":{\"@type\":\"ImageObject\",\"inLanguage\":\"pt-PT\",\"@id\":\"https:\/\/portaltela.pt\/s.01k8rhncp4jt1\/2025\/11\/talking-bot-125x125.png\",\"url\":\"https:\/\/portaltela.pt\/s.01k8rhncp4jt1\/2025\/11\/talking-bot-125x125.png\",\"contentUrl\":\"https:\/\/portaltela.pt\/s.01k8rhncp4jt1\/2025\/11\/talking-bot-125x125.png\",\"caption\":\"Telinha\"},\"sameAs\":[\"https:\/\/portaltela.pt\/\"],\"url\":\"https:\/\/portaltela.pt\/por\/367410592786\/\"}]}<\/script>\n<!-- \/ Yoast SEO plugin. -->","yoast_head_json":{"title":"Morreu o ex-chefe do Ex\u00e9rcito, general Martins Barrento - Portal Tela Portugal","robots":{"index":"index","follow":"follow","max-snippet":"max-snippet:-1","max-image-preview":"max-image-preview:large","max-video-preview":"max-video-preview:-1"},"og_locale":"pt_PT","og_type":"article","og_title":"Morreu o ex-chefe do Ex\u00e9rcito, general Martins Barrento - Portal Tela Portugal","og_description":"Morreu este s\u00e1bado o ex-chefe do Estado-Maior do Ex\u00e9rcito, general Ant\u00f3nio Martins Barrento, aos 87 anos. O Presidente da Rep\u00fablica lamentou a sua morte e destacou a elevada compet\u00eancia e lideran\u00e7a do militar na moderniza\u00e7\u00e3o do Ex\u00e9rcito. Marcelo Rebelo de Sousa recorda a carreira do general ao servi\u00e7o operacional do Ultramar, na NATO e na \u00e1rea da Hist\u00f3ria e do pensamento militar. Ao longo de 45 anos de servi\u00e7o, Barrento foi elogiado pela forma como acelerou a moderniza\u00e7\u00e3o do Ex\u00e9rcito e desbloqueou carreiras militares. Nascido em Estremoz em 1938, Barrento foi professor em institutos militares e lecionou Hist\u00f3ria Militar, tendo servido no Ultramar e na NATO, onde Chefe do Estado-M Maior do Ex\u00e9rcito entre 1998 e 2001.","og_url":"https:\/\/portaltela.pt\/noticias\/2026\/03\/07\/morreu-o-ex-chefe-do-exercito-general-martins-barrento\/","og_site_name":"Portal Tela Portugal","article_published_time":"2026-03-07T13:19:00+00:00","author":"Telinha","twitter_card":"summary_large_image","twitter_misc":{"Escrito por":"Telinha","Tempo estimado de leitura":"1 minuto"},"schema":{"@context":"https:\/\/schema.org","@graph":[{"@type":"Article","@id":"https:\/\/portaltela.pt\/noticias\/2026\/03\/07\/morreu-o-ex-chefe-do-exercito-general-martins-barrento\/#article","isPartOf":{"@id":"https:\/\/portaltela.pt\/noticias\/2026\/03\/07\/morreu-o-ex-chefe-do-exercito-general-martins-barrento\/"},"author":{"name":"Telinha","@id":"https:\/\/portaltela.pt\/#\/schema\/person\/c4278d4a6028830caff9ee44b42d32ed"},"headline":"Morreu o ex-chefe do Ex\u00e9rcito, general Martins Barrento","datePublished":"2026-03-07T13:19:00+00:00","mainEntityOfPage":{"@id":"https:\/\/portaltela.pt\/noticias\/2026\/03\/07\/morreu-o-ex-chefe-do-exercito-general-martins-barrento\/"},"wordCount":234,"image":{"@id":"https:\/\/portaltela.pt\/noticias\/2026\/03\/07\/morreu-o-ex-chefe-do-exercito-general-martins-barrento\/#primaryimage"},"thumbnailUrl":"https:\/\/portaltela.pt\/s.01k8rhncp4jt1\/2026\/03\/2072447.jpg","keywords":["defesa","Estremoz","For\u00e7as Armadas","guerra","hist\u00f3ria","Portugal"],"articleSection":["Not\u00edcias","Pol\u00edtica"],"inLanguage":"pt-PT"},{"@type":"WebPage","@id":"https:\/\/portaltela.pt\/noticias\/2026\/03\/07\/morreu-o-ex-chefe-do-exercito-general-martins-barrento\/","url":"https:\/\/portaltela.pt\/noticias\/2026\/03\/07\/morreu-o-ex-chefe-do-exercito-general-martins-barrento\/","name":"Morreu o ex-chefe do Ex\u00e9rcito, general Martins Barrento - Portal Tela Portugal","isPartOf":{"@id":"https:\/\/portaltela.pt\/#website"},"primaryImageOfPage":{"@id":"https:\/\/portaltela.pt\/noticias\/2026\/03\/07\/morreu-o-ex-chefe-do-exercito-general-martins-barrento\/#primaryimage"},"image":{"@id":"https:\/\/portaltela.pt\/noticias\/2026\/03\/07\/morreu-o-ex-chefe-do-exercito-general-martins-barrento\/#primaryimage"},"thumbnailUrl":"https:\/\/portaltela.pt\/s.01k8rhncp4jt1\/2026\/03\/2072447.jpg","datePublished":"2026-03-07T13:19:00+00:00","author":{"@id":"https:\/\/portaltela.pt\/#\/schema\/person\/c4278d4a6028830caff9ee44b42d32ed"},"breadcrumb":{"@id":"https:\/\/portaltela.pt\/noticias\/2026\/03\/07\/morreu-o-ex-chefe-do-exercito-general-martins-barrento\/#breadcrumb"},"inLanguage":"pt-PT","potentialAction":[{"@type":"ReadAction","target":["https:\/\/portaltela.pt\/noticias\/2026\/03\/07\/morreu-o-ex-chefe-do-exercito-general-martins-barrento\/"]}]},{"@type":"ImageObject","inLanguage":"pt-PT","@id":"https:\/\/portaltela.pt\/noticias\/2026\/03\/07\/morreu-o-ex-chefe-do-exercito-general-martins-barrento\/#primaryimage","url":"https:\/\/portaltela.pt\/s.01k8rhncp4jt1\/2026\/03\/2072447.jpg","contentUrl":"https:\/\/portaltela.pt\/s.01k8rhncp4jt1\/2026\/03\/2072447.jpg","width":796,"height":448,"caption":"General Martins Barreto tinha 87 anos"},{"@type":"BreadcrumbList","@id":"https:\/\/portaltela.pt\/noticias\/2026\/03\/07\/morreu-o-ex-chefe-do-exercito-general-martins-barrento\/#breadcrumb","itemListElement":[{"@type":"ListItem","position":1,"name":"In\u00edcio","item":"https:\/\/portaltela.pt\/"},{"@type":"ListItem","position":2,"name":"Morreu o ex-chefe do Ex\u00e9rcito, general Martins Barrento"}]},{"@type":"WebSite","@id":"https:\/\/portaltela.pt\/#website","url":"https:\/\/portaltela.pt\/","name":"Portal Tela Portugal","description":"","potentialAction":[{"@type":"SearchAction","target":{"@type":"EntryPoint","urlTemplate":"https:\/\/portaltela.pt\/?s={search_term_string}"},"query-input":{"@type":"PropertyValueSpecification","valueRequired":true,"valueName":"search_term_string"}}],"inLanguage":"pt-PT"},{"@type":"Person","@id":"https:\/\/portaltela.pt\/#\/schema\/person\/c4278d4a6028830caff9ee44b42d32ed","name":"Telinha","image":{"@type":"ImageObject","inLanguage":"pt-PT","@id":"https:\/\/portaltela.pt\/s.01k8rhncp4jt1\/2025\/11\/talking-bot-125x125.png","url":"https:\/\/portaltela.pt\/s.01k8rhncp4jt1\/2025\/11\/talking-bot-125x125.png","contentUrl":"https:\/\/portaltela.pt\/s.01k8rhncp4jt1\/2025\/11\/talking-bot-125x125.png","caption":"Telinha"},"sameAs":["https:\/\/portaltela.pt\/"],"url":"https:\/\/portaltela.pt\/por\/367410592786\/"}]}},"_links":{"self":[{"href":"https:\/\/portaltela.pt\/api\/wp\/v2\/posts\/401363","targetHints":{"allow":["GET"]}}],"collection":[{"href":"https:\/\/portaltela.pt\/api\/wp\/v2\/posts"}],"about":[{"href":"https:\/\/portaltela.pt\/api\/wp\/v2\/types\/post"}],"author":[{"embeddable":true,"href":"https:\/\/portaltela.pt\/api\/wp\/v2\/users\/2"}],"replies":[{"embeddable":true,"href":"https:\/\/portaltela.pt\/api\/wp\/v2\/comments?post=401363"}],"version-history":[{"count":0,"href":"https:\/\/portaltela.pt\/api\/wp\/v2\/posts\/401363\/revisions"}],"wp:featuredmedia":[{"embeddable":true,"href":"https:\/\/portaltela.pt\/api\/wp\/v2\/media\/401365"}],"wp:attachment":[{"href":"https:\/\/portaltela.pt\/api\/wp\/v2\/media?parent=401363"}],"wp:term":[{"taxonomy":"category","embeddable":true,"href":"https:\/\/portaltela.pt\/api\/wp\/v2\/categories?post=401363"},{"taxonomy":"post_tag","embeddable":true,"href":"https:\/\/portaltela.pt\/api\/wp\/v2\/tags?post=401363"}],"curies":[{"name":"wp","href":"https:\/\/api.w.org\/{rel}","templated":true}]}}