{"id":401359,"date":"2026-03-07T10:24:48","date_gmt":"2026-03-07T13:24:48","guid":{"rendered":"https:\/\/portaltela.pt\/noticias\/2026\/03\/07\/sporting-pede-conduta-de-fair-play-dos-adeptos-em-braga\/"},"modified":"2026-03-07T10:24:48","modified_gmt":"2026-03-07T13:24:48","slug":"sporting-pede-conduta-de-fair-play-dos-adeptos-em-braga","status":"publish","type":"post","link":"https:\/\/portaltela.pt\/desporto\/futebol\/2026\/03\/07\/sporting-pede-conduta-de-fair-play-dos-adeptos-em-braga\/","title":{"rendered":"Sporting pede conduta de fair play dos adeptos em Braga"},"content":{"rendered":"<p>O Sporting pediu aos seus adeptos que viagem at\u00e9 Braga com conduta de total fair-play, no contexto do jogo contra o Sp. Braga marcado para as 18:00. A comunica\u00e7\u00e3o refor\u00e7a o objetivo de manter o bom nome do clube durante a desloca\u00e7\u00e3o e no recinto.<\/p>\n<p>A chamada foi dirigida aos simpatizantes leoninos que v\u00e3o apoiar a equipa, enfatizando que n\u00e3o devem ocorrer estragos nem pirotecnia. A medida visa evitar incidentes e assegurar uma atmosfera segura no evento.<\/p>\n<p>As portas do Municipal de Braga abrem \u00e0s 16:00, duas horas antes do in\u00edcio da partida, conforme indicado pelo clube. O Sporting recorda ainda as mudan\u00e7as implementadas nos acessos ao est\u00e1dio e as altera\u00e7\u00f5es de circula\u00e7\u00e3o na zona envolvente.<\/p>\n<h3>Acesso e indic actions<\/h3>\n<p>Existem locais de estacionamento dedicados aos adeptos do Sporting na proximidade do est\u00e1dio. Os apoiantes s\u00e3o orientados a considerar as altera\u00e7\u00f5es de acessos e a consultar o mapa de acesso dispon\u00edvel para orientar a desloca\u00e7\u00e3o.<\/p>\n","protected":false},"excerpt":{"rendered":"<ul>\n<li>O Sporting pediu aos adeptos que v\u00e3o apoiar a equipa em Braga para manterem conduta de total fair-play, elevando o bom nome do clube.<\/li>\n<li>Foi ainda solicitado que n\u00e3o ocorram estragos nem pirotecnia durante a desloca\u00e7\u00e3o e o evento.<\/li>\n<li>As portas do Municipal de Braga abrem \u00e0s 16:00, duas horas antes do in\u00edcio da partida marcada para as 18:00.<\/li>\n<li>Existem locais de estacionamento na envolvente do est\u00e1dio, com altera\u00e7\u00f5es nos acessos ao recinto a ter em conta.<\/li>\n<\/ul>\n","protected":false},"author":2,"featured_media":401362,"comment_status":"closed","ping_status":"closed","sticky":false,"template":"","format":"standard","meta":{"footnotes":""},"categories":[21,24],"tags":[1860,152,5341,32,2070,1652],"class_list":["post-401359","post","type-post","status-publish","format-standard","has-post-thumbnail","hentry","category-desporto","category-futebol","tag-acessos","tag-desporto","tag-fair-play","tag-futebol","tag-sp-braga","tag-sporting"],"yoast_head":"<!-- This site is optimized with the Yoast SEO plugin v27.2 - https:\/\/yoast.com\/product\/yoast-seo-wordpress\/ -->\n<title>Sporting pede conduta de fair play dos adeptos em Braga - Portal Tela Portugal<\/title>\n<meta name=\"robots\" content=\"index, follow, max-snippet:-1, max-image-preview:large, max-video-preview:-1\" \/>\n<meta property=\"og:locale\" content=\"pt_PT\" \/>\n<meta property=\"og:type\" content=\"article\" \/>\n<meta property=\"og:title\" content=\"Sporting pede conduta de fair play dos adeptos em Braga - Portal Tela Portugal\" \/>\n<meta property=\"og:description\" content=\"O Sporting pediu aos adeptos que v\u00e3o apoiar a equipa em Braga para manterem conduta de total fair-play, elevando o bom nome do clube. Foi ainda solicitado que n\u00e3o ocorram estragos nem pirotecnia durante a desloca\u00e7\u00e3o e o evento. As portas do Municipal de Braga abrem \u00e0s 16:00, duas horas antes do in\u00edcio da partida marcada para as 18:00. Existem locais de estacionamento na envolvente do est\u00e1dio, com altera\u00e7\u00f5es nos acessos ao recinto a ter em conta.\" \/>\n<meta property=\"og:url\" content=\"https:\/\/portaltela.pt\/noticias\/2026\/03\/07\/sporting-pede-conduta-de-fair-play-dos-adeptos-em-braga\/\" \/>\n<meta property=\"og:site_name\" content=\"Portal Tela Portugal\" \/>\n<meta property=\"article:published_time\" content=\"2026-03-07T13:24:48+00:00\" \/>\n<meta name=\"author\" content=\"Telinha\" \/>\n<meta name=\"twitter:card\" content=\"summary_large_image\" \/>\n<meta name=\"twitter:label1\" content=\"Escrito por\" \/>\n\t<meta name=\"twitter:data1\" content=\"Telinha\" \/>\n\t<meta name=\"twitter:label2\" content=\"Tempo estimado de leitura\" \/>\n\t<meta name=\"twitter:data2\" content=\"1 minuto\" \/>\n<script type=\"application\/ld+json\" class=\"yoast-schema-graph\">{\"@context\":\"https:\/\/schema.org\",\"@graph\":[{\"@type\":\"Article\",\"@id\":\"https:\/\/portaltela.pt\/noticias\/2026\/03\/07\/sporting-pede-conduta-de-fair-play-dos-adeptos-em-braga\/#article\",\"isPartOf\":{\"@id\":\"https:\/\/portaltela.pt\/noticias\/2026\/03\/07\/sporting-pede-conduta-de-fair-play-dos-adeptos-em-braga\/\"},\"author\":{\"name\":\"Telinha\",\"@id\":\"https:\/\/portaltela.pt\/#\/schema\/person\/c4278d4a6028830caff9ee44b42d32ed\"},\"headline\":\"Sporting pede conduta de fair play dos adeptos em Braga\",\"datePublished\":\"2026-03-07T13:24:48+00:00\",\"mainEntityOfPage\":{\"@id\":\"https:\/\/portaltela.pt\/noticias\/2026\/03\/07\/sporting-pede-conduta-de-fair-play-dos-adeptos-em-braga\/\"},\"wordCount\":178,\"image\":{\"@id\":\"https:\/\/portaltela.pt\/noticias\/2026\/03\/07\/sporting-pede-conduta-de-fair-play-dos-adeptos-em-braga\/#primaryimage\"},\"thumbnailUrl\":\"https:\/\/portaltela.pt\/s.01k8rhncp4jt1\/2026\/03\/img_920x518uu2026-03-07-13-23-30-2425435.jpg\",\"keywords\":[\"acessos\",\"desporto\",\"Fair Play\",\"futebol\",\"Sp. Braga\",\"Sporting\"],\"articleSection\":[\"Desporto\",\"Futebol\"],\"inLanguage\":\"pt-PT\"},{\"@type\":\"WebPage\",\"@id\":\"https:\/\/portaltela.pt\/noticias\/2026\/03\/07\/sporting-pede-conduta-de-fair-play-dos-adeptos-em-braga\/\",\"url\":\"https:\/\/portaltela.pt\/noticias\/2026\/03\/07\/sporting-pede-conduta-de-fair-play-dos-adeptos-em-braga\/\",\"name\":\"Sporting pede conduta de fair play dos adeptos em Braga - Portal Tela Portugal\",\"isPartOf\":{\"@id\":\"https:\/\/portaltela.pt\/#website\"},\"primaryImageOfPage\":{\"@id\":\"https:\/\/portaltela.pt\/noticias\/2026\/03\/07\/sporting-pede-conduta-de-fair-play-dos-adeptos-em-braga\/#primaryimage\"},\"image\":{\"@id\":\"https:\/\/portaltela.pt\/noticias\/2026\/03\/07\/sporting-pede-conduta-de-fair-play-dos-adeptos-em-braga\/#primaryimage\"},\"thumbnailUrl\":\"https:\/\/portaltela.pt\/s.01k8rhncp4jt1\/2026\/03\/img_920x518uu2026-03-07-13-23-30-2425435.jpg\",\"datePublished\":\"2026-03-07T13:24:48+00:00\",\"author\":{\"@id\":\"https:\/\/portaltela.pt\/#\/schema\/person\/c4278d4a6028830caff9ee44b42d32ed\"},\"breadcrumb\":{\"@id\":\"https:\/\/portaltela.pt\/noticias\/2026\/03\/07\/sporting-pede-conduta-de-fair-play-dos-adeptos-em-braga\/#breadcrumb\"},\"inLanguage\":\"pt-PT\",\"potentialAction\":[{\"@type\":\"ReadAction\",\"target\":[\"https:\/\/portaltela.pt\/noticias\/2026\/03\/07\/sporting-pede-conduta-de-fair-play-dos-adeptos-em-braga\/\"]}]},{\"@type\":\"ImageObject\",\"inLanguage\":\"pt-PT\",\"@id\":\"https:\/\/portaltela.pt\/noticias\/2026\/03\/07\/sporting-pede-conduta-de-fair-play-dos-adeptos-em-braga\/#primaryimage\",\"url\":\"https:\/\/portaltela.pt\/s.01k8rhncp4jt1\/2026\/03\/img_920x518uu2026-03-07-13-23-30-2425435.jpg\",\"contentUrl\":\"https:\/\/portaltela.pt\/s.01k8rhncp4jt1\/2026\/03\/img_920x518uu2026-03-07-13-23-30-2425435.jpg\",\"width\":796,\"height\":448,\"caption\":\"Adeptos do Sporting\"},{\"@type\":\"BreadcrumbList\",\"@id\":\"https:\/\/portaltela.pt\/noticias\/2026\/03\/07\/sporting-pede-conduta-de-fair-play-dos-adeptos-em-braga\/#breadcrumb\",\"itemListElement\":[{\"@type\":\"ListItem\",\"position\":1,\"name\":\"In\u00edcio\",\"item\":\"https:\/\/portaltela.pt\/\"},{\"@type\":\"ListItem\",\"position\":2,\"name\":\"Sporting pede conduta de fair play dos adeptos em Braga\"}]},{\"@type\":\"WebSite\",\"@id\":\"https:\/\/portaltela.pt\/#website\",\"url\":\"https:\/\/portaltela.pt\/\",\"name\":\"Portal Tela Portugal\",\"description\":\"\",\"potentialAction\":[{\"@type\":\"SearchAction\",\"target\":{\"@type\":\"EntryPoint\",\"urlTemplate\":\"https:\/\/portaltela.pt\/?s={search_term_string}\"},\"query-input\":{\"@type\":\"PropertyValueSpecification\",\"valueRequired\":true,\"valueName\":\"search_term_string\"}}],\"inLanguage\":\"pt-PT\"},{\"@type\":\"Person\",\"@id\":\"https:\/\/portaltela.pt\/#\/schema\/person\/c4278d4a6028830caff9ee44b42d32ed\",\"name\":\"Telinha\",\"image\":{\"@type\":\"ImageObject\",\"inLanguage\":\"pt-PT\",\"@id\":\"https:\/\/portaltela.pt\/s.01k8rhncp4jt1\/2025\/11\/talking-bot-125x125.png\",\"url\":\"https:\/\/portaltela.pt\/s.01k8rhncp4jt1\/2025\/11\/talking-bot-125x125.png\",\"contentUrl\":\"https:\/\/portaltela.pt\/s.01k8rhncp4jt1\/2025\/11\/talking-bot-125x125.png\",\"caption\":\"Telinha\"},\"sameAs\":[\"https:\/\/portaltela.pt\/\"],\"url\":\"https:\/\/portaltela.pt\/por\/367410592786\/\"}]}<\/script>\n<!-- \/ Yoast SEO plugin. -->","yoast_head_json":{"title":"Sporting pede conduta de fair play dos adeptos em Braga - Portal Tela Portugal","robots":{"index":"index","follow":"follow","max-snippet":"max-snippet:-1","max-image-preview":"max-image-preview:large","max-video-preview":"max-video-preview:-1"},"og_locale":"pt_PT","og_type":"article","og_title":"Sporting pede conduta de fair play dos adeptos em Braga - Portal Tela Portugal","og_description":"O Sporting pediu aos adeptos que v\u00e3o apoiar a equipa em Braga para manterem conduta de total fair-play, elevando o bom nome do clube. Foi ainda solicitado que n\u00e3o ocorram estragos nem pirotecnia durante a desloca\u00e7\u00e3o e o evento. As portas do Municipal de Braga abrem \u00e0s 16:00, duas horas antes do in\u00edcio da partida marcada para as 18:00. Existem locais de estacionamento na envolvente do est\u00e1dio, com altera\u00e7\u00f5es nos acessos ao recinto a ter em conta.","og_url":"https:\/\/portaltela.pt\/noticias\/2026\/03\/07\/sporting-pede-conduta-de-fair-play-dos-adeptos-em-braga\/","og_site_name":"Portal Tela Portugal","article_published_time":"2026-03-07T13:24:48+00:00","author":"Telinha","twitter_card":"summary_large_image","twitter_misc":{"Escrito por":"Telinha","Tempo estimado de leitura":"1 minuto"},"schema":{"@context":"https:\/\/schema.org","@graph":[{"@type":"Article","@id":"https:\/\/portaltela.pt\/noticias\/2026\/03\/07\/sporting-pede-conduta-de-fair-play-dos-adeptos-em-braga\/#article","isPartOf":{"@id":"https:\/\/portaltela.pt\/noticias\/2026\/03\/07\/sporting-pede-conduta-de-fair-play-dos-adeptos-em-braga\/"},"author":{"name":"Telinha","@id":"https:\/\/portaltela.pt\/#\/schema\/person\/c4278d4a6028830caff9ee44b42d32ed"},"headline":"Sporting pede conduta de fair play dos adeptos em Braga","datePublished":"2026-03-07T13:24:48+00:00","mainEntityOfPage":{"@id":"https:\/\/portaltela.pt\/noticias\/2026\/03\/07\/sporting-pede-conduta-de-fair-play-dos-adeptos-em-braga\/"},"wordCount":178,"image":{"@id":"https:\/\/portaltela.pt\/noticias\/2026\/03\/07\/sporting-pede-conduta-de-fair-play-dos-adeptos-em-braga\/#primaryimage"},"thumbnailUrl":"https:\/\/portaltela.pt\/s.01k8rhncp4jt1\/2026\/03\/img_920x518uu2026-03-07-13-23-30-2425435.jpg","keywords":["acessos","desporto","Fair Play","futebol","Sp. Braga","Sporting"],"articleSection":["Desporto","Futebol"],"inLanguage":"pt-PT"},{"@type":"WebPage","@id":"https:\/\/portaltela.pt\/noticias\/2026\/03\/07\/sporting-pede-conduta-de-fair-play-dos-adeptos-em-braga\/","url":"https:\/\/portaltela.pt\/noticias\/2026\/03\/07\/sporting-pede-conduta-de-fair-play-dos-adeptos-em-braga\/","name":"Sporting pede conduta de fair play dos adeptos em Braga - Portal Tela Portugal","isPartOf":{"@id":"https:\/\/portaltela.pt\/#website"},"primaryImageOfPage":{"@id":"https:\/\/portaltela.pt\/noticias\/2026\/03\/07\/sporting-pede-conduta-de-fair-play-dos-adeptos-em-braga\/#primaryimage"},"image":{"@id":"https:\/\/portaltela.pt\/noticias\/2026\/03\/07\/sporting-pede-conduta-de-fair-play-dos-adeptos-em-braga\/#primaryimage"},"thumbnailUrl":"https:\/\/portaltela.pt\/s.01k8rhncp4jt1\/2026\/03\/img_920x518uu2026-03-07-13-23-30-2425435.jpg","datePublished":"2026-03-07T13:24:48+00:00","author":{"@id":"https:\/\/portaltela.pt\/#\/schema\/person\/c4278d4a6028830caff9ee44b42d32ed"},"breadcrumb":{"@id":"https:\/\/portaltela.pt\/noticias\/2026\/03\/07\/sporting-pede-conduta-de-fair-play-dos-adeptos-em-braga\/#breadcrumb"},"inLanguage":"pt-PT","potentialAction":[{"@type":"ReadAction","target":["https:\/\/portaltela.pt\/noticias\/2026\/03\/07\/sporting-pede-conduta-de-fair-play-dos-adeptos-em-braga\/"]}]},{"@type":"ImageObject","inLanguage":"pt-PT","@id":"https:\/\/portaltela.pt\/noticias\/2026\/03\/07\/sporting-pede-conduta-de-fair-play-dos-adeptos-em-braga\/#primaryimage","url":"https:\/\/portaltela.pt\/s.01k8rhncp4jt1\/2026\/03\/img_920x518uu2026-03-07-13-23-30-2425435.jpg","contentUrl":"https:\/\/portaltela.pt\/s.01k8rhncp4jt1\/2026\/03\/img_920x518uu2026-03-07-13-23-30-2425435.jpg","width":796,"height":448,"caption":"Adeptos do Sporting"},{"@type":"BreadcrumbList","@id":"https:\/\/portaltela.pt\/noticias\/2026\/03\/07\/sporting-pede-conduta-de-fair-play-dos-adeptos-em-braga\/#breadcrumb","itemListElement":[{"@type":"ListItem","position":1,"name":"In\u00edcio","item":"https:\/\/portaltela.pt\/"},{"@type":"ListItem","position":2,"name":"Sporting pede conduta de fair play dos adeptos em Braga"}]},{"@type":"WebSite","@id":"https:\/\/portaltela.pt\/#website","url":"https:\/\/portaltela.pt\/","name":"Portal Tela Portugal","description":"","potentialAction":[{"@type":"SearchAction","target":{"@type":"EntryPoint","urlTemplate":"https:\/\/portaltela.pt\/?s={search_term_string}"},"query-input":{"@type":"PropertyValueSpecification","valueRequired":true,"valueName":"search_term_string"}}],"inLanguage":"pt-PT"},{"@type":"Person","@id":"https:\/\/portaltela.pt\/#\/schema\/person\/c4278d4a6028830caff9ee44b42d32ed","name":"Telinha","image":{"@type":"ImageObject","inLanguage":"pt-PT","@id":"https:\/\/portaltela.pt\/s.01k8rhncp4jt1\/2025\/11\/talking-bot-125x125.png","url":"https:\/\/portaltela.pt\/s.01k8rhncp4jt1\/2025\/11\/talking-bot-125x125.png","contentUrl":"https:\/\/portaltela.pt\/s.01k8rhncp4jt1\/2025\/11\/talking-bot-125x125.png","caption":"Telinha"},"sameAs":["https:\/\/portaltela.pt\/"],"url":"https:\/\/portaltela.pt\/por\/367410592786\/"}]}},"_links":{"self":[{"href":"https:\/\/portaltela.pt\/api\/wp\/v2\/posts\/401359","targetHints":{"allow":["GET"]}}],"collection":[{"href":"https:\/\/portaltela.pt\/api\/wp\/v2\/posts"}],"about":[{"href":"https:\/\/portaltela.pt\/api\/wp\/v2\/types\/post"}],"author":[{"embeddable":true,"href":"https:\/\/portaltela.pt\/api\/wp\/v2\/users\/2"}],"replies":[{"embeddable":true,"href":"https:\/\/portaltela.pt\/api\/wp\/v2\/comments?post=401359"}],"version-history":[{"count":0,"href":"https:\/\/portaltela.pt\/api\/wp\/v2\/posts\/401359\/revisions"}],"wp:featuredmedia":[{"embeddable":true,"href":"https:\/\/portaltela.pt\/api\/wp\/v2\/media\/401362"}],"wp:attachment":[{"href":"https:\/\/portaltela.pt\/api\/wp\/v2\/media?parent=401359"}],"wp:term":[{"taxonomy":"category","embeddable":true,"href":"https:\/\/portaltela.pt\/api\/wp\/v2\/categories?post=401359"},{"taxonomy":"post_tag","embeddable":true,"href":"https:\/\/portaltela.pt\/api\/wp\/v2\/tags?post=401359"}],"curies":[{"name":"wp","href":"https:\/\/api.w.org\/{rel}","templated":true}]}}