{"id":401320,"date":"2026-03-07T08:33:00","date_gmt":"2026-03-07T11:33:00","guid":{"rendered":"https:\/\/portaltela.pt\/noticias\/2026\/03\/07\/loule-uma-biografia-sensorial-sob-analise-critica\/"},"modified":"2026-03-07T08:33:00","modified_gmt":"2026-03-07T11:33:00","slug":"loule-uma-biografia-sensorial-sob-analise-critica","status":"publish","type":"post","link":"https:\/\/portaltela.pt\/noticias\/2026\/03\/07\/loule-uma-biografia-sensorial-sob-analise-critica\/","title":{"rendered":"Loul\u00e9: uma biografia sensorial sob an\u00e1lise cr\u00edtica"},"content":{"rendered":"<p>O artigo acompanha uma biografia sensorial de Loul\u00e9, contada por pequenas hist\u00f3rias que procuram tocar a ess\u00eancia da cidade. O cen\u00e1rio inicial \u00e9 urbano e cotidiano, entre ruas, caf\u00e9s e uma esplanada sob chuva mi\u00fada.<\/p>\n<p>Um c\u00e3o atento reage \u00e0 presen\u00e7a de quem o observa, exigindo espa\u00e7o. Tr\u00eas mulheres altas tentam manter a conversa, mas o animal cria tens\u00e3o. Um funcion\u00e1rio aproxima-se com o soprador, acalmando o ambiente e permitindo o regresso \u00e0 normalidade.<\/p>\n<p>Na esplanada, a cidade parece pausa: o poeta Ant\u00f3nio Aleixo observa de uma est\u00e1tua, enquanto o aroma de caf\u00e9 rec\u00e9m-mo\u00eddo invade a sala Calinha. O espa\u00e7o revela uma decora\u00e7\u00e3o que remete a tempos antigos, com m\u00e1rmore, madeira e molduras douradas.<\/p>\n<h3>O Caf\u00e9 Calcinha<\/h3>\n<p>O narrador instala-se no Calcinha, no centro da sala, onde o caf\u00e9 \u00e9 acompanhado de uma conversa amena entre turistas e locais. Ao fundo, tr\u00eas dispensadores mostram gr\u00e3os de caf\u00e9 de Eti\u00f3pia, Col\u00f4mbia e Brasil, e o eleito \u00e9 o de Col\u00f4mbia.<\/p>\n<p>Entre mem\u00f3rias e lendas da Col\u00f4mbia, o texto aponta para a diversidade de hist\u00f3rias que cercam a cidade, sem que se confirme a sua veracidade, apenas o fasc\u00ednio pelas narrativas locais. A conversa entre colegas de mesa quebra o sil\u00eancio da tarde.<\/p>\n<p>O ambiente da sala oferece uma experi\u00eancia sensorial completa: o doce estaladi\u00e7o de uma tarte, o aroma do caf\u00e9 e o barulho discreto de uma cidade que transita entre o antigo e o contempor\u00e2neo. O poeta permanece na esplanada, quase como s\u00edmbolo da passagem do tempo.<\/p>\n<h3>No Mercado de Loul\u00e9<\/h3>\n<p>A narrativa transfere-se para o mercado, onde o movimento \u00e9 contido pela chuva que se adensa. Alguns homens conversam sobre o obitu\u00e1rio e o quotidiano, num tom leve que contrasta com a formalidade da pra\u00e7a.<\/p>\n<p>No interior, o fluxo de bancas oferece uma miscel\u00e2nea de cheiros: frutos secos, mel, figos, am\u00eandoas e bolachas regionais. O ar mistura elos de alimento com a vida di\u00e1ria de residentes e visitantes que percorrem o espa\u00e7o.<\/p>\n<p>A banca da filh\u00f3 \u00e9 apresentada como mem\u00f3ria viva de Loul\u00e9: uma comerciante de longa data, ainda ativa aos 88 anos. Ela descreve a sua hist\u00f3ria no lugar, a produ\u00e7\u00e3o das filhoses e a qualidade da tradi\u00e7\u00e3o, j\u00e1 reconhecida pela comunidade.<\/p>\n","protected":false},"excerpt":{"rendered":"<ul>\n<li>O narrador visita Loul\u00e9 numa manh\u00e3 chuvosa, procurando fotografar a est\u00e1tua do poeta Ant\u00f3nio Aleixo, mas \u00e9 interrompido pelo c\u00e3o da esplanada e pela conversa de duas mulheres altas.<\/li>\n<li>No Calcinha, descreve o ambiente retr\u00f4 e o aroma a caf\u00e9, enquanto partilha uma lenda colombiana sobre o Homem Jacar\u00e9, sem rela\u00e7\u00e3o com a regi\u00e3o.<\/li>\n<li>Um grupo de quatro homens discute o jogo Porto versus Sporting, entre gargalhadas, e o narrador observa a vida cotidiana entre pessoas e interrup\u00e7\u00f5es.<\/li>\n<li>Dirige-se ao mercado, onde h\u00e1 cheiros de frutas secas, p\u00e3o, bolachas e frutos, e observa crian\u00e7as estrangeiras a brincar; compra uma filh\u00f3 da Dona Beatriz Guerreiro, de oitenta e oito anos.<\/li>\n<li>Dona Beatriz revela que faz as filh\u00f3s h\u00e1 anos, frita-as de madrugada e j\u00e1 viu-se na televis\u00e3o; o narrador saiu com a filh\u00f3 a caminho da boca, impressionado pela vivacidade local.<\/li>\n<\/ul>\n","protected":false},"author":2,"featured_media":401321,"comment_status":"closed","ping_status":"closed","sticky":false,"template":"","format":"standard","meta":{"footnotes":""},"categories":[1],"tags":[2469,145,2830,219,2302,6502],"class_list":["post-401320","post","type-post","status-publish","format-standard","has-post-thumbnail","hentry","category-noticias","tag-colombia","tag-cultura","tag-etiopia","tag-gastronomia","tag-loule","tag-mercados"],"yoast_head":"<!-- This site is optimized with the Yoast SEO plugin v27.2 - https:\/\/yoast.com\/product\/yoast-seo-wordpress\/ -->\n<title>Loul\u00e9: uma biografia sensorial sob an\u00e1lise cr\u00edtica - Portal Tela Portugal<\/title>\n<meta name=\"robots\" content=\"index, follow, max-snippet:-1, max-image-preview:large, max-video-preview:-1\" \/>\n<meta property=\"og:locale\" content=\"pt_PT\" \/>\n<meta property=\"og:type\" content=\"article\" \/>\n<meta property=\"og:title\" content=\"Loul\u00e9: uma biografia sensorial sob an\u00e1lise cr\u00edtica - Portal Tela Portugal\" \/>\n<meta property=\"og:description\" content=\"O narrador visita Loul\u00e9 numa manh\u00e3 chuvosa, procurando fotografar a est\u00e1tua do poeta Ant\u00f3nio Aleixo, mas \u00e9 interrompido pelo c\u00e3o da esplanada e pela conversa de duas mulheres altas. No Calcinha, descreve o ambiente retr\u00f4 e o aroma a caf\u00e9, enquanto partilha uma lenda colombiana sobre o Homem Jacar\u00e9, sem rela\u00e7\u00e3o com a regi\u00e3o. Um grupo de quatro homens discute o jogo Porto versus Sporting, entre gargalhadas, e o narrador observa a vida cotidiana entre pessoas e interrup\u00e7\u00f5es. Dirige-se ao mercado, onde h\u00e1 cheiros de frutas secas, p\u00e3o, bolachas e frutos, e observa crian\u00e7as estrangeiras a brincar; compra uma filh\u00f3 da Dona Beatriz Guerreiro, de oitenta e oito anos. Dona Beatriz revela que faz as filh\u00f3s h\u00e1 anos, frita-as de madrugada e j\u00e1 viu-se na televis\u00e3o; o narrador saiu com a filh\u00f3 a caminho da boca, impressionado pela vivacidade local.\" \/>\n<meta property=\"og:url\" content=\"https:\/\/portaltela.pt\/noticias\/2026\/03\/07\/loule-uma-biografia-sensorial-sob-analise-critica\/\" \/>\n<meta property=\"og:site_name\" content=\"Portal Tela Portugal\" \/>\n<meta property=\"article:published_time\" content=\"2026-03-07T11:33:00+00:00\" \/>\n<meta name=\"author\" content=\"Telinha\" \/>\n<meta name=\"twitter:card\" content=\"summary_large_image\" \/>\n<meta name=\"twitter:label1\" content=\"Escrito por\" \/>\n\t<meta name=\"twitter:data1\" content=\"Telinha\" \/>\n\t<meta name=\"twitter:label2\" content=\"Tempo estimado de leitura\" \/>\n\t<meta name=\"twitter:data2\" content=\"2 minutos\" \/>\n<script type=\"application\/ld+json\" class=\"yoast-schema-graph\">{\"@context\":\"https:\/\/schema.org\",\"@graph\":[{\"@type\":\"Article\",\"@id\":\"https:\/\/portaltela.pt\/noticias\/2026\/03\/07\/loule-uma-biografia-sensorial-sob-analise-critica\/#article\",\"isPartOf\":{\"@id\":\"https:\/\/portaltela.pt\/noticias\/2026\/03\/07\/loule-uma-biografia-sensorial-sob-analise-critica\/\"},\"author\":{\"name\":\"Telinha\",\"@id\":\"https:\/\/portaltela.pt\/#\/schema\/person\/c4278d4a6028830caff9ee44b42d32ed\"},\"headline\":\"Loul\u00e9: uma biografia sensorial sob an\u00e1lise cr\u00edtica\",\"datePublished\":\"2026-03-07T11:33:00+00:00\",\"mainEntityOfPage\":{\"@id\":\"https:\/\/portaltela.pt\/noticias\/2026\/03\/07\/loule-uma-biografia-sensorial-sob-analise-critica\/\"},\"wordCount\":407,\"image\":{\"@id\":\"https:\/\/portaltela.pt\/noticias\/2026\/03\/07\/loule-uma-biografia-sensorial-sob-analise-critica\/#primaryimage\"},\"thumbnailUrl\":\"https:\/\/portaltela.pt\/s.01k8rhncp4jt1\/2026\/03\/2072063.jpg\",\"keywords\":[\"Col\u00f4mbia\",\"cultura\",\"Eti\u00f3pia\",\"gastronomia\",\"Loul\u00e9\",\"mercados\"],\"articleSection\":[\"Not\u00edcias\"],\"inLanguage\":\"pt-PT\"},{\"@type\":\"WebPage\",\"@id\":\"https:\/\/portaltela.pt\/noticias\/2026\/03\/07\/loule-uma-biografia-sensorial-sob-analise-critica\/\",\"url\":\"https:\/\/portaltela.pt\/noticias\/2026\/03\/07\/loule-uma-biografia-sensorial-sob-analise-critica\/\",\"name\":\"Loul\u00e9: uma biografia sensorial sob an\u00e1lise cr\u00edtica - Portal Tela Portugal\",\"isPartOf\":{\"@id\":\"https:\/\/portaltela.pt\/#website\"},\"primaryImageOfPage\":{\"@id\":\"https:\/\/portaltela.pt\/noticias\/2026\/03\/07\/loule-uma-biografia-sensorial-sob-analise-critica\/#primaryimage\"},\"image\":{\"@id\":\"https:\/\/portaltela.pt\/noticias\/2026\/03\/07\/loule-uma-biografia-sensorial-sob-analise-critica\/#primaryimage\"},\"thumbnailUrl\":\"https:\/\/portaltela.pt\/s.01k8rhncp4jt1\/2026\/03\/2072063.jpg\",\"datePublished\":\"2026-03-07T11:33:00+00:00\",\"author\":{\"@id\":\"https:\/\/portaltela.pt\/#\/schema\/person\/c4278d4a6028830caff9ee44b42d32ed\"},\"breadcrumb\":{\"@id\":\"https:\/\/portaltela.pt\/noticias\/2026\/03\/07\/loule-uma-biografia-sensorial-sob-analise-critica\/#breadcrumb\"},\"inLanguage\":\"pt-PT\",\"potentialAction\":[{\"@type\":\"ReadAction\",\"target\":[\"https:\/\/portaltela.pt\/noticias\/2026\/03\/07\/loule-uma-biografia-sensorial-sob-analise-critica\/\"]}]},{\"@type\":\"ImageObject\",\"inLanguage\":\"pt-PT\",\"@id\":\"https:\/\/portaltela.pt\/noticias\/2026\/03\/07\/loule-uma-biografia-sensorial-sob-analise-critica\/#primaryimage\",\"url\":\"https:\/\/portaltela.pt\/s.01k8rhncp4jt1\/2026\/03\/2072063.jpg\",\"contentUrl\":\"https:\/\/portaltela.pt\/s.01k8rhncp4jt1\/2026\/03\/2072063.jpg\",\"width\":796,\"height\":448,\"caption\":\"Ant\u00f3nio Aleixo, poeta popular, \u00e0 chuva na esplanada do Caf\u00e9 Calcinha\"},{\"@type\":\"BreadcrumbList\",\"@id\":\"https:\/\/portaltela.pt\/noticias\/2026\/03\/07\/loule-uma-biografia-sensorial-sob-analise-critica\/#breadcrumb\",\"itemListElement\":[{\"@type\":\"ListItem\",\"position\":1,\"name\":\"In\u00edcio\",\"item\":\"https:\/\/portaltela.pt\/\"},{\"@type\":\"ListItem\",\"position\":2,\"name\":\"Loul\u00e9: uma biografia sensorial sob an\u00e1lise cr\u00edtica\"}]},{\"@type\":\"WebSite\",\"@id\":\"https:\/\/portaltela.pt\/#website\",\"url\":\"https:\/\/portaltela.pt\/\",\"name\":\"Portal Tela Portugal\",\"description\":\"\",\"potentialAction\":[{\"@type\":\"SearchAction\",\"target\":{\"@type\":\"EntryPoint\",\"urlTemplate\":\"https:\/\/portaltela.pt\/?s={search_term_string}\"},\"query-input\":{\"@type\":\"PropertyValueSpecification\",\"valueRequired\":true,\"valueName\":\"search_term_string\"}}],\"inLanguage\":\"pt-PT\"},{\"@type\":\"Person\",\"@id\":\"https:\/\/portaltela.pt\/#\/schema\/person\/c4278d4a6028830caff9ee44b42d32ed\",\"name\":\"Telinha\",\"image\":{\"@type\":\"ImageObject\",\"inLanguage\":\"pt-PT\",\"@id\":\"https:\/\/portaltela.pt\/s.01k8rhncp4jt1\/2025\/11\/talking-bot-125x125.png\",\"url\":\"https:\/\/portaltela.pt\/s.01k8rhncp4jt1\/2025\/11\/talking-bot-125x125.png\",\"contentUrl\":\"https:\/\/portaltela.pt\/s.01k8rhncp4jt1\/2025\/11\/talking-bot-125x125.png\",\"caption\":\"Telinha\"},\"sameAs\":[\"https:\/\/portaltela.pt\/\"],\"url\":\"https:\/\/portaltela.pt\/por\/367410592786\/\"}]}<\/script>\n<!-- \/ Yoast SEO plugin. -->","yoast_head_json":{"title":"Loul\u00e9: uma biografia sensorial sob an\u00e1lise cr\u00edtica - Portal Tela Portugal","robots":{"index":"index","follow":"follow","max-snippet":"max-snippet:-1","max-image-preview":"max-image-preview:large","max-video-preview":"max-video-preview:-1"},"og_locale":"pt_PT","og_type":"article","og_title":"Loul\u00e9: uma biografia sensorial sob an\u00e1lise cr\u00edtica - Portal Tela Portugal","og_description":"O narrador visita Loul\u00e9 numa manh\u00e3 chuvosa, procurando fotografar a est\u00e1tua do poeta Ant\u00f3nio Aleixo, mas \u00e9 interrompido pelo c\u00e3o da esplanada e pela conversa de duas mulheres altas. No Calcinha, descreve o ambiente retr\u00f4 e o aroma a caf\u00e9, enquanto partilha uma lenda colombiana sobre o Homem Jacar\u00e9, sem rela\u00e7\u00e3o com a regi\u00e3o. Um grupo de quatro homens discute o jogo Porto versus Sporting, entre gargalhadas, e o narrador observa a vida cotidiana entre pessoas e interrup\u00e7\u00f5es. Dirige-se ao mercado, onde h\u00e1 cheiros de frutas secas, p\u00e3o, bolachas e frutos, e observa crian\u00e7as estrangeiras a brincar; compra uma filh\u00f3 da Dona Beatriz Guerreiro, de oitenta e oito anos. Dona Beatriz revela que faz as filh\u00f3s h\u00e1 anos, frita-as de madrugada e j\u00e1 viu-se na televis\u00e3o; o narrador saiu com a filh\u00f3 a caminho da boca, impressionado pela vivacidade local.","og_url":"https:\/\/portaltela.pt\/noticias\/2026\/03\/07\/loule-uma-biografia-sensorial-sob-analise-critica\/","og_site_name":"Portal Tela Portugal","article_published_time":"2026-03-07T11:33:00+00:00","author":"Telinha","twitter_card":"summary_large_image","twitter_misc":{"Escrito por":"Telinha","Tempo estimado de leitura":"2 minutos"},"schema":{"@context":"https:\/\/schema.org","@graph":[{"@type":"Article","@id":"https:\/\/portaltela.pt\/noticias\/2026\/03\/07\/loule-uma-biografia-sensorial-sob-analise-critica\/#article","isPartOf":{"@id":"https:\/\/portaltela.pt\/noticias\/2026\/03\/07\/loule-uma-biografia-sensorial-sob-analise-critica\/"},"author":{"name":"Telinha","@id":"https:\/\/portaltela.pt\/#\/schema\/person\/c4278d4a6028830caff9ee44b42d32ed"},"headline":"Loul\u00e9: uma biografia sensorial sob an\u00e1lise cr\u00edtica","datePublished":"2026-03-07T11:33:00+00:00","mainEntityOfPage":{"@id":"https:\/\/portaltela.pt\/noticias\/2026\/03\/07\/loule-uma-biografia-sensorial-sob-analise-critica\/"},"wordCount":407,"image":{"@id":"https:\/\/portaltela.pt\/noticias\/2026\/03\/07\/loule-uma-biografia-sensorial-sob-analise-critica\/#primaryimage"},"thumbnailUrl":"https:\/\/portaltela.pt\/s.01k8rhncp4jt1\/2026\/03\/2072063.jpg","keywords":["Col\u00f4mbia","cultura","Eti\u00f3pia","gastronomia","Loul\u00e9","mercados"],"articleSection":["Not\u00edcias"],"inLanguage":"pt-PT"},{"@type":"WebPage","@id":"https:\/\/portaltela.pt\/noticias\/2026\/03\/07\/loule-uma-biografia-sensorial-sob-analise-critica\/","url":"https:\/\/portaltela.pt\/noticias\/2026\/03\/07\/loule-uma-biografia-sensorial-sob-analise-critica\/","name":"Loul\u00e9: uma biografia sensorial sob an\u00e1lise cr\u00edtica - Portal Tela Portugal","isPartOf":{"@id":"https:\/\/portaltela.pt\/#website"},"primaryImageOfPage":{"@id":"https:\/\/portaltela.pt\/noticias\/2026\/03\/07\/loule-uma-biografia-sensorial-sob-analise-critica\/#primaryimage"},"image":{"@id":"https:\/\/portaltela.pt\/noticias\/2026\/03\/07\/loule-uma-biografia-sensorial-sob-analise-critica\/#primaryimage"},"thumbnailUrl":"https:\/\/portaltela.pt\/s.01k8rhncp4jt1\/2026\/03\/2072063.jpg","datePublished":"2026-03-07T11:33:00+00:00","author":{"@id":"https:\/\/portaltela.pt\/#\/schema\/person\/c4278d4a6028830caff9ee44b42d32ed"},"breadcrumb":{"@id":"https:\/\/portaltela.pt\/noticias\/2026\/03\/07\/loule-uma-biografia-sensorial-sob-analise-critica\/#breadcrumb"},"inLanguage":"pt-PT","potentialAction":[{"@type":"ReadAction","target":["https:\/\/portaltela.pt\/noticias\/2026\/03\/07\/loule-uma-biografia-sensorial-sob-analise-critica\/"]}]},{"@type":"ImageObject","inLanguage":"pt-PT","@id":"https:\/\/portaltela.pt\/noticias\/2026\/03\/07\/loule-uma-biografia-sensorial-sob-analise-critica\/#primaryimage","url":"https:\/\/portaltela.pt\/s.01k8rhncp4jt1\/2026\/03\/2072063.jpg","contentUrl":"https:\/\/portaltela.pt\/s.01k8rhncp4jt1\/2026\/03\/2072063.jpg","width":796,"height":448,"caption":"Ant\u00f3nio Aleixo, poeta popular, \u00e0 chuva na esplanada do Caf\u00e9 Calcinha"},{"@type":"BreadcrumbList","@id":"https:\/\/portaltela.pt\/noticias\/2026\/03\/07\/loule-uma-biografia-sensorial-sob-analise-critica\/#breadcrumb","itemListElement":[{"@type":"ListItem","position":1,"name":"In\u00edcio","item":"https:\/\/portaltela.pt\/"},{"@type":"ListItem","position":2,"name":"Loul\u00e9: uma biografia sensorial sob an\u00e1lise cr\u00edtica"}]},{"@type":"WebSite","@id":"https:\/\/portaltela.pt\/#website","url":"https:\/\/portaltela.pt\/","name":"Portal Tela Portugal","description":"","potentialAction":[{"@type":"SearchAction","target":{"@type":"EntryPoint","urlTemplate":"https:\/\/portaltela.pt\/?s={search_term_string}"},"query-input":{"@type":"PropertyValueSpecification","valueRequired":true,"valueName":"search_term_string"}}],"inLanguage":"pt-PT"},{"@type":"Person","@id":"https:\/\/portaltela.pt\/#\/schema\/person\/c4278d4a6028830caff9ee44b42d32ed","name":"Telinha","image":{"@type":"ImageObject","inLanguage":"pt-PT","@id":"https:\/\/portaltela.pt\/s.01k8rhncp4jt1\/2025\/11\/talking-bot-125x125.png","url":"https:\/\/portaltela.pt\/s.01k8rhncp4jt1\/2025\/11\/talking-bot-125x125.png","contentUrl":"https:\/\/portaltela.pt\/s.01k8rhncp4jt1\/2025\/11\/talking-bot-125x125.png","caption":"Telinha"},"sameAs":["https:\/\/portaltela.pt\/"],"url":"https:\/\/portaltela.pt\/por\/367410592786\/"}]}},"_links":{"self":[{"href":"https:\/\/portaltela.pt\/api\/wp\/v2\/posts\/401320","targetHints":{"allow":["GET"]}}],"collection":[{"href":"https:\/\/portaltela.pt\/api\/wp\/v2\/posts"}],"about":[{"href":"https:\/\/portaltela.pt\/api\/wp\/v2\/types\/post"}],"author":[{"embeddable":true,"href":"https:\/\/portaltela.pt\/api\/wp\/v2\/users\/2"}],"replies":[{"embeddable":true,"href":"https:\/\/portaltela.pt\/api\/wp\/v2\/comments?post=401320"}],"version-history":[{"count":0,"href":"https:\/\/portaltela.pt\/api\/wp\/v2\/posts\/401320\/revisions"}],"wp:featuredmedia":[{"embeddable":true,"href":"https:\/\/portaltela.pt\/api\/wp\/v2\/media\/401321"}],"wp:attachment":[{"href":"https:\/\/portaltela.pt\/api\/wp\/v2\/media?parent=401320"}],"wp:term":[{"taxonomy":"category","embeddable":true,"href":"https:\/\/portaltela.pt\/api\/wp\/v2\/categories?post=401320"},{"taxonomy":"post_tag","embeddable":true,"href":"https:\/\/portaltela.pt\/api\/wp\/v2\/tags?post=401320"}],"curies":[{"name":"wp","href":"https:\/\/api.w.org\/{rel}","templated":true}]}}