{"id":401302,"date":"2026-03-07T09:06:00","date_gmt":"2026-03-07T12:06:00","guid":{"rendered":"https:\/\/portaltela.pt\/noticias\/2026\/03\/07\/prisao-preventiva-de-sete-policias-acusados-de-tortura-na-esquadra-do-rato\/"},"modified":"2026-03-07T09:06:00","modified_gmt":"2026-03-07T12:06:00","slug":"prisao-preventiva-de-sete-policias-acusados-de-tortura-na-esquadra-do-rato","status":"publish","type":"post","link":"https:\/\/portaltela.pt\/noticias\/politica\/2026\/03\/07\/prisao-preventiva-de-sete-policias-acusados-de-tortura-na-esquadra-do-rato\/","title":{"rendered":"Pris\u00e3o preventiva de sete pol\u00edcias acusados de tortura na esquadra do Rato"},"content":{"rendered":"<p>Os sete agentes da PSP acusados de maus-tratos e tortura permaneceram em pris\u00e3o preventiva. A decis\u00e3o foi tornada p\u00fablica neste s\u00e1bado, ap\u00f3s as acusa\u00e7\u00f5es terem vindo a p\u00fablico.<\/p>\n<p>O caso envolve a esquadra da PSP do Rato, em Lisboa, onde os pol\u00edcias s\u00e3o apontados por pr\u00e1tica de maus-tratos e tortura de cidad\u00e3os. A autoridade competente n\u00e3o divulgou detalhes adicionais sobre as alega\u00e7\u00f5es.<\/p>\n<p>N\u00e3o foram avan\u00e7ados os nomes dos detidos. A defesa n\u00e3o foi ao p\u00fablico indicado neste momento. A medida de pris\u00e3o preventiva visa assegurar a investiga\u00e7\u00e3o e evitar risco de perturba\u00e7\u00e3o.<\/p>\n<p>As autoridades respons\u00e1veis pela investiga\u00e7\u00e3o mant\u00eam o sil\u00eancio sobre elementos que possam comprometer o processo. N\u00e3o h\u00e1 informa\u00e7\u00f5es oficiais sobre prazos ou pr\u00f3ximos passos da justi\u00e7a.<\/p>\n","protected":false},"excerpt":{"rendered":"<ul>\n<li>Ficam em pris\u00e3o preventiva os sete pol\u00edcias acusados de maus-tratos e tortura na esquadra do Rato, em Lisboa.<\/li>\n<li>A decis\u00e3o foi conhecida neste s\u00e1bado.<\/li>\n<li>Os sete agentes s\u00e3o alvo de acusa\u00e7\u00e3o relacionada com maus-tratos e tortura.<\/li>\n<li>A informa\u00e7\u00e3o \u00e9 atualizada conforme o andamento do caso.<\/li>\n<\/ul>\n","protected":false},"author":2,"featured_media":401303,"comment_status":"closed","ping_status":"closed","sticky":false,"template":"","format":"standard","meta":{"footnotes":""},"categories":[1,5],"tags":[215,981,5869,3418,4343,3535],"class_list":["post-401302","post","type-post","status-publish","format-standard","has-post-thumbnail","hentry","category-noticias","category-politica","tag-investigacao","tag-lisboa","tag-maus-tratos","tag-policia-de-seguranca-publica","tag-prisoes","tag-tortura"],"yoast_head":"<!-- This site is optimized with the Yoast SEO plugin v27.2 - https:\/\/yoast.com\/product\/yoast-seo-wordpress\/ -->\n<title>Pris\u00e3o preventiva de sete pol\u00edcias acusados de tortura na esquadra do Rato - Portal Tela Portugal<\/title>\n<meta name=\"robots\" content=\"index, follow, max-snippet:-1, max-image-preview:large, max-video-preview:-1\" \/>\n<meta property=\"og:locale\" content=\"pt_PT\" \/>\n<meta property=\"og:type\" content=\"article\" \/>\n<meta property=\"og:title\" content=\"Pris\u00e3o preventiva de sete pol\u00edcias acusados de tortura na esquadra do Rato - Portal Tela Portugal\" \/>\n<meta property=\"og:description\" content=\"Ficam em pris\u00e3o preventiva os sete pol\u00edcias acusados de maus-tratos e tortura na esquadra do Rato, em Lisboa. A decis\u00e3o foi conhecida neste s\u00e1bado. Os sete agentes s\u00e3o alvo de acusa\u00e7\u00e3o relacionada com maus-tratos e tortura. A informa\u00e7\u00e3o \u00e9 atualizada conforme o andamento do caso.\" \/>\n<meta property=\"og:url\" content=\"https:\/\/portaltela.pt\/noticias\/2026\/03\/07\/prisao-preventiva-de-sete-policias-acusados-de-tortura-na-esquadra-do-rato\/\" \/>\n<meta property=\"og:site_name\" content=\"Portal Tela Portugal\" \/>\n<meta property=\"article:published_time\" content=\"2026-03-07T12:06:00+00:00\" \/>\n<meta name=\"author\" content=\"Telinha\" \/>\n<meta name=\"twitter:card\" content=\"summary_large_image\" \/>\n<meta name=\"twitter:label1\" content=\"Escrito por\" \/>\n\t<meta name=\"twitter:data1\" content=\"Telinha\" \/>\n\t<meta name=\"twitter:label2\" content=\"Tempo estimado de leitura\" \/>\n\t<meta name=\"twitter:data2\" content=\"1 minuto\" \/>\n<script type=\"application\/ld+json\" class=\"yoast-schema-graph\">{\"@context\":\"https:\/\/schema.org\",\"@graph\":[{\"@type\":\"Article\",\"@id\":\"https:\/\/portaltela.pt\/noticias\/2026\/03\/07\/prisao-preventiva-de-sete-policias-acusados-de-tortura-na-esquadra-do-rato\/#article\",\"isPartOf\":{\"@id\":\"https:\/\/portaltela.pt\/noticias\/2026\/03\/07\/prisao-preventiva-de-sete-policias-acusados-de-tortura-na-esquadra-do-rato\/\"},\"author\":{\"name\":\"Telinha\",\"@id\":\"https:\/\/portaltela.pt\/#\/schema\/person\/c4278d4a6028830caff9ee44b42d32ed\"},\"headline\":\"Pris\u00e3o preventiva de sete pol\u00edcias acusados de tortura na esquadra do Rato\",\"datePublished\":\"2026-03-07T12:06:00+00:00\",\"mainEntityOfPage\":{\"@id\":\"https:\/\/portaltela.pt\/noticias\/2026\/03\/07\/prisao-preventiva-de-sete-policias-acusados-de-tortura-na-esquadra-do-rato\/\"},\"wordCount\":160,\"image\":{\"@id\":\"https:\/\/portaltela.pt\/noticias\/2026\/03\/07\/prisao-preventiva-de-sete-policias-acusados-de-tortura-na-esquadra-do-rato\/#primaryimage\"},\"thumbnailUrl\":\"https:\/\/portaltela.pt\/s.01k8rhncp4jt1\/2026\/03\/img_1500x1000uu2026-01-16-23-13-13-2260748-im-639084175042397182.jpg\",\"keywords\":[\"investiga\u00e7\u00e3o\",\"Lisboa\",\"maus-tratos\",\"Pol\u00edcia de Seguran\u00e7a P\u00fablica\",\"pris\u00f5es\",\"tortura\"],\"articleSection\":[\"Not\u00edcias\",\"Pol\u00edtica\"],\"inLanguage\":\"pt-PT\"},{\"@type\":\"WebPage\",\"@id\":\"https:\/\/portaltela.pt\/noticias\/2026\/03\/07\/prisao-preventiva-de-sete-policias-acusados-de-tortura-na-esquadra-do-rato\/\",\"url\":\"https:\/\/portaltela.pt\/noticias\/2026\/03\/07\/prisao-preventiva-de-sete-policias-acusados-de-tortura-na-esquadra-do-rato\/\",\"name\":\"Pris\u00e3o preventiva de sete pol\u00edcias acusados de tortura na esquadra do Rato - Portal Tela Portugal\",\"isPartOf\":{\"@id\":\"https:\/\/portaltela.pt\/#website\"},\"primaryImageOfPage\":{\"@id\":\"https:\/\/portaltela.pt\/noticias\/2026\/03\/07\/prisao-preventiva-de-sete-policias-acusados-de-tortura-na-esquadra-do-rato\/#primaryimage\"},\"image\":{\"@id\":\"https:\/\/portaltela.pt\/noticias\/2026\/03\/07\/prisao-preventiva-de-sete-policias-acusados-de-tortura-na-esquadra-do-rato\/#primaryimage\"},\"thumbnailUrl\":\"https:\/\/portaltela.pt\/s.01k8rhncp4jt1\/2026\/03\/img_1500x1000uu2026-01-16-23-13-13-2260748-im-639084175042397182.jpg\",\"datePublished\":\"2026-03-07T12:06:00+00:00\",\"author\":{\"@id\":\"https:\/\/portaltela.pt\/#\/schema\/person\/c4278d4a6028830caff9ee44b42d32ed\"},\"breadcrumb\":{\"@id\":\"https:\/\/portaltela.pt\/noticias\/2026\/03\/07\/prisao-preventiva-de-sete-policias-acusados-de-tortura-na-esquadra-do-rato\/#breadcrumb\"},\"inLanguage\":\"pt-PT\",\"potentialAction\":[{\"@type\":\"ReadAction\",\"target\":[\"https:\/\/portaltela.pt\/noticias\/2026\/03\/07\/prisao-preventiva-de-sete-policias-acusados-de-tortura-na-esquadra-do-rato\/\"]}]},{\"@type\":\"ImageObject\",\"inLanguage\":\"pt-PT\",\"@id\":\"https:\/\/portaltela.pt\/noticias\/2026\/03\/07\/prisao-preventiva-de-sete-policias-acusados-de-tortura-na-esquadra-do-rato\/#primaryimage\",\"url\":\"https:\/\/portaltela.pt\/s.01k8rhncp4jt1\/2026\/03\/img_1500x1000uu2026-01-16-23-13-13-2260748-im-639084175042397182.jpg\",\"contentUrl\":\"https:\/\/portaltela.pt\/s.01k8rhncp4jt1\/2026\/03\/img_1500x1000uu2026-01-16-23-13-13-2260748-im-639084175042397182.jpg\",\"width\":796,\"height\":448,\"caption\":\"Esquadra do Largo do Rato, onde ocorreu a maioria dos casos descritos na acusa\u00e7\u00e3o\"},{\"@type\":\"BreadcrumbList\",\"@id\":\"https:\/\/portaltela.pt\/noticias\/2026\/03\/07\/prisao-preventiva-de-sete-policias-acusados-de-tortura-na-esquadra-do-rato\/#breadcrumb\",\"itemListElement\":[{\"@type\":\"ListItem\",\"position\":1,\"name\":\"In\u00edcio\",\"item\":\"https:\/\/portaltela.pt\/\"},{\"@type\":\"ListItem\",\"position\":2,\"name\":\"Pris\u00e3o preventiva de sete pol\u00edcias acusados de tortura na esquadra do Rato\"}]},{\"@type\":\"WebSite\",\"@id\":\"https:\/\/portaltela.pt\/#website\",\"url\":\"https:\/\/portaltela.pt\/\",\"name\":\"Portal Tela Portugal\",\"description\":\"\",\"potentialAction\":[{\"@type\":\"SearchAction\",\"target\":{\"@type\":\"EntryPoint\",\"urlTemplate\":\"https:\/\/portaltela.pt\/?s={search_term_string}\"},\"query-input\":{\"@type\":\"PropertyValueSpecification\",\"valueRequired\":true,\"valueName\":\"search_term_string\"}}],\"inLanguage\":\"pt-PT\"},{\"@type\":\"Person\",\"@id\":\"https:\/\/portaltela.pt\/#\/schema\/person\/c4278d4a6028830caff9ee44b42d32ed\",\"name\":\"Telinha\",\"image\":{\"@type\":\"ImageObject\",\"inLanguage\":\"pt-PT\",\"@id\":\"https:\/\/portaltela.pt\/s.01k8rhncp4jt1\/2025\/11\/talking-bot-125x125.png\",\"url\":\"https:\/\/portaltela.pt\/s.01k8rhncp4jt1\/2025\/11\/talking-bot-125x125.png\",\"contentUrl\":\"https:\/\/portaltela.pt\/s.01k8rhncp4jt1\/2025\/11\/talking-bot-125x125.png\",\"caption\":\"Telinha\"},\"sameAs\":[\"https:\/\/portaltela.pt\/\"],\"url\":\"https:\/\/portaltela.pt\/por\/367410592786\/\"}]}<\/script>\n<!-- \/ Yoast SEO plugin. -->","yoast_head_json":{"title":"Pris\u00e3o preventiva de sete pol\u00edcias acusados de tortura na esquadra do Rato - Portal Tela Portugal","robots":{"index":"index","follow":"follow","max-snippet":"max-snippet:-1","max-image-preview":"max-image-preview:large","max-video-preview":"max-video-preview:-1"},"og_locale":"pt_PT","og_type":"article","og_title":"Pris\u00e3o preventiva de sete pol\u00edcias acusados de tortura na esquadra do Rato - Portal Tela Portugal","og_description":"Ficam em pris\u00e3o preventiva os sete pol\u00edcias acusados de maus-tratos e tortura na esquadra do Rato, em Lisboa. A decis\u00e3o foi conhecida neste s\u00e1bado. Os sete agentes s\u00e3o alvo de acusa\u00e7\u00e3o relacionada com maus-tratos e tortura. A informa\u00e7\u00e3o \u00e9 atualizada conforme o andamento do caso.","og_url":"https:\/\/portaltela.pt\/noticias\/2026\/03\/07\/prisao-preventiva-de-sete-policias-acusados-de-tortura-na-esquadra-do-rato\/","og_site_name":"Portal Tela Portugal","article_published_time":"2026-03-07T12:06:00+00:00","author":"Telinha","twitter_card":"summary_large_image","twitter_misc":{"Escrito por":"Telinha","Tempo estimado de leitura":"1 minuto"},"schema":{"@context":"https:\/\/schema.org","@graph":[{"@type":"Article","@id":"https:\/\/portaltela.pt\/noticias\/2026\/03\/07\/prisao-preventiva-de-sete-policias-acusados-de-tortura-na-esquadra-do-rato\/#article","isPartOf":{"@id":"https:\/\/portaltela.pt\/noticias\/2026\/03\/07\/prisao-preventiva-de-sete-policias-acusados-de-tortura-na-esquadra-do-rato\/"},"author":{"name":"Telinha","@id":"https:\/\/portaltela.pt\/#\/schema\/person\/c4278d4a6028830caff9ee44b42d32ed"},"headline":"Pris\u00e3o preventiva de sete pol\u00edcias acusados de tortura na esquadra do Rato","datePublished":"2026-03-07T12:06:00+00:00","mainEntityOfPage":{"@id":"https:\/\/portaltela.pt\/noticias\/2026\/03\/07\/prisao-preventiva-de-sete-policias-acusados-de-tortura-na-esquadra-do-rato\/"},"wordCount":160,"image":{"@id":"https:\/\/portaltela.pt\/noticias\/2026\/03\/07\/prisao-preventiva-de-sete-policias-acusados-de-tortura-na-esquadra-do-rato\/#primaryimage"},"thumbnailUrl":"https:\/\/portaltela.pt\/s.01k8rhncp4jt1\/2026\/03\/img_1500x1000uu2026-01-16-23-13-13-2260748-im-639084175042397182.jpg","keywords":["investiga\u00e7\u00e3o","Lisboa","maus-tratos","Pol\u00edcia de Seguran\u00e7a P\u00fablica","pris\u00f5es","tortura"],"articleSection":["Not\u00edcias","Pol\u00edtica"],"inLanguage":"pt-PT"},{"@type":"WebPage","@id":"https:\/\/portaltela.pt\/noticias\/2026\/03\/07\/prisao-preventiva-de-sete-policias-acusados-de-tortura-na-esquadra-do-rato\/","url":"https:\/\/portaltela.pt\/noticias\/2026\/03\/07\/prisao-preventiva-de-sete-policias-acusados-de-tortura-na-esquadra-do-rato\/","name":"Pris\u00e3o preventiva de sete pol\u00edcias acusados de tortura na esquadra do Rato - Portal Tela Portugal","isPartOf":{"@id":"https:\/\/portaltela.pt\/#website"},"primaryImageOfPage":{"@id":"https:\/\/portaltela.pt\/noticias\/2026\/03\/07\/prisao-preventiva-de-sete-policias-acusados-de-tortura-na-esquadra-do-rato\/#primaryimage"},"image":{"@id":"https:\/\/portaltela.pt\/noticias\/2026\/03\/07\/prisao-preventiva-de-sete-policias-acusados-de-tortura-na-esquadra-do-rato\/#primaryimage"},"thumbnailUrl":"https:\/\/portaltela.pt\/s.01k8rhncp4jt1\/2026\/03\/img_1500x1000uu2026-01-16-23-13-13-2260748-im-639084175042397182.jpg","datePublished":"2026-03-07T12:06:00+00:00","author":{"@id":"https:\/\/portaltela.pt\/#\/schema\/person\/c4278d4a6028830caff9ee44b42d32ed"},"breadcrumb":{"@id":"https:\/\/portaltela.pt\/noticias\/2026\/03\/07\/prisao-preventiva-de-sete-policias-acusados-de-tortura-na-esquadra-do-rato\/#breadcrumb"},"inLanguage":"pt-PT","potentialAction":[{"@type":"ReadAction","target":["https:\/\/portaltela.pt\/noticias\/2026\/03\/07\/prisao-preventiva-de-sete-policias-acusados-de-tortura-na-esquadra-do-rato\/"]}]},{"@type":"ImageObject","inLanguage":"pt-PT","@id":"https:\/\/portaltela.pt\/noticias\/2026\/03\/07\/prisao-preventiva-de-sete-policias-acusados-de-tortura-na-esquadra-do-rato\/#primaryimage","url":"https:\/\/portaltela.pt\/s.01k8rhncp4jt1\/2026\/03\/img_1500x1000uu2026-01-16-23-13-13-2260748-im-639084175042397182.jpg","contentUrl":"https:\/\/portaltela.pt\/s.01k8rhncp4jt1\/2026\/03\/img_1500x1000uu2026-01-16-23-13-13-2260748-im-639084175042397182.jpg","width":796,"height":448,"caption":"Esquadra do Largo do Rato, onde ocorreu a maioria dos casos descritos na acusa\u00e7\u00e3o"},{"@type":"BreadcrumbList","@id":"https:\/\/portaltela.pt\/noticias\/2026\/03\/07\/prisao-preventiva-de-sete-policias-acusados-de-tortura-na-esquadra-do-rato\/#breadcrumb","itemListElement":[{"@type":"ListItem","position":1,"name":"In\u00edcio","item":"https:\/\/portaltela.pt\/"},{"@type":"ListItem","position":2,"name":"Pris\u00e3o preventiva de sete pol\u00edcias acusados de tortura na esquadra do Rato"}]},{"@type":"WebSite","@id":"https:\/\/portaltela.pt\/#website","url":"https:\/\/portaltela.pt\/","name":"Portal Tela Portugal","description":"","potentialAction":[{"@type":"SearchAction","target":{"@type":"EntryPoint","urlTemplate":"https:\/\/portaltela.pt\/?s={search_term_string}"},"query-input":{"@type":"PropertyValueSpecification","valueRequired":true,"valueName":"search_term_string"}}],"inLanguage":"pt-PT"},{"@type":"Person","@id":"https:\/\/portaltela.pt\/#\/schema\/person\/c4278d4a6028830caff9ee44b42d32ed","name":"Telinha","image":{"@type":"ImageObject","inLanguage":"pt-PT","@id":"https:\/\/portaltela.pt\/s.01k8rhncp4jt1\/2025\/11\/talking-bot-125x125.png","url":"https:\/\/portaltela.pt\/s.01k8rhncp4jt1\/2025\/11\/talking-bot-125x125.png","contentUrl":"https:\/\/portaltela.pt\/s.01k8rhncp4jt1\/2025\/11\/talking-bot-125x125.png","caption":"Telinha"},"sameAs":["https:\/\/portaltela.pt\/"],"url":"https:\/\/portaltela.pt\/por\/367410592786\/"}]}},"_links":{"self":[{"href":"https:\/\/portaltela.pt\/api\/wp\/v2\/posts\/401302","targetHints":{"allow":["GET"]}}],"collection":[{"href":"https:\/\/portaltela.pt\/api\/wp\/v2\/posts"}],"about":[{"href":"https:\/\/portaltela.pt\/api\/wp\/v2\/types\/post"}],"author":[{"embeddable":true,"href":"https:\/\/portaltela.pt\/api\/wp\/v2\/users\/2"}],"replies":[{"embeddable":true,"href":"https:\/\/portaltela.pt\/api\/wp\/v2\/comments?post=401302"}],"version-history":[{"count":0,"href":"https:\/\/portaltela.pt\/api\/wp\/v2\/posts\/401302\/revisions"}],"wp:featuredmedia":[{"embeddable":true,"href":"https:\/\/portaltela.pt\/api\/wp\/v2\/media\/401303"}],"wp:attachment":[{"href":"https:\/\/portaltela.pt\/api\/wp\/v2\/media?parent=401302"}],"wp:term":[{"taxonomy":"category","embeddable":true,"href":"https:\/\/portaltela.pt\/api\/wp\/v2\/categories?post=401302"},{"taxonomy":"post_tag","embeddable":true,"href":"https:\/\/portaltela.pt\/api\/wp\/v2\/tags?post=401302"}],"curies":[{"name":"wp","href":"https:\/\/api.w.org\/{rel}","templated":true}]}}