{"id":401283,"date":"2026-03-07T08:47:13","date_gmt":"2026-03-07T11:47:13","guid":{"rendered":"https:\/\/portaltela.pt\/noticias\/2026\/03\/07\/mp-acusa-mulher-que-vendeu-bebe-a-casal-de-gondomar\/"},"modified":"2026-03-07T08:47:13","modified_gmt":"2026-03-07T11:47:13","slug":"mp-acusa-mulher-que-vendeu-bebe-a-casal-de-gondomar","status":"publish","type":"post","link":"https:\/\/portaltela.pt\/noticias\/politica\/2026\/03\/07\/mp-acusa-mulher-que-vendeu-bebe-a-casal-de-gondomar\/","title":{"rendered":"MP acusa mulher que vendeu beb\u00e9 a casal de Gondomar"},"content":{"rendered":"<p>A Pol\u00edcia Judici\u00e1ria (PJ) acusou uma mulher brasileira de 29 anos, residente na zona de Gondomar, de vender o seu beb\u00e9 a um casal da mesma regi\u00e3o, em 2024. A acusa\u00e7\u00e3o sustenta que a entrega ocorreu ap\u00f3s o parto, a troco de 2.500 euros.<\/p>\n<p>A deten\u00e7\u00e3o ocorreu em flagrante na altura do parto e, depois, a mulher foi libertada mediante apresenta\u00e7\u00f5es peri\u00f3dicas \u00e0s autoridades. A investiga\u00e7\u00e3o aponta para coer\u00e7\u00e3o por terceiros e para uma situa\u00e7\u00e3o de vulnerabilidade social da alegada m\u00e3e.<\/p>\n<p>Entre os crimes apontados pela PJ est\u00e3o tr\u00e1fico de pessoas, abuso de incapaz e falsifica\u00e7\u00e3o de documentos. A arguida continua, segundo a PJ, a aguardar julgamento em liberdade. A pol\u00edcia ressalta o combate a estas pr\u00e1ticas e incentiva a den\u00fancia de suspeitas nesta \u00e1rea.<\/p>\n","protected":false},"excerpt":{"rendered":"<ul>\n<li>A Pol\u00edcia Judici\u00e1ria acusa uma mulher brasileira de 29 anos, residente na zona de Gondomar, de vender o seu beb\u00e9 a um casal de Gondomar em 2024, recebendo 2.500 euros pelo rec\u00e9m-nascido.<\/li>\n<li>A mulher foi detida em flagrante no momento do parto e libertada depois, com apresenta\u00e7\u00f5es peri\u00f3dicas \u00e0s autoridades.<\/li>\n<li>A investiga\u00e7\u00e3o indica que a gravidez ocorreu em contexto de vulnerabilidade social e que a mulher foi coagida por terceiros a vender o beb\u00e9.<\/li>\n<li>A acusa\u00e7\u00e3o envolve tr\u00e1fico de pessoas, abuso de incapaz e falsifica\u00e7\u00e3o de documentos; a suspeita aguarda julgamento em liberdade.<\/li>\n<li>A Pol\u00edcia Judici\u00e1ria destaca o combate ao tr\u00e1fico de pessoas e \u00e0 venda ilegal de beb\u00e9s e incentiva den\u00fancias de atividades il\u00edcitas nesta \u00e1rea.<\/li>\n<\/ul>\n","protected":false},"author":2,"featured_media":401287,"comment_status":"closed","ping_status":"closed","sticky":false,"template":"","format":"standard","meta":{"footnotes":""},"categories":[1,5],"tags":[208,2547,147,1243,1705,473],"class_list":["post-401283","post","type-post","status-publish","format-standard","has-post-thumbnail","hentry","category-noticias","category-politica","tag-abuso-de-menores-dependentes","tag-brasil","tag-crime","tag-gondomar","tag-trafico-de-menores","tag-trafico-de-pessoas"],"yoast_head":"<!-- This site is optimized with the Yoast SEO plugin v27.2 - https:\/\/yoast.com\/product\/yoast-seo-wordpress\/ -->\n<title>MP acusa mulher que vendeu beb\u00e9 a casal de Gondomar - Portal Tela Portugal<\/title>\n<meta name=\"robots\" content=\"index, follow, max-snippet:-1, max-image-preview:large, max-video-preview:-1\" \/>\n<meta property=\"og:locale\" content=\"pt_PT\" \/>\n<meta property=\"og:type\" content=\"article\" \/>\n<meta property=\"og:title\" content=\"MP acusa mulher que vendeu beb\u00e9 a casal de Gondomar - Portal Tela Portugal\" \/>\n<meta property=\"og:description\" content=\"A Pol\u00edcia Judici\u00e1ria acusa uma mulher brasileira de 29 anos, residente na zona de Gondomar, de vender o seu beb\u00e9 a um casal de Gondomar em 2024, recebendo 2.500 euros pelo rec\u00e9m-nascido. A mulher foi detida em flagrante no momento do parto e libertada depois, com apresenta\u00e7\u00f5es peri\u00f3dicas \u00e0s autoridades. A investiga\u00e7\u00e3o indica que a gravidez ocorreu em contexto de vulnerabilidade social e que a mulher foi coagida por terceiros a vender o beb\u00e9. A acusa\u00e7\u00e3o envolve tr\u00e1fico de pessoas, abuso de incapaz e falsifica\u00e7\u00e3o de documentos; a suspeita aguarda julgamento em liberdade. A Pol\u00edcia Judici\u00e1ria destaca o combate ao tr\u00e1fico de pessoas e \u00e0 venda ilegal de beb\u00e9s e incentiva den\u00fancias de atividades il\u00edcitas nesta \u00e1rea.\" \/>\n<meta property=\"og:url\" content=\"https:\/\/portaltela.pt\/noticias\/2026\/03\/07\/mp-acusa-mulher-que-vendeu-bebe-a-casal-de-gondomar\/\" \/>\n<meta property=\"og:site_name\" content=\"Portal Tela Portugal\" \/>\n<meta property=\"article:published_time\" content=\"2026-03-07T11:47:13+00:00\" \/>\n<meta name=\"author\" content=\"Telinha\" \/>\n<meta name=\"twitter:card\" content=\"summary_large_image\" \/>\n<meta name=\"twitter:label1\" content=\"Escrito por\" \/>\n\t<meta name=\"twitter:data1\" content=\"Telinha\" \/>\n\t<meta name=\"twitter:label2\" content=\"Tempo estimado de leitura\" \/>\n\t<meta name=\"twitter:data2\" content=\"1 minuto\" \/>\n<script type=\"application\/ld+json\" class=\"yoast-schema-graph\">{\"@context\":\"https:\/\/schema.org\",\"@graph\":[{\"@type\":\"Article\",\"@id\":\"https:\/\/portaltela.pt\/noticias\/2026\/03\/07\/mp-acusa-mulher-que-vendeu-bebe-a-casal-de-gondomar\/#article\",\"isPartOf\":{\"@id\":\"https:\/\/portaltela.pt\/noticias\/2026\/03\/07\/mp-acusa-mulher-que-vendeu-bebe-a-casal-de-gondomar\/\"},\"author\":{\"name\":\"Telinha\",\"@id\":\"https:\/\/portaltela.pt\/#\/schema\/person\/c4278d4a6028830caff9ee44b42d32ed\"},\"headline\":\"MP acusa mulher que vendeu beb\u00e9 a casal de Gondomar\",\"datePublished\":\"2026-03-07T11:47:13+00:00\",\"mainEntityOfPage\":{\"@id\":\"https:\/\/portaltela.pt\/noticias\/2026\/03\/07\/mp-acusa-mulher-que-vendeu-bebe-a-casal-de-gondomar\/\"},\"wordCount\":150,\"image\":{\"@id\":\"https:\/\/portaltela.pt\/noticias\/2026\/03\/07\/mp-acusa-mulher-que-vendeu-bebe-a-casal-de-gondomar\/#primaryimage\"},\"thumbnailUrl\":\"https:\/\/portaltela.pt\/s.01k8rhncp4jt1\/2026\/03\/img_1280x722uu2026-03-07-11-45-20-2270943.jpg\",\"keywords\":[\"abuso de menores dependentes\",\"Brasil\",\"crime\",\"Gondomar\",\"tr\u00e1fico de menores\",\"tr\u00e1fico de pessoas\"],\"articleSection\":[\"Not\u00edcias\",\"Pol\u00edtica\"],\"inLanguage\":\"pt-PT\"},{\"@type\":\"WebPage\",\"@id\":\"https:\/\/portaltela.pt\/noticias\/2026\/03\/07\/mp-acusa-mulher-que-vendeu-bebe-a-casal-de-gondomar\/\",\"url\":\"https:\/\/portaltela.pt\/noticias\/2026\/03\/07\/mp-acusa-mulher-que-vendeu-bebe-a-casal-de-gondomar\/\",\"name\":\"MP acusa mulher que vendeu beb\u00e9 a casal de Gondomar - Portal Tela Portugal\",\"isPartOf\":{\"@id\":\"https:\/\/portaltela.pt\/#website\"},\"primaryImageOfPage\":{\"@id\":\"https:\/\/portaltela.pt\/noticias\/2026\/03\/07\/mp-acusa-mulher-que-vendeu-bebe-a-casal-de-gondomar\/#primaryimage\"},\"image\":{\"@id\":\"https:\/\/portaltela.pt\/noticias\/2026\/03\/07\/mp-acusa-mulher-que-vendeu-bebe-a-casal-de-gondomar\/#primaryimage\"},\"thumbnailUrl\":\"https:\/\/portaltela.pt\/s.01k8rhncp4jt1\/2026\/03\/img_1280x722uu2026-03-07-11-45-20-2270943.jpg\",\"datePublished\":\"2026-03-07T11:47:13+00:00\",\"author\":{\"@id\":\"https:\/\/portaltela.pt\/#\/schema\/person\/c4278d4a6028830caff9ee44b42d32ed\"},\"breadcrumb\":{\"@id\":\"https:\/\/portaltela.pt\/noticias\/2026\/03\/07\/mp-acusa-mulher-que-vendeu-bebe-a-casal-de-gondomar\/#breadcrumb\"},\"inLanguage\":\"pt-PT\",\"potentialAction\":[{\"@type\":\"ReadAction\",\"target\":[\"https:\/\/portaltela.pt\/noticias\/2026\/03\/07\/mp-acusa-mulher-que-vendeu-bebe-a-casal-de-gondomar\/\"]}]},{\"@type\":\"ImageObject\",\"inLanguage\":\"pt-PT\",\"@id\":\"https:\/\/portaltela.pt\/noticias\/2026\/03\/07\/mp-acusa-mulher-que-vendeu-bebe-a-casal-de-gondomar\/#primaryimage\",\"url\":\"https:\/\/portaltela.pt\/s.01k8rhncp4jt1\/2026\/03\/img_1280x722uu2026-03-07-11-45-20-2270943.jpg\",\"contentUrl\":\"https:\/\/portaltela.pt\/s.01k8rhncp4jt1\/2026\/03\/img_1280x722uu2026-03-07-11-45-20-2270943.jpg\",\"width\":796,\"height\":448,\"caption\":\"Photo\"},{\"@type\":\"BreadcrumbList\",\"@id\":\"https:\/\/portaltela.pt\/noticias\/2026\/03\/07\/mp-acusa-mulher-que-vendeu-bebe-a-casal-de-gondomar\/#breadcrumb\",\"itemListElement\":[{\"@type\":\"ListItem\",\"position\":1,\"name\":\"In\u00edcio\",\"item\":\"https:\/\/portaltela.pt\/\"},{\"@type\":\"ListItem\",\"position\":2,\"name\":\"MP acusa mulher que vendeu beb\u00e9 a casal de Gondomar\"}]},{\"@type\":\"WebSite\",\"@id\":\"https:\/\/portaltela.pt\/#website\",\"url\":\"https:\/\/portaltela.pt\/\",\"name\":\"Portal Tela Portugal\",\"description\":\"\",\"potentialAction\":[{\"@type\":\"SearchAction\",\"target\":{\"@type\":\"EntryPoint\",\"urlTemplate\":\"https:\/\/portaltela.pt\/?s={search_term_string}\"},\"query-input\":{\"@type\":\"PropertyValueSpecification\",\"valueRequired\":true,\"valueName\":\"search_term_string\"}}],\"inLanguage\":\"pt-PT\"},{\"@type\":\"Person\",\"@id\":\"https:\/\/portaltela.pt\/#\/schema\/person\/c4278d4a6028830caff9ee44b42d32ed\",\"name\":\"Telinha\",\"image\":{\"@type\":\"ImageObject\",\"inLanguage\":\"pt-PT\",\"@id\":\"https:\/\/portaltela.pt\/s.01k8rhncp4jt1\/2025\/11\/talking-bot-125x125.png\",\"url\":\"https:\/\/portaltela.pt\/s.01k8rhncp4jt1\/2025\/11\/talking-bot-125x125.png\",\"contentUrl\":\"https:\/\/portaltela.pt\/s.01k8rhncp4jt1\/2025\/11\/talking-bot-125x125.png\",\"caption\":\"Telinha\"},\"sameAs\":[\"https:\/\/portaltela.pt\/\"],\"url\":\"https:\/\/portaltela.pt\/por\/367410592786\/\"}]}<\/script>\n<!-- \/ Yoast SEO plugin. -->","yoast_head_json":{"title":"MP acusa mulher que vendeu beb\u00e9 a casal de Gondomar - Portal Tela Portugal","robots":{"index":"index","follow":"follow","max-snippet":"max-snippet:-1","max-image-preview":"max-image-preview:large","max-video-preview":"max-video-preview:-1"},"og_locale":"pt_PT","og_type":"article","og_title":"MP acusa mulher que vendeu beb\u00e9 a casal de Gondomar - Portal Tela Portugal","og_description":"A Pol\u00edcia Judici\u00e1ria acusa uma mulher brasileira de 29 anos, residente na zona de Gondomar, de vender o seu beb\u00e9 a um casal de Gondomar em 2024, recebendo 2.500 euros pelo rec\u00e9m-nascido. A mulher foi detida em flagrante no momento do parto e libertada depois, com apresenta\u00e7\u00f5es peri\u00f3dicas \u00e0s autoridades. A investiga\u00e7\u00e3o indica que a gravidez ocorreu em contexto de vulnerabilidade social e que a mulher foi coagida por terceiros a vender o beb\u00e9. A acusa\u00e7\u00e3o envolve tr\u00e1fico de pessoas, abuso de incapaz e falsifica\u00e7\u00e3o de documentos; a suspeita aguarda julgamento em liberdade. A Pol\u00edcia Judici\u00e1ria destaca o combate ao tr\u00e1fico de pessoas e \u00e0 venda ilegal de beb\u00e9s e incentiva den\u00fancias de atividades il\u00edcitas nesta \u00e1rea.","og_url":"https:\/\/portaltela.pt\/noticias\/2026\/03\/07\/mp-acusa-mulher-que-vendeu-bebe-a-casal-de-gondomar\/","og_site_name":"Portal Tela Portugal","article_published_time":"2026-03-07T11:47:13+00:00","author":"Telinha","twitter_card":"summary_large_image","twitter_misc":{"Escrito por":"Telinha","Tempo estimado de leitura":"1 minuto"},"schema":{"@context":"https:\/\/schema.org","@graph":[{"@type":"Article","@id":"https:\/\/portaltela.pt\/noticias\/2026\/03\/07\/mp-acusa-mulher-que-vendeu-bebe-a-casal-de-gondomar\/#article","isPartOf":{"@id":"https:\/\/portaltela.pt\/noticias\/2026\/03\/07\/mp-acusa-mulher-que-vendeu-bebe-a-casal-de-gondomar\/"},"author":{"name":"Telinha","@id":"https:\/\/portaltela.pt\/#\/schema\/person\/c4278d4a6028830caff9ee44b42d32ed"},"headline":"MP acusa mulher que vendeu beb\u00e9 a casal de Gondomar","datePublished":"2026-03-07T11:47:13+00:00","mainEntityOfPage":{"@id":"https:\/\/portaltela.pt\/noticias\/2026\/03\/07\/mp-acusa-mulher-que-vendeu-bebe-a-casal-de-gondomar\/"},"wordCount":150,"image":{"@id":"https:\/\/portaltela.pt\/noticias\/2026\/03\/07\/mp-acusa-mulher-que-vendeu-bebe-a-casal-de-gondomar\/#primaryimage"},"thumbnailUrl":"https:\/\/portaltela.pt\/s.01k8rhncp4jt1\/2026\/03\/img_1280x722uu2026-03-07-11-45-20-2270943.jpg","keywords":["abuso de menores dependentes","Brasil","crime","Gondomar","tr\u00e1fico de menores","tr\u00e1fico de pessoas"],"articleSection":["Not\u00edcias","Pol\u00edtica"],"inLanguage":"pt-PT"},{"@type":"WebPage","@id":"https:\/\/portaltela.pt\/noticias\/2026\/03\/07\/mp-acusa-mulher-que-vendeu-bebe-a-casal-de-gondomar\/","url":"https:\/\/portaltela.pt\/noticias\/2026\/03\/07\/mp-acusa-mulher-que-vendeu-bebe-a-casal-de-gondomar\/","name":"MP acusa mulher que vendeu beb\u00e9 a casal de Gondomar - Portal Tela Portugal","isPartOf":{"@id":"https:\/\/portaltela.pt\/#website"},"primaryImageOfPage":{"@id":"https:\/\/portaltela.pt\/noticias\/2026\/03\/07\/mp-acusa-mulher-que-vendeu-bebe-a-casal-de-gondomar\/#primaryimage"},"image":{"@id":"https:\/\/portaltela.pt\/noticias\/2026\/03\/07\/mp-acusa-mulher-que-vendeu-bebe-a-casal-de-gondomar\/#primaryimage"},"thumbnailUrl":"https:\/\/portaltela.pt\/s.01k8rhncp4jt1\/2026\/03\/img_1280x722uu2026-03-07-11-45-20-2270943.jpg","datePublished":"2026-03-07T11:47:13+00:00","author":{"@id":"https:\/\/portaltela.pt\/#\/schema\/person\/c4278d4a6028830caff9ee44b42d32ed"},"breadcrumb":{"@id":"https:\/\/portaltela.pt\/noticias\/2026\/03\/07\/mp-acusa-mulher-que-vendeu-bebe-a-casal-de-gondomar\/#breadcrumb"},"inLanguage":"pt-PT","potentialAction":[{"@type":"ReadAction","target":["https:\/\/portaltela.pt\/noticias\/2026\/03\/07\/mp-acusa-mulher-que-vendeu-bebe-a-casal-de-gondomar\/"]}]},{"@type":"ImageObject","inLanguage":"pt-PT","@id":"https:\/\/portaltela.pt\/noticias\/2026\/03\/07\/mp-acusa-mulher-que-vendeu-bebe-a-casal-de-gondomar\/#primaryimage","url":"https:\/\/portaltela.pt\/s.01k8rhncp4jt1\/2026\/03\/img_1280x722uu2026-03-07-11-45-20-2270943.jpg","contentUrl":"https:\/\/portaltela.pt\/s.01k8rhncp4jt1\/2026\/03\/img_1280x722uu2026-03-07-11-45-20-2270943.jpg","width":796,"height":448,"caption":"Photo"},{"@type":"BreadcrumbList","@id":"https:\/\/portaltela.pt\/noticias\/2026\/03\/07\/mp-acusa-mulher-que-vendeu-bebe-a-casal-de-gondomar\/#breadcrumb","itemListElement":[{"@type":"ListItem","position":1,"name":"In\u00edcio","item":"https:\/\/portaltela.pt\/"},{"@type":"ListItem","position":2,"name":"MP acusa mulher que vendeu beb\u00e9 a casal de Gondomar"}]},{"@type":"WebSite","@id":"https:\/\/portaltela.pt\/#website","url":"https:\/\/portaltela.pt\/","name":"Portal Tela Portugal","description":"","potentialAction":[{"@type":"SearchAction","target":{"@type":"EntryPoint","urlTemplate":"https:\/\/portaltela.pt\/?s={search_term_string}"},"query-input":{"@type":"PropertyValueSpecification","valueRequired":true,"valueName":"search_term_string"}}],"inLanguage":"pt-PT"},{"@type":"Person","@id":"https:\/\/portaltela.pt\/#\/schema\/person\/c4278d4a6028830caff9ee44b42d32ed","name":"Telinha","image":{"@type":"ImageObject","inLanguage":"pt-PT","@id":"https:\/\/portaltela.pt\/s.01k8rhncp4jt1\/2025\/11\/talking-bot-125x125.png","url":"https:\/\/portaltela.pt\/s.01k8rhncp4jt1\/2025\/11\/talking-bot-125x125.png","contentUrl":"https:\/\/portaltela.pt\/s.01k8rhncp4jt1\/2025\/11\/talking-bot-125x125.png","caption":"Telinha"},"sameAs":["https:\/\/portaltela.pt\/"],"url":"https:\/\/portaltela.pt\/por\/367410592786\/"}]}},"_links":{"self":[{"href":"https:\/\/portaltela.pt\/api\/wp\/v2\/posts\/401283","targetHints":{"allow":["GET"]}}],"collection":[{"href":"https:\/\/portaltela.pt\/api\/wp\/v2\/posts"}],"about":[{"href":"https:\/\/portaltela.pt\/api\/wp\/v2\/types\/post"}],"author":[{"embeddable":true,"href":"https:\/\/portaltela.pt\/api\/wp\/v2\/users\/2"}],"replies":[{"embeddable":true,"href":"https:\/\/portaltela.pt\/api\/wp\/v2\/comments?post=401283"}],"version-history":[{"count":0,"href":"https:\/\/portaltela.pt\/api\/wp\/v2\/posts\/401283\/revisions"}],"wp:featuredmedia":[{"embeddable":true,"href":"https:\/\/portaltela.pt\/api\/wp\/v2\/media\/401287"}],"wp:attachment":[{"href":"https:\/\/portaltela.pt\/api\/wp\/v2\/media?parent=401283"}],"wp:term":[{"taxonomy":"category","embeddable":true,"href":"https:\/\/portaltela.pt\/api\/wp\/v2\/categories?post=401283"},{"taxonomy":"post_tag","embeddable":true,"href":"https:\/\/portaltela.pt\/api\/wp\/v2\/tags?post=401283"}],"curies":[{"name":"wp","href":"https:\/\/api.w.org\/{rel}","templated":true}]}}