{"id":401249,"date":"2026-03-07T08:09:00","date_gmt":"2026-03-07T11:09:00","guid":{"rendered":"https:\/\/portaltela.pt\/noticias\/2026\/03\/07\/marcelo-recorda-morais-sarmento-como-politico-inteligente-e-brilhante\/"},"modified":"2026-03-07T08:09:00","modified_gmt":"2026-03-07T11:09:00","slug":"marcelo-recorda-morais-sarmento-como-politico-inteligente-e-brilhante","status":"publish","type":"post","link":"https:\/\/portaltela.pt\/noticias\/politica\/2026\/03\/07\/marcelo-recorda-morais-sarmento-como-politico-inteligente-e-brilhante\/","title":{"rendered":"Marcelo recorda Morais Sarmento como pol\u00edtico inteligente e brilhante"},"content":{"rendered":"<p>Marcelo recorda Morais Sarmento como pol\u00edtico muito inteligente e brilhante, reconhecendo o seu contributo.<\/p>\n<p>O conte\u00fado n\u00e3o especifica quando nem onde ocorreu a lembran\u00e7a, nem o cargo desempenhado por Morais Sarmento.<\/p>\n<p>N\u00e3o h\u00e1 detalhes adicionais sobre o contexto da homenagem ou desdobramentos relacionados com a outra figura p\u00fablica.<\/p>\n","protected":false},"excerpt":{"rendered":"<ul>\n<li>Marcelo Rebelo de Sousa recorda Morais Sarmento como pol\u00edtico &#8220;muito inteligente, brilhante&#8221;.<\/li>\n<li>O elogio destaca as capacidades pol\u00edticas de Morais Sarmento.<\/li>\n<li>O conte\u00fado completo da not\u00edcia est\u00e1 dispon\u00edvel apenas para subscritores.<\/li>\n<li>O resumo n\u00e3o traz detalhes adicionais sobre o contexto da homenagem.<\/li>\n<\/ul>\n","protected":false},"author":2,"featured_media":401250,"comment_status":"closed","ping_status":"closed","sticky":false,"template":"","format":"standard","meta":{"footnotes":""},"categories":[1,5],"tags":[3728,3278,3588,40,5661,2832],"class_list":["post-401249","post","type-post","status-publish","format-standard","has-post-thumbnail","hentry","category-noticias","category-politica","tag-liderancas","tag-marcelo","tag-personalidade","tag-pessoas","tag-pessoas-publicas","tag-politica"],"yoast_head":"<!-- This site is optimized with the Yoast SEO plugin v27.2 - https:\/\/yoast.com\/product\/yoast-seo-wordpress\/ -->\n<title>Marcelo recorda Morais Sarmento como pol\u00edtico inteligente e brilhante - Portal Tela Portugal<\/title>\n<meta name=\"robots\" content=\"index, follow, max-snippet:-1, max-image-preview:large, max-video-preview:-1\" \/>\n<meta property=\"og:locale\" content=\"pt_PT\" \/>\n<meta property=\"og:type\" content=\"article\" \/>\n<meta property=\"og:title\" content=\"Marcelo recorda Morais Sarmento como pol\u00edtico inteligente e brilhante - Portal Tela Portugal\" \/>\n<meta property=\"og:description\" content=\"Marcelo Rebelo de Sousa recorda Morais Sarmento como pol\u00edtico &quot;muito inteligente, brilhante&quot;. O elogio destaca as capacidades pol\u00edticas de Morais Sarmento. O conte\u00fado completo da not\u00edcia est\u00e1 dispon\u00edvel apenas para subscritores. O resumo n\u00e3o traz detalhes adicionais sobre o contexto da homenagem.\" \/>\n<meta property=\"og:url\" content=\"https:\/\/portaltela.pt\/noticias\/2026\/03\/07\/marcelo-recorda-morais-sarmento-como-politico-inteligente-e-brilhante\/\" \/>\n<meta property=\"og:site_name\" content=\"Portal Tela Portugal\" \/>\n<meta property=\"article:published_time\" content=\"2026-03-07T11:09:00+00:00\" \/>\n<meta name=\"author\" content=\"Telinha\" \/>\n<meta name=\"twitter:card\" content=\"summary_large_image\" \/>\n<meta name=\"twitter:label1\" content=\"Escrito por\" \/>\n\t<meta name=\"twitter:data1\" content=\"Telinha\" \/>\n<script type=\"application\/ld+json\" class=\"yoast-schema-graph\">{\"@context\":\"https:\/\/schema.org\",\"@graph\":[{\"@type\":\"Article\",\"@id\":\"https:\/\/portaltela.pt\/noticias\/2026\/03\/07\/marcelo-recorda-morais-sarmento-como-politico-inteligente-e-brilhante\/#article\",\"isPartOf\":{\"@id\":\"https:\/\/portaltela.pt\/noticias\/2026\/03\/07\/marcelo-recorda-morais-sarmento-como-politico-inteligente-e-brilhante\/\"},\"author\":{\"name\":\"Telinha\",\"@id\":\"https:\/\/portaltela.pt\/#\/schema\/person\/c4278d4a6028830caff9ee44b42d32ed\"},\"headline\":\"Marcelo recorda Morais Sarmento como pol\u00edtico inteligente e brilhante\",\"datePublished\":\"2026-03-07T11:09:00+00:00\",\"mainEntityOfPage\":{\"@id\":\"https:\/\/portaltela.pt\/noticias\/2026\/03\/07\/marcelo-recorda-morais-sarmento-como-politico-inteligente-e-brilhante\/\"},\"wordCount\":64,\"image\":{\"@id\":\"https:\/\/portaltela.pt\/noticias\/2026\/03\/07\/marcelo-recorda-morais-sarmento-como-politico-inteligente-e-brilhante\/#primaryimage\"},\"thumbnailUrl\":\"https:\/\/portaltela.pt\/s.01k8rhncp4jt1\/2026\/03\/CACHE_780X1200_ANALOG_WATERMARKED_46652602_28844146003077.jpg\",\"keywords\":[\"lideran\u00e7as\",\"Marcelo\",\"personalidade\",\"pessoas\",\"pessoas p\u00fablicas\",\"pol\u00edtica\"],\"articleSection\":[\"Not\u00edcias\",\"Pol\u00edtica\"],\"inLanguage\":\"pt-PT\"},{\"@type\":\"WebPage\",\"@id\":\"https:\/\/portaltela.pt\/noticias\/2026\/03\/07\/marcelo-recorda-morais-sarmento-como-politico-inteligente-e-brilhante\/\",\"url\":\"https:\/\/portaltela.pt\/noticias\/2026\/03\/07\/marcelo-recorda-morais-sarmento-como-politico-inteligente-e-brilhante\/\",\"name\":\"Marcelo recorda Morais Sarmento como pol\u00edtico inteligente e brilhante - Portal Tela Portugal\",\"isPartOf\":{\"@id\":\"https:\/\/portaltela.pt\/#website\"},\"primaryImageOfPage\":{\"@id\":\"https:\/\/portaltela.pt\/noticias\/2026\/03\/07\/marcelo-recorda-morais-sarmento-como-politico-inteligente-e-brilhante\/#primaryimage\"},\"image\":{\"@id\":\"https:\/\/portaltela.pt\/noticias\/2026\/03\/07\/marcelo-recorda-morais-sarmento-como-politico-inteligente-e-brilhante\/#primaryimage\"},\"thumbnailUrl\":\"https:\/\/portaltela.pt\/s.01k8rhncp4jt1\/2026\/03\/CACHE_780X1200_ANALOG_WATERMARKED_46652602_28844146003077.jpg\",\"datePublished\":\"2026-03-07T11:09:00+00:00\",\"author\":{\"@id\":\"https:\/\/portaltela.pt\/#\/schema\/person\/c4278d4a6028830caff9ee44b42d32ed\"},\"breadcrumb\":{\"@id\":\"https:\/\/portaltela.pt\/noticias\/2026\/03\/07\/marcelo-recorda-morais-sarmento-como-politico-inteligente-e-brilhante\/#breadcrumb\"},\"inLanguage\":\"pt-PT\",\"potentialAction\":[{\"@type\":\"ReadAction\",\"target\":[\"https:\/\/portaltela.pt\/noticias\/2026\/03\/07\/marcelo-recorda-morais-sarmento-como-politico-inteligente-e-brilhante\/\"]}]},{\"@type\":\"ImageObject\",\"inLanguage\":\"pt-PT\",\"@id\":\"https:\/\/portaltela.pt\/noticias\/2026\/03\/07\/marcelo-recorda-morais-sarmento-como-politico-inteligente-e-brilhante\/#primaryimage\",\"url\":\"https:\/\/portaltela.pt\/s.01k8rhncp4jt1\/2026\/03\/CACHE_780X1200_ANALOG_WATERMARKED_46652602_28844146003077.jpg\",\"contentUrl\":\"https:\/\/portaltela.pt\/s.01k8rhncp4jt1\/2026\/03\/CACHE_780X1200_ANALOG_WATERMARKED_46652602_28844146003077.jpg\",\"width\":796,\"height\":448,\"caption\":\"Marcelo recorda Morais Sarmento como pol\u00edtico muito inteligente, brilhante\"},{\"@type\":\"BreadcrumbList\",\"@id\":\"https:\/\/portaltela.pt\/noticias\/2026\/03\/07\/marcelo-recorda-morais-sarmento-como-politico-inteligente-e-brilhante\/#breadcrumb\",\"itemListElement\":[{\"@type\":\"ListItem\",\"position\":1,\"name\":\"In\u00edcio\",\"item\":\"https:\/\/portaltela.pt\/\"},{\"@type\":\"ListItem\",\"position\":2,\"name\":\"Marcelo recorda Morais Sarmento como pol\u00edtico inteligente e brilhante\"}]},{\"@type\":\"WebSite\",\"@id\":\"https:\/\/portaltela.pt\/#website\",\"url\":\"https:\/\/portaltela.pt\/\",\"name\":\"Portal Tela Portugal\",\"description\":\"\",\"potentialAction\":[{\"@type\":\"SearchAction\",\"target\":{\"@type\":\"EntryPoint\",\"urlTemplate\":\"https:\/\/portaltela.pt\/?s={search_term_string}\"},\"query-input\":{\"@type\":\"PropertyValueSpecification\",\"valueRequired\":true,\"valueName\":\"search_term_string\"}}],\"inLanguage\":\"pt-PT\"},{\"@type\":\"Person\",\"@id\":\"https:\/\/portaltela.pt\/#\/schema\/person\/c4278d4a6028830caff9ee44b42d32ed\",\"name\":\"Telinha\",\"image\":{\"@type\":\"ImageObject\",\"inLanguage\":\"pt-PT\",\"@id\":\"https:\/\/portaltela.pt\/s.01k8rhncp4jt1\/2025\/11\/talking-bot-125x125.png\",\"url\":\"https:\/\/portaltela.pt\/s.01k8rhncp4jt1\/2025\/11\/talking-bot-125x125.png\",\"contentUrl\":\"https:\/\/portaltela.pt\/s.01k8rhncp4jt1\/2025\/11\/talking-bot-125x125.png\",\"caption\":\"Telinha\"},\"sameAs\":[\"https:\/\/portaltela.pt\/\"],\"url\":\"https:\/\/portaltela.pt\/por\/367410592786\/\"}]}<\/script>\n<!-- \/ Yoast SEO plugin. -->","yoast_head_json":{"title":"Marcelo recorda Morais Sarmento como pol\u00edtico inteligente e brilhante - Portal Tela Portugal","robots":{"index":"index","follow":"follow","max-snippet":"max-snippet:-1","max-image-preview":"max-image-preview:large","max-video-preview":"max-video-preview:-1"},"og_locale":"pt_PT","og_type":"article","og_title":"Marcelo recorda Morais Sarmento como pol\u00edtico inteligente e brilhante - Portal Tela Portugal","og_description":"Marcelo Rebelo de Sousa recorda Morais Sarmento como pol\u00edtico \"muito inteligente, brilhante\". O elogio destaca as capacidades pol\u00edticas de Morais Sarmento. O conte\u00fado completo da not\u00edcia est\u00e1 dispon\u00edvel apenas para subscritores. O resumo n\u00e3o traz detalhes adicionais sobre o contexto da homenagem.","og_url":"https:\/\/portaltela.pt\/noticias\/2026\/03\/07\/marcelo-recorda-morais-sarmento-como-politico-inteligente-e-brilhante\/","og_site_name":"Portal Tela Portugal","article_published_time":"2026-03-07T11:09:00+00:00","author":"Telinha","twitter_card":"summary_large_image","twitter_misc":{"Escrito por":"Telinha"},"schema":{"@context":"https:\/\/schema.org","@graph":[{"@type":"Article","@id":"https:\/\/portaltela.pt\/noticias\/2026\/03\/07\/marcelo-recorda-morais-sarmento-como-politico-inteligente-e-brilhante\/#article","isPartOf":{"@id":"https:\/\/portaltela.pt\/noticias\/2026\/03\/07\/marcelo-recorda-morais-sarmento-como-politico-inteligente-e-brilhante\/"},"author":{"name":"Telinha","@id":"https:\/\/portaltela.pt\/#\/schema\/person\/c4278d4a6028830caff9ee44b42d32ed"},"headline":"Marcelo recorda Morais Sarmento como pol\u00edtico inteligente e brilhante","datePublished":"2026-03-07T11:09:00+00:00","mainEntityOfPage":{"@id":"https:\/\/portaltela.pt\/noticias\/2026\/03\/07\/marcelo-recorda-morais-sarmento-como-politico-inteligente-e-brilhante\/"},"wordCount":64,"image":{"@id":"https:\/\/portaltela.pt\/noticias\/2026\/03\/07\/marcelo-recorda-morais-sarmento-como-politico-inteligente-e-brilhante\/#primaryimage"},"thumbnailUrl":"https:\/\/portaltela.pt\/s.01k8rhncp4jt1\/2026\/03\/CACHE_780X1200_ANALOG_WATERMARKED_46652602_28844146003077.jpg","keywords":["lideran\u00e7as","Marcelo","personalidade","pessoas","pessoas p\u00fablicas","pol\u00edtica"],"articleSection":["Not\u00edcias","Pol\u00edtica"],"inLanguage":"pt-PT"},{"@type":"WebPage","@id":"https:\/\/portaltela.pt\/noticias\/2026\/03\/07\/marcelo-recorda-morais-sarmento-como-politico-inteligente-e-brilhante\/","url":"https:\/\/portaltela.pt\/noticias\/2026\/03\/07\/marcelo-recorda-morais-sarmento-como-politico-inteligente-e-brilhante\/","name":"Marcelo recorda Morais Sarmento como pol\u00edtico inteligente e brilhante - Portal Tela Portugal","isPartOf":{"@id":"https:\/\/portaltela.pt\/#website"},"primaryImageOfPage":{"@id":"https:\/\/portaltela.pt\/noticias\/2026\/03\/07\/marcelo-recorda-morais-sarmento-como-politico-inteligente-e-brilhante\/#primaryimage"},"image":{"@id":"https:\/\/portaltela.pt\/noticias\/2026\/03\/07\/marcelo-recorda-morais-sarmento-como-politico-inteligente-e-brilhante\/#primaryimage"},"thumbnailUrl":"https:\/\/portaltela.pt\/s.01k8rhncp4jt1\/2026\/03\/CACHE_780X1200_ANALOG_WATERMARKED_46652602_28844146003077.jpg","datePublished":"2026-03-07T11:09:00+00:00","author":{"@id":"https:\/\/portaltela.pt\/#\/schema\/person\/c4278d4a6028830caff9ee44b42d32ed"},"breadcrumb":{"@id":"https:\/\/portaltela.pt\/noticias\/2026\/03\/07\/marcelo-recorda-morais-sarmento-como-politico-inteligente-e-brilhante\/#breadcrumb"},"inLanguage":"pt-PT","potentialAction":[{"@type":"ReadAction","target":["https:\/\/portaltela.pt\/noticias\/2026\/03\/07\/marcelo-recorda-morais-sarmento-como-politico-inteligente-e-brilhante\/"]}]},{"@type":"ImageObject","inLanguage":"pt-PT","@id":"https:\/\/portaltela.pt\/noticias\/2026\/03\/07\/marcelo-recorda-morais-sarmento-como-politico-inteligente-e-brilhante\/#primaryimage","url":"https:\/\/portaltela.pt\/s.01k8rhncp4jt1\/2026\/03\/CACHE_780X1200_ANALOG_WATERMARKED_46652602_28844146003077.jpg","contentUrl":"https:\/\/portaltela.pt\/s.01k8rhncp4jt1\/2026\/03\/CACHE_780X1200_ANALOG_WATERMARKED_46652602_28844146003077.jpg","width":796,"height":448,"caption":"Marcelo recorda Morais Sarmento como pol\u00edtico muito inteligente, brilhante"},{"@type":"BreadcrumbList","@id":"https:\/\/portaltela.pt\/noticias\/2026\/03\/07\/marcelo-recorda-morais-sarmento-como-politico-inteligente-e-brilhante\/#breadcrumb","itemListElement":[{"@type":"ListItem","position":1,"name":"In\u00edcio","item":"https:\/\/portaltela.pt\/"},{"@type":"ListItem","position":2,"name":"Marcelo recorda Morais Sarmento como pol\u00edtico inteligente e brilhante"}]},{"@type":"WebSite","@id":"https:\/\/portaltela.pt\/#website","url":"https:\/\/portaltela.pt\/","name":"Portal Tela Portugal","description":"","potentialAction":[{"@type":"SearchAction","target":{"@type":"EntryPoint","urlTemplate":"https:\/\/portaltela.pt\/?s={search_term_string}"},"query-input":{"@type":"PropertyValueSpecification","valueRequired":true,"valueName":"search_term_string"}}],"inLanguage":"pt-PT"},{"@type":"Person","@id":"https:\/\/portaltela.pt\/#\/schema\/person\/c4278d4a6028830caff9ee44b42d32ed","name":"Telinha","image":{"@type":"ImageObject","inLanguage":"pt-PT","@id":"https:\/\/portaltela.pt\/s.01k8rhncp4jt1\/2025\/11\/talking-bot-125x125.png","url":"https:\/\/portaltela.pt\/s.01k8rhncp4jt1\/2025\/11\/talking-bot-125x125.png","contentUrl":"https:\/\/portaltela.pt\/s.01k8rhncp4jt1\/2025\/11\/talking-bot-125x125.png","caption":"Telinha"},"sameAs":["https:\/\/portaltela.pt\/"],"url":"https:\/\/portaltela.pt\/por\/367410592786\/"}]}},"_links":{"self":[{"href":"https:\/\/portaltela.pt\/api\/wp\/v2\/posts\/401249","targetHints":{"allow":["GET"]}}],"collection":[{"href":"https:\/\/portaltela.pt\/api\/wp\/v2\/posts"}],"about":[{"href":"https:\/\/portaltela.pt\/api\/wp\/v2\/types\/post"}],"author":[{"embeddable":true,"href":"https:\/\/portaltela.pt\/api\/wp\/v2\/users\/2"}],"replies":[{"embeddable":true,"href":"https:\/\/portaltela.pt\/api\/wp\/v2\/comments?post=401249"}],"version-history":[{"count":0,"href":"https:\/\/portaltela.pt\/api\/wp\/v2\/posts\/401249\/revisions"}],"wp:featuredmedia":[{"embeddable":true,"href":"https:\/\/portaltela.pt\/api\/wp\/v2\/media\/401250"}],"wp:attachment":[{"href":"https:\/\/portaltela.pt\/api\/wp\/v2\/media?parent=401249"}],"wp:term":[{"taxonomy":"category","embeddable":true,"href":"https:\/\/portaltela.pt\/api\/wp\/v2\/categories?post=401249"},{"taxonomy":"post_tag","embeddable":true,"href":"https:\/\/portaltela.pt\/api\/wp\/v2\/tags?post=401249"}],"curies":[{"name":"wp","href":"https:\/\/api.w.org\/{rel}","templated":true}]}}