{"id":401242,"date":"2026-03-07T07:51:27","date_gmt":"2026-03-07T10:51:27","guid":{"rendered":"https:\/\/portaltela.pt\/noticias\/2026\/03\/07\/dupla-detida-por-furto-de-combustivel-de-camiao-em-paredes\/"},"modified":"2026-03-07T07:51:27","modified_gmt":"2026-03-07T10:51:27","slug":"dupla-detida-por-furto-de-combustivel-de-camiao-em-paredes","status":"publish","type":"post","link":"https:\/\/portaltela.pt\/noticias\/politica\/2026\/03\/07\/dupla-detida-por-furto-de-combustivel-de-camiao-em-paredes\/","title":{"rendered":"Dupla detida por furto de combust\u00edvel de cami\u00e3o em Paredes"},"content":{"rendered":"<p>Dois homens com 27 e 29 anos foram detidos pela GNR do posto de Lordelo, em Paredes, na sexta-feira, por furto de combust\u00edvel num cami\u00e3o dentro de um complexo industrial. O flagrante ocorreu durante patrulhamento policial.<\/p>\n<p>Surpreendidos a retirar combust\u00edvel, os suspeitos tinham consigo 10 jerric\u00e3s com gas\u00f3leo e 23 vazios, que foram apreendidos pelas autoridades. O cami\u00e3o permanecia parado no interior do complexo na altura da deten\u00e7\u00e3o.<\/p>\n<p>Para al\u00e9m do material de furto, foram encontrados instrumentos de acesso ao local: rebarbadora, martelo, p\u00e9 de cabra, duas viaturas usadas para chegar ao local, placas de matr\u00edcula francesas, uma pistola AirSoft com carregador, e uma botija de g\u00e1s. Tudo ficar\u00e1 como prova no inqu\u00e9rito.<\/p>\n<h3>Intercepta\u00e7\u00e3o e Apreens\u00f5es<\/h3>\n<p>A GNR confirmou que a deten\u00e7\u00e3o ocorreu durante uma a\u00e7\u00e3o de patrulhamento. O Departamento de Investiga\u00e7\u00e3o e A\u00e7\u00e3o Penal de Paredes assumiu a colabora\u00e7\u00e3o na investiga\u00e7\u00e3o, com a comunica\u00e7\u00e3o de todos os factos relevantes \u00e0s autoridades competentes.<\/p>\n","protected":false},"excerpt":{"rendered":"<ul>\n<li>Dois homens, de 27 e 29 anos, foram detidos pela GNR em Paredes, apanhados em flagrante a furtar combust\u00edvel de um cami\u00e3o dentro de um complexo industrial, durante patrulhamento do posto de Lordelo.<\/li>\n<li>Junto aos suspeitos, a for\u00e7a apreendeu dez jerric\u00e3s com gas\u00f3leo e vinte e tr\u00eas vazios.<\/li>\n<li>Os suspeitos tinham ainda ferramentas para aceder ao local: rebarbadora, martelo e p\u00e9 de cabra, bem como duas viaturas usadas para desloca\u00e7\u00e3o e carregamento dos jerricans.<\/li>\n<li>Foram ainda apreendidas duas chapas de matr\u00edcula francesa, uma pistola AirSoft com carregador e uma botija de g\u00e1s.<\/li>\n<li>O caso fica a cargo do Departamento de Investiga\u00e7\u00e3o e A\u00e7\u00e3o Penal de Paredes, que comunicou todos os factos \u00e0s autoridades.<\/li>\n<\/ul>\n","protected":false},"author":2,"featured_media":401247,"comment_status":"closed","ping_status":"closed","sticky":false,"template":"","format":"standard","meta":{"footnotes":""},"categories":[1,5],"tags":[124,147,4139,5493,1380,3059],"class_list":["post-401242","post","type-post","status-publish","format-standard","has-post-thumbnail","hentry","category-noticias","category-politica","tag-arma-de-fogo","tag-crime","tag-detencao","tag-furto-de-combustivel","tag-gnr","tag-paredes"],"yoast_head":"<!-- This site is optimized with the Yoast SEO plugin v27.2 - https:\/\/yoast.com\/product\/yoast-seo-wordpress\/ -->\n<title>Dupla detida por furto de combust\u00edvel de cami\u00e3o em Paredes - Portal Tela Portugal<\/title>\n<meta name=\"robots\" content=\"index, follow, max-snippet:-1, max-image-preview:large, max-video-preview:-1\" \/>\n<meta property=\"og:locale\" content=\"pt_PT\" \/>\n<meta property=\"og:type\" content=\"article\" \/>\n<meta property=\"og:title\" content=\"Dupla detida por furto de combust\u00edvel de cami\u00e3o em Paredes - Portal Tela Portugal\" \/>\n<meta property=\"og:description\" content=\"Dois homens, de 27 e 29 anos, foram detidos pela GNR em Paredes, apanhados em flagrante a furtar combust\u00edvel de um cami\u00e3o dentro de um complexo industrial, durante patrulhamento do posto de Lordelo. Junto aos suspeitos, a for\u00e7a apreendeu dez jerric\u00e3s com gas\u00f3leo e vinte e tr\u00eas vazios. Os suspeitos tinham ainda ferramentas para aceder ao local: rebarbadora, martelo e p\u00e9 de cabra, bem como duas viaturas usadas para desloca\u00e7\u00e3o e carregamento dos jerricans. Foram ainda apreendidas duas chapas de matr\u00edcula francesa, uma pistola AirSoft com carregador e uma botija de g\u00e1s. O caso fica a cargo do Departamento de Investiga\u00e7\u00e3o e A\u00e7\u00e3o Penal de Paredes, que comunicou todos os factos \u00e0s autoridades.\" \/>\n<meta property=\"og:url\" content=\"https:\/\/portaltela.pt\/noticias\/2026\/03\/07\/dupla-detida-por-furto-de-combustivel-de-camiao-em-paredes\/\" \/>\n<meta property=\"og:site_name\" content=\"Portal Tela Portugal\" \/>\n<meta property=\"article:published_time\" content=\"2026-03-07T10:51:27+00:00\" \/>\n<meta name=\"author\" content=\"Telinha\" \/>\n<meta name=\"twitter:card\" content=\"summary_large_image\" \/>\n<meta name=\"twitter:label1\" content=\"Escrito por\" \/>\n\t<meta name=\"twitter:data1\" content=\"Telinha\" \/>\n\t<meta name=\"twitter:label2\" content=\"Tempo estimado de leitura\" \/>\n\t<meta name=\"twitter:data2\" content=\"1 minuto\" \/>\n<script type=\"application\/ld+json\" class=\"yoast-schema-graph\">{\"@context\":\"https:\/\/schema.org\",\"@graph\":[{\"@type\":\"Article\",\"@id\":\"https:\/\/portaltela.pt\/noticias\/2026\/03\/07\/dupla-detida-por-furto-de-combustivel-de-camiao-em-paredes\/#article\",\"isPartOf\":{\"@id\":\"https:\/\/portaltela.pt\/noticias\/2026\/03\/07\/dupla-detida-por-furto-de-combustivel-de-camiao-em-paredes\/\"},\"author\":{\"name\":\"Telinha\",\"@id\":\"https:\/\/portaltela.pt\/#\/schema\/person\/c4278d4a6028830caff9ee44b42d32ed\"},\"headline\":\"Dupla detida por furto de combust\u00edvel de cami\u00e3o em Paredes\",\"datePublished\":\"2026-03-07T10:51:27+00:00\",\"mainEntityOfPage\":{\"@id\":\"https:\/\/portaltela.pt\/noticias\/2026\/03\/07\/dupla-detida-por-furto-de-combustivel-de-camiao-em-paredes\/\"},\"wordCount\":181,\"image\":{\"@id\":\"https:\/\/portaltela.pt\/noticias\/2026\/03\/07\/dupla-detida-por-furto-de-combustivel-de-camiao-em-paredes\/#primaryimage\"},\"thumbnailUrl\":\"https:\/\/portaltela.pt\/s.01k8rhncp4jt1\/2026\/03\/img_1280x721uu2019-09-14-20-58-22-885292.jpg\",\"keywords\":[\"arma de fogo\",\"crime\",\"deten\u00e7\u00e3o\",\"furto de combust\u00edvel\",\"GNR\",\"Paredes\"],\"articleSection\":[\"Not\u00edcias\",\"Pol\u00edtica\"],\"inLanguage\":\"pt-PT\"},{\"@type\":\"WebPage\",\"@id\":\"https:\/\/portaltela.pt\/noticias\/2026\/03\/07\/dupla-detida-por-furto-de-combustivel-de-camiao-em-paredes\/\",\"url\":\"https:\/\/portaltela.pt\/noticias\/2026\/03\/07\/dupla-detida-por-furto-de-combustivel-de-camiao-em-paredes\/\",\"name\":\"Dupla detida por furto de combust\u00edvel de cami\u00e3o em Paredes - Portal Tela Portugal\",\"isPartOf\":{\"@id\":\"https:\/\/portaltela.pt\/#website\"},\"primaryImageOfPage\":{\"@id\":\"https:\/\/portaltela.pt\/noticias\/2026\/03\/07\/dupla-detida-por-furto-de-combustivel-de-camiao-em-paredes\/#primaryimage\"},\"image\":{\"@id\":\"https:\/\/portaltela.pt\/noticias\/2026\/03\/07\/dupla-detida-por-furto-de-combustivel-de-camiao-em-paredes\/#primaryimage\"},\"thumbnailUrl\":\"https:\/\/portaltela.pt\/s.01k8rhncp4jt1\/2026\/03\/img_1280x721uu2019-09-14-20-58-22-885292.jpg\",\"datePublished\":\"2026-03-07T10:51:27+00:00\",\"author\":{\"@id\":\"https:\/\/portaltela.pt\/#\/schema\/person\/c4278d4a6028830caff9ee44b42d32ed\"},\"breadcrumb\":{\"@id\":\"https:\/\/portaltela.pt\/noticias\/2026\/03\/07\/dupla-detida-por-furto-de-combustivel-de-camiao-em-paredes\/#breadcrumb\"},\"inLanguage\":\"pt-PT\",\"potentialAction\":[{\"@type\":\"ReadAction\",\"target\":[\"https:\/\/portaltela.pt\/noticias\/2026\/03\/07\/dupla-detida-por-furto-de-combustivel-de-camiao-em-paredes\/\"]}]},{\"@type\":\"ImageObject\",\"inLanguage\":\"pt-PT\",\"@id\":\"https:\/\/portaltela.pt\/noticias\/2026\/03\/07\/dupla-detida-por-furto-de-combustivel-de-camiao-em-paredes\/#primaryimage\",\"url\":\"https:\/\/portaltela.pt\/s.01k8rhncp4jt1\/2026\/03\/img_1280x721uu2019-09-14-20-58-22-885292.jpg\",\"contentUrl\":\"https:\/\/portaltela.pt\/s.01k8rhncp4jt1\/2026\/03\/img_1280x721uu2019-09-14-20-58-22-885292.jpg\",\"width\":796,\"height\":448,\"caption\":\"Dupla foi apanhada durante uma a\u00e7\u00e3o de patrulhamento da GNR\"},{\"@type\":\"BreadcrumbList\",\"@id\":\"https:\/\/portaltela.pt\/noticias\/2026\/03\/07\/dupla-detida-por-furto-de-combustivel-de-camiao-em-paredes\/#breadcrumb\",\"itemListElement\":[{\"@type\":\"ListItem\",\"position\":1,\"name\":\"In\u00edcio\",\"item\":\"https:\/\/portaltela.pt\/\"},{\"@type\":\"ListItem\",\"position\":2,\"name\":\"Dupla detida por furto de combust\u00edvel de cami\u00e3o em Paredes\"}]},{\"@type\":\"WebSite\",\"@id\":\"https:\/\/portaltela.pt\/#website\",\"url\":\"https:\/\/portaltela.pt\/\",\"name\":\"Portal Tela Portugal\",\"description\":\"\",\"potentialAction\":[{\"@type\":\"SearchAction\",\"target\":{\"@type\":\"EntryPoint\",\"urlTemplate\":\"https:\/\/portaltela.pt\/?s={search_term_string}\"},\"query-input\":{\"@type\":\"PropertyValueSpecification\",\"valueRequired\":true,\"valueName\":\"search_term_string\"}}],\"inLanguage\":\"pt-PT\"},{\"@type\":\"Person\",\"@id\":\"https:\/\/portaltela.pt\/#\/schema\/person\/c4278d4a6028830caff9ee44b42d32ed\",\"name\":\"Telinha\",\"image\":{\"@type\":\"ImageObject\",\"inLanguage\":\"pt-PT\",\"@id\":\"https:\/\/portaltela.pt\/s.01k8rhncp4jt1\/2025\/11\/talking-bot-125x125.png\",\"url\":\"https:\/\/portaltela.pt\/s.01k8rhncp4jt1\/2025\/11\/talking-bot-125x125.png\",\"contentUrl\":\"https:\/\/portaltela.pt\/s.01k8rhncp4jt1\/2025\/11\/talking-bot-125x125.png\",\"caption\":\"Telinha\"},\"sameAs\":[\"https:\/\/portaltela.pt\/\"],\"url\":\"https:\/\/portaltela.pt\/por\/367410592786\/\"}]}<\/script>\n<!-- \/ Yoast SEO plugin. -->","yoast_head_json":{"title":"Dupla detida por furto de combust\u00edvel de cami\u00e3o em Paredes - Portal Tela Portugal","robots":{"index":"index","follow":"follow","max-snippet":"max-snippet:-1","max-image-preview":"max-image-preview:large","max-video-preview":"max-video-preview:-1"},"og_locale":"pt_PT","og_type":"article","og_title":"Dupla detida por furto de combust\u00edvel de cami\u00e3o em Paredes - Portal Tela Portugal","og_description":"Dois homens, de 27 e 29 anos, foram detidos pela GNR em Paredes, apanhados em flagrante a furtar combust\u00edvel de um cami\u00e3o dentro de um complexo industrial, durante patrulhamento do posto de Lordelo. Junto aos suspeitos, a for\u00e7a apreendeu dez jerric\u00e3s com gas\u00f3leo e vinte e tr\u00eas vazios. Os suspeitos tinham ainda ferramentas para aceder ao local: rebarbadora, martelo e p\u00e9 de cabra, bem como duas viaturas usadas para desloca\u00e7\u00e3o e carregamento dos jerricans. Foram ainda apreendidas duas chapas de matr\u00edcula francesa, uma pistola AirSoft com carregador e uma botija de g\u00e1s. O caso fica a cargo do Departamento de Investiga\u00e7\u00e3o e A\u00e7\u00e3o Penal de Paredes, que comunicou todos os factos \u00e0s autoridades.","og_url":"https:\/\/portaltela.pt\/noticias\/2026\/03\/07\/dupla-detida-por-furto-de-combustivel-de-camiao-em-paredes\/","og_site_name":"Portal Tela Portugal","article_published_time":"2026-03-07T10:51:27+00:00","author":"Telinha","twitter_card":"summary_large_image","twitter_misc":{"Escrito por":"Telinha","Tempo estimado de leitura":"1 minuto"},"schema":{"@context":"https:\/\/schema.org","@graph":[{"@type":"Article","@id":"https:\/\/portaltela.pt\/noticias\/2026\/03\/07\/dupla-detida-por-furto-de-combustivel-de-camiao-em-paredes\/#article","isPartOf":{"@id":"https:\/\/portaltela.pt\/noticias\/2026\/03\/07\/dupla-detida-por-furto-de-combustivel-de-camiao-em-paredes\/"},"author":{"name":"Telinha","@id":"https:\/\/portaltela.pt\/#\/schema\/person\/c4278d4a6028830caff9ee44b42d32ed"},"headline":"Dupla detida por furto de combust\u00edvel de cami\u00e3o em Paredes","datePublished":"2026-03-07T10:51:27+00:00","mainEntityOfPage":{"@id":"https:\/\/portaltela.pt\/noticias\/2026\/03\/07\/dupla-detida-por-furto-de-combustivel-de-camiao-em-paredes\/"},"wordCount":181,"image":{"@id":"https:\/\/portaltela.pt\/noticias\/2026\/03\/07\/dupla-detida-por-furto-de-combustivel-de-camiao-em-paredes\/#primaryimage"},"thumbnailUrl":"https:\/\/portaltela.pt\/s.01k8rhncp4jt1\/2026\/03\/img_1280x721uu2019-09-14-20-58-22-885292.jpg","keywords":["arma de fogo","crime","deten\u00e7\u00e3o","furto de combust\u00edvel","GNR","Paredes"],"articleSection":["Not\u00edcias","Pol\u00edtica"],"inLanguage":"pt-PT"},{"@type":"WebPage","@id":"https:\/\/portaltela.pt\/noticias\/2026\/03\/07\/dupla-detida-por-furto-de-combustivel-de-camiao-em-paredes\/","url":"https:\/\/portaltela.pt\/noticias\/2026\/03\/07\/dupla-detida-por-furto-de-combustivel-de-camiao-em-paredes\/","name":"Dupla detida por furto de combust\u00edvel de cami\u00e3o em Paredes - Portal Tela Portugal","isPartOf":{"@id":"https:\/\/portaltela.pt\/#website"},"primaryImageOfPage":{"@id":"https:\/\/portaltela.pt\/noticias\/2026\/03\/07\/dupla-detida-por-furto-de-combustivel-de-camiao-em-paredes\/#primaryimage"},"image":{"@id":"https:\/\/portaltela.pt\/noticias\/2026\/03\/07\/dupla-detida-por-furto-de-combustivel-de-camiao-em-paredes\/#primaryimage"},"thumbnailUrl":"https:\/\/portaltela.pt\/s.01k8rhncp4jt1\/2026\/03\/img_1280x721uu2019-09-14-20-58-22-885292.jpg","datePublished":"2026-03-07T10:51:27+00:00","author":{"@id":"https:\/\/portaltela.pt\/#\/schema\/person\/c4278d4a6028830caff9ee44b42d32ed"},"breadcrumb":{"@id":"https:\/\/portaltela.pt\/noticias\/2026\/03\/07\/dupla-detida-por-furto-de-combustivel-de-camiao-em-paredes\/#breadcrumb"},"inLanguage":"pt-PT","potentialAction":[{"@type":"ReadAction","target":["https:\/\/portaltela.pt\/noticias\/2026\/03\/07\/dupla-detida-por-furto-de-combustivel-de-camiao-em-paredes\/"]}]},{"@type":"ImageObject","inLanguage":"pt-PT","@id":"https:\/\/portaltela.pt\/noticias\/2026\/03\/07\/dupla-detida-por-furto-de-combustivel-de-camiao-em-paredes\/#primaryimage","url":"https:\/\/portaltela.pt\/s.01k8rhncp4jt1\/2026\/03\/img_1280x721uu2019-09-14-20-58-22-885292.jpg","contentUrl":"https:\/\/portaltela.pt\/s.01k8rhncp4jt1\/2026\/03\/img_1280x721uu2019-09-14-20-58-22-885292.jpg","width":796,"height":448,"caption":"Dupla foi apanhada durante uma a\u00e7\u00e3o de patrulhamento da GNR"},{"@type":"BreadcrumbList","@id":"https:\/\/portaltela.pt\/noticias\/2026\/03\/07\/dupla-detida-por-furto-de-combustivel-de-camiao-em-paredes\/#breadcrumb","itemListElement":[{"@type":"ListItem","position":1,"name":"In\u00edcio","item":"https:\/\/portaltela.pt\/"},{"@type":"ListItem","position":2,"name":"Dupla detida por furto de combust\u00edvel de cami\u00e3o em Paredes"}]},{"@type":"WebSite","@id":"https:\/\/portaltela.pt\/#website","url":"https:\/\/portaltela.pt\/","name":"Portal Tela Portugal","description":"","potentialAction":[{"@type":"SearchAction","target":{"@type":"EntryPoint","urlTemplate":"https:\/\/portaltela.pt\/?s={search_term_string}"},"query-input":{"@type":"PropertyValueSpecification","valueRequired":true,"valueName":"search_term_string"}}],"inLanguage":"pt-PT"},{"@type":"Person","@id":"https:\/\/portaltela.pt\/#\/schema\/person\/c4278d4a6028830caff9ee44b42d32ed","name":"Telinha","image":{"@type":"ImageObject","inLanguage":"pt-PT","@id":"https:\/\/portaltela.pt\/s.01k8rhncp4jt1\/2025\/11\/talking-bot-125x125.png","url":"https:\/\/portaltela.pt\/s.01k8rhncp4jt1\/2025\/11\/talking-bot-125x125.png","contentUrl":"https:\/\/portaltela.pt\/s.01k8rhncp4jt1\/2025\/11\/talking-bot-125x125.png","caption":"Telinha"},"sameAs":["https:\/\/portaltela.pt\/"],"url":"https:\/\/portaltela.pt\/por\/367410592786\/"}]}},"_links":{"self":[{"href":"https:\/\/portaltela.pt\/api\/wp\/v2\/posts\/401242","targetHints":{"allow":["GET"]}}],"collection":[{"href":"https:\/\/portaltela.pt\/api\/wp\/v2\/posts"}],"about":[{"href":"https:\/\/portaltela.pt\/api\/wp\/v2\/types\/post"}],"author":[{"embeddable":true,"href":"https:\/\/portaltela.pt\/api\/wp\/v2\/users\/2"}],"replies":[{"embeddable":true,"href":"https:\/\/portaltela.pt\/api\/wp\/v2\/comments?post=401242"}],"version-history":[{"count":0,"href":"https:\/\/portaltela.pt\/api\/wp\/v2\/posts\/401242\/revisions"}],"wp:featuredmedia":[{"embeddable":true,"href":"https:\/\/portaltela.pt\/api\/wp\/v2\/media\/401247"}],"wp:attachment":[{"href":"https:\/\/portaltela.pt\/api\/wp\/v2\/media?parent=401242"}],"wp:term":[{"taxonomy":"category","embeddable":true,"href":"https:\/\/portaltela.pt\/api\/wp\/v2\/categories?post=401242"},{"taxonomy":"post_tag","embeddable":true,"href":"https:\/\/portaltela.pt\/api\/wp\/v2\/tags?post=401242"}],"curies":[{"name":"wp","href":"https:\/\/api.w.org\/{rel}","templated":true}]}}